{"id":96550,"date":"2023-04-03T14:46:25","date_gmt":"2023-04-03T17:46:25","guid":{"rendered":"https:\/\/www.gaveanews.com\/?p=96550"},"modified":"2023-04-03T14:46:27","modified_gmt":"2023-04-03T17:46:27","slug":"conmebol-e-libertadores-se-dao-mal-ao-trocar-o-sbt-pela-globo-entenda","status":"publish","type":"post","link":"https:\/\/www.gaveanews.com\/index.php\/2023\/04\/03\/conmebol-e-libertadores-se-dao-mal-ao-trocar-o-sbt-pela-globo-entenda\/","title":{"rendered":"Conmebol e Libertadores se d\u00e3o mal ao trocar o SBT pela Globo; entenda"},"content":{"rendered":"\n<p>A Libertadores-2022 tinha dez patrocinadores oficiais distribu\u00eddos em diferentes segmentos do mercado. A Libertadores-2023 iniciou-se com apenas seis parceiros comerciais, n\u00famero que deve subir para sete em breve. Isso ocorre apesar da volta da Globo \u00e0s transmiss\u00f5es em um contrato em que \u00e9 obrigada a exibir os apoiadores da competi\u00e7\u00e3o. O entendimento na Conmebol \u00e9 que, mesmo com menos apoiadores, a receita publicit\u00e1ria ser\u00e1 maior nesta edi\u00e7\u00e3o. <\/p>\n\n\n\n<p>H\u00e1 algumas explica\u00e7\u00f5es para a dificuldade da Conmebol de fechar patroc\u00ednios:<\/p>\n\n\n\n<ol class=\"wp-block-list\">\n<li>Aumento dos valores cobrados pela entidade em alguns segmentos.<\/li>\n\n\n\n<li>A sa\u00edda de parceiros estrat\u00e9gicos como Bridgestone e Qatar Airways, esta \u00faltima firmada em acordo relacionado \u00e0 promo\u00e7\u00e3o da Copa no pa\u00eds do Oriente M\u00e9dio.<\/li>\n<\/ol>\n\n\n\n<p>Ao final de 2022, encerravam-se o ciclo dos contratos de televis\u00e3o e patroc\u00ednio da Libertadores. No in\u00edcio do ano passado, a Conmebol conseguiu de forma bem-sucedida a venda dos direitos de televis\u00e3o por mais quatro anos, com um reajuste em torno de 20%.<\/p>\n\n\n\n<p>Na negocia\u00e7\u00e3o, obteve ainda um benef\u00edcio extra: a Globo passou a ser obrigada a exibir os patrocinadores da Conmebol nas transmiss\u00f5es, como as TVs fechadas j\u00e1 faziam. A expectativa da entidade, portanto, era de aumentar os valores de patroc\u00ednios.<\/p>\n\n\n\n<p>Mas houve problemas nas negocia\u00e7\u00f5es. Primeiro, a Qatar Airways, que era o maior contrato, saiu j\u00e1 que a parceria fora fechada no contexto de promover a organiza\u00e7\u00e3o da Copa do Mundo de 2022. O valor chegava a US$ 12 milh\u00f5es por ano. Depois, a renova\u00e7\u00e3o com a Bridgestone, que era dada como certa na Conmebol, enrolou-se e n\u00e3o se realizou \u2014 a empresa decidiu investir em outros ativos no esporte como a F1.<\/p>\n\n\n\n<p>Al\u00e9m disso, sa\u00edram a Ford, a Rexona e o Santander, este \u00faltimo porque ficou bloqueado pelo contrato de servi\u00e7os financeiros do Mastercard. A empresa de cart\u00f5es de cr\u00e9ditos, com isso, passou a pagar mais.<\/p>\n\n\n\n<p>A Conmebol passou a cobrar valores maiores e conseguiu aumentos significativos em alguns contratos. A Amstel teve de investir mais por causa da concorr\u00eancia, a Sportingbet ofereceu mais para substituir a Betfair. Al\u00e9m das duas, os outros parceiros comerciais s\u00e3o Mastercard, EA Sports, Crypto e Coca-Cola.<\/p>\n\n\n\n<p>Mas h\u00e1 ainda tr\u00eas ou quatro cotas em aberto de patroc\u00ednio para a Libertadores. Uma deve ser ocupada pela TCL, que est\u00e1 em negocia\u00e7\u00f5es avan\u00e7adas com a Conmebol. A entidade ainda tenta uma companhia a\u00e9rea para substituir a Qatar Airways.<\/p>\n\n\n\n<p>Na Conmebol, a informa\u00e7\u00e3o \u00e9 de que o valor de patroc\u00ednios j\u00e1 subiu em rela\u00e7\u00e3o ao \u00faltimo ciclo mesmo com seis cotas vendidas. O crescimento ser\u00e1 maior se houver mais tr\u00eas patroc\u00ednios fechados, como \u00e9 expectativa da entidade. Assim, a confedera\u00e7\u00e3o considera que teve uma negocia\u00e7\u00e3o positiva de patroc\u00ednios.<\/p>\n\n\n\n<p>A explica\u00e7\u00e3o dentro da Conmebol para o n\u00famero menor de patroc\u00ednios no in\u00edcio da Libertadores s\u00e3o atrasos provocados pela negocia\u00e7\u00e3o da Copa do Mundo do Qatar-2022. Houve foco do mercado publicit\u00e1rio mais direcionado \u00e0 competi\u00e7\u00e3o e mundial, o que retardou conversas da entidade.<\/p>\n\n\n\n<p>Retirado de: Blog do Rodrigo Mattos<\/p>\n","protected":false},"excerpt":{"rendered":"<p>A Libertadores-2022 tinha dez patrocinadores oficiais distribu\u00eddos em diferentes segmentos do mercado. A Libertadores-2023 iniciou-se com apenas seis parceiros comerciais, n\u00famero que deve subir para sete em breve. Isso ocorre apesar da volta da Globo \u00e0s transmiss\u00f5es em um contrato em que \u00e9 obrigada a exibir os apoiadores da competi\u00e7\u00e3o. O entendimento na Conmebol \u00e9 [&hellip;]<\/p>\n","protected":false},"author":1,"featured_media":35738,"comment_status":"open","ping_status":"closed","sticky":false,"template":"","format":"standard","meta":{"footnotes":""},"categories":[1],"tags":[],"class_list":["post-96550","post","type-post","status-publish","format-standard","has-post-thumbnail","hentry","category-flamengo"],"yoast_head":"<!-- This site is optimized with the Yoast SEO Premium plugin v24.2 (Yoast SEO v26.9) - https:\/\/yoast.com\/product\/yoast-seo-premium-wordpress\/ -->\n<title>Conmebol e Libertadores se d\u00e3o mal ao trocar o SBT pela Globo; entenda<\/title>\n<meta name=\"robots\" content=\"index, follow, max-snippet:-1, max-image-preview:large, max-video-preview:-1\" \/>\n<link rel=\"canonical\" href=\"https:\/\/www.gaveanews.com\/index.php\/2023\/04\/03\/conmebol-e-libertadores-se-dao-mal-ao-trocar-o-sbt-pela-globo-entenda\/\" \/>\n<meta property=\"og:locale\" content=\"pt_BR\" \/>\n<meta property=\"og:type\" content=\"article\" \/>\n<meta property=\"og:title\" content=\"Conmebol e Libertadores se d\u00e3o mal ao trocar o SBT pela Globo; entenda\" \/>\n<meta property=\"og:description\" content=\"A Libertadores-2022 tinha dez patrocinadores oficiais distribu\u00eddos em diferentes segmentos do mercado. A Libertadores-2023 iniciou-se com apenas seis parceiros comerciais, n\u00famero que deve subir para sete em breve. Isso ocorre apesar da volta da Globo \u00e0s transmiss\u00f5es em um contrato em que \u00e9 obrigada a exibir os apoiadores da competi\u00e7\u00e3o. O entendimento na Conmebol \u00e9 [&hellip;]\" \/>\n<meta property=\"og:url\" content=\"https:\/\/www.gaveanews.com\/index.php\/2023\/04\/03\/conmebol-e-libertadores-se-dao-mal-ao-trocar-o-sbt-pela-globo-entenda\/\" \/>\n<meta property=\"og:site_name\" content=\"G\u00e1vea News\" \/>\n<meta property=\"article:publisher\" content=\"https:\/\/facebook.com\/gaveaNews\/\" \/>\n<meta property=\"article:published_time\" content=\"2023-04-03T17:46:25+00:00\" \/>\n<meta property=\"article:modified_time\" content=\"2023-04-03T17:46:27+00:00\" \/>\n<meta property=\"og:image\" content=\"https:\/\/www.gaveanews.com\/wp-content\/uploads\/Logomarca-da-Conmebol.webp\" \/>\n\t<meta property=\"og:image:width\" content=\"1162\" \/>\n\t<meta property=\"og:image:height\" content=\"751\" \/>\n\t<meta property=\"og:image:type\" content=\"image\/jpeg\" \/>\n<meta name=\"author\" content=\"Equipe G\u00e1vea News\" \/>\n<meta name=\"twitter:card\" content=\"summary_large_image\" \/>\n<meta name=\"twitter:label1\" content=\"Escrito por\" \/>\n\t<meta name=\"twitter:data1\" content=\"Equipe G\u00e1vea News\" \/>\n\t<meta name=\"twitter:label2\" content=\"Est. tempo de leitura\" \/>\n\t<meta name=\"twitter:data2\" content=\"3 minutos\" \/>\n<script type=\"application\/ld+json\" class=\"yoast-schema-graph\">{\"@context\":\"https:\/\/schema.org\",\"@graph\":[{\"@type\":\"NewsArticle\",\"@id\":\"https:\/\/www.gaveanews.com\/index.php\/2023\/04\/03\/conmebol-e-libertadores-se-dao-mal-ao-trocar-o-sbt-pela-globo-entenda\/#article\",\"isPartOf\":{\"@id\":\"https:\/\/www.gaveanews.com\/index.php\/2023\/04\/03\/conmebol-e-libertadores-se-dao-mal-ao-trocar-o-sbt-pela-globo-entenda\/\"},\"author\":{\"name\":\"Equipe G\u00e1vea News\",\"@id\":\"https:\/\/www.gaveanews.com\/#\/schema\/person\/2ec14f73fb96be2caf28f91afb14749d\"},\"headline\":\"Conmebol e Libertadores se d\u00e3o mal ao trocar o SBT pela Globo; entenda\",\"datePublished\":\"2023-04-03T17:46:25+00:00\",\"dateModified\":\"2023-04-03T17:46:27+00:00\",\"mainEntityOfPage\":{\"@id\":\"https:\/\/www.gaveanews.com\/index.php\/2023\/04\/03\/conmebol-e-libertadores-se-dao-mal-ao-trocar-o-sbt-pela-globo-entenda\/\"},\"wordCount\":543,\"commentCount\":0,\"image\":{\"@id\":\"https:\/\/www.gaveanews.com\/index.php\/2023\/04\/03\/conmebol-e-libertadores-se-dao-mal-ao-trocar-o-sbt-pela-globo-entenda\/#primaryimage\"},\"thumbnailUrl\":\"https:\/\/www.gaveanews.com\/wp-content\/uploads\/Logomarca-da-Conmebol.webp\",\"articleSection\":[\"Flamengo\"],\"inLanguage\":\"pt-BR\",\"potentialAction\":[{\"@type\":\"CommentAction\",\"name\":\"Comment\",\"target\":[\"https:\/\/www.gaveanews.com\/index.php\/2023\/04\/03\/conmebol-e-libertadores-se-dao-mal-ao-trocar-o-sbt-pela-globo-entenda\/#respond\"]}],\"copyrightYear\":\"2023\",\"copyrightHolder\":{\"@id\":\"https:\/\/www.gaveanews.com\/#organization\"}},{\"@type\":\"WebPage\",\"@id\":\"https:\/\/www.gaveanews.com\/index.php\/2023\/04\/03\/conmebol-e-libertadores-se-dao-mal-ao-trocar-o-sbt-pela-globo-entenda\/\",\"url\":\"https:\/\/www.gaveanews.com\/index.php\/2023\/04\/03\/conmebol-e-libertadores-se-dao-mal-ao-trocar-o-sbt-pela-globo-entenda\/\",\"name\":\"Conmebol e Libertadores se d\u00e3o mal ao trocar o SBT pela Globo; entenda\",\"isPartOf\":{\"@id\":\"https:\/\/www.gaveanews.com\/#website\"},\"primaryImageOfPage\":{\"@id\":\"https:\/\/www.gaveanews.com\/index.php\/2023\/04\/03\/conmebol-e-libertadores-se-dao-mal-ao-trocar-o-sbt-pela-globo-entenda\/#primaryimage\"},\"image\":{\"@id\":\"https:\/\/www.gaveanews.com\/index.php\/2023\/04\/03\/conmebol-e-libertadores-se-dao-mal-ao-trocar-o-sbt-pela-globo-entenda\/#primaryimage\"},\"thumbnailUrl\":\"https:\/\/www.gaveanews.com\/wp-content\/uploads\/Logomarca-da-Conmebol.webp\",\"datePublished\":\"2023-04-03T17:46:25+00:00\",\"dateModified\":\"2023-04-03T17:46:27+00:00\",\"author\":{\"@id\":\"https:\/\/www.gaveanews.com\/#\/schema\/person\/2ec14f73fb96be2caf28f91afb14749d\"},\"breadcrumb\":{\"@id\":\"https:\/\/www.gaveanews.com\/index.php\/2023\/04\/03\/conmebol-e-libertadores-se-dao-mal-ao-trocar-o-sbt-pela-globo-entenda\/#breadcrumb\"},\"inLanguage\":\"pt-BR\",\"potentialAction\":[{\"@type\":\"ReadAction\",\"target\":[\"https:\/\/www.gaveanews.com\/index.php\/2023\/04\/03\/conmebol-e-libertadores-se-dao-mal-ao-trocar-o-sbt-pela-globo-entenda\/\"]}]},{\"@type\":\"ImageObject\",\"inLanguage\":\"pt-BR\",\"@id\":\"https:\/\/www.gaveanews.com\/index.php\/2023\/04\/03\/conmebol-e-libertadores-se-dao-mal-ao-trocar-o-sbt-pela-globo-entenda\/#primaryimage\",\"url\":\"https:\/\/www.gaveanews.com\/wp-content\/uploads\/Logomarca-da-Conmebol.webp\",\"contentUrl\":\"https:\/\/www.gaveanews.com\/wp-content\/uploads\/Logomarca-da-Conmebol.webp\",\"width\":1162,\"height\":751},{\"@type\":\"BreadcrumbList\",\"@id\":\"https:\/\/www.gaveanews.com\/index.php\/2023\/04\/03\/conmebol-e-libertadores-se-dao-mal-ao-trocar-o-sbt-pela-globo-entenda\/#breadcrumb\",\"itemListElement\":[{\"@type\":\"ListItem\",\"position\":1,\"name\":\"Home\",\"item\":\"https:\/\/www.gaveanews.com\/\"},{\"@type\":\"ListItem\",\"position\":2,\"name\":\"Conmebol e Libertadores se d\u00e3o mal ao trocar o SBT pela Globo; entenda\"}]},{\"@type\":\"WebSite\",\"@id\":\"https:\/\/www.gaveanews.com\/#website\",\"url\":\"https:\/\/www.gaveanews.com\/\",\"name\":\"G\u00e1vea News\",\"description\":\"Veja todas as not\u00edcias sobre o Flamengo: Contrata\u00e7\u00f5es, categorias de base, resultados das partidas, tabela de classifica\u00e7\u00e3o, pr\u00f3ximos jogos!\",\"potentialAction\":[{\"@type\":\"SearchAction\",\"target\":{\"@type\":\"EntryPoint\",\"urlTemplate\":\"https:\/\/www.gaveanews.com\/?s={search_term_string}\"},\"query-input\":{\"@type\":\"PropertyValueSpecification\",\"valueRequired\":true,\"valueName\":\"search_term_string\"}}],\"inLanguage\":\"pt-BR\"},{\"@type\":\"Person\",\"@id\":\"https:\/\/www.gaveanews.com\/#\/schema\/person\/2ec14f73fb96be2caf28f91afb14749d\",\"name\":\"Equipe G\u00e1vea News\",\"image\":{\"@type\":\"ImageObject\",\"inLanguage\":\"pt-BR\",\"@id\":\"https:\/\/www.gaveanews.com\/#\/schema\/person\/image\/\",\"url\":\"https:\/\/secure.gravatar.com\/avatar\/1e1956f1facbffd3f8fa53a326721950116b3b9dc9bd44939c01180fd4a745a9?s=96&d=mm&r=g\",\"contentUrl\":\"https:\/\/secure.gravatar.com\/avatar\/1e1956f1facbffd3f8fa53a326721950116b3b9dc9bd44939c01180fd4a745a9?s=96&d=mm&r=g\",\"caption\":\"Equipe G\u00e1vea News\"}}]}<\/script>\n<!-- \/ Yoast SEO Premium plugin. -->","yoast_head_json":{"title":"Conmebol e Libertadores se d\u00e3o mal ao trocar o SBT pela Globo; entenda","robots":{"index":"index","follow":"follow","max-snippet":"max-snippet:-1","max-image-preview":"max-image-preview:large","max-video-preview":"max-video-preview:-1"},"canonical":"https:\/\/www.gaveanews.com\/index.php\/2023\/04\/03\/conmebol-e-libertadores-se-dao-mal-ao-trocar-o-sbt-pela-globo-entenda\/","og_locale":"pt_BR","og_type":"article","og_title":"Conmebol e Libertadores se d\u00e3o mal ao trocar o SBT pela Globo; entenda","og_description":"A Libertadores-2022 tinha dez patrocinadores oficiais distribu\u00eddos em diferentes segmentos do mercado. A Libertadores-2023 iniciou-se com apenas seis parceiros comerciais, n\u00famero que deve subir para sete em breve. Isso ocorre apesar da volta da Globo \u00e0s transmiss\u00f5es em um contrato em que \u00e9 obrigada a exibir os apoiadores da competi\u00e7\u00e3o. O entendimento na Conmebol \u00e9 [&hellip;]","og_url":"https:\/\/www.gaveanews.com\/index.php\/2023\/04\/03\/conmebol-e-libertadores-se-dao-mal-ao-trocar-o-sbt-pela-globo-entenda\/","og_site_name":"G\u00e1vea News","article_publisher":"https:\/\/facebook.com\/gaveaNews\/","article_published_time":"2023-04-03T17:46:25+00:00","article_modified_time":"2023-04-03T17:46:27+00:00","og_image":[{"width":1162,"height":751,"url":"https:\/\/www.gaveanews.com\/wp-content\/uploads\/Logomarca-da-Conmebol.webp","type":"image\/jpeg"}],"author":"Equipe G\u00e1vea News","twitter_card":"summary_large_image","twitter_misc":{"Escrito por":"Equipe G\u00e1vea News","Est. tempo de leitura":"3 minutos"},"schema":{"@context":"https:\/\/schema.org","@graph":[{"@type":"NewsArticle","@id":"https:\/\/www.gaveanews.com\/index.php\/2023\/04\/03\/conmebol-e-libertadores-se-dao-mal-ao-trocar-o-sbt-pela-globo-entenda\/#article","isPartOf":{"@id":"https:\/\/www.gaveanews.com\/index.php\/2023\/04\/03\/conmebol-e-libertadores-se-dao-mal-ao-trocar-o-sbt-pela-globo-entenda\/"},"author":{"name":"Equipe G\u00e1vea News","@id":"https:\/\/www.gaveanews.com\/#\/schema\/person\/2ec14f73fb96be2caf28f91afb14749d"},"headline":"Conmebol e Libertadores se d\u00e3o mal ao trocar o SBT pela Globo; entenda","datePublished":"2023-04-03T17:46:25+00:00","dateModified":"2023-04-03T17:46:27+00:00","mainEntityOfPage":{"@id":"https:\/\/www.gaveanews.com\/index.php\/2023\/04\/03\/conmebol-e-libertadores-se-dao-mal-ao-trocar-o-sbt-pela-globo-entenda\/"},"wordCount":543,"commentCount":0,"image":{"@id":"https:\/\/www.gaveanews.com\/index.php\/2023\/04\/03\/conmebol-e-libertadores-se-dao-mal-ao-trocar-o-sbt-pela-globo-entenda\/#primaryimage"},"thumbnailUrl":"https:\/\/www.gaveanews.com\/wp-content\/uploads\/Logomarca-da-Conmebol.webp","articleSection":["Flamengo"],"inLanguage":"pt-BR","potentialAction":[{"@type":"CommentAction","name":"Comment","target":["https:\/\/www.gaveanews.com\/index.php\/2023\/04\/03\/conmebol-e-libertadores-se-dao-mal-ao-trocar-o-sbt-pela-globo-entenda\/#respond"]}],"copyrightYear":"2023","copyrightHolder":{"@id":"https:\/\/www.gaveanews.com\/#organization"}},{"@type":"WebPage","@id":"https:\/\/www.gaveanews.com\/index.php\/2023\/04\/03\/conmebol-e-libertadores-se-dao-mal-ao-trocar-o-sbt-pela-globo-entenda\/","url":"https:\/\/www.gaveanews.com\/index.php\/2023\/04\/03\/conmebol-e-libertadores-se-dao-mal-ao-trocar-o-sbt-pela-globo-entenda\/","name":"Conmebol e Libertadores se d\u00e3o mal ao trocar o SBT pela Globo; entenda","isPartOf":{"@id":"https:\/\/www.gaveanews.com\/#website"},"primaryImageOfPage":{"@id":"https:\/\/www.gaveanews.com\/index.php\/2023\/04\/03\/conmebol-e-libertadores-se-dao-mal-ao-trocar-o-sbt-pela-globo-entenda\/#primaryimage"},"image":{"@id":"https:\/\/www.gaveanews.com\/index.php\/2023\/04\/03\/conmebol-e-libertadores-se-dao-mal-ao-trocar-o-sbt-pela-globo-entenda\/#primaryimage"},"thumbnailUrl":"https:\/\/www.gaveanews.com\/wp-content\/uploads\/Logomarca-da-Conmebol.webp","datePublished":"2023-04-03T17:46:25+00:00","dateModified":"2023-04-03T17:46:27+00:00","author":{"@id":"https:\/\/www.gaveanews.com\/#\/schema\/person\/2ec14f73fb96be2caf28f91afb14749d"},"breadcrumb":{"@id":"https:\/\/www.gaveanews.com\/index.php\/2023\/04\/03\/conmebol-e-libertadores-se-dao-mal-ao-trocar-o-sbt-pela-globo-entenda\/#breadcrumb"},"inLanguage":"pt-BR","potentialAction":[{"@type":"ReadAction","target":["https:\/\/www.gaveanews.com\/index.php\/2023\/04\/03\/conmebol-e-libertadores-se-dao-mal-ao-trocar-o-sbt-pela-globo-entenda\/"]}]},{"@type":"ImageObject","inLanguage":"pt-BR","@id":"https:\/\/www.gaveanews.com\/index.php\/2023\/04\/03\/conmebol-e-libertadores-se-dao-mal-ao-trocar-o-sbt-pela-globo-entenda\/#primaryimage","url":"https:\/\/www.gaveanews.com\/wp-content\/uploads\/Logomarca-da-Conmebol.webp","contentUrl":"https:\/\/www.gaveanews.com\/wp-content\/uploads\/Logomarca-da-Conmebol.webp","width":1162,"height":751},{"@type":"BreadcrumbList","@id":"https:\/\/www.gaveanews.com\/index.php\/2023\/04\/03\/conmebol-e-libertadores-se-dao-mal-ao-trocar-o-sbt-pela-globo-entenda\/#breadcrumb","itemListElement":[{"@type":"ListItem","position":1,"name":"Home","item":"https:\/\/www.gaveanews.com\/"},{"@type":"ListItem","position":2,"name":"Conmebol e Libertadores se d\u00e3o mal ao trocar o SBT pela Globo; entenda"}]},{"@type":"WebSite","@id":"https:\/\/www.gaveanews.com\/#website","url":"https:\/\/www.gaveanews.com\/","name":"G\u00e1vea News","description":"Veja todas as not\u00edcias sobre o Flamengo: Contrata\u00e7\u00f5es, categorias de base, resultados das partidas, tabela de classifica\u00e7\u00e3o, pr\u00f3ximos jogos!","potentialAction":[{"@type":"SearchAction","target":{"@type":"EntryPoint","urlTemplate":"https:\/\/www.gaveanews.com\/?s={search_term_string}"},"query-input":{"@type":"PropertyValueSpecification","valueRequired":true,"valueName":"search_term_string"}}],"inLanguage":"pt-BR"},{"@type":"Person","@id":"https:\/\/www.gaveanews.com\/#\/schema\/person\/2ec14f73fb96be2caf28f91afb14749d","name":"Equipe G\u00e1vea News","image":{"@type":"ImageObject","inLanguage":"pt-BR","@id":"https:\/\/www.gaveanews.com\/#\/schema\/person\/image\/","url":"https:\/\/secure.gravatar.com\/avatar\/1e1956f1facbffd3f8fa53a326721950116b3b9dc9bd44939c01180fd4a745a9?s=96&d=mm&r=g","contentUrl":"https:\/\/secure.gravatar.com\/avatar\/1e1956f1facbffd3f8fa53a326721950116b3b9dc9bd44939c01180fd4a745a9?s=96&d=mm&r=g","caption":"Equipe G\u00e1vea News"}}]}},"_links":{"self":[{"href":"https:\/\/www.gaveanews.com\/index.php\/wp-json\/wp\/v2\/posts\/96550","targetHints":{"allow":["GET"]}}],"collection":[{"href":"https:\/\/www.gaveanews.com\/index.php\/wp-json\/wp\/v2\/posts"}],"about":[{"href":"https:\/\/www.gaveanews.com\/index.php\/wp-json\/wp\/v2\/types\/post"}],"author":[{"embeddable":true,"href":"https:\/\/www.gaveanews.com\/index.php\/wp-json\/wp\/v2\/users\/1"}],"replies":[{"embeddable":true,"href":"https:\/\/www.gaveanews.com\/index.php\/wp-json\/wp\/v2\/comments?post=96550"}],"version-history":[{"count":0,"href":"https:\/\/www.gaveanews.com\/index.php\/wp-json\/wp\/v2\/posts\/96550\/revisions"}],"wp:featuredmedia":[{"embeddable":true,"href":"https:\/\/www.gaveanews.com\/index.php\/wp-json\/wp\/v2\/media\/35738"}],"wp:attachment":[{"href":"https:\/\/www.gaveanews.com\/index.php\/wp-json\/wp\/v2\/media?parent=96550"}],"wp:term":[{"taxonomy":"category","embeddable":true,"href":"https:\/\/www.gaveanews.com\/index.php\/wp-json\/wp\/v2\/categories?post=96550"},{"taxonomy":"post_tag","embeddable":true,"href":"https:\/\/www.gaveanews.com\/index.php\/wp-json\/wp\/v2\/tags?post=96550"}],"curies":[{"name":"wp","href":"https:\/\/api.w.org\/{rel}","templated":true}]}}