{"id":96562,"date":"2023-04-03T18:10:34","date_gmt":"2023-04-03T21:10:34","guid":{"rendered":"https:\/\/www.gaveanews.com\/?p=96562"},"modified":"2024-04-07T09:09:48","modified_gmt":"2024-04-07T12:09:48","slug":"noticia-sobre-jorge-jesus-deixa-torcida-do-flamengo-animada","status":"publish","type":"post","link":"https:\/\/www.gaveanews.com\/index.php\/2023\/04\/03\/noticia-sobre-jorge-jesus-deixa-torcida-do-flamengo-animada\/","title":{"rendered":"Not\u00edcia sobre Jorge Jesus deixa torcida do Flamengo animada"},"content":{"rendered":"\n<p>Lidando com uma forte press\u00e3o no Fenerbah\u00e7e, Jorge Jesus pode deixar o clube antes do t\u00e9rmino do seu contrato. Como a equipe de Istanbul perdeu o cl\u00e1ssico diante do Besiktas, parte da torcida vem exigindo a sa\u00edda do portugu\u00eas. Neste cen\u00e1rio, segundo o portal Sabah, a demiss\u00e3o estaria perto de ser confirmada, algo que causou uma grande repercuss\u00e3o nas redes sociais.<\/p>\n\n\n\n<p>Ainda que o Flamengo esteja perto de vencer o Campeonato Carioca, V\u00edtor Pereira se encontra distante de ser unanimidade no clube. Diante disso, o poss\u00edvel retorno de Jorge Jesus foi defendido, tendo em vista o ciclo vitorioso do \u2018Mister\u2019 entre 2019 e 2020.<\/p>\n\n\n\n<p>Apesar do desejo, Jorge Jesus pode seguir longe do Brasil. Isso porque o di\u00e1rio A Bola trouxe a informa\u00e7\u00e3o que a sele\u00e7\u00e3o da Ar\u00e1bia Saudita, que est\u00e1 em busca de um treinador, quer contar com os servi\u00e7os do portugu\u00eas. Al\u00e9m disso, seu nome tamb\u00e9m \u00e9 especulado como substituto de Tite no Brasil.<\/p>\n\n\n\n<p>\u201c<em>Quem n\u00e3o gostaria? H\u00e1 algum treinador no mundo que n\u00e3o gostaria de treinar o Brasil?&nbsp;Ningu\u00e9m falou comigo. O meu contrato acaba em maio, depois vamos ver o que vai acontecer. S\u00f3 tomo atitudes quando acabar a temporada, \u00e9 assim que fa\u00e7o sempre, n\u00e3o tomo decis\u00f5es r\u00e1pidas. Verei se fico na Turquia ou n\u00e3o<\/em>\u201c, disse o t\u00e9cnico ao falar sobre seu futuro.<\/p>\n\n\n\n<p>Recentemente, um abaixo-assinado criado no site \u201cChange.org\u201d pediu a volta de Jorge Jesus ao Flamengo. Como a peti\u00e7\u00e3o viralizou entre os torcedores, o documento j\u00e1 conta com mais de 36 mil assinaturas e deve ganhar mais for\u00e7a caso o t\u00e9cnico seja desligado na Turquia.<\/p>\n\n\n\n<h3 class=\"wp-block-heading\" id=\"h-veja-abaixo-a-repercussao-envolvendo-o-possivel-retorno-de-jorge-jesus-ao-flamengo\">Veja abaixo a repercuss\u00e3o envolvendo o poss\u00edvel retorno de Jorge Jesus ao Flamengo:<\/h3>\n\n\n\n<figure class=\"wp-block-embed is-type-rich is-provider-twitter wp-block-embed-twitter\"><div class=\"wp-block-embed__wrapper\">\n<blockquote class=\"twitter-tweet\" data-width=\"550\" data-dnt=\"true\"><p lang=\"pt\" dir=\"ltr\">Jorge Jesus livre no mercado\u2026 uma hora o velho tem q voltar pro Flamengo pra q a gente volte aos bons jogos ou o esque\u00e7a de vez\u2026 o jeito q ele saiu deixa esse ar de que se voltar pode fazer tudo de novo<\/p>&mdash; Paolo (@resumorn) <a href=\"https:\/\/twitter.com\/resumorn\/status\/1642681540155940866?ref_src=twsrc%5Etfw\">April 3, 2023<\/a><\/blockquote><script async src=\"https:\/\/platform.twitter.com\/widgets.js\" charset=\"utf-8\"><\/script>\n<\/div><\/figure>\n\n\n\n<figure class=\"wp-block-embed is-type-rich is-provider-twitter wp-block-embed-twitter\"><div class=\"wp-block-embed__wrapper\">\n<blockquote class=\"twitter-tweet\" data-width=\"550\" data-dnt=\"true\"><p lang=\"pt\" dir=\"ltr\">Cometi o mesmo erro com Paulo Sousa e acho loucura voc\u00eas indo na mesma onda&#8230; 2022 era pra ter sido ano de aprendizado.<br><br>Se Jorge Jesus ficar livre, demite esse maluco do Vitor Pereira e traz o velho na hora.<\/p>&mdash; yanne (@yannehellenn) <a href=\"https:\/\/twitter.com\/yannehellenn\/status\/1642677712836870147?ref_src=twsrc%5Etfw\">April 2, 2023<\/a><\/blockquote><script async src=\"https:\/\/platform.twitter.com\/widgets.js\" charset=\"utf-8\"><\/script>\n<\/div><\/figure>\n\n\n\n<figure class=\"wp-block-embed is-type-rich is-provider-twitter wp-block-embed-twitter\"><div class=\"wp-block-embed__wrapper\">\n<blockquote class=\"twitter-tweet\" data-width=\"550\" data-dnt=\"true\"><p lang=\"pt\" dir=\"ltr\">Jorge Jesus livre no mercado<br><br>Os flamenguistas: <a href=\"https:\/\/t.co\/Kl9L07IwMu\">pic.twitter.com\/Kl9L07IwMu<\/a><\/p>&mdash; Ninja Fla (@NinjaFla1981) <a href=\"https:\/\/twitter.com\/NinjaFla1981\/status\/1642677386771660802?ref_src=twsrc%5Etfw\">April 2, 2023<\/a><\/blockquote><script async src=\"https:\/\/platform.twitter.com\/widgets.js\" charset=\"utf-8\"><\/script>\n<\/div><\/figure>\n\n\n\n<figure class=\"wp-block-embed is-type-rich is-provider-twitter wp-block-embed-twitter\"><div class=\"wp-block-embed__wrapper\">\n<blockquote class=\"twitter-tweet\" data-width=\"550\" data-dnt=\"true\"><p lang=\"pt\" dir=\"ltr\"><a href=\"https:\/\/twitter.com\/hashtag\/VoltaMister?src=hash&amp;ref_src=twsrc%5Etfw\">#VoltaMister<\/a> Jorge Jesus eu quero de novo no meng\u00e3o \u2764\ufe0f <a href=\"https:\/\/t.co\/1LaHivKPLe\">pic.twitter.com\/1LaHivKPLe<\/a><\/p>&mdash; Naldo Paix\u00e3o (@naldo_paixao) <a href=\"https:\/\/twitter.com\/naldo_paixao\/status\/1642692225116119041?ref_src=twsrc%5Etfw\">April 3, 2023<\/a><\/blockquote><script async src=\"https:\/\/platform.twitter.com\/widgets.js\" charset=\"utf-8\"><\/script>\n<\/div><\/figure>\n\n\n\n<figure class=\"wp-block-embed is-type-rich is-provider-twitter wp-block-embed-twitter\"><div class=\"wp-block-embed__wrapper\">\n<blockquote class=\"twitter-tweet\" data-width=\"550\" data-dnt=\"true\"><p lang=\"pt\" dir=\"ltr\">Agora falta pouco!!!<br>O seu povo te espera!!!<br>JORGE JESUS NO FLAMENGO!!!<a href=\"https:\/\/twitter.com\/hashtag\/VoltaJJ?src=hash&amp;ref_src=twsrc%5Etfw\">#VoltaJJ<\/a> <a href=\"https:\/\/twitter.com\/hashtag\/VoltaMister?src=hash&amp;ref_src=twsrc%5Etfw\">#VoltaMister<\/a><a href=\"https:\/\/twitter.com\/hashtag\/MisterNoFlamengo?src=hash&amp;ref_src=twsrc%5Etfw\">#MisterNoFlamengo<\/a> <a href=\"https:\/\/t.co\/GhiH6XytHR\">pic.twitter.com\/GhiH6XytHR<\/a><\/p>&mdash; SocioFla1981\ud83d\udd34\u26ab\ufe0f (@Sociofla2021) <a href=\"https:\/\/twitter.com\/Sociofla2021\/status\/1642692660056956929?ref_src=twsrc%5Etfw\">April 3, 2023<\/a><\/blockquote><script async src=\"https:\/\/platform.twitter.com\/widgets.js\" charset=\"utf-8\"><\/script>\n<\/div><\/figure>\n\n\n\n<figure class=\"wp-block-embed is-type-rich is-provider-twitter wp-block-embed-twitter\"><div class=\"wp-block-embed__wrapper\">\n<blockquote class=\"twitter-tweet\" data-width=\"550\" data-dnt=\"true\"><p lang=\"pt\" dir=\"ltr\">s\u00f3 acredito em volta de Jorge jesus no dia que sair uma foto dele no CT do flamengo com uniforme treinando o time <a href=\"https:\/\/t.co\/JPhoHvvGhe\">pic.twitter.com\/JPhoHvvGhe<\/a><\/p>&mdash; ju.\u1d9c\u02b3\u1da0 (@lovesxcrf) <a href=\"https:\/\/twitter.com\/lovesxcrf\/status\/1642694789106741248?ref_src=twsrc%5Etfw\">April 3, 2023<\/a><\/blockquote><script async src=\"https:\/\/platform.twitter.com\/widgets.js\" charset=\"utf-8\"><\/script>\n<\/div><\/figure>\n\n\n\n<figure class=\"wp-block-embed is-type-rich is-provider-twitter wp-block-embed-twitter\"><div class=\"wp-block-embed__wrapper\">\n<blockquote class=\"twitter-tweet\" data-width=\"550\" data-dnt=\"true\"><p lang=\"pt\" dir=\"ltr\">Se o Jorge Jesus for realmente demitido amanh\u00e3, n\u00e3o \u00e9 para pensar duas vezes em demitir o Vitor Pereira&#8230;<br>Um trabalho p\u00edfio do portugu\u00eas at\u00e9 aqui, tem que organizar o time com o Jorge Jesus enquanto \u00e9 cedo para podermos ganhar t\u00edtulos importantes.<\/p>&mdash; Fla Posting (@FlaPosting) <a href=\"https:\/\/twitter.com\/FlaPosting\/status\/1642692246666461190?ref_src=twsrc%5Etfw\">April 3, 2023<\/a><\/blockquote><script async src=\"https:\/\/platform.twitter.com\/widgets.js\" charset=\"utf-8\"><\/script>\n<\/div><\/figure>\n\n\n\n<figure class=\"wp-block-embed is-type-rich is-provider-twitter wp-block-embed-twitter\"><div class=\"wp-block-embed__wrapper\">\n<blockquote class=\"twitter-tweet\" data-width=\"550\" data-dnt=\"true\"><p lang=\"pt\" dir=\"ltr\">Gabigol e Jorge Jesus, os &quot;fracassados&quot; na Europa que nasceram pro Flamengo<a href=\"https:\/\/twitter.com\/hashtag\/VoltaMister?src=hash&amp;ref_src=twsrc%5Etfw\">#VoltaMister<\/a> PELO AMOR DE DEUS!!!<\/p>&mdash; Ferrugem (@Gusta_FBM) <a href=\"https:\/\/twitter.com\/Gusta_FBM\/status\/1642867936846131200?ref_src=twsrc%5Etfw\">April 3, 2023<\/a><\/blockquote><script async src=\"https:\/\/platform.twitter.com\/widgets.js\" charset=\"utf-8\"><\/script>\n<\/div><\/figure>\n\n\n\n<figure class=\"wp-block-embed is-type-rich is-provider-twitter wp-block-embed-twitter\"><div class=\"wp-block-embed__wrapper\">\n<blockquote class=\"twitter-tweet\" data-width=\"550\" data-dnt=\"true\"><p lang=\"pt\" dir=\"ltr\">Jorge Jesus livre no mercado.<br><br>Eu sei que \u00e9 pecado, mas isso aqui vai virar um inferno!<\/p>&mdash; Mauro Ferreira (@Maurormf) <a href=\"https:\/\/twitter.com\/Maurormf\/status\/1642688360098529280?ref_src=twsrc%5Etfw\">April 3, 2023<\/a><\/blockquote><script async src=\"https:\/\/platform.twitter.com\/widgets.js\" charset=\"utf-8\"><\/script>\n<\/div><\/figure>\n\n\n\n<p>Retirado de: Torcedores<\/p>\n","protected":false},"excerpt":{"rendered":"<p>Lidando com uma forte press\u00e3o no Fenerbah\u00e7e, Jorge Jesus pode deixar o clube antes do t\u00e9rmino do seu contrato. Como a equipe de Istanbul perdeu o cl\u00e1ssico diante do Besiktas, parte da torcida vem exigindo a sa\u00edda do portugu\u00eas. Neste cen\u00e1rio, segundo o portal Sabah, a demiss\u00e3o estaria perto de ser confirmada, algo que causou [&hellip;]<\/p>\n","protected":false},"author":1,"featured_media":28886,"comment_status":"open","ping_status":"closed","sticky":false,"template":"","format":"standard","meta":{"footnotes":""},"categories":[1],"tags":[197],"class_list":["post-96562","post","type-post","status-publish","format-standard","has-post-thumbnail","hentry","category-flamengo","tag-jorge-jesus"],"yoast_head":"<!-- This site is optimized with the Yoast SEO Premium plugin v24.2 (Yoast SEO v26.9) - https:\/\/yoast.com\/product\/yoast-seo-premium-wordpress\/ -->\n<title>Not\u00edcia sobre Jorge Jesus deixa torcida do Flamengo animada<\/title>\n<meta name=\"robots\" content=\"index, follow, max-snippet:-1, max-image-preview:large, max-video-preview:-1\" \/>\n<link rel=\"canonical\" href=\"https:\/\/www.gaveanews.com\/index.php\/2023\/04\/03\/noticia-sobre-jorge-jesus-deixa-torcida-do-flamengo-animada\/\" \/>\n<meta property=\"og:locale\" content=\"pt_BR\" \/>\n<meta property=\"og:type\" content=\"article\" \/>\n<meta property=\"og:title\" content=\"Not\u00edcia sobre Jorge Jesus deixa torcida do Flamengo animada\" \/>\n<meta property=\"og:description\" content=\"Lidando com uma forte press\u00e3o no Fenerbah\u00e7e, Jorge Jesus pode deixar o clube antes do t\u00e9rmino do seu contrato. Como a equipe de Istanbul perdeu o cl\u00e1ssico diante do Besiktas, parte da torcida vem exigindo a sa\u00edda do portugu\u00eas. Neste cen\u00e1rio, segundo o portal Sabah, a demiss\u00e3o estaria perto de ser confirmada, algo que causou [&hellip;]\" \/>\n<meta property=\"og:url\" content=\"https:\/\/www.gaveanews.com\/index.php\/2023\/04\/03\/noticia-sobre-jorge-jesus-deixa-torcida-do-flamengo-animada\/\" \/>\n<meta property=\"og:site_name\" content=\"G\u00e1vea News\" \/>\n<meta property=\"article:publisher\" content=\"https:\/\/facebook.com\/gaveaNews\/\" \/>\n<meta property=\"article:published_time\" content=\"2023-04-03T21:10:34+00:00\" \/>\n<meta property=\"article:modified_time\" content=\"2024-04-07T12:09:48+00:00\" \/>\n<meta property=\"og:image\" content=\"https:\/\/www.gaveanews.com\/wp-content\/uploads\/Jorge-Jesus-durante-uma-partida-do-Flamengo.webp\" \/>\n\t<meta property=\"og:image:width\" content=\"900\" \/>\n\t<meta property=\"og:image:height\" content=\"600\" \/>\n\t<meta property=\"og:image:type\" content=\"image\/jpeg\" \/>\n<meta name=\"author\" content=\"Equipe G\u00e1vea News\" \/>\n<meta name=\"twitter:card\" content=\"summary_large_image\" \/>\n<meta name=\"twitter:label1\" content=\"Escrito por\" \/>\n\t<meta name=\"twitter:data1\" content=\"Equipe G\u00e1vea News\" \/>\n\t<meta name=\"twitter:label2\" content=\"Est. tempo de leitura\" \/>\n\t<meta name=\"twitter:data2\" content=\"2 minutos\" \/>\n<script type=\"application\/ld+json\" class=\"yoast-schema-graph\">{\"@context\":\"https:\/\/schema.org\",\"@graph\":[{\"@type\":\"NewsArticle\",\"@id\":\"https:\/\/www.gaveanews.com\/index.php\/2023\/04\/03\/noticia-sobre-jorge-jesus-deixa-torcida-do-flamengo-animada\/#article\",\"isPartOf\":{\"@id\":\"https:\/\/www.gaveanews.com\/index.php\/2023\/04\/03\/noticia-sobre-jorge-jesus-deixa-torcida-do-flamengo-animada\/\"},\"author\":{\"name\":\"Equipe G\u00e1vea News\",\"@id\":\"https:\/\/www.gaveanews.com\/#\/schema\/person\/2ec14f73fb96be2caf28f91afb14749d\"},\"headline\":\"Not\u00edcia sobre Jorge Jesus deixa torcida do Flamengo animada\",\"datePublished\":\"2023-04-03T21:10:34+00:00\",\"dateModified\":\"2024-04-07T12:09:48+00:00\",\"mainEntityOfPage\":{\"@id\":\"https:\/\/www.gaveanews.com\/index.php\/2023\/04\/03\/noticia-sobre-jorge-jesus-deixa-torcida-do-flamengo-animada\/\"},\"wordCount\":365,\"commentCount\":0,\"image\":{\"@id\":\"https:\/\/www.gaveanews.com\/index.php\/2023\/04\/03\/noticia-sobre-jorge-jesus-deixa-torcida-do-flamengo-animada\/#primaryimage\"},\"thumbnailUrl\":\"https:\/\/www.gaveanews.com\/wp-content\/uploads\/Jorge-Jesus-durante-uma-partida-do-Flamengo.webp\",\"keywords\":[\"Jorge Jesus\"],\"articleSection\":[\"Flamengo\"],\"inLanguage\":\"pt-BR\",\"potentialAction\":[{\"@type\":\"CommentAction\",\"name\":\"Comment\",\"target\":[\"https:\/\/www.gaveanews.com\/index.php\/2023\/04\/03\/noticia-sobre-jorge-jesus-deixa-torcida-do-flamengo-animada\/#respond\"]}],\"copyrightYear\":\"2023\",\"copyrightHolder\":{\"@id\":\"https:\/\/www.gaveanews.com\/#organization\"}},{\"@type\":\"WebPage\",\"@id\":\"https:\/\/www.gaveanews.com\/index.php\/2023\/04\/03\/noticia-sobre-jorge-jesus-deixa-torcida-do-flamengo-animada\/\",\"url\":\"https:\/\/www.gaveanews.com\/index.php\/2023\/04\/03\/noticia-sobre-jorge-jesus-deixa-torcida-do-flamengo-animada\/\",\"name\":\"Not\u00edcia sobre Jorge Jesus deixa torcida do Flamengo animada\",\"isPartOf\":{\"@id\":\"https:\/\/www.gaveanews.com\/#website\"},\"primaryImageOfPage\":{\"@id\":\"https:\/\/www.gaveanews.com\/index.php\/2023\/04\/03\/noticia-sobre-jorge-jesus-deixa-torcida-do-flamengo-animada\/#primaryimage\"},\"image\":{\"@id\":\"https:\/\/www.gaveanews.com\/index.php\/2023\/04\/03\/noticia-sobre-jorge-jesus-deixa-torcida-do-flamengo-animada\/#primaryimage\"},\"thumbnailUrl\":\"https:\/\/www.gaveanews.com\/wp-content\/uploads\/Jorge-Jesus-durante-uma-partida-do-Flamengo.webp\",\"datePublished\":\"2023-04-03T21:10:34+00:00\",\"dateModified\":\"2024-04-07T12:09:48+00:00\",\"author\":{\"@id\":\"https:\/\/www.gaveanews.com\/#\/schema\/person\/2ec14f73fb96be2caf28f91afb14749d\"},\"breadcrumb\":{\"@id\":\"https:\/\/www.gaveanews.com\/index.php\/2023\/04\/03\/noticia-sobre-jorge-jesus-deixa-torcida-do-flamengo-animada\/#breadcrumb\"},\"inLanguage\":\"pt-BR\",\"potentialAction\":[{\"@type\":\"ReadAction\",\"target\":[\"https:\/\/www.gaveanews.com\/index.php\/2023\/04\/03\/noticia-sobre-jorge-jesus-deixa-torcida-do-flamengo-animada\/\"]}]},{\"@type\":\"ImageObject\",\"inLanguage\":\"pt-BR\",\"@id\":\"https:\/\/www.gaveanews.com\/index.php\/2023\/04\/03\/noticia-sobre-jorge-jesus-deixa-torcida-do-flamengo-animada\/#primaryimage\",\"url\":\"https:\/\/www.gaveanews.com\/wp-content\/uploads\/Jorge-Jesus-durante-uma-partida-do-Flamengo.webp\",\"contentUrl\":\"https:\/\/www.gaveanews.com\/wp-content\/uploads\/Jorge-Jesus-durante-uma-partida-do-Flamengo.webp\",\"width\":900,\"height\":600,\"caption\":\"Jorge Jesus durante uma partida do Flamengo (Foto: Alexandre Vidal\/Flamengo)\"},{\"@type\":\"BreadcrumbList\",\"@id\":\"https:\/\/www.gaveanews.com\/index.php\/2023\/04\/03\/noticia-sobre-jorge-jesus-deixa-torcida-do-flamengo-animada\/#breadcrumb\",\"itemListElement\":[{\"@type\":\"ListItem\",\"position\":1,\"name\":\"Home\",\"item\":\"https:\/\/www.gaveanews.com\/\"},{\"@type\":\"ListItem\",\"position\":2,\"name\":\"Not\u00edcia sobre Jorge Jesus deixa torcida do Flamengo animada\"}]},{\"@type\":\"WebSite\",\"@id\":\"https:\/\/www.gaveanews.com\/#website\",\"url\":\"https:\/\/www.gaveanews.com\/\",\"name\":\"G\u00e1vea News\",\"description\":\"Veja todas as not\u00edcias sobre o Flamengo: Contrata\u00e7\u00f5es, categorias de base, resultados das partidas, tabela de classifica\u00e7\u00e3o, pr\u00f3ximos jogos!\",\"potentialAction\":[{\"@type\":\"SearchAction\",\"target\":{\"@type\":\"EntryPoint\",\"urlTemplate\":\"https:\/\/www.gaveanews.com\/?s={search_term_string}\"},\"query-input\":{\"@type\":\"PropertyValueSpecification\",\"valueRequired\":true,\"valueName\":\"search_term_string\"}}],\"inLanguage\":\"pt-BR\"},{\"@type\":\"Person\",\"@id\":\"https:\/\/www.gaveanews.com\/#\/schema\/person\/2ec14f73fb96be2caf28f91afb14749d\",\"name\":\"Equipe G\u00e1vea News\",\"image\":{\"@type\":\"ImageObject\",\"inLanguage\":\"pt-BR\",\"@id\":\"https:\/\/www.gaveanews.com\/#\/schema\/person\/image\/\",\"url\":\"https:\/\/secure.gravatar.com\/avatar\/1e1956f1facbffd3f8fa53a326721950116b3b9dc9bd44939c01180fd4a745a9?s=96&d=mm&r=g\",\"contentUrl\":\"https:\/\/secure.gravatar.com\/avatar\/1e1956f1facbffd3f8fa53a326721950116b3b9dc9bd44939c01180fd4a745a9?s=96&d=mm&r=g\",\"caption\":\"Equipe G\u00e1vea News\"}}]}<\/script>\n<!-- \/ Yoast SEO Premium plugin. -->","yoast_head_json":{"title":"Not\u00edcia sobre Jorge Jesus deixa torcida do Flamengo animada","robots":{"index":"index","follow":"follow","max-snippet":"max-snippet:-1","max-image-preview":"max-image-preview:large","max-video-preview":"max-video-preview:-1"},"canonical":"https:\/\/www.gaveanews.com\/index.php\/2023\/04\/03\/noticia-sobre-jorge-jesus-deixa-torcida-do-flamengo-animada\/","og_locale":"pt_BR","og_type":"article","og_title":"Not\u00edcia sobre Jorge Jesus deixa torcida do Flamengo animada","og_description":"Lidando com uma forte press\u00e3o no Fenerbah\u00e7e, Jorge Jesus pode deixar o clube antes do t\u00e9rmino do seu contrato. Como a equipe de Istanbul perdeu o cl\u00e1ssico diante do Besiktas, parte da torcida vem exigindo a sa\u00edda do portugu\u00eas. Neste cen\u00e1rio, segundo o portal Sabah, a demiss\u00e3o estaria perto de ser confirmada, algo que causou [&hellip;]","og_url":"https:\/\/www.gaveanews.com\/index.php\/2023\/04\/03\/noticia-sobre-jorge-jesus-deixa-torcida-do-flamengo-animada\/","og_site_name":"G\u00e1vea News","article_publisher":"https:\/\/facebook.com\/gaveaNews\/","article_published_time":"2023-04-03T21:10:34+00:00","article_modified_time":"2024-04-07T12:09:48+00:00","og_image":[{"width":900,"height":600,"url":"https:\/\/www.gaveanews.com\/wp-content\/uploads\/Jorge-Jesus-durante-uma-partida-do-Flamengo.webp","type":"image\/jpeg"}],"author":"Equipe G\u00e1vea News","twitter_card":"summary_large_image","twitter_misc":{"Escrito por":"Equipe G\u00e1vea News","Est. tempo de leitura":"2 minutos"},"schema":{"@context":"https:\/\/schema.org","@graph":[{"@type":"NewsArticle","@id":"https:\/\/www.gaveanews.com\/index.php\/2023\/04\/03\/noticia-sobre-jorge-jesus-deixa-torcida-do-flamengo-animada\/#article","isPartOf":{"@id":"https:\/\/www.gaveanews.com\/index.php\/2023\/04\/03\/noticia-sobre-jorge-jesus-deixa-torcida-do-flamengo-animada\/"},"author":{"name":"Equipe G\u00e1vea News","@id":"https:\/\/www.gaveanews.com\/#\/schema\/person\/2ec14f73fb96be2caf28f91afb14749d"},"headline":"Not\u00edcia sobre Jorge Jesus deixa torcida do Flamengo animada","datePublished":"2023-04-03T21:10:34+00:00","dateModified":"2024-04-07T12:09:48+00:00","mainEntityOfPage":{"@id":"https:\/\/www.gaveanews.com\/index.php\/2023\/04\/03\/noticia-sobre-jorge-jesus-deixa-torcida-do-flamengo-animada\/"},"wordCount":365,"commentCount":0,"image":{"@id":"https:\/\/www.gaveanews.com\/index.php\/2023\/04\/03\/noticia-sobre-jorge-jesus-deixa-torcida-do-flamengo-animada\/#primaryimage"},"thumbnailUrl":"https:\/\/www.gaveanews.com\/wp-content\/uploads\/Jorge-Jesus-durante-uma-partida-do-Flamengo.webp","keywords":["Jorge Jesus"],"articleSection":["Flamengo"],"inLanguage":"pt-BR","potentialAction":[{"@type":"CommentAction","name":"Comment","target":["https:\/\/www.gaveanews.com\/index.php\/2023\/04\/03\/noticia-sobre-jorge-jesus-deixa-torcida-do-flamengo-animada\/#respond"]}],"copyrightYear":"2023","copyrightHolder":{"@id":"https:\/\/www.gaveanews.com\/#organization"}},{"@type":"WebPage","@id":"https:\/\/www.gaveanews.com\/index.php\/2023\/04\/03\/noticia-sobre-jorge-jesus-deixa-torcida-do-flamengo-animada\/","url":"https:\/\/www.gaveanews.com\/index.php\/2023\/04\/03\/noticia-sobre-jorge-jesus-deixa-torcida-do-flamengo-animada\/","name":"Not\u00edcia sobre Jorge Jesus deixa torcida do Flamengo animada","isPartOf":{"@id":"https:\/\/www.gaveanews.com\/#website"},"primaryImageOfPage":{"@id":"https:\/\/www.gaveanews.com\/index.php\/2023\/04\/03\/noticia-sobre-jorge-jesus-deixa-torcida-do-flamengo-animada\/#primaryimage"},"image":{"@id":"https:\/\/www.gaveanews.com\/index.php\/2023\/04\/03\/noticia-sobre-jorge-jesus-deixa-torcida-do-flamengo-animada\/#primaryimage"},"thumbnailUrl":"https:\/\/www.gaveanews.com\/wp-content\/uploads\/Jorge-Jesus-durante-uma-partida-do-Flamengo.webp","datePublished":"2023-04-03T21:10:34+00:00","dateModified":"2024-04-07T12:09:48+00:00","author":{"@id":"https:\/\/www.gaveanews.com\/#\/schema\/person\/2ec14f73fb96be2caf28f91afb14749d"},"breadcrumb":{"@id":"https:\/\/www.gaveanews.com\/index.php\/2023\/04\/03\/noticia-sobre-jorge-jesus-deixa-torcida-do-flamengo-animada\/#breadcrumb"},"inLanguage":"pt-BR","potentialAction":[{"@type":"ReadAction","target":["https:\/\/www.gaveanews.com\/index.php\/2023\/04\/03\/noticia-sobre-jorge-jesus-deixa-torcida-do-flamengo-animada\/"]}]},{"@type":"ImageObject","inLanguage":"pt-BR","@id":"https:\/\/www.gaveanews.com\/index.php\/2023\/04\/03\/noticia-sobre-jorge-jesus-deixa-torcida-do-flamengo-animada\/#primaryimage","url":"https:\/\/www.gaveanews.com\/wp-content\/uploads\/Jorge-Jesus-durante-uma-partida-do-Flamengo.webp","contentUrl":"https:\/\/www.gaveanews.com\/wp-content\/uploads\/Jorge-Jesus-durante-uma-partida-do-Flamengo.webp","width":900,"height":600,"caption":"Jorge Jesus durante uma partida do Flamengo (Foto: Alexandre Vidal\/Flamengo)"},{"@type":"BreadcrumbList","@id":"https:\/\/www.gaveanews.com\/index.php\/2023\/04\/03\/noticia-sobre-jorge-jesus-deixa-torcida-do-flamengo-animada\/#breadcrumb","itemListElement":[{"@type":"ListItem","position":1,"name":"Home","item":"https:\/\/www.gaveanews.com\/"},{"@type":"ListItem","position":2,"name":"Not\u00edcia sobre Jorge Jesus deixa torcida do Flamengo animada"}]},{"@type":"WebSite","@id":"https:\/\/www.gaveanews.com\/#website","url":"https:\/\/www.gaveanews.com\/","name":"G\u00e1vea News","description":"Veja todas as not\u00edcias sobre o Flamengo: Contrata\u00e7\u00f5es, categorias de base, resultados das partidas, tabela de classifica\u00e7\u00e3o, pr\u00f3ximos jogos!","potentialAction":[{"@type":"SearchAction","target":{"@type":"EntryPoint","urlTemplate":"https:\/\/www.gaveanews.com\/?s={search_term_string}"},"query-input":{"@type":"PropertyValueSpecification","valueRequired":true,"valueName":"search_term_string"}}],"inLanguage":"pt-BR"},{"@type":"Person","@id":"https:\/\/www.gaveanews.com\/#\/schema\/person\/2ec14f73fb96be2caf28f91afb14749d","name":"Equipe G\u00e1vea News","image":{"@type":"ImageObject","inLanguage":"pt-BR","@id":"https:\/\/www.gaveanews.com\/#\/schema\/person\/image\/","url":"https:\/\/secure.gravatar.com\/avatar\/1e1956f1facbffd3f8fa53a326721950116b3b9dc9bd44939c01180fd4a745a9?s=96&d=mm&r=g","contentUrl":"https:\/\/secure.gravatar.com\/avatar\/1e1956f1facbffd3f8fa53a326721950116b3b9dc9bd44939c01180fd4a745a9?s=96&d=mm&r=g","caption":"Equipe G\u00e1vea News"}}]}},"_links":{"self":[{"href":"https:\/\/www.gaveanews.com\/index.php\/wp-json\/wp\/v2\/posts\/96562","targetHints":{"allow":["GET"]}}],"collection":[{"href":"https:\/\/www.gaveanews.com\/index.php\/wp-json\/wp\/v2\/posts"}],"about":[{"href":"https:\/\/www.gaveanews.com\/index.php\/wp-json\/wp\/v2\/types\/post"}],"author":[{"embeddable":true,"href":"https:\/\/www.gaveanews.com\/index.php\/wp-json\/wp\/v2\/users\/1"}],"replies":[{"embeddable":true,"href":"https:\/\/www.gaveanews.com\/index.php\/wp-json\/wp\/v2\/comments?post=96562"}],"version-history":[{"count":1,"href":"https:\/\/www.gaveanews.com\/index.php\/wp-json\/wp\/v2\/posts\/96562\/revisions"}],"predecessor-version":[{"id":136694,"href":"https:\/\/www.gaveanews.com\/index.php\/wp-json\/wp\/v2\/posts\/96562\/revisions\/136694"}],"wp:featuredmedia":[{"embeddable":true,"href":"https:\/\/www.gaveanews.com\/index.php\/wp-json\/wp\/v2\/media\/28886"}],"wp:attachment":[{"href":"https:\/\/www.gaveanews.com\/index.php\/wp-json\/wp\/v2\/media?parent=96562"}],"wp:term":[{"taxonomy":"category","embeddable":true,"href":"https:\/\/www.gaveanews.com\/index.php\/wp-json\/wp\/v2\/categories?post=96562"},{"taxonomy":"post_tag","embeddable":true,"href":"https:\/\/www.gaveanews.com\/index.php\/wp-json\/wp\/v2\/tags?post=96562"}],"curies":[{"name":"wp","href":"https:\/\/api.w.org\/{rel}","templated":true}]}}