{"id":96572,"date":"2023-04-03T19:27:35","date_gmt":"2023-04-03T22:27:35","guid":{"rendered":"https:\/\/www.gaveanews.com\/?p=96572"},"modified":"2023-04-03T19:27:38","modified_gmt":"2023-04-03T22:27:38","slug":"jornalista-destaca-grande-feito-de-vitor-pereira-no-flamengo","status":"publish","type":"post","link":"https:\/\/www.gaveanews.com\/index.php\/2023\/04\/03\/jornalista-destaca-grande-feito-de-vitor-pereira-no-flamengo\/","title":{"rendered":"Jornalista destaca grande feito de V\u00edtor Pereira no Flamengo"},"content":{"rendered":"\n<p>Como Gabigol manifestou o desejo de voltar a atuar como centroavante, V\u00edtor Pereira optou por Pedro em Flamengo x Fluminense. Dessa forma, caso o esquema envolvendo tr\u00eas zagueiros seja mantido, a tend\u00eancia \u00e9 que os dois atacantes sigam disputando uma vaga no setor ofensivo. Neste cen\u00e1rio, Jos\u00e9 Trajano exaltou o pulso do portugu\u00eas, que, desde os tempos de Corinthians, apresentou fortes convic\u00e7\u00f5es em seu trabalho.<\/p>\n\n\n\n<p>Exaltando a escolha de VP, Trajano apontou que o fantasma de Jorge Jesus foi \u201cexorcizado\u201d pelo compatriota. Ainda que o atual treinador do Flamengo n\u00e3o tenha alcan\u00e7ado t\u00edtulos na temporada, a decis\u00e3o de barrar um dos \u00eddolos do clube foi exaltada pelo jornalista.<\/p>\n\n\n\n<p><em>\u2014 Ontem foi sepultado o fantasma Jorge Jesus na G\u00e1vea. Acabou a \u2018patotinha\u2019 quem achou que era titular absoluto. \u00c9 outro Flamengo a partir de ontem. Sem d\u00favida alguma, as substitui\u00e7\u00f5es dele foram as melhores dos \u00faltimos tempos no futebol brasileiro. Colocar quatro caras desse naipe naquele momento do jogo, entra pra historia das substitui\u00e7\u00f5es<\/em>, disse no programa Posse de Bola, do UOL Esporte.<\/p>\n\n\n\n<p>Depois de tr\u00eas fracassos em 2023, V\u00edtor Pereira busca o t\u00edtulo do Carioca para aliviar a press\u00e3o em torno do seu trabalho. Ciente que a sombra de Jorge Jesus tem chances de ficar mais perto, j\u00e1 que o compatriota est\u00e1 em fim de contrato no Fenerbah\u00e7e, o comandante do Flamengo espera ter um ambiente mais tranquilo para a sequ\u00eancia do ano.<\/p>\n\n\n\n<p>Na sequ\u00eancia, Arnaldo Ribeiro apontou que V\u00edtor Pereira, ao contr\u00e1rio dos seus antecessores, n\u00e3o teve receio em colocar quatro medalh\u00f5es, de uma vez, no banco. No decorrer do confronto, o treinador do Flamengo acionou Vidal, Gabigol, Everton Ribeiro e Filipe Lu\u00eds, substitui\u00e7\u00f5es que contribu\u00edram para a vantagem de 2 a 0 no cl\u00e1ssico ser alcan\u00e7ada.<\/p>\n\n\n\n<p><em>\u2014 Pra colocar os quatro naquele momento, ele (V\u00edtor Pereira) teve que convencer os quatro a ficarem no banco de reservas. Os treinadores anteriores n\u00e3o faziam isso<\/em>, afirmou.<\/p>\n\n\n\n<p>Retirado de: Torcedores<\/p>\n","protected":false},"excerpt":{"rendered":"<p>Como Gabigol manifestou o desejo de voltar a atuar como centroavante, V\u00edtor Pereira optou por Pedro em Flamengo x Fluminense. Dessa forma, caso o esquema envolvendo tr\u00eas zagueiros seja mantido, a tend\u00eancia \u00e9 que os dois atacantes sigam disputando uma vaga no setor ofensivo. Neste cen\u00e1rio, Jos\u00e9 Trajano exaltou o pulso do portugu\u00eas, que, desde [&hellip;]<\/p>\n","protected":false},"author":1,"featured_media":95339,"comment_status":"open","ping_status":"closed","sticky":false,"template":"","format":"standard","meta":{"footnotes":""},"categories":[1],"tags":[],"class_list":["post-96572","post","type-post","status-publish","format-standard","has-post-thumbnail","hentry","category-flamengo"],"yoast_head":"<!-- This site is optimized with the Yoast SEO Premium plugin v24.2 (Yoast SEO v26.9) - https:\/\/yoast.com\/product\/yoast-seo-premium-wordpress\/ -->\n<title>Jornalista destaca grande feito de V\u00edtor Pereira no Flamengo<\/title>\n<meta name=\"robots\" content=\"index, follow, max-snippet:-1, max-image-preview:large, max-video-preview:-1\" \/>\n<link rel=\"canonical\" href=\"https:\/\/www.gaveanews.com\/index.php\/2023\/04\/03\/jornalista-destaca-grande-feito-de-vitor-pereira-no-flamengo\/\" \/>\n<meta property=\"og:locale\" content=\"pt_BR\" \/>\n<meta property=\"og:type\" content=\"article\" \/>\n<meta property=\"og:title\" content=\"Jornalista destaca grande feito de V\u00edtor Pereira no Flamengo\" \/>\n<meta property=\"og:description\" content=\"Como Gabigol manifestou o desejo de voltar a atuar como centroavante, V\u00edtor Pereira optou por Pedro em Flamengo x Fluminense. Dessa forma, caso o esquema envolvendo tr\u00eas zagueiros seja mantido, a tend\u00eancia \u00e9 que os dois atacantes sigam disputando uma vaga no setor ofensivo. Neste cen\u00e1rio, Jos\u00e9 Trajano exaltou o pulso do portugu\u00eas, que, desde [&hellip;]\" \/>\n<meta property=\"og:url\" content=\"https:\/\/www.gaveanews.com\/index.php\/2023\/04\/03\/jornalista-destaca-grande-feito-de-vitor-pereira-no-flamengo\/\" \/>\n<meta property=\"og:site_name\" content=\"G\u00e1vea News\" \/>\n<meta property=\"article:publisher\" content=\"https:\/\/facebook.com\/gaveaNews\/\" \/>\n<meta property=\"article:published_time\" content=\"2023-04-03T22:27:35+00:00\" \/>\n<meta property=\"article:modified_time\" content=\"2023-04-03T22:27:38+00:00\" \/>\n<meta property=\"og:image\" content=\"https:\/\/www.gaveanews.com\/wp-content\/uploads\/vitor-pereira-flamengo-1.webp\" \/>\n\t<meta property=\"og:image:width\" content=\"984\" \/>\n\t<meta property=\"og:image:height\" content=\"715\" \/>\n\t<meta property=\"og:image:type\" content=\"image\/webp\" \/>\n<meta name=\"author\" content=\"Equipe G\u00e1vea News\" \/>\n<meta name=\"twitter:card\" content=\"summary_large_image\" \/>\n<meta name=\"twitter:label1\" content=\"Escrito por\" \/>\n\t<meta name=\"twitter:data1\" content=\"Equipe G\u00e1vea News\" \/>\n\t<meta name=\"twitter:label2\" content=\"Est. tempo de leitura\" \/>\n\t<meta name=\"twitter:data2\" content=\"2 minutos\" \/>\n<script type=\"application\/ld+json\" class=\"yoast-schema-graph\">{\"@context\":\"https:\/\/schema.org\",\"@graph\":[{\"@type\":\"NewsArticle\",\"@id\":\"https:\/\/www.gaveanews.com\/index.php\/2023\/04\/03\/jornalista-destaca-grande-feito-de-vitor-pereira-no-flamengo\/#article\",\"isPartOf\":{\"@id\":\"https:\/\/www.gaveanews.com\/index.php\/2023\/04\/03\/jornalista-destaca-grande-feito-de-vitor-pereira-no-flamengo\/\"},\"author\":{\"name\":\"Equipe G\u00e1vea News\",\"@id\":\"https:\/\/www.gaveanews.com\/#\/schema\/person\/2ec14f73fb96be2caf28f91afb14749d\"},\"headline\":\"Jornalista destaca grande feito de V\u00edtor Pereira no Flamengo\",\"datePublished\":\"2023-04-03T22:27:35+00:00\",\"dateModified\":\"2023-04-03T22:27:38+00:00\",\"mainEntityOfPage\":{\"@id\":\"https:\/\/www.gaveanews.com\/index.php\/2023\/04\/03\/jornalista-destaca-grande-feito-de-vitor-pereira-no-flamengo\/\"},\"wordCount\":354,\"commentCount\":0,\"image\":{\"@id\":\"https:\/\/www.gaveanews.com\/index.php\/2023\/04\/03\/jornalista-destaca-grande-feito-de-vitor-pereira-no-flamengo\/#primaryimage\"},\"thumbnailUrl\":\"https:\/\/www.gaveanews.com\/wp-content\/uploads\/vitor-pereira-flamengo-1.webp\",\"articleSection\":[\"Flamengo\"],\"inLanguage\":\"pt-BR\",\"potentialAction\":[{\"@type\":\"CommentAction\",\"name\":\"Comment\",\"target\":[\"https:\/\/www.gaveanews.com\/index.php\/2023\/04\/03\/jornalista-destaca-grande-feito-de-vitor-pereira-no-flamengo\/#respond\"]}],\"copyrightYear\":\"2023\",\"copyrightHolder\":{\"@id\":\"https:\/\/www.gaveanews.com\/#organization\"}},{\"@type\":\"WebPage\",\"@id\":\"https:\/\/www.gaveanews.com\/index.php\/2023\/04\/03\/jornalista-destaca-grande-feito-de-vitor-pereira-no-flamengo\/\",\"url\":\"https:\/\/www.gaveanews.com\/index.php\/2023\/04\/03\/jornalista-destaca-grande-feito-de-vitor-pereira-no-flamengo\/\",\"name\":\"Jornalista destaca grande feito de V\u00edtor Pereira no Flamengo\",\"isPartOf\":{\"@id\":\"https:\/\/www.gaveanews.com\/#website\"},\"primaryImageOfPage\":{\"@id\":\"https:\/\/www.gaveanews.com\/index.php\/2023\/04\/03\/jornalista-destaca-grande-feito-de-vitor-pereira-no-flamengo\/#primaryimage\"},\"image\":{\"@id\":\"https:\/\/www.gaveanews.com\/index.php\/2023\/04\/03\/jornalista-destaca-grande-feito-de-vitor-pereira-no-flamengo\/#primaryimage\"},\"thumbnailUrl\":\"https:\/\/www.gaveanews.com\/wp-content\/uploads\/vitor-pereira-flamengo-1.webp\",\"datePublished\":\"2023-04-03T22:27:35+00:00\",\"dateModified\":\"2023-04-03T22:27:38+00:00\",\"author\":{\"@id\":\"https:\/\/www.gaveanews.com\/#\/schema\/person\/2ec14f73fb96be2caf28f91afb14749d\"},\"breadcrumb\":{\"@id\":\"https:\/\/www.gaveanews.com\/index.php\/2023\/04\/03\/jornalista-destaca-grande-feito-de-vitor-pereira-no-flamengo\/#breadcrumb\"},\"inLanguage\":\"pt-BR\",\"potentialAction\":[{\"@type\":\"ReadAction\",\"target\":[\"https:\/\/www.gaveanews.com\/index.php\/2023\/04\/03\/jornalista-destaca-grande-feito-de-vitor-pereira-no-flamengo\/\"]}]},{\"@type\":\"ImageObject\",\"inLanguage\":\"pt-BR\",\"@id\":\"https:\/\/www.gaveanews.com\/index.php\/2023\/04\/03\/jornalista-destaca-grande-feito-de-vitor-pereira-no-flamengo\/#primaryimage\",\"url\":\"https:\/\/www.gaveanews.com\/wp-content\/uploads\/vitor-pereira-flamengo-1.webp\",\"contentUrl\":\"https:\/\/www.gaveanews.com\/wp-content\/uploads\/vitor-pereira-flamengo-1.webp\",\"width\":984,\"height\":715,\"caption\":\"V\u00edtor Pereira comanda o Flamengo no Maracan\u00e3 (Foto: Andr\u00e9 Dur\u00e3o)\"},{\"@type\":\"BreadcrumbList\",\"@id\":\"https:\/\/www.gaveanews.com\/index.php\/2023\/04\/03\/jornalista-destaca-grande-feito-de-vitor-pereira-no-flamengo\/#breadcrumb\",\"itemListElement\":[{\"@type\":\"ListItem\",\"position\":1,\"name\":\"Home\",\"item\":\"https:\/\/www.gaveanews.com\/\"},{\"@type\":\"ListItem\",\"position\":2,\"name\":\"Jornalista destaca grande feito de V\u00edtor Pereira no Flamengo\"}]},{\"@type\":\"WebSite\",\"@id\":\"https:\/\/www.gaveanews.com\/#website\",\"url\":\"https:\/\/www.gaveanews.com\/\",\"name\":\"G\u00e1vea News\",\"description\":\"Veja todas as not\u00edcias sobre o Flamengo: Contrata\u00e7\u00f5es, categorias de base, resultados das partidas, tabela de classifica\u00e7\u00e3o, pr\u00f3ximos jogos!\",\"potentialAction\":[{\"@type\":\"SearchAction\",\"target\":{\"@type\":\"EntryPoint\",\"urlTemplate\":\"https:\/\/www.gaveanews.com\/?s={search_term_string}\"},\"query-input\":{\"@type\":\"PropertyValueSpecification\",\"valueRequired\":true,\"valueName\":\"search_term_string\"}}],\"inLanguage\":\"pt-BR\"},{\"@type\":\"Person\",\"@id\":\"https:\/\/www.gaveanews.com\/#\/schema\/person\/2ec14f73fb96be2caf28f91afb14749d\",\"name\":\"Equipe G\u00e1vea News\",\"image\":{\"@type\":\"ImageObject\",\"inLanguage\":\"pt-BR\",\"@id\":\"https:\/\/www.gaveanews.com\/#\/schema\/person\/image\/\",\"url\":\"https:\/\/secure.gravatar.com\/avatar\/1e1956f1facbffd3f8fa53a326721950116b3b9dc9bd44939c01180fd4a745a9?s=96&d=mm&r=g\",\"contentUrl\":\"https:\/\/secure.gravatar.com\/avatar\/1e1956f1facbffd3f8fa53a326721950116b3b9dc9bd44939c01180fd4a745a9?s=96&d=mm&r=g\",\"caption\":\"Equipe G\u00e1vea News\"}}]}<\/script>\n<!-- \/ Yoast SEO Premium plugin. -->","yoast_head_json":{"title":"Jornalista destaca grande feito de V\u00edtor Pereira no Flamengo","robots":{"index":"index","follow":"follow","max-snippet":"max-snippet:-1","max-image-preview":"max-image-preview:large","max-video-preview":"max-video-preview:-1"},"canonical":"https:\/\/www.gaveanews.com\/index.php\/2023\/04\/03\/jornalista-destaca-grande-feito-de-vitor-pereira-no-flamengo\/","og_locale":"pt_BR","og_type":"article","og_title":"Jornalista destaca grande feito de V\u00edtor Pereira no Flamengo","og_description":"Como Gabigol manifestou o desejo de voltar a atuar como centroavante, V\u00edtor Pereira optou por Pedro em Flamengo x Fluminense. Dessa forma, caso o esquema envolvendo tr\u00eas zagueiros seja mantido, a tend\u00eancia \u00e9 que os dois atacantes sigam disputando uma vaga no setor ofensivo. Neste cen\u00e1rio, Jos\u00e9 Trajano exaltou o pulso do portugu\u00eas, que, desde [&hellip;]","og_url":"https:\/\/www.gaveanews.com\/index.php\/2023\/04\/03\/jornalista-destaca-grande-feito-de-vitor-pereira-no-flamengo\/","og_site_name":"G\u00e1vea News","article_publisher":"https:\/\/facebook.com\/gaveaNews\/","article_published_time":"2023-04-03T22:27:35+00:00","article_modified_time":"2023-04-03T22:27:38+00:00","og_image":[{"width":984,"height":715,"url":"https:\/\/www.gaveanews.com\/wp-content\/uploads\/vitor-pereira-flamengo-1.webp","type":"image\/webp"}],"author":"Equipe G\u00e1vea News","twitter_card":"summary_large_image","twitter_misc":{"Escrito por":"Equipe G\u00e1vea News","Est. tempo de leitura":"2 minutos"},"schema":{"@context":"https:\/\/schema.org","@graph":[{"@type":"NewsArticle","@id":"https:\/\/www.gaveanews.com\/index.php\/2023\/04\/03\/jornalista-destaca-grande-feito-de-vitor-pereira-no-flamengo\/#article","isPartOf":{"@id":"https:\/\/www.gaveanews.com\/index.php\/2023\/04\/03\/jornalista-destaca-grande-feito-de-vitor-pereira-no-flamengo\/"},"author":{"name":"Equipe G\u00e1vea News","@id":"https:\/\/www.gaveanews.com\/#\/schema\/person\/2ec14f73fb96be2caf28f91afb14749d"},"headline":"Jornalista destaca grande feito de V\u00edtor Pereira no Flamengo","datePublished":"2023-04-03T22:27:35+00:00","dateModified":"2023-04-03T22:27:38+00:00","mainEntityOfPage":{"@id":"https:\/\/www.gaveanews.com\/index.php\/2023\/04\/03\/jornalista-destaca-grande-feito-de-vitor-pereira-no-flamengo\/"},"wordCount":354,"commentCount":0,"image":{"@id":"https:\/\/www.gaveanews.com\/index.php\/2023\/04\/03\/jornalista-destaca-grande-feito-de-vitor-pereira-no-flamengo\/#primaryimage"},"thumbnailUrl":"https:\/\/www.gaveanews.com\/wp-content\/uploads\/vitor-pereira-flamengo-1.webp","articleSection":["Flamengo"],"inLanguage":"pt-BR","potentialAction":[{"@type":"CommentAction","name":"Comment","target":["https:\/\/www.gaveanews.com\/index.php\/2023\/04\/03\/jornalista-destaca-grande-feito-de-vitor-pereira-no-flamengo\/#respond"]}],"copyrightYear":"2023","copyrightHolder":{"@id":"https:\/\/www.gaveanews.com\/#organization"}},{"@type":"WebPage","@id":"https:\/\/www.gaveanews.com\/index.php\/2023\/04\/03\/jornalista-destaca-grande-feito-de-vitor-pereira-no-flamengo\/","url":"https:\/\/www.gaveanews.com\/index.php\/2023\/04\/03\/jornalista-destaca-grande-feito-de-vitor-pereira-no-flamengo\/","name":"Jornalista destaca grande feito de V\u00edtor Pereira no Flamengo","isPartOf":{"@id":"https:\/\/www.gaveanews.com\/#website"},"primaryImageOfPage":{"@id":"https:\/\/www.gaveanews.com\/index.php\/2023\/04\/03\/jornalista-destaca-grande-feito-de-vitor-pereira-no-flamengo\/#primaryimage"},"image":{"@id":"https:\/\/www.gaveanews.com\/index.php\/2023\/04\/03\/jornalista-destaca-grande-feito-de-vitor-pereira-no-flamengo\/#primaryimage"},"thumbnailUrl":"https:\/\/www.gaveanews.com\/wp-content\/uploads\/vitor-pereira-flamengo-1.webp","datePublished":"2023-04-03T22:27:35+00:00","dateModified":"2023-04-03T22:27:38+00:00","author":{"@id":"https:\/\/www.gaveanews.com\/#\/schema\/person\/2ec14f73fb96be2caf28f91afb14749d"},"breadcrumb":{"@id":"https:\/\/www.gaveanews.com\/index.php\/2023\/04\/03\/jornalista-destaca-grande-feito-de-vitor-pereira-no-flamengo\/#breadcrumb"},"inLanguage":"pt-BR","potentialAction":[{"@type":"ReadAction","target":["https:\/\/www.gaveanews.com\/index.php\/2023\/04\/03\/jornalista-destaca-grande-feito-de-vitor-pereira-no-flamengo\/"]}]},{"@type":"ImageObject","inLanguage":"pt-BR","@id":"https:\/\/www.gaveanews.com\/index.php\/2023\/04\/03\/jornalista-destaca-grande-feito-de-vitor-pereira-no-flamengo\/#primaryimage","url":"https:\/\/www.gaveanews.com\/wp-content\/uploads\/vitor-pereira-flamengo-1.webp","contentUrl":"https:\/\/www.gaveanews.com\/wp-content\/uploads\/vitor-pereira-flamengo-1.webp","width":984,"height":715,"caption":"V\u00edtor Pereira comanda o Flamengo no Maracan\u00e3 (Foto: Andr\u00e9 Dur\u00e3o)"},{"@type":"BreadcrumbList","@id":"https:\/\/www.gaveanews.com\/index.php\/2023\/04\/03\/jornalista-destaca-grande-feito-de-vitor-pereira-no-flamengo\/#breadcrumb","itemListElement":[{"@type":"ListItem","position":1,"name":"Home","item":"https:\/\/www.gaveanews.com\/"},{"@type":"ListItem","position":2,"name":"Jornalista destaca grande feito de V\u00edtor Pereira no Flamengo"}]},{"@type":"WebSite","@id":"https:\/\/www.gaveanews.com\/#website","url":"https:\/\/www.gaveanews.com\/","name":"G\u00e1vea News","description":"Veja todas as not\u00edcias sobre o Flamengo: Contrata\u00e7\u00f5es, categorias de base, resultados das partidas, tabela de classifica\u00e7\u00e3o, pr\u00f3ximos jogos!","potentialAction":[{"@type":"SearchAction","target":{"@type":"EntryPoint","urlTemplate":"https:\/\/www.gaveanews.com\/?s={search_term_string}"},"query-input":{"@type":"PropertyValueSpecification","valueRequired":true,"valueName":"search_term_string"}}],"inLanguage":"pt-BR"},{"@type":"Person","@id":"https:\/\/www.gaveanews.com\/#\/schema\/person\/2ec14f73fb96be2caf28f91afb14749d","name":"Equipe G\u00e1vea News","image":{"@type":"ImageObject","inLanguage":"pt-BR","@id":"https:\/\/www.gaveanews.com\/#\/schema\/person\/image\/","url":"https:\/\/secure.gravatar.com\/avatar\/1e1956f1facbffd3f8fa53a326721950116b3b9dc9bd44939c01180fd4a745a9?s=96&d=mm&r=g","contentUrl":"https:\/\/secure.gravatar.com\/avatar\/1e1956f1facbffd3f8fa53a326721950116b3b9dc9bd44939c01180fd4a745a9?s=96&d=mm&r=g","caption":"Equipe G\u00e1vea News"}}]}},"_links":{"self":[{"href":"https:\/\/www.gaveanews.com\/index.php\/wp-json\/wp\/v2\/posts\/96572","targetHints":{"allow":["GET"]}}],"collection":[{"href":"https:\/\/www.gaveanews.com\/index.php\/wp-json\/wp\/v2\/posts"}],"about":[{"href":"https:\/\/www.gaveanews.com\/index.php\/wp-json\/wp\/v2\/types\/post"}],"author":[{"embeddable":true,"href":"https:\/\/www.gaveanews.com\/index.php\/wp-json\/wp\/v2\/users\/1"}],"replies":[{"embeddable":true,"href":"https:\/\/www.gaveanews.com\/index.php\/wp-json\/wp\/v2\/comments?post=96572"}],"version-history":[{"count":0,"href":"https:\/\/www.gaveanews.com\/index.php\/wp-json\/wp\/v2\/posts\/96572\/revisions"}],"wp:featuredmedia":[{"embeddable":true,"href":"https:\/\/www.gaveanews.com\/index.php\/wp-json\/wp\/v2\/media\/95339"}],"wp:attachment":[{"href":"https:\/\/www.gaveanews.com\/index.php\/wp-json\/wp\/v2\/media?parent=96572"}],"wp:term":[{"taxonomy":"category","embeddable":true,"href":"https:\/\/www.gaveanews.com\/index.php\/wp-json\/wp\/v2\/categories?post=96572"},{"taxonomy":"post_tag","embeddable":true,"href":"https:\/\/www.gaveanews.com\/index.php\/wp-json\/wp\/v2\/tags?post=96572"}],"curies":[{"name":"wp","href":"https:\/\/api.w.org\/{rel}","templated":true}]}}