{"id":96574,"date":"2023-04-03T19:33:20","date_gmt":"2023-04-03T22:33:20","guid":{"rendered":"https:\/\/www.gaveanews.com\/?p=96574"},"modified":"2023-04-03T19:33:23","modified_gmt":"2023-04-03T22:33:23","slug":"veja-qual-foto-foi-escolhida-para-inspirar-estatua-de-zico-em-quintino","status":"publish","type":"post","link":"https:\/\/www.gaveanews.com\/index.php\/2023\/04\/03\/veja-qual-foto-foi-escolhida-para-inspirar-estatua-de-zico-em-quintino\/","title":{"rendered":"Veja qual foto foi escolhida para inspirar est\u00e1tua de Zico em Quintino"},"content":{"rendered":"\n<p>No in\u00edcio do m\u00eas passado, o prefeito da cidade do Rio de Janeiro, Eduardo Paes, divulgou uma iniciativa da prefeitura para homenagear os 70 anos de Zico, \u00eddolo do Flamengo. Conforme havia divulgado, o ex-jogador vai ganhar uma est\u00e1tua no bairro de Quintino e, ap\u00f3s quase um m\u00eas de vota\u00e7\u00e3o popular, o pol\u00edtico divulgou nesta segunda-feira qual ser\u00e1 o modelo adotado para a obra.<\/p>\n\n\n\n<p>Em publica\u00e7\u00e3o nas redes sociais, Paes havia dado tr\u00eas fotos do eterno camisa 10 do Flamengo para que a popula\u00e7\u00e3o escolhesse quais moldes a est\u00e1tua deveria ter. Dentro das op\u00e7\u00f5es, tinham duas imagens de Zico com a camisa do Flamengo e uma outra com a do Brasil. Acabou, que o lado rubro-negro falou mais alto na vota\u00e7\u00e3o.<\/p>\n\n\n\n<p><em>\u2014 Os cariocas (ou devo dizer flamenguistas?) escolheram e vamos construir a est\u00e1tua do Galinho de Quintino usando a terceira foto como modelo. Ainda bem que camisa de est\u00e1tua n\u00e3o tem cor<\/em> &#8211; informou o prefeito nas redes sociais.<\/p>\n\n\n\n<figure class=\"wp-block-embed is-type-rich is-provider-twitter wp-block-embed-twitter\"><div class=\"wp-block-embed__wrapper\">\n<blockquote class=\"twitter-tweet\" data-width=\"550\" data-dnt=\"true\"><p lang=\"pt\" dir=\"ltr\">Os cariocas (ou devo dizer flamenguistas?) escolheram e vamos construir a est\u00e1tua do Galinho de Quintino usando a terceira foto como modelo. <br><br>Ainda bem que camisa de est\u00e1tua n\u00e3o tem cor \ud83d\ude24 <a href=\"https:\/\/t.co\/vYie0Px6kV\">https:\/\/t.co\/vYie0Px6kV<\/a><\/p>&mdash; Eduardo Paes (@eduardopaes) <a href=\"https:\/\/twitter.com\/eduardopaes\/status\/1642901801350356993?ref_src=twsrc%5Etfw\">April 3, 2023<\/a><\/blockquote><script async src=\"https:\/\/platform.twitter.com\/widgets.js\" charset=\"utf-8\"><\/script>\n<\/div><\/figure>\n\n\n\n<p>Nascido em Quintino, Arthur Antunes Coimbra se consagrou no Maracan\u00e3 com a camisa do Flamengo e da Sele\u00e7\u00e3o Brasileira nos anos 1970 e 80. At\u00e9 hoje, o &#8220;Galinho&#8221; \u00e9 detentor do recorde hist\u00f3rico de maior artilheiro do est\u00e1dio, com 334 gols marcados e milhares de alegrias proporcionadas.<\/p>\n\n\n\n<p>Durante a carreira, Zico colecionou momentos inesquec\u00edveis atuando com a camisa rubro-negra. Ele foi personagem principal do primeiro t\u00edtulo da Libertadores do clube carioca e do \u00fanico Mundial de Clubes. Al\u00e9m disso, com as cores vermelha e preta se consagrou campe\u00e3o dos Brasileiros de 1980, 1982, 1983 e 1987.<\/p>\n\n\n\n<p>Retirado de: Lance<\/p>\n","protected":false},"excerpt":{"rendered":"<p>No in\u00edcio do m\u00eas passado, o prefeito da cidade do Rio de Janeiro, Eduardo Paes, divulgou uma iniciativa da prefeitura para homenagear os 70 anos de Zico, \u00eddolo do Flamengo. Conforme havia divulgado, o ex-jogador vai ganhar uma est\u00e1tua no bairro de Quintino e, ap\u00f3s quase um m\u00eas de vota\u00e7\u00e3o popular, o pol\u00edtico divulgou nesta [&hellip;]<\/p>\n","protected":false},"author":1,"featured_media":15070,"comment_status":"open","ping_status":"closed","sticky":false,"template":"","format":"standard","meta":{"footnotes":""},"categories":[1],"tags":[],"class_list":["post-96574","post","type-post","status-publish","format-standard","has-post-thumbnail","hentry","category-flamengo"],"yoast_head":"<!-- This site is optimized with the Yoast SEO Premium plugin v24.2 (Yoast SEO v26.9) - https:\/\/yoast.com\/product\/yoast-seo-premium-wordpress\/ -->\n<title>Veja qual foto foi escolhida para inspirar est\u00e1tua de Zico em Quintino<\/title>\n<meta name=\"robots\" content=\"index, follow, max-snippet:-1, max-image-preview:large, max-video-preview:-1\" \/>\n<link rel=\"canonical\" href=\"https:\/\/www.gaveanews.com\/index.php\/2023\/04\/03\/veja-qual-foto-foi-escolhida-para-inspirar-estatua-de-zico-em-quintino\/\" \/>\n<meta property=\"og:locale\" content=\"pt_BR\" \/>\n<meta property=\"og:type\" content=\"article\" \/>\n<meta property=\"og:title\" content=\"Veja qual foto foi escolhida para inspirar est\u00e1tua de Zico em Quintino\" \/>\n<meta property=\"og:description\" content=\"No in\u00edcio do m\u00eas passado, o prefeito da cidade do Rio de Janeiro, Eduardo Paes, divulgou uma iniciativa da prefeitura para homenagear os 70 anos de Zico, \u00eddolo do Flamengo. Conforme havia divulgado, o ex-jogador vai ganhar uma est\u00e1tua no bairro de Quintino e, ap\u00f3s quase um m\u00eas de vota\u00e7\u00e3o popular, o pol\u00edtico divulgou nesta [&hellip;]\" \/>\n<meta property=\"og:url\" content=\"https:\/\/www.gaveanews.com\/index.php\/2023\/04\/03\/veja-qual-foto-foi-escolhida-para-inspirar-estatua-de-zico-em-quintino\/\" \/>\n<meta property=\"og:site_name\" content=\"G\u00e1vea News\" \/>\n<meta property=\"article:publisher\" content=\"https:\/\/facebook.com\/gaveaNews\/\" \/>\n<meta property=\"article:published_time\" content=\"2023-04-03T22:33:20+00:00\" \/>\n<meta property=\"article:modified_time\" content=\"2023-04-03T22:33:23+00:00\" \/>\n<meta property=\"og:image\" content=\"https:\/\/www.gaveanews.com\/wp-content\/uploads\/2019\/03\/Zico-acena-para-os-torcedores-do-Flamengo-durante-partida-no-Maracana.webp\" \/>\n\t<meta property=\"og:image:width\" content=\"1\" \/>\n\t<meta property=\"og:image:height\" content=\"1\" \/>\n\t<meta property=\"og:image:type\" content=\"image\/jpeg\" \/>\n<meta name=\"author\" content=\"Equipe G\u00e1vea News\" \/>\n<meta name=\"twitter:card\" content=\"summary_large_image\" \/>\n<meta name=\"twitter:label1\" content=\"Escrito por\" \/>\n\t<meta name=\"twitter:data1\" content=\"Equipe G\u00e1vea News\" \/>\n\t<meta name=\"twitter:label2\" content=\"Est. tempo de leitura\" \/>\n\t<meta name=\"twitter:data2\" content=\"2 minutos\" \/>\n<script type=\"application\/ld+json\" class=\"yoast-schema-graph\">{\"@context\":\"https:\/\/schema.org\",\"@graph\":[{\"@type\":\"NewsArticle\",\"@id\":\"https:\/\/www.gaveanews.com\/index.php\/2023\/04\/03\/veja-qual-foto-foi-escolhida-para-inspirar-estatua-de-zico-em-quintino\/#article\",\"isPartOf\":{\"@id\":\"https:\/\/www.gaveanews.com\/index.php\/2023\/04\/03\/veja-qual-foto-foi-escolhida-para-inspirar-estatua-de-zico-em-quintino\/\"},\"author\":{\"name\":\"Equipe G\u00e1vea News\",\"@id\":\"https:\/\/www.gaveanews.com\/#\/schema\/person\/2ec14f73fb96be2caf28f91afb14749d\"},\"headline\":\"Veja qual foto foi escolhida para inspirar est\u00e1tua de Zico em Quintino\",\"datePublished\":\"2023-04-03T22:33:20+00:00\",\"dateModified\":\"2023-04-03T22:33:23+00:00\",\"mainEntityOfPage\":{\"@id\":\"https:\/\/www.gaveanews.com\/index.php\/2023\/04\/03\/veja-qual-foto-foi-escolhida-para-inspirar-estatua-de-zico-em-quintino\/\"},\"wordCount\":289,\"commentCount\":0,\"image\":{\"@id\":\"https:\/\/www.gaveanews.com\/index.php\/2023\/04\/03\/veja-qual-foto-foi-escolhida-para-inspirar-estatua-de-zico-em-quintino\/#primaryimage\"},\"thumbnailUrl\":\"https:\/\/www.gaveanews.com\/wp-content\/uploads\/2019\/03\/Zico-acena-para-os-torcedores-do-Flamengo-durante-partida-no-Maracana.webp\",\"articleSection\":[\"Flamengo\"],\"inLanguage\":\"pt-BR\",\"potentialAction\":[{\"@type\":\"CommentAction\",\"name\":\"Comment\",\"target\":[\"https:\/\/www.gaveanews.com\/index.php\/2023\/04\/03\/veja-qual-foto-foi-escolhida-para-inspirar-estatua-de-zico-em-quintino\/#respond\"]}],\"copyrightYear\":\"2023\",\"copyrightHolder\":{\"@id\":\"https:\/\/www.gaveanews.com\/#organization\"}},{\"@type\":\"WebPage\",\"@id\":\"https:\/\/www.gaveanews.com\/index.php\/2023\/04\/03\/veja-qual-foto-foi-escolhida-para-inspirar-estatua-de-zico-em-quintino\/\",\"url\":\"https:\/\/www.gaveanews.com\/index.php\/2023\/04\/03\/veja-qual-foto-foi-escolhida-para-inspirar-estatua-de-zico-em-quintino\/\",\"name\":\"Veja qual foto foi escolhida para inspirar est\u00e1tua de Zico em Quintino\",\"isPartOf\":{\"@id\":\"https:\/\/www.gaveanews.com\/#website\"},\"primaryImageOfPage\":{\"@id\":\"https:\/\/www.gaveanews.com\/index.php\/2023\/04\/03\/veja-qual-foto-foi-escolhida-para-inspirar-estatua-de-zico-em-quintino\/#primaryimage\"},\"image\":{\"@id\":\"https:\/\/www.gaveanews.com\/index.php\/2023\/04\/03\/veja-qual-foto-foi-escolhida-para-inspirar-estatua-de-zico-em-quintino\/#primaryimage\"},\"thumbnailUrl\":\"https:\/\/www.gaveanews.com\/wp-content\/uploads\/2019\/03\/Zico-acena-para-os-torcedores-do-Flamengo-durante-partida-no-Maracana.webp\",\"datePublished\":\"2023-04-03T22:33:20+00:00\",\"dateModified\":\"2023-04-03T22:33:23+00:00\",\"author\":{\"@id\":\"https:\/\/www.gaveanews.com\/#\/schema\/person\/2ec14f73fb96be2caf28f91afb14749d\"},\"breadcrumb\":{\"@id\":\"https:\/\/www.gaveanews.com\/index.php\/2023\/04\/03\/veja-qual-foto-foi-escolhida-para-inspirar-estatua-de-zico-em-quintino\/#breadcrumb\"},\"inLanguage\":\"pt-BR\",\"potentialAction\":[{\"@type\":\"ReadAction\",\"target\":[\"https:\/\/www.gaveanews.com\/index.php\/2023\/04\/03\/veja-qual-foto-foi-escolhida-para-inspirar-estatua-de-zico-em-quintino\/\"]}]},{\"@type\":\"ImageObject\",\"inLanguage\":\"pt-BR\",\"@id\":\"https:\/\/www.gaveanews.com\/index.php\/2023\/04\/03\/veja-qual-foto-foi-escolhida-para-inspirar-estatua-de-zico-em-quintino\/#primaryimage\",\"url\":\"https:\/\/www.gaveanews.com\/wp-content\/uploads\/2019\/03\/Zico-acena-para-os-torcedores-do-Flamengo-durante-partida-no-Maracana.webp\",\"contentUrl\":\"https:\/\/www.gaveanews.com\/wp-content\/uploads\/2019\/03\/Zico-acena-para-os-torcedores-do-Flamengo-durante-partida-no-Maracana.webp\",\"width\":900,\"height\":600,\"caption\":\"Zico acena para os torcedores do Flamengo, durante partida no Maracan\u00e3 (Foto: Alexandre Vidal\/Flamengo)\"},{\"@type\":\"BreadcrumbList\",\"@id\":\"https:\/\/www.gaveanews.com\/index.php\/2023\/04\/03\/veja-qual-foto-foi-escolhida-para-inspirar-estatua-de-zico-em-quintino\/#breadcrumb\",\"itemListElement\":[{\"@type\":\"ListItem\",\"position\":1,\"name\":\"Home\",\"item\":\"https:\/\/www.gaveanews.com\/\"},{\"@type\":\"ListItem\",\"position\":2,\"name\":\"Veja qual foto foi escolhida para inspirar est\u00e1tua de Zico em Quintino\"}]},{\"@type\":\"WebSite\",\"@id\":\"https:\/\/www.gaveanews.com\/#website\",\"url\":\"https:\/\/www.gaveanews.com\/\",\"name\":\"G\u00e1vea News\",\"description\":\"Veja todas as not\u00edcias sobre o Flamengo: Contrata\u00e7\u00f5es, categorias de base, resultados das partidas, tabela de classifica\u00e7\u00e3o, pr\u00f3ximos jogos!\",\"potentialAction\":[{\"@type\":\"SearchAction\",\"target\":{\"@type\":\"EntryPoint\",\"urlTemplate\":\"https:\/\/www.gaveanews.com\/?s={search_term_string}\"},\"query-input\":{\"@type\":\"PropertyValueSpecification\",\"valueRequired\":true,\"valueName\":\"search_term_string\"}}],\"inLanguage\":\"pt-BR\"},{\"@type\":\"Person\",\"@id\":\"https:\/\/www.gaveanews.com\/#\/schema\/person\/2ec14f73fb96be2caf28f91afb14749d\",\"name\":\"Equipe G\u00e1vea News\",\"image\":{\"@type\":\"ImageObject\",\"inLanguage\":\"pt-BR\",\"@id\":\"https:\/\/www.gaveanews.com\/#\/schema\/person\/image\/\",\"url\":\"https:\/\/secure.gravatar.com\/avatar\/1e1956f1facbffd3f8fa53a326721950116b3b9dc9bd44939c01180fd4a745a9?s=96&d=mm&r=g\",\"contentUrl\":\"https:\/\/secure.gravatar.com\/avatar\/1e1956f1facbffd3f8fa53a326721950116b3b9dc9bd44939c01180fd4a745a9?s=96&d=mm&r=g\",\"caption\":\"Equipe G\u00e1vea News\"}}]}<\/script>\n<!-- \/ Yoast SEO Premium plugin. -->","yoast_head_json":{"title":"Veja qual foto foi escolhida para inspirar est\u00e1tua de Zico em Quintino","robots":{"index":"index","follow":"follow","max-snippet":"max-snippet:-1","max-image-preview":"max-image-preview:large","max-video-preview":"max-video-preview:-1"},"canonical":"https:\/\/www.gaveanews.com\/index.php\/2023\/04\/03\/veja-qual-foto-foi-escolhida-para-inspirar-estatua-de-zico-em-quintino\/","og_locale":"pt_BR","og_type":"article","og_title":"Veja qual foto foi escolhida para inspirar est\u00e1tua de Zico em Quintino","og_description":"No in\u00edcio do m\u00eas passado, o prefeito da cidade do Rio de Janeiro, Eduardo Paes, divulgou uma iniciativa da prefeitura para homenagear os 70 anos de Zico, \u00eddolo do Flamengo. Conforme havia divulgado, o ex-jogador vai ganhar uma est\u00e1tua no bairro de Quintino e, ap\u00f3s quase um m\u00eas de vota\u00e7\u00e3o popular, o pol\u00edtico divulgou nesta [&hellip;]","og_url":"https:\/\/www.gaveanews.com\/index.php\/2023\/04\/03\/veja-qual-foto-foi-escolhida-para-inspirar-estatua-de-zico-em-quintino\/","og_site_name":"G\u00e1vea News","article_publisher":"https:\/\/facebook.com\/gaveaNews\/","article_published_time":"2023-04-03T22:33:20+00:00","article_modified_time":"2023-04-03T22:33:23+00:00","og_image":[{"url":"https:\/\/www.gaveanews.com\/wp-content\/uploads\/2019\/03\/Zico-acena-para-os-torcedores-do-Flamengo-durante-partida-no-Maracana.webp","width":1,"height":1,"type":"image\/jpeg"}],"author":"Equipe G\u00e1vea News","twitter_card":"summary_large_image","twitter_misc":{"Escrito por":"Equipe G\u00e1vea News","Est. tempo de leitura":"2 minutos"},"schema":{"@context":"https:\/\/schema.org","@graph":[{"@type":"NewsArticle","@id":"https:\/\/www.gaveanews.com\/index.php\/2023\/04\/03\/veja-qual-foto-foi-escolhida-para-inspirar-estatua-de-zico-em-quintino\/#article","isPartOf":{"@id":"https:\/\/www.gaveanews.com\/index.php\/2023\/04\/03\/veja-qual-foto-foi-escolhida-para-inspirar-estatua-de-zico-em-quintino\/"},"author":{"name":"Equipe G\u00e1vea News","@id":"https:\/\/www.gaveanews.com\/#\/schema\/person\/2ec14f73fb96be2caf28f91afb14749d"},"headline":"Veja qual foto foi escolhida para inspirar est\u00e1tua de Zico em Quintino","datePublished":"2023-04-03T22:33:20+00:00","dateModified":"2023-04-03T22:33:23+00:00","mainEntityOfPage":{"@id":"https:\/\/www.gaveanews.com\/index.php\/2023\/04\/03\/veja-qual-foto-foi-escolhida-para-inspirar-estatua-de-zico-em-quintino\/"},"wordCount":289,"commentCount":0,"image":{"@id":"https:\/\/www.gaveanews.com\/index.php\/2023\/04\/03\/veja-qual-foto-foi-escolhida-para-inspirar-estatua-de-zico-em-quintino\/#primaryimage"},"thumbnailUrl":"https:\/\/www.gaveanews.com\/wp-content\/uploads\/2019\/03\/Zico-acena-para-os-torcedores-do-Flamengo-durante-partida-no-Maracana.webp","articleSection":["Flamengo"],"inLanguage":"pt-BR","potentialAction":[{"@type":"CommentAction","name":"Comment","target":["https:\/\/www.gaveanews.com\/index.php\/2023\/04\/03\/veja-qual-foto-foi-escolhida-para-inspirar-estatua-de-zico-em-quintino\/#respond"]}],"copyrightYear":"2023","copyrightHolder":{"@id":"https:\/\/www.gaveanews.com\/#organization"}},{"@type":"WebPage","@id":"https:\/\/www.gaveanews.com\/index.php\/2023\/04\/03\/veja-qual-foto-foi-escolhida-para-inspirar-estatua-de-zico-em-quintino\/","url":"https:\/\/www.gaveanews.com\/index.php\/2023\/04\/03\/veja-qual-foto-foi-escolhida-para-inspirar-estatua-de-zico-em-quintino\/","name":"Veja qual foto foi escolhida para inspirar est\u00e1tua de Zico em Quintino","isPartOf":{"@id":"https:\/\/www.gaveanews.com\/#website"},"primaryImageOfPage":{"@id":"https:\/\/www.gaveanews.com\/index.php\/2023\/04\/03\/veja-qual-foto-foi-escolhida-para-inspirar-estatua-de-zico-em-quintino\/#primaryimage"},"image":{"@id":"https:\/\/www.gaveanews.com\/index.php\/2023\/04\/03\/veja-qual-foto-foi-escolhida-para-inspirar-estatua-de-zico-em-quintino\/#primaryimage"},"thumbnailUrl":"https:\/\/www.gaveanews.com\/wp-content\/uploads\/2019\/03\/Zico-acena-para-os-torcedores-do-Flamengo-durante-partida-no-Maracana.webp","datePublished":"2023-04-03T22:33:20+00:00","dateModified":"2023-04-03T22:33:23+00:00","author":{"@id":"https:\/\/www.gaveanews.com\/#\/schema\/person\/2ec14f73fb96be2caf28f91afb14749d"},"breadcrumb":{"@id":"https:\/\/www.gaveanews.com\/index.php\/2023\/04\/03\/veja-qual-foto-foi-escolhida-para-inspirar-estatua-de-zico-em-quintino\/#breadcrumb"},"inLanguage":"pt-BR","potentialAction":[{"@type":"ReadAction","target":["https:\/\/www.gaveanews.com\/index.php\/2023\/04\/03\/veja-qual-foto-foi-escolhida-para-inspirar-estatua-de-zico-em-quintino\/"]}]},{"@type":"ImageObject","inLanguage":"pt-BR","@id":"https:\/\/www.gaveanews.com\/index.php\/2023\/04\/03\/veja-qual-foto-foi-escolhida-para-inspirar-estatua-de-zico-em-quintino\/#primaryimage","url":"https:\/\/www.gaveanews.com\/wp-content\/uploads\/2019\/03\/Zico-acena-para-os-torcedores-do-Flamengo-durante-partida-no-Maracana.webp","contentUrl":"https:\/\/www.gaveanews.com\/wp-content\/uploads\/2019\/03\/Zico-acena-para-os-torcedores-do-Flamengo-durante-partida-no-Maracana.webp","width":900,"height":600,"caption":"Zico acena para os torcedores do Flamengo, durante partida no Maracan\u00e3 (Foto: Alexandre Vidal\/Flamengo)"},{"@type":"BreadcrumbList","@id":"https:\/\/www.gaveanews.com\/index.php\/2023\/04\/03\/veja-qual-foto-foi-escolhida-para-inspirar-estatua-de-zico-em-quintino\/#breadcrumb","itemListElement":[{"@type":"ListItem","position":1,"name":"Home","item":"https:\/\/www.gaveanews.com\/"},{"@type":"ListItem","position":2,"name":"Veja qual foto foi escolhida para inspirar est\u00e1tua de Zico em Quintino"}]},{"@type":"WebSite","@id":"https:\/\/www.gaveanews.com\/#website","url":"https:\/\/www.gaveanews.com\/","name":"G\u00e1vea News","description":"Veja todas as not\u00edcias sobre o Flamengo: Contrata\u00e7\u00f5es, categorias de base, resultados das partidas, tabela de classifica\u00e7\u00e3o, pr\u00f3ximos jogos!","potentialAction":[{"@type":"SearchAction","target":{"@type":"EntryPoint","urlTemplate":"https:\/\/www.gaveanews.com\/?s={search_term_string}"},"query-input":{"@type":"PropertyValueSpecification","valueRequired":true,"valueName":"search_term_string"}}],"inLanguage":"pt-BR"},{"@type":"Person","@id":"https:\/\/www.gaveanews.com\/#\/schema\/person\/2ec14f73fb96be2caf28f91afb14749d","name":"Equipe G\u00e1vea News","image":{"@type":"ImageObject","inLanguage":"pt-BR","@id":"https:\/\/www.gaveanews.com\/#\/schema\/person\/image\/","url":"https:\/\/secure.gravatar.com\/avatar\/1e1956f1facbffd3f8fa53a326721950116b3b9dc9bd44939c01180fd4a745a9?s=96&d=mm&r=g","contentUrl":"https:\/\/secure.gravatar.com\/avatar\/1e1956f1facbffd3f8fa53a326721950116b3b9dc9bd44939c01180fd4a745a9?s=96&d=mm&r=g","caption":"Equipe G\u00e1vea News"}}]}},"_links":{"self":[{"href":"https:\/\/www.gaveanews.com\/index.php\/wp-json\/wp\/v2\/posts\/96574","targetHints":{"allow":["GET"]}}],"collection":[{"href":"https:\/\/www.gaveanews.com\/index.php\/wp-json\/wp\/v2\/posts"}],"about":[{"href":"https:\/\/www.gaveanews.com\/index.php\/wp-json\/wp\/v2\/types\/post"}],"author":[{"embeddable":true,"href":"https:\/\/www.gaveanews.com\/index.php\/wp-json\/wp\/v2\/users\/1"}],"replies":[{"embeddable":true,"href":"https:\/\/www.gaveanews.com\/index.php\/wp-json\/wp\/v2\/comments?post=96574"}],"version-history":[{"count":0,"href":"https:\/\/www.gaveanews.com\/index.php\/wp-json\/wp\/v2\/posts\/96574\/revisions"}],"wp:featuredmedia":[{"embeddable":true,"href":"https:\/\/www.gaveanews.com\/index.php\/wp-json\/wp\/v2\/media\/15070"}],"wp:attachment":[{"href":"https:\/\/www.gaveanews.com\/index.php\/wp-json\/wp\/v2\/media?parent=96574"}],"wp:term":[{"taxonomy":"category","embeddable":true,"href":"https:\/\/www.gaveanews.com\/index.php\/wp-json\/wp\/v2\/categories?post=96574"},{"taxonomy":"post_tag","embeddable":true,"href":"https:\/\/www.gaveanews.com\/index.php\/wp-json\/wp\/v2\/tags?post=96574"}],"curies":[{"name":"wp","href":"https:\/\/api.w.org\/{rel}","templated":true}]}}