{"id":96779,"date":"2023-04-06T16:33:38","date_gmt":"2023-04-06T19:33:38","guid":{"rendered":"https:\/\/www.gaveanews.com\/?p=96779"},"modified":"2023-04-06T16:33:42","modified_gmt":"2023-04-06T19:33:42","slug":"video-gabigol-e-everton-cebolinha-batem-boca-durante-jogo-do-flamengo","status":"publish","type":"post","link":"https:\/\/www.gaveanews.com\/index.php\/2023\/04\/06\/video-gabigol-e-everton-cebolinha-batem-boca-durante-jogo-do-flamengo\/","title":{"rendered":"V\u00eddeo: Gabigol e Everton Cebolinha batem boca durante jogo do Flamengo"},"content":{"rendered":"\n<p>Titular no duelo entre Aucas x Flamengo, Gabigol acabou passando em branco na partida. Esbarrando no Hern\u00e1n Gal\u00edndez, o atacante viu o clube carioca, de virada, ser derrotado em seu primeiro jogo na Libertadores. Dessa forma, a irrita\u00e7\u00e3o do camisa 10 ficou evidente antes do segundo gol do time equatoriano, j\u00e1 que Everton Cebolinha, no ataque, segurou a bola e demorou para fornecer o passe, situa\u00e7\u00e3o que gerou uma discuss\u00e3o entre os dois.<\/p>\n\n\n\n<p>No momento em que Cebolinha tocou para Gabigol, o atacante j\u00e1 havia desistido do lance, algo que aumentou a tens\u00e3o em campo. Logo depois, como o Aucas alcan\u00e7ou o gol da vit\u00f3ria, o cen\u00e1rio em campo ficou pior.<\/p>\n\n\n\n<p><strong>Veja abaixo o atrito entre Gabigol e Everton Cebolinha:<\/strong><\/p>\n\n\n\n<figure class=\"wp-block-embed is-type-rich is-provider-twitter wp-block-embed-twitter\"><div class=\"wp-block-embed__wrapper\">\n<blockquote class=\"twitter-tweet\" data-width=\"550\" data-dnt=\"true\"><p lang=\"pt\" dir=\"ltr\">ridicula essa discussao do gabigol com o cebolinha <a href=\"https:\/\/t.co\/ocC50NNsNR\">pic.twitter.com\/ocC50NNsNR<\/a><\/p>&mdash; Ruan_Fla (@Ruan_Flamengo34) <a href=\"https:\/\/twitter.com\/Ruan_Flamengo34\/status\/1643778373653544960?ref_src=twsrc%5Etfw\">April 6, 2023<\/a><\/blockquote><script async src=\"https:\/\/platform.twitter.com\/widgets.js\" charset=\"utf-8\"><\/script>\n<\/div><\/figure>\n\n\n\n<h2 class=\"wp-block-heading\" id=\"h-vitor-pereira-aprovou-atuacao-do-flamengo\">V\u00edtor Pereira aprovou atua\u00e7\u00e3o do Flamengo<\/h2>\n\n\n\n<p>Em coletiva de imprensa, V\u00edtor Pereira deixou claro que n\u00e3o avalia os jogadores do Flamengo como titulares e reservas. Diante disso, mesmo com a derrota, o t\u00e9cnico fez quest\u00e3o de blindar o time, tendo em vista a decis\u00e3o contra o Fluminense no Carioca.<\/p>\n\n\n\n<p>\u2014 <em>O mais importante \u00e9 o falar do jogo. Foi um jogo dif\u00edcil, condi\u00e7\u00f5es dif\u00edceis. Na minha opini\u00e3o, fizemos um bom jogo. Tivemos momentos bons no jogo, de controle, de posse, de criar situa\u00e7\u00f5es de gols. Na segunda parte, o jogo tornou-se mais aberto, menos controlado. Poderia ter dado para n\u00f3s, como poderia ter dado para eles (\u2026) N\u00e3o estou em uma fase de observar jogadores, estou numa fase onde temos que competir com intensidade. E competir com intensidade. Eu n\u00e3o sou um t\u00e9cnico que trabalha com 11 jogadores. Vim para o Flamengo para trabalhar com 20 e muitos jogadores, para tentar fazer todos evolu\u00edrem e preparar a todos para jogarem um calend\u00e1rio como esses. Domingo somos obrigados a ganhar a jogo<\/em>, disse o comandante do Flamengo.<\/p>\n\n\n\n<p>Retirado de: Torcedores<\/p>\n","protected":false},"excerpt":{"rendered":"<p>Titular no duelo entre Aucas x Flamengo, Gabigol acabou passando em branco na partida. Esbarrando no Hern\u00e1n Gal\u00edndez, o atacante viu o clube carioca, de virada, ser derrotado em seu primeiro jogo na Libertadores. Dessa forma, a irrita\u00e7\u00e3o do camisa 10 ficou evidente antes do segundo gol do time equatoriano, j\u00e1 que Everton Cebolinha, no [&hellip;]<\/p>\n","protected":false},"author":1,"featured_media":96750,"comment_status":"open","ping_status":"closed","sticky":false,"template":"","format":"standard","meta":{"footnotes":""},"categories":[40],"tags":[],"class_list":["post-96779","post","type-post","status-publish","format-standard","has-post-thumbnail","hentry","category-video"],"yoast_head":"<!-- This site is optimized with the Yoast SEO Premium plugin v24.2 (Yoast SEO v26.9) - https:\/\/yoast.com\/product\/yoast-seo-premium-wordpress\/ -->\n<title>V\u00eddeo: Gabigol e Everton Cebolinha batem boca durante jogo do Flamengo<\/title>\n<meta name=\"robots\" content=\"index, follow, max-snippet:-1, max-image-preview:large, max-video-preview:-1\" \/>\n<link rel=\"canonical\" href=\"https:\/\/www.gaveanews.com\/index.php\/2023\/04\/06\/video-gabigol-e-everton-cebolinha-batem-boca-durante-jogo-do-flamengo\/\" \/>\n<meta property=\"og:locale\" content=\"pt_BR\" \/>\n<meta property=\"og:type\" content=\"article\" \/>\n<meta property=\"og:title\" content=\"V\u00eddeo: Gabigol e Everton Cebolinha batem boca durante jogo do Flamengo\" \/>\n<meta property=\"og:description\" content=\"Titular no duelo entre Aucas x Flamengo, Gabigol acabou passando em branco na partida. Esbarrando no Hern\u00e1n Gal\u00edndez, o atacante viu o clube carioca, de virada, ser derrotado em seu primeiro jogo na Libertadores. Dessa forma, a irrita\u00e7\u00e3o do camisa 10 ficou evidente antes do segundo gol do time equatoriano, j\u00e1 que Everton Cebolinha, no [&hellip;]\" \/>\n<meta property=\"og:url\" content=\"https:\/\/www.gaveanews.com\/index.php\/2023\/04\/06\/video-gabigol-e-everton-cebolinha-batem-boca-durante-jogo-do-flamengo\/\" \/>\n<meta property=\"og:site_name\" content=\"G\u00e1vea News\" \/>\n<meta property=\"article:publisher\" content=\"https:\/\/facebook.com\/gaveaNews\/\" \/>\n<meta property=\"article:published_time\" content=\"2023-04-06T19:33:38+00:00\" \/>\n<meta property=\"article:modified_time\" content=\"2023-04-06T19:33:42+00:00\" \/>\n<meta property=\"og:image\" content=\"https:\/\/www.gaveanews.com\/wp-content\/uploads\/gabigol-flamengo-aucas-libertadores.webp\" \/>\n\t<meta property=\"og:image:width\" content=\"900\" \/>\n\t<meta property=\"og:image:height\" content=\"599\" \/>\n\t<meta property=\"og:image:type\" content=\"image\/jpeg\" \/>\n<meta name=\"author\" content=\"Equipe G\u00e1vea News\" \/>\n<meta name=\"twitter:card\" content=\"summary_large_image\" \/>\n<meta name=\"twitter:label1\" content=\"Escrito por\" \/>\n\t<meta name=\"twitter:data1\" content=\"Equipe G\u00e1vea News\" \/>\n\t<meta name=\"twitter:label2\" content=\"Est. tempo de leitura\" \/>\n\t<meta name=\"twitter:data2\" content=\"2 minutos\" \/>\n<script type=\"application\/ld+json\" class=\"yoast-schema-graph\">{\"@context\":\"https:\/\/schema.org\",\"@graph\":[{\"@type\":\"NewsArticle\",\"@id\":\"https:\/\/www.gaveanews.com\/index.php\/2023\/04\/06\/video-gabigol-e-everton-cebolinha-batem-boca-durante-jogo-do-flamengo\/#article\",\"isPartOf\":{\"@id\":\"https:\/\/www.gaveanews.com\/index.php\/2023\/04\/06\/video-gabigol-e-everton-cebolinha-batem-boca-durante-jogo-do-flamengo\/\"},\"author\":{\"name\":\"Equipe G\u00e1vea News\",\"@id\":\"https:\/\/www.gaveanews.com\/#\/schema\/person\/2ec14f73fb96be2caf28f91afb14749d\"},\"headline\":\"V\u00eddeo: Gabigol e Everton Cebolinha batem boca durante jogo do Flamengo\",\"datePublished\":\"2023-04-06T19:33:38+00:00\",\"dateModified\":\"2023-04-06T19:33:42+00:00\",\"mainEntityOfPage\":{\"@id\":\"https:\/\/www.gaveanews.com\/index.php\/2023\/04\/06\/video-gabigol-e-everton-cebolinha-batem-boca-durante-jogo-do-flamengo\/\"},\"wordCount\":338,\"commentCount\":0,\"image\":{\"@id\":\"https:\/\/www.gaveanews.com\/index.php\/2023\/04\/06\/video-gabigol-e-everton-cebolinha-batem-boca-durante-jogo-do-flamengo\/#primaryimage\"},\"thumbnailUrl\":\"https:\/\/www.gaveanews.com\/wp-content\/uploads\/gabigol-flamengo-aucas-libertadores.webp\",\"articleSection\":[\"V\u00eddeos\"],\"inLanguage\":\"pt-BR\",\"potentialAction\":[{\"@type\":\"CommentAction\",\"name\":\"Comment\",\"target\":[\"https:\/\/www.gaveanews.com\/index.php\/2023\/04\/06\/video-gabigol-e-everton-cebolinha-batem-boca-durante-jogo-do-flamengo\/#respond\"]}],\"copyrightYear\":\"2023\",\"copyrightHolder\":{\"@id\":\"https:\/\/www.gaveanews.com\/#organization\"}},{\"@type\":\"WebPage\",\"@id\":\"https:\/\/www.gaveanews.com\/index.php\/2023\/04\/06\/video-gabigol-e-everton-cebolinha-batem-boca-durante-jogo-do-flamengo\/\",\"url\":\"https:\/\/www.gaveanews.com\/index.php\/2023\/04\/06\/video-gabigol-e-everton-cebolinha-batem-boca-durante-jogo-do-flamengo\/\",\"name\":\"V\u00eddeo: Gabigol e Everton Cebolinha batem boca durante jogo do Flamengo\",\"isPartOf\":{\"@id\":\"https:\/\/www.gaveanews.com\/#website\"},\"primaryImageOfPage\":{\"@id\":\"https:\/\/www.gaveanews.com\/index.php\/2023\/04\/06\/video-gabigol-e-everton-cebolinha-batem-boca-durante-jogo-do-flamengo\/#primaryimage\"},\"image\":{\"@id\":\"https:\/\/www.gaveanews.com\/index.php\/2023\/04\/06\/video-gabigol-e-everton-cebolinha-batem-boca-durante-jogo-do-flamengo\/#primaryimage\"},\"thumbnailUrl\":\"https:\/\/www.gaveanews.com\/wp-content\/uploads\/gabigol-flamengo-aucas-libertadores.webp\",\"datePublished\":\"2023-04-06T19:33:38+00:00\",\"dateModified\":\"2023-04-06T19:33:42+00:00\",\"author\":{\"@id\":\"https:\/\/www.gaveanews.com\/#\/schema\/person\/2ec14f73fb96be2caf28f91afb14749d\"},\"breadcrumb\":{\"@id\":\"https:\/\/www.gaveanews.com\/index.php\/2023\/04\/06\/video-gabigol-e-everton-cebolinha-batem-boca-durante-jogo-do-flamengo\/#breadcrumb\"},\"inLanguage\":\"pt-BR\",\"potentialAction\":[{\"@type\":\"ReadAction\",\"target\":[\"https:\/\/www.gaveanews.com\/index.php\/2023\/04\/06\/video-gabigol-e-everton-cebolinha-batem-boca-durante-jogo-do-flamengo\/\"]}]},{\"@type\":\"ImageObject\",\"inLanguage\":\"pt-BR\",\"@id\":\"https:\/\/www.gaveanews.com\/index.php\/2023\/04\/06\/video-gabigol-e-everton-cebolinha-batem-boca-durante-jogo-do-flamengo\/#primaryimage\",\"url\":\"https:\/\/www.gaveanews.com\/wp-content\/uploads\/gabigol-flamengo-aucas-libertadores.webp\",\"contentUrl\":\"https:\/\/www.gaveanews.com\/wp-content\/uploads\/gabigol-flamengo-aucas-libertadores.webp\",\"width\":900,\"height\":599,\"caption\":\"Gabigol em a\u00e7\u00e3o pelo Flamengo contra o Aucas na Libertadores (Foto: Marcelo Cortes\/Flamengo )\"},{\"@type\":\"BreadcrumbList\",\"@id\":\"https:\/\/www.gaveanews.com\/index.php\/2023\/04\/06\/video-gabigol-e-everton-cebolinha-batem-boca-durante-jogo-do-flamengo\/#breadcrumb\",\"itemListElement\":[{\"@type\":\"ListItem\",\"position\":1,\"name\":\"Home\",\"item\":\"https:\/\/www.gaveanews.com\/\"},{\"@type\":\"ListItem\",\"position\":2,\"name\":\"V\u00eddeo: Gabigol e Everton Cebolinha batem boca durante jogo do Flamengo\"}]},{\"@type\":\"WebSite\",\"@id\":\"https:\/\/www.gaveanews.com\/#website\",\"url\":\"https:\/\/www.gaveanews.com\/\",\"name\":\"G\u00e1vea News\",\"description\":\"Veja todas as not\u00edcias sobre o Flamengo: Contrata\u00e7\u00f5es, categorias de base, resultados das partidas, tabela de classifica\u00e7\u00e3o, pr\u00f3ximos jogos!\",\"potentialAction\":[{\"@type\":\"SearchAction\",\"target\":{\"@type\":\"EntryPoint\",\"urlTemplate\":\"https:\/\/www.gaveanews.com\/?s={search_term_string}\"},\"query-input\":{\"@type\":\"PropertyValueSpecification\",\"valueRequired\":true,\"valueName\":\"search_term_string\"}}],\"inLanguage\":\"pt-BR\"},{\"@type\":\"Person\",\"@id\":\"https:\/\/www.gaveanews.com\/#\/schema\/person\/2ec14f73fb96be2caf28f91afb14749d\",\"name\":\"Equipe G\u00e1vea News\",\"image\":{\"@type\":\"ImageObject\",\"inLanguage\":\"pt-BR\",\"@id\":\"https:\/\/www.gaveanews.com\/#\/schema\/person\/image\/\",\"url\":\"https:\/\/secure.gravatar.com\/avatar\/1e1956f1facbffd3f8fa53a326721950116b3b9dc9bd44939c01180fd4a745a9?s=96&d=mm&r=g\",\"contentUrl\":\"https:\/\/secure.gravatar.com\/avatar\/1e1956f1facbffd3f8fa53a326721950116b3b9dc9bd44939c01180fd4a745a9?s=96&d=mm&r=g\",\"caption\":\"Equipe G\u00e1vea News\"}}]}<\/script>\n<!-- \/ Yoast SEO Premium plugin. -->","yoast_head_json":{"title":"V\u00eddeo: Gabigol e Everton Cebolinha batem boca durante jogo do Flamengo","robots":{"index":"index","follow":"follow","max-snippet":"max-snippet:-1","max-image-preview":"max-image-preview:large","max-video-preview":"max-video-preview:-1"},"canonical":"https:\/\/www.gaveanews.com\/index.php\/2023\/04\/06\/video-gabigol-e-everton-cebolinha-batem-boca-durante-jogo-do-flamengo\/","og_locale":"pt_BR","og_type":"article","og_title":"V\u00eddeo: Gabigol e Everton Cebolinha batem boca durante jogo do Flamengo","og_description":"Titular no duelo entre Aucas x Flamengo, Gabigol acabou passando em branco na partida. Esbarrando no Hern\u00e1n Gal\u00edndez, o atacante viu o clube carioca, de virada, ser derrotado em seu primeiro jogo na Libertadores. Dessa forma, a irrita\u00e7\u00e3o do camisa 10 ficou evidente antes do segundo gol do time equatoriano, j\u00e1 que Everton Cebolinha, no [&hellip;]","og_url":"https:\/\/www.gaveanews.com\/index.php\/2023\/04\/06\/video-gabigol-e-everton-cebolinha-batem-boca-durante-jogo-do-flamengo\/","og_site_name":"G\u00e1vea News","article_publisher":"https:\/\/facebook.com\/gaveaNews\/","article_published_time":"2023-04-06T19:33:38+00:00","article_modified_time":"2023-04-06T19:33:42+00:00","og_image":[{"width":900,"height":599,"url":"https:\/\/www.gaveanews.com\/wp-content\/uploads\/gabigol-flamengo-aucas-libertadores.webp","type":"image\/jpeg"}],"author":"Equipe G\u00e1vea News","twitter_card":"summary_large_image","twitter_misc":{"Escrito por":"Equipe G\u00e1vea News","Est. tempo de leitura":"2 minutos"},"schema":{"@context":"https:\/\/schema.org","@graph":[{"@type":"NewsArticle","@id":"https:\/\/www.gaveanews.com\/index.php\/2023\/04\/06\/video-gabigol-e-everton-cebolinha-batem-boca-durante-jogo-do-flamengo\/#article","isPartOf":{"@id":"https:\/\/www.gaveanews.com\/index.php\/2023\/04\/06\/video-gabigol-e-everton-cebolinha-batem-boca-durante-jogo-do-flamengo\/"},"author":{"name":"Equipe G\u00e1vea News","@id":"https:\/\/www.gaveanews.com\/#\/schema\/person\/2ec14f73fb96be2caf28f91afb14749d"},"headline":"V\u00eddeo: Gabigol e Everton Cebolinha batem boca durante jogo do Flamengo","datePublished":"2023-04-06T19:33:38+00:00","dateModified":"2023-04-06T19:33:42+00:00","mainEntityOfPage":{"@id":"https:\/\/www.gaveanews.com\/index.php\/2023\/04\/06\/video-gabigol-e-everton-cebolinha-batem-boca-durante-jogo-do-flamengo\/"},"wordCount":338,"commentCount":0,"image":{"@id":"https:\/\/www.gaveanews.com\/index.php\/2023\/04\/06\/video-gabigol-e-everton-cebolinha-batem-boca-durante-jogo-do-flamengo\/#primaryimage"},"thumbnailUrl":"https:\/\/www.gaveanews.com\/wp-content\/uploads\/gabigol-flamengo-aucas-libertadores.webp","articleSection":["V\u00eddeos"],"inLanguage":"pt-BR","potentialAction":[{"@type":"CommentAction","name":"Comment","target":["https:\/\/www.gaveanews.com\/index.php\/2023\/04\/06\/video-gabigol-e-everton-cebolinha-batem-boca-durante-jogo-do-flamengo\/#respond"]}],"copyrightYear":"2023","copyrightHolder":{"@id":"https:\/\/www.gaveanews.com\/#organization"}},{"@type":"WebPage","@id":"https:\/\/www.gaveanews.com\/index.php\/2023\/04\/06\/video-gabigol-e-everton-cebolinha-batem-boca-durante-jogo-do-flamengo\/","url":"https:\/\/www.gaveanews.com\/index.php\/2023\/04\/06\/video-gabigol-e-everton-cebolinha-batem-boca-durante-jogo-do-flamengo\/","name":"V\u00eddeo: Gabigol e Everton Cebolinha batem boca durante jogo do Flamengo","isPartOf":{"@id":"https:\/\/www.gaveanews.com\/#website"},"primaryImageOfPage":{"@id":"https:\/\/www.gaveanews.com\/index.php\/2023\/04\/06\/video-gabigol-e-everton-cebolinha-batem-boca-durante-jogo-do-flamengo\/#primaryimage"},"image":{"@id":"https:\/\/www.gaveanews.com\/index.php\/2023\/04\/06\/video-gabigol-e-everton-cebolinha-batem-boca-durante-jogo-do-flamengo\/#primaryimage"},"thumbnailUrl":"https:\/\/www.gaveanews.com\/wp-content\/uploads\/gabigol-flamengo-aucas-libertadores.webp","datePublished":"2023-04-06T19:33:38+00:00","dateModified":"2023-04-06T19:33:42+00:00","author":{"@id":"https:\/\/www.gaveanews.com\/#\/schema\/person\/2ec14f73fb96be2caf28f91afb14749d"},"breadcrumb":{"@id":"https:\/\/www.gaveanews.com\/index.php\/2023\/04\/06\/video-gabigol-e-everton-cebolinha-batem-boca-durante-jogo-do-flamengo\/#breadcrumb"},"inLanguage":"pt-BR","potentialAction":[{"@type":"ReadAction","target":["https:\/\/www.gaveanews.com\/index.php\/2023\/04\/06\/video-gabigol-e-everton-cebolinha-batem-boca-durante-jogo-do-flamengo\/"]}]},{"@type":"ImageObject","inLanguage":"pt-BR","@id":"https:\/\/www.gaveanews.com\/index.php\/2023\/04\/06\/video-gabigol-e-everton-cebolinha-batem-boca-durante-jogo-do-flamengo\/#primaryimage","url":"https:\/\/www.gaveanews.com\/wp-content\/uploads\/gabigol-flamengo-aucas-libertadores.webp","contentUrl":"https:\/\/www.gaveanews.com\/wp-content\/uploads\/gabigol-flamengo-aucas-libertadores.webp","width":900,"height":599,"caption":"Gabigol em a\u00e7\u00e3o pelo Flamengo contra o Aucas na Libertadores (Foto: Marcelo Cortes\/Flamengo )"},{"@type":"BreadcrumbList","@id":"https:\/\/www.gaveanews.com\/index.php\/2023\/04\/06\/video-gabigol-e-everton-cebolinha-batem-boca-durante-jogo-do-flamengo\/#breadcrumb","itemListElement":[{"@type":"ListItem","position":1,"name":"Home","item":"https:\/\/www.gaveanews.com\/"},{"@type":"ListItem","position":2,"name":"V\u00eddeo: Gabigol e Everton Cebolinha batem boca durante jogo do Flamengo"}]},{"@type":"WebSite","@id":"https:\/\/www.gaveanews.com\/#website","url":"https:\/\/www.gaveanews.com\/","name":"G\u00e1vea News","description":"Veja todas as not\u00edcias sobre o Flamengo: Contrata\u00e7\u00f5es, categorias de base, resultados das partidas, tabela de classifica\u00e7\u00e3o, pr\u00f3ximos jogos!","potentialAction":[{"@type":"SearchAction","target":{"@type":"EntryPoint","urlTemplate":"https:\/\/www.gaveanews.com\/?s={search_term_string}"},"query-input":{"@type":"PropertyValueSpecification","valueRequired":true,"valueName":"search_term_string"}}],"inLanguage":"pt-BR"},{"@type":"Person","@id":"https:\/\/www.gaveanews.com\/#\/schema\/person\/2ec14f73fb96be2caf28f91afb14749d","name":"Equipe G\u00e1vea News","image":{"@type":"ImageObject","inLanguage":"pt-BR","@id":"https:\/\/www.gaveanews.com\/#\/schema\/person\/image\/","url":"https:\/\/secure.gravatar.com\/avatar\/1e1956f1facbffd3f8fa53a326721950116b3b9dc9bd44939c01180fd4a745a9?s=96&d=mm&r=g","contentUrl":"https:\/\/secure.gravatar.com\/avatar\/1e1956f1facbffd3f8fa53a326721950116b3b9dc9bd44939c01180fd4a745a9?s=96&d=mm&r=g","caption":"Equipe G\u00e1vea News"}}]}},"_links":{"self":[{"href":"https:\/\/www.gaveanews.com\/index.php\/wp-json\/wp\/v2\/posts\/96779","targetHints":{"allow":["GET"]}}],"collection":[{"href":"https:\/\/www.gaveanews.com\/index.php\/wp-json\/wp\/v2\/posts"}],"about":[{"href":"https:\/\/www.gaveanews.com\/index.php\/wp-json\/wp\/v2\/types\/post"}],"author":[{"embeddable":true,"href":"https:\/\/www.gaveanews.com\/index.php\/wp-json\/wp\/v2\/users\/1"}],"replies":[{"embeddable":true,"href":"https:\/\/www.gaveanews.com\/index.php\/wp-json\/wp\/v2\/comments?post=96779"}],"version-history":[{"count":0,"href":"https:\/\/www.gaveanews.com\/index.php\/wp-json\/wp\/v2\/posts\/96779\/revisions"}],"wp:featuredmedia":[{"embeddable":true,"href":"https:\/\/www.gaveanews.com\/index.php\/wp-json\/wp\/v2\/media\/96750"}],"wp:attachment":[{"href":"https:\/\/www.gaveanews.com\/index.php\/wp-json\/wp\/v2\/media?parent=96779"}],"wp:term":[{"taxonomy":"category","embeddable":true,"href":"https:\/\/www.gaveanews.com\/index.php\/wp-json\/wp\/v2\/categories?post=96779"},{"taxonomy":"post_tag","embeddable":true,"href":"https:\/\/www.gaveanews.com\/index.php\/wp-json\/wp\/v2\/tags?post=96779"}],"curies":[{"name":"wp","href":"https:\/\/api.w.org\/{rel}","templated":true}]}}