{"id":96963,"date":"2023-04-11T11:30:18","date_gmt":"2023-04-11T14:30:18","guid":{"rendered":"https:\/\/www.gaveanews.com\/?p=96963"},"modified":"2023-04-11T11:41:24","modified_gmt":"2023-04-11T14:41:24","slug":"flamengo-tem-obstaculo-na-busca-por-novo-treinador","status":"publish","type":"post","link":"https:\/\/www.gaveanews.com\/index.php\/2023\/04\/11\/flamengo-tem-obstaculo-na-busca-por-novo-treinador\/","title":{"rendered":"Flamengo tem obst\u00e1culo na busca por novo treinador"},"content":{"rendered":"\n<p>Chegou ao fim a passagem de V\u00edtor Pereira pelo Ninho do Urubu, nesta ter\u00e7a-feira, e a diretoria do Flamengo j\u00e1 tem alvos definidos no mercado. O calend\u00e1rio apertado do clube \u00e9 um aspecto levado em considera\u00e7\u00e3o e apontado como um obst\u00e1culo para o departamento de futebol.<\/p>\n\n\n\n<p>O desejo rubro-negro \u00e9 o retorno de Jorge Jesus, mas o Mister tem refor\u00e7ado que s\u00f3 definir\u00e1 seu futuro em maio, quando se encerra seu atual contrato com o Fenerbah\u00e7e. At\u00e9 l\u00e1, o Flamengo tem uma s\u00e9rie de decis\u00f5es e, se decidir esper\u00e1-lo, o clube ter\u00e1 outro problema a resolver.<\/p>\n\n\n\n<p>Sem uma comiss\u00e3o t\u00e9cnica fixa, o Flamengo n\u00e3o tem um substituto interino para V\u00edtor Pereira a n\u00e3o ser Mario Jorge, t\u00e9cnico que assumiu o comando da equipe sub-20 do clube em junho de 2022.<\/p>\n\n\n\n<p>Uma aposta arriscada tendo em vista a experi\u00eancia do profissional e os compromissos do time &#8211; e que refor\u00e7aria ainda mais as cr\u00edticas ao planejamento feito pela diretoria para a atual temporada.<\/p>\n\n\n\n<p>Internamente, h\u00e1 o entendimento que o ideal seria repetir o processo feito em 2021 &#8211; quando anunciou Renato Ga\u00facho menos de 24 horas depois de demitir Rog\u00e9rio Ceni &#8211; e em 2022 &#8211; quando confirmou a chegada de Dorival J\u00fanior no dia seguinte ao desligamento de Paulo Sousa.<\/p>\n\n\n\n<p>As circunst\u00e2ncias atuais, contudo, n\u00e3o indicam que a movimenta\u00e7\u00e3o ser\u00e1 t\u00e3o r\u00e1pida.<\/p>\n\n\n\n<p>Se Jorge Jesus est\u00e1 empregado, outro nome que ganha for\u00e7a no Flamengo \u00e9 o de Sampaoli, t\u00e9cnico que est\u00e1 livre no mercado desde que deixou o comando do Sevilla, da Espanha, em mar\u00e7o. Segundo o &#8216;Lance&#8217; apurou, o argentino est\u00e1 apto a iniciar um novo trabalho desde que o \u201cprojeto o interesse&#8221;. Tal condi\u00e7\u00e3o pode favorec\u00ea-lo na &#8220;disputa&#8221; pela vaga que est\u00e1 oficialmente aberta no Ninho.<\/p>\n\n\n\n<h2 class=\"wp-block-heading\" id=\"h-da-para-esperar\">D\u00e1 para esperar?<\/h2>\n\n\n\n<p>A temporada turca se encerra no fim de maio e, caso o Flamengo opte por aguardar at\u00e9 l\u00e1 pelo retorno de Jorge Jesus, o Mister assumir\u00e1 o time com uma quantidade de jogos disputados significativa neste intervalo. At\u00e9 29 de maio ser\u00e3o realizadas oito rodadas da S\u00e9rie A do Campeonato Brasileiro, al\u00e9m da terceira fase da Copa do Brasil e de tr\u00eas rodadas da fase de grupos da Libertadores &#8211; na qual o Rubro-Negro, com VP, estreou com derrota para o Aucas, do Equador.<\/p>\n\n\n\n<p>J\u00e1 sem V\u00edtor Pereira e comiss\u00e3o t\u00e9cnica, o elenco rubro-negro se reapresenta nesta ter\u00e7a-feira, no Ninho do Urubu. No primeiro treino ap\u00f3s o vice do Carioca, os jogadores t\u00eam no horizonte as estreias na Copa do Brasil &#8211; quinta contra o Maring\u00e1 &#8211; e no Brasileir\u00e3o &#8211; domingo contra o Coritiba.<\/p>\n\n\n\n<p>Retirado de: Lance<\/p>\n","protected":false},"excerpt":{"rendered":"<p>Chegou ao fim a passagem de V\u00edtor Pereira pelo Ninho do Urubu, nesta ter\u00e7a-feira, e a diretoria do Flamengo j\u00e1 tem alvos definidos no mercado. O calend\u00e1rio apertado do clube \u00e9 um aspecto levado em considera\u00e7\u00e3o e apontado como um obst\u00e1culo para o departamento de futebol. O desejo rubro-negro \u00e9 o retorno de Jorge Jesus, [&hellip;]<\/p>\n","protected":false},"author":1,"featured_media":64406,"comment_status":"open","ping_status":"closed","sticky":false,"template":"","format":"standard","meta":{"footnotes":""},"categories":[1],"tags":[],"class_list":["post-96963","post","type-post","status-publish","format-standard","has-post-thumbnail","hentry","category-flamengo"],"yoast_head":"<!-- This site is optimized with the Yoast SEO Premium plugin v24.2 (Yoast SEO v26.9) - https:\/\/yoast.com\/product\/yoast-seo-premium-wordpress\/ -->\n<title>Flamengo tem obst\u00e1culo na busca por novo treinador<\/title>\n<meta name=\"robots\" content=\"index, follow, max-snippet:-1, max-image-preview:large, max-video-preview:-1\" \/>\n<link rel=\"canonical\" href=\"https:\/\/www.gaveanews.com\/index.php\/2023\/04\/11\/flamengo-tem-obstaculo-na-busca-por-novo-treinador\/\" \/>\n<meta property=\"og:locale\" content=\"pt_BR\" \/>\n<meta property=\"og:type\" content=\"article\" \/>\n<meta property=\"og:title\" content=\"Flamengo tem obst\u00e1culo na busca por novo treinador\" \/>\n<meta property=\"og:description\" content=\"Chegou ao fim a passagem de V\u00edtor Pereira pelo Ninho do Urubu, nesta ter\u00e7a-feira, e a diretoria do Flamengo j\u00e1 tem alvos definidos no mercado. O calend\u00e1rio apertado do clube \u00e9 um aspecto levado em considera\u00e7\u00e3o e apontado como um obst\u00e1culo para o departamento de futebol. O desejo rubro-negro \u00e9 o retorno de Jorge Jesus, [&hellip;]\" \/>\n<meta property=\"og:url\" content=\"https:\/\/www.gaveanews.com\/index.php\/2023\/04\/11\/flamengo-tem-obstaculo-na-busca-por-novo-treinador\/\" \/>\n<meta property=\"og:site_name\" content=\"G\u00e1vea News\" \/>\n<meta property=\"article:publisher\" content=\"https:\/\/facebook.com\/gaveaNews\/\" \/>\n<meta property=\"article:published_time\" content=\"2023-04-11T14:30:18+00:00\" \/>\n<meta property=\"article:modified_time\" content=\"2023-04-11T14:41:24+00:00\" \/>\n<meta property=\"og:image\" content=\"https:\/\/www.gaveanews.com\/wp-content\/uploads\/Rodolfo-Landim-em-entrevista-coletiva-no-Ninho-do-Urubu.webp\" \/>\n\t<meta property=\"og:image:width\" content=\"799\" \/>\n\t<meta property=\"og:image:height\" content=\"532\" \/>\n\t<meta property=\"og:image:type\" content=\"image\/jpeg\" \/>\n<meta name=\"author\" content=\"Equipe G\u00e1vea News\" \/>\n<meta name=\"twitter:card\" content=\"summary_large_image\" \/>\n<meta name=\"twitter:label1\" content=\"Escrito por\" \/>\n\t<meta name=\"twitter:data1\" content=\"Equipe G\u00e1vea News\" \/>\n\t<meta name=\"twitter:label2\" content=\"Est. tempo de leitura\" \/>\n\t<meta name=\"twitter:data2\" content=\"3 minutos\" \/>\n<script type=\"application\/ld+json\" class=\"yoast-schema-graph\">{\"@context\":\"https:\/\/schema.org\",\"@graph\":[{\"@type\":\"NewsArticle\",\"@id\":\"https:\/\/www.gaveanews.com\/index.php\/2023\/04\/11\/flamengo-tem-obstaculo-na-busca-por-novo-treinador\/#article\",\"isPartOf\":{\"@id\":\"https:\/\/www.gaveanews.com\/index.php\/2023\/04\/11\/flamengo-tem-obstaculo-na-busca-por-novo-treinador\/\"},\"author\":{\"name\":\"Equipe G\u00e1vea News\",\"@id\":\"https:\/\/www.gaveanews.com\/#\/schema\/person\/2ec14f73fb96be2caf28f91afb14749d\"},\"headline\":\"Flamengo tem obst\u00e1culo na busca por novo treinador\",\"datePublished\":\"2023-04-11T14:30:18+00:00\",\"dateModified\":\"2023-04-11T14:41:24+00:00\",\"mainEntityOfPage\":{\"@id\":\"https:\/\/www.gaveanews.com\/index.php\/2023\/04\/11\/flamengo-tem-obstaculo-na-busca-por-novo-treinador\/\"},\"wordCount\":473,\"commentCount\":0,\"image\":{\"@id\":\"https:\/\/www.gaveanews.com\/index.php\/2023\/04\/11\/flamengo-tem-obstaculo-na-busca-por-novo-treinador\/#primaryimage\"},\"thumbnailUrl\":\"https:\/\/www.gaveanews.com\/wp-content\/uploads\/Rodolfo-Landim-em-entrevista-coletiva-no-Ninho-do-Urubu.webp\",\"articleSection\":[\"Flamengo\"],\"inLanguage\":\"pt-BR\",\"potentialAction\":[{\"@type\":\"CommentAction\",\"name\":\"Comment\",\"target\":[\"https:\/\/www.gaveanews.com\/index.php\/2023\/04\/11\/flamengo-tem-obstaculo-na-busca-por-novo-treinador\/#respond\"]}],\"copyrightYear\":\"2023\",\"copyrightHolder\":{\"@id\":\"https:\/\/www.gaveanews.com\/#organization\"}},{\"@type\":\"WebPage\",\"@id\":\"https:\/\/www.gaveanews.com\/index.php\/2023\/04\/11\/flamengo-tem-obstaculo-na-busca-por-novo-treinador\/\",\"url\":\"https:\/\/www.gaveanews.com\/index.php\/2023\/04\/11\/flamengo-tem-obstaculo-na-busca-por-novo-treinador\/\",\"name\":\"Flamengo tem obst\u00e1culo na busca por novo treinador\",\"isPartOf\":{\"@id\":\"https:\/\/www.gaveanews.com\/#website\"},\"primaryImageOfPage\":{\"@id\":\"https:\/\/www.gaveanews.com\/index.php\/2023\/04\/11\/flamengo-tem-obstaculo-na-busca-por-novo-treinador\/#primaryimage\"},\"image\":{\"@id\":\"https:\/\/www.gaveanews.com\/index.php\/2023\/04\/11\/flamengo-tem-obstaculo-na-busca-por-novo-treinador\/#primaryimage\"},\"thumbnailUrl\":\"https:\/\/www.gaveanews.com\/wp-content\/uploads\/Rodolfo-Landim-em-entrevista-coletiva-no-Ninho-do-Urubu.webp\",\"datePublished\":\"2023-04-11T14:30:18+00:00\",\"dateModified\":\"2023-04-11T14:41:24+00:00\",\"author\":{\"@id\":\"https:\/\/www.gaveanews.com\/#\/schema\/person\/2ec14f73fb96be2caf28f91afb14749d\"},\"breadcrumb\":{\"@id\":\"https:\/\/www.gaveanews.com\/index.php\/2023\/04\/11\/flamengo-tem-obstaculo-na-busca-por-novo-treinador\/#breadcrumb\"},\"inLanguage\":\"pt-BR\",\"potentialAction\":[{\"@type\":\"ReadAction\",\"target\":[\"https:\/\/www.gaveanews.com\/index.php\/2023\/04\/11\/flamengo-tem-obstaculo-na-busca-por-novo-treinador\/\"]}]},{\"@type\":\"ImageObject\",\"inLanguage\":\"pt-BR\",\"@id\":\"https:\/\/www.gaveanews.com\/index.php\/2023\/04\/11\/flamengo-tem-obstaculo-na-busca-por-novo-treinador\/#primaryimage\",\"url\":\"https:\/\/www.gaveanews.com\/wp-content\/uploads\/Rodolfo-Landim-em-entrevista-coletiva-no-Ninho-do-Urubu.webp\",\"contentUrl\":\"https:\/\/www.gaveanews.com\/wp-content\/uploads\/Rodolfo-Landim-em-entrevista-coletiva-no-Ninho-do-Urubu.webp\",\"width\":799,\"height\":532,\"caption\":\"Rodolfo Landim em entrevista coletiva no Ninho do Urubu (Foto: Alexandre Vidal\/Flamengo)\"},{\"@type\":\"BreadcrumbList\",\"@id\":\"https:\/\/www.gaveanews.com\/index.php\/2023\/04\/11\/flamengo-tem-obstaculo-na-busca-por-novo-treinador\/#breadcrumb\",\"itemListElement\":[{\"@type\":\"ListItem\",\"position\":1,\"name\":\"Home\",\"item\":\"https:\/\/www.gaveanews.com\/\"},{\"@type\":\"ListItem\",\"position\":2,\"name\":\"Flamengo tem obst\u00e1culo na busca por novo treinador\"}]},{\"@type\":\"WebSite\",\"@id\":\"https:\/\/www.gaveanews.com\/#website\",\"url\":\"https:\/\/www.gaveanews.com\/\",\"name\":\"G\u00e1vea News\",\"description\":\"Veja todas as not\u00edcias sobre o Flamengo: Contrata\u00e7\u00f5es, categorias de base, resultados das partidas, tabela de classifica\u00e7\u00e3o, pr\u00f3ximos jogos!\",\"potentialAction\":[{\"@type\":\"SearchAction\",\"target\":{\"@type\":\"EntryPoint\",\"urlTemplate\":\"https:\/\/www.gaveanews.com\/?s={search_term_string}\"},\"query-input\":{\"@type\":\"PropertyValueSpecification\",\"valueRequired\":true,\"valueName\":\"search_term_string\"}}],\"inLanguage\":\"pt-BR\"},{\"@type\":\"Person\",\"@id\":\"https:\/\/www.gaveanews.com\/#\/schema\/person\/2ec14f73fb96be2caf28f91afb14749d\",\"name\":\"Equipe G\u00e1vea News\",\"image\":{\"@type\":\"ImageObject\",\"inLanguage\":\"pt-BR\",\"@id\":\"https:\/\/www.gaveanews.com\/#\/schema\/person\/image\/\",\"url\":\"https:\/\/secure.gravatar.com\/avatar\/1e1956f1facbffd3f8fa53a326721950116b3b9dc9bd44939c01180fd4a745a9?s=96&d=mm&r=g\",\"contentUrl\":\"https:\/\/secure.gravatar.com\/avatar\/1e1956f1facbffd3f8fa53a326721950116b3b9dc9bd44939c01180fd4a745a9?s=96&d=mm&r=g\",\"caption\":\"Equipe G\u00e1vea News\"}}]}<\/script>\n<!-- \/ Yoast SEO Premium plugin. -->","yoast_head_json":{"title":"Flamengo tem obst\u00e1culo na busca por novo treinador","robots":{"index":"index","follow":"follow","max-snippet":"max-snippet:-1","max-image-preview":"max-image-preview:large","max-video-preview":"max-video-preview:-1"},"canonical":"https:\/\/www.gaveanews.com\/index.php\/2023\/04\/11\/flamengo-tem-obstaculo-na-busca-por-novo-treinador\/","og_locale":"pt_BR","og_type":"article","og_title":"Flamengo tem obst\u00e1culo na busca por novo treinador","og_description":"Chegou ao fim a passagem de V\u00edtor Pereira pelo Ninho do Urubu, nesta ter\u00e7a-feira, e a diretoria do Flamengo j\u00e1 tem alvos definidos no mercado. O calend\u00e1rio apertado do clube \u00e9 um aspecto levado em considera\u00e7\u00e3o e apontado como um obst\u00e1culo para o departamento de futebol. O desejo rubro-negro \u00e9 o retorno de Jorge Jesus, [&hellip;]","og_url":"https:\/\/www.gaveanews.com\/index.php\/2023\/04\/11\/flamengo-tem-obstaculo-na-busca-por-novo-treinador\/","og_site_name":"G\u00e1vea News","article_publisher":"https:\/\/facebook.com\/gaveaNews\/","article_published_time":"2023-04-11T14:30:18+00:00","article_modified_time":"2023-04-11T14:41:24+00:00","og_image":[{"width":799,"height":532,"url":"https:\/\/www.gaveanews.com\/wp-content\/uploads\/Rodolfo-Landim-em-entrevista-coletiva-no-Ninho-do-Urubu.webp","type":"image\/jpeg"}],"author":"Equipe G\u00e1vea News","twitter_card":"summary_large_image","twitter_misc":{"Escrito por":"Equipe G\u00e1vea News","Est. tempo de leitura":"3 minutos"},"schema":{"@context":"https:\/\/schema.org","@graph":[{"@type":"NewsArticle","@id":"https:\/\/www.gaveanews.com\/index.php\/2023\/04\/11\/flamengo-tem-obstaculo-na-busca-por-novo-treinador\/#article","isPartOf":{"@id":"https:\/\/www.gaveanews.com\/index.php\/2023\/04\/11\/flamengo-tem-obstaculo-na-busca-por-novo-treinador\/"},"author":{"name":"Equipe G\u00e1vea News","@id":"https:\/\/www.gaveanews.com\/#\/schema\/person\/2ec14f73fb96be2caf28f91afb14749d"},"headline":"Flamengo tem obst\u00e1culo na busca por novo treinador","datePublished":"2023-04-11T14:30:18+00:00","dateModified":"2023-04-11T14:41:24+00:00","mainEntityOfPage":{"@id":"https:\/\/www.gaveanews.com\/index.php\/2023\/04\/11\/flamengo-tem-obstaculo-na-busca-por-novo-treinador\/"},"wordCount":473,"commentCount":0,"image":{"@id":"https:\/\/www.gaveanews.com\/index.php\/2023\/04\/11\/flamengo-tem-obstaculo-na-busca-por-novo-treinador\/#primaryimage"},"thumbnailUrl":"https:\/\/www.gaveanews.com\/wp-content\/uploads\/Rodolfo-Landim-em-entrevista-coletiva-no-Ninho-do-Urubu.webp","articleSection":["Flamengo"],"inLanguage":"pt-BR","potentialAction":[{"@type":"CommentAction","name":"Comment","target":["https:\/\/www.gaveanews.com\/index.php\/2023\/04\/11\/flamengo-tem-obstaculo-na-busca-por-novo-treinador\/#respond"]}],"copyrightYear":"2023","copyrightHolder":{"@id":"https:\/\/www.gaveanews.com\/#organization"}},{"@type":"WebPage","@id":"https:\/\/www.gaveanews.com\/index.php\/2023\/04\/11\/flamengo-tem-obstaculo-na-busca-por-novo-treinador\/","url":"https:\/\/www.gaveanews.com\/index.php\/2023\/04\/11\/flamengo-tem-obstaculo-na-busca-por-novo-treinador\/","name":"Flamengo tem obst\u00e1culo na busca por novo treinador","isPartOf":{"@id":"https:\/\/www.gaveanews.com\/#website"},"primaryImageOfPage":{"@id":"https:\/\/www.gaveanews.com\/index.php\/2023\/04\/11\/flamengo-tem-obstaculo-na-busca-por-novo-treinador\/#primaryimage"},"image":{"@id":"https:\/\/www.gaveanews.com\/index.php\/2023\/04\/11\/flamengo-tem-obstaculo-na-busca-por-novo-treinador\/#primaryimage"},"thumbnailUrl":"https:\/\/www.gaveanews.com\/wp-content\/uploads\/Rodolfo-Landim-em-entrevista-coletiva-no-Ninho-do-Urubu.webp","datePublished":"2023-04-11T14:30:18+00:00","dateModified":"2023-04-11T14:41:24+00:00","author":{"@id":"https:\/\/www.gaveanews.com\/#\/schema\/person\/2ec14f73fb96be2caf28f91afb14749d"},"breadcrumb":{"@id":"https:\/\/www.gaveanews.com\/index.php\/2023\/04\/11\/flamengo-tem-obstaculo-na-busca-por-novo-treinador\/#breadcrumb"},"inLanguage":"pt-BR","potentialAction":[{"@type":"ReadAction","target":["https:\/\/www.gaveanews.com\/index.php\/2023\/04\/11\/flamengo-tem-obstaculo-na-busca-por-novo-treinador\/"]}]},{"@type":"ImageObject","inLanguage":"pt-BR","@id":"https:\/\/www.gaveanews.com\/index.php\/2023\/04\/11\/flamengo-tem-obstaculo-na-busca-por-novo-treinador\/#primaryimage","url":"https:\/\/www.gaveanews.com\/wp-content\/uploads\/Rodolfo-Landim-em-entrevista-coletiva-no-Ninho-do-Urubu.webp","contentUrl":"https:\/\/www.gaveanews.com\/wp-content\/uploads\/Rodolfo-Landim-em-entrevista-coletiva-no-Ninho-do-Urubu.webp","width":799,"height":532,"caption":"Rodolfo Landim em entrevista coletiva no Ninho do Urubu (Foto: Alexandre Vidal\/Flamengo)"},{"@type":"BreadcrumbList","@id":"https:\/\/www.gaveanews.com\/index.php\/2023\/04\/11\/flamengo-tem-obstaculo-na-busca-por-novo-treinador\/#breadcrumb","itemListElement":[{"@type":"ListItem","position":1,"name":"Home","item":"https:\/\/www.gaveanews.com\/"},{"@type":"ListItem","position":2,"name":"Flamengo tem obst\u00e1culo na busca por novo treinador"}]},{"@type":"WebSite","@id":"https:\/\/www.gaveanews.com\/#website","url":"https:\/\/www.gaveanews.com\/","name":"G\u00e1vea News","description":"Veja todas as not\u00edcias sobre o Flamengo: Contrata\u00e7\u00f5es, categorias de base, resultados das partidas, tabela de classifica\u00e7\u00e3o, pr\u00f3ximos jogos!","potentialAction":[{"@type":"SearchAction","target":{"@type":"EntryPoint","urlTemplate":"https:\/\/www.gaveanews.com\/?s={search_term_string}"},"query-input":{"@type":"PropertyValueSpecification","valueRequired":true,"valueName":"search_term_string"}}],"inLanguage":"pt-BR"},{"@type":"Person","@id":"https:\/\/www.gaveanews.com\/#\/schema\/person\/2ec14f73fb96be2caf28f91afb14749d","name":"Equipe G\u00e1vea News","image":{"@type":"ImageObject","inLanguage":"pt-BR","@id":"https:\/\/www.gaveanews.com\/#\/schema\/person\/image\/","url":"https:\/\/secure.gravatar.com\/avatar\/1e1956f1facbffd3f8fa53a326721950116b3b9dc9bd44939c01180fd4a745a9?s=96&d=mm&r=g","contentUrl":"https:\/\/secure.gravatar.com\/avatar\/1e1956f1facbffd3f8fa53a326721950116b3b9dc9bd44939c01180fd4a745a9?s=96&d=mm&r=g","caption":"Equipe G\u00e1vea News"}}]}},"_links":{"self":[{"href":"https:\/\/www.gaveanews.com\/index.php\/wp-json\/wp\/v2\/posts\/96963","targetHints":{"allow":["GET"]}}],"collection":[{"href":"https:\/\/www.gaveanews.com\/index.php\/wp-json\/wp\/v2\/posts"}],"about":[{"href":"https:\/\/www.gaveanews.com\/index.php\/wp-json\/wp\/v2\/types\/post"}],"author":[{"embeddable":true,"href":"https:\/\/www.gaveanews.com\/index.php\/wp-json\/wp\/v2\/users\/1"}],"replies":[{"embeddable":true,"href":"https:\/\/www.gaveanews.com\/index.php\/wp-json\/wp\/v2\/comments?post=96963"}],"version-history":[{"count":0,"href":"https:\/\/www.gaveanews.com\/index.php\/wp-json\/wp\/v2\/posts\/96963\/revisions"}],"wp:featuredmedia":[{"embeddable":true,"href":"https:\/\/www.gaveanews.com\/index.php\/wp-json\/wp\/v2\/media\/64406"}],"wp:attachment":[{"href":"https:\/\/www.gaveanews.com\/index.php\/wp-json\/wp\/v2\/media?parent=96963"}],"wp:term":[{"taxonomy":"category","embeddable":true,"href":"https:\/\/www.gaveanews.com\/index.php\/wp-json\/wp\/v2\/categories?post=96963"},{"taxonomy":"post_tag","embeddable":true,"href":"https:\/\/www.gaveanews.com\/index.php\/wp-json\/wp\/v2\/tags?post=96963"}],"curies":[{"name":"wp","href":"https:\/\/api.w.org\/{rel}","templated":true}]}}