{"id":96984,"date":"2023-04-11T14:45:10","date_gmt":"2023-04-11T17:45:10","guid":{"rendered":"https:\/\/www.gaveanews.com\/?p=96984"},"modified":"2024-04-07T09:09:41","modified_gmt":"2024-04-07T12:09:41","slug":"apesar-de-estar-na-mira-do-flamengo-veja-qual-e-prioridade-de-jorge-jesus","status":"publish","type":"post","link":"https:\/\/www.gaveanews.com\/index.php\/2023\/04\/11\/apesar-de-estar-na-mira-do-flamengo-veja-qual-e-prioridade-de-jorge-jesus\/","title":{"rendered":"Apesar de estar na mira do Flamengo, veja qual \u00e9 prioridade de Jorge Jesus"},"content":{"rendered":"\n<p>O Flamengo j\u00e1 definiu que o plano A do clube para o cargo de treinador: Jorge Jesus. O Mister, que atualmente comanda o Fenerbah\u00e7e, da Turquia, tem contrato at\u00e9 maio com o clube turco. Entretanto, segundo fontes pr\u00f3ximas \u00e0 Jesus, o comandante n\u00e3o pretende renovar o seu contrato.<\/p>\n\n\n\n<p>E diante desse cen\u00e1rio, o Mais Querido tenta a libera\u00e7\u00e3o imediata do t\u00e9cnico. A diretoria do Fla estuda pagar a multa rescis\u00f3ria de Jorge Jesus, que \u00e9 considerada baixa, devido a proximidade do fim do v\u00ednculo.<\/p>\n\n\n\n<p>No entanto, segundo apurou o jornalista Diogo Dantas, a prioridade do treinador portugu\u00eas no momento, n\u00e3o \u00e9 retornar para o Flamengo. O mister ainda n\u00e3o desistiu de assumir um grande clube da Europa, que dispute a Liga dos Campe\u00f5es.<\/p>\n\n\n\n<p>Al\u00e9m disso, Jesus tem o sonho de assumir o comando da sele\u00e7\u00e3o brasileira, que ap\u00f3s a Copa do Mundo, ficou sem t\u00e9cnico. Por\u00e9m, essa \u00e9 uma possibilidade quase que descartada por ele, j\u00e1 que a CBF tem como principal alvo, o italiano Carlo Ancelotti, do Real Madrid.<\/p>\n\n\n\n<p>Por fim, Jorge Jesus tamb\u00e9m v\u00ea com bons olhos, assumir o comando de algum time \u00e1rabe, uma vez que, ele receberia um sal\u00e1rio consideravelmente maior, al\u00e9m do poderio financeiro que esses clubes \u00c1rabes possuem, para contratar jogadores.<\/p>\n\n\n\n<p>Retirado de: Di\u00e1rio do Fla<\/p>\n","protected":false},"excerpt":{"rendered":"<p>O Flamengo j\u00e1 definiu que o plano A do clube para o cargo de treinador: Jorge Jesus. O Mister, que atualmente comanda o Fenerbah\u00e7e, da Turquia, tem contrato at\u00e9 maio com o clube turco. Entretanto, segundo fontes pr\u00f3ximas \u00e0 Jesus, o comandante n\u00e3o pretende renovar o seu contrato. E diante desse cen\u00e1rio, o Mais Querido [&hellip;]<\/p>\n","protected":false},"author":1,"featured_media":28885,"comment_status":"open","ping_status":"closed","sticky":false,"template":"","format":"standard","meta":{"footnotes":""},"categories":[1],"tags":[197],"class_list":["post-96984","post","type-post","status-publish","format-standard","has-post-thumbnail","hentry","category-flamengo","tag-jorge-jesus"],"yoast_head":"<!-- This site is optimized with the Yoast SEO Premium plugin v24.2 (Yoast SEO v26.9) - https:\/\/yoast.com\/product\/yoast-seo-premium-wordpress\/ -->\n<title>Apesar de estar na mira do Flamengo, veja qual \u00e9 prioridade de Jorge Jesus<\/title>\n<meta name=\"robots\" content=\"index, follow, max-snippet:-1, max-image-preview:large, max-video-preview:-1\" \/>\n<link rel=\"canonical\" href=\"https:\/\/www.gaveanews.com\/index.php\/2023\/04\/11\/apesar-de-estar-na-mira-do-flamengo-veja-qual-e-prioridade-de-jorge-jesus\/\" \/>\n<meta property=\"og:locale\" content=\"pt_BR\" \/>\n<meta property=\"og:type\" content=\"article\" \/>\n<meta property=\"og:title\" content=\"Apesar de estar na mira do Flamengo, veja qual \u00e9 prioridade de Jorge Jesus\" \/>\n<meta property=\"og:description\" content=\"O Flamengo j\u00e1 definiu que o plano A do clube para o cargo de treinador: Jorge Jesus. O Mister, que atualmente comanda o Fenerbah\u00e7e, da Turquia, tem contrato at\u00e9 maio com o clube turco. Entretanto, segundo fontes pr\u00f3ximas \u00e0 Jesus, o comandante n\u00e3o pretende renovar o seu contrato. E diante desse cen\u00e1rio, o Mais Querido [&hellip;]\" \/>\n<meta property=\"og:url\" content=\"https:\/\/www.gaveanews.com\/index.php\/2023\/04\/11\/apesar-de-estar-na-mira-do-flamengo-veja-qual-e-prioridade-de-jorge-jesus\/\" \/>\n<meta property=\"og:site_name\" content=\"G\u00e1vea News\" \/>\n<meta property=\"article:publisher\" content=\"https:\/\/facebook.com\/gaveaNews\/\" \/>\n<meta property=\"article:published_time\" content=\"2023-04-11T17:45:10+00:00\" \/>\n<meta property=\"article:modified_time\" content=\"2024-04-07T12:09:41+00:00\" \/>\n<meta property=\"og:image\" content=\"https:\/\/www.gaveanews.com\/wp-content\/uploads\/Jesus-durante-uma-partida-do-Flamengo.webp\" \/>\n\t<meta property=\"og:image:width\" content=\"900\" \/>\n\t<meta property=\"og:image:height\" content=\"600\" \/>\n\t<meta property=\"og:image:type\" content=\"image\/jpeg\" \/>\n<meta name=\"author\" content=\"Equipe G\u00e1vea News\" \/>\n<meta name=\"twitter:card\" content=\"summary_large_image\" \/>\n<meta name=\"twitter:label1\" content=\"Escrito por\" \/>\n\t<meta name=\"twitter:data1\" content=\"Equipe G\u00e1vea News\" \/>\n\t<meta name=\"twitter:label2\" content=\"Est. tempo de leitura\" \/>\n\t<meta name=\"twitter:data2\" content=\"2 minutos\" \/>\n<script type=\"application\/ld+json\" class=\"yoast-schema-graph\">{\"@context\":\"https:\/\/schema.org\",\"@graph\":[{\"@type\":\"NewsArticle\",\"@id\":\"https:\/\/www.gaveanews.com\/index.php\/2023\/04\/11\/apesar-de-estar-na-mira-do-flamengo-veja-qual-e-prioridade-de-jorge-jesus\/#article\",\"isPartOf\":{\"@id\":\"https:\/\/www.gaveanews.com\/index.php\/2023\/04\/11\/apesar-de-estar-na-mira-do-flamengo-veja-qual-e-prioridade-de-jorge-jesus\/\"},\"author\":{\"name\":\"Equipe G\u00e1vea News\",\"@id\":\"https:\/\/www.gaveanews.com\/#\/schema\/person\/2ec14f73fb96be2caf28f91afb14749d\"},\"headline\":\"Apesar de estar na mira do Flamengo, veja qual \u00e9 prioridade de Jorge Jesus\",\"datePublished\":\"2023-04-11T17:45:10+00:00\",\"dateModified\":\"2024-04-07T12:09:41+00:00\",\"mainEntityOfPage\":{\"@id\":\"https:\/\/www.gaveanews.com\/index.php\/2023\/04\/11\/apesar-de-estar-na-mira-do-flamengo-veja-qual-e-prioridade-de-jorge-jesus\/\"},\"wordCount\":242,\"commentCount\":0,\"image\":{\"@id\":\"https:\/\/www.gaveanews.com\/index.php\/2023\/04\/11\/apesar-de-estar-na-mira-do-flamengo-veja-qual-e-prioridade-de-jorge-jesus\/#primaryimage\"},\"thumbnailUrl\":\"https:\/\/www.gaveanews.com\/wp-content\/uploads\/Jesus-durante-uma-partida-do-Flamengo.webp\",\"keywords\":[\"Jorge Jesus\"],\"articleSection\":[\"Flamengo\"],\"inLanguage\":\"pt-BR\",\"potentialAction\":[{\"@type\":\"CommentAction\",\"name\":\"Comment\",\"target\":[\"https:\/\/www.gaveanews.com\/index.php\/2023\/04\/11\/apesar-de-estar-na-mira-do-flamengo-veja-qual-e-prioridade-de-jorge-jesus\/#respond\"]}],\"copyrightYear\":\"2023\",\"copyrightHolder\":{\"@id\":\"https:\/\/www.gaveanews.com\/#organization\"}},{\"@type\":\"WebPage\",\"@id\":\"https:\/\/www.gaveanews.com\/index.php\/2023\/04\/11\/apesar-de-estar-na-mira-do-flamengo-veja-qual-e-prioridade-de-jorge-jesus\/\",\"url\":\"https:\/\/www.gaveanews.com\/index.php\/2023\/04\/11\/apesar-de-estar-na-mira-do-flamengo-veja-qual-e-prioridade-de-jorge-jesus\/\",\"name\":\"Apesar de estar na mira do Flamengo, veja qual \u00e9 prioridade de Jorge Jesus\",\"isPartOf\":{\"@id\":\"https:\/\/www.gaveanews.com\/#website\"},\"primaryImageOfPage\":{\"@id\":\"https:\/\/www.gaveanews.com\/index.php\/2023\/04\/11\/apesar-de-estar-na-mira-do-flamengo-veja-qual-e-prioridade-de-jorge-jesus\/#primaryimage\"},\"image\":{\"@id\":\"https:\/\/www.gaveanews.com\/index.php\/2023\/04\/11\/apesar-de-estar-na-mira-do-flamengo-veja-qual-e-prioridade-de-jorge-jesus\/#primaryimage\"},\"thumbnailUrl\":\"https:\/\/www.gaveanews.com\/wp-content\/uploads\/Jesus-durante-uma-partida-do-Flamengo.webp\",\"datePublished\":\"2023-04-11T17:45:10+00:00\",\"dateModified\":\"2024-04-07T12:09:41+00:00\",\"author\":{\"@id\":\"https:\/\/www.gaveanews.com\/#\/schema\/person\/2ec14f73fb96be2caf28f91afb14749d\"},\"breadcrumb\":{\"@id\":\"https:\/\/www.gaveanews.com\/index.php\/2023\/04\/11\/apesar-de-estar-na-mira-do-flamengo-veja-qual-e-prioridade-de-jorge-jesus\/#breadcrumb\"},\"inLanguage\":\"pt-BR\",\"potentialAction\":[{\"@type\":\"ReadAction\",\"target\":[\"https:\/\/www.gaveanews.com\/index.php\/2023\/04\/11\/apesar-de-estar-na-mira-do-flamengo-veja-qual-e-prioridade-de-jorge-jesus\/\"]}]},{\"@type\":\"ImageObject\",\"inLanguage\":\"pt-BR\",\"@id\":\"https:\/\/www.gaveanews.com\/index.php\/2023\/04\/11\/apesar-de-estar-na-mira-do-flamengo-veja-qual-e-prioridade-de-jorge-jesus\/#primaryimage\",\"url\":\"https:\/\/www.gaveanews.com\/wp-content\/uploads\/Jesus-durante-uma-partida-do-Flamengo.webp\",\"contentUrl\":\"https:\/\/www.gaveanews.com\/wp-content\/uploads\/Jesus-durante-uma-partida-do-Flamengo.webp\",\"width\":900,\"height\":600,\"caption\":\"Jesus durante uma partida do Flamengo (Foto: Alexandre Vidal\/Flamengo)\"},{\"@type\":\"BreadcrumbList\",\"@id\":\"https:\/\/www.gaveanews.com\/index.php\/2023\/04\/11\/apesar-de-estar-na-mira-do-flamengo-veja-qual-e-prioridade-de-jorge-jesus\/#breadcrumb\",\"itemListElement\":[{\"@type\":\"ListItem\",\"position\":1,\"name\":\"Home\",\"item\":\"https:\/\/www.gaveanews.com\/\"},{\"@type\":\"ListItem\",\"position\":2,\"name\":\"Apesar de estar na mira do Flamengo, veja qual \u00e9 prioridade de Jorge Jesus\"}]},{\"@type\":\"WebSite\",\"@id\":\"https:\/\/www.gaveanews.com\/#website\",\"url\":\"https:\/\/www.gaveanews.com\/\",\"name\":\"G\u00e1vea News\",\"description\":\"Veja todas as not\u00edcias sobre o Flamengo: Contrata\u00e7\u00f5es, categorias de base, resultados das partidas, tabela de classifica\u00e7\u00e3o, pr\u00f3ximos jogos!\",\"potentialAction\":[{\"@type\":\"SearchAction\",\"target\":{\"@type\":\"EntryPoint\",\"urlTemplate\":\"https:\/\/www.gaveanews.com\/?s={search_term_string}\"},\"query-input\":{\"@type\":\"PropertyValueSpecification\",\"valueRequired\":true,\"valueName\":\"search_term_string\"}}],\"inLanguage\":\"pt-BR\"},{\"@type\":\"Person\",\"@id\":\"https:\/\/www.gaveanews.com\/#\/schema\/person\/2ec14f73fb96be2caf28f91afb14749d\",\"name\":\"Equipe G\u00e1vea News\",\"image\":{\"@type\":\"ImageObject\",\"inLanguage\":\"pt-BR\",\"@id\":\"https:\/\/www.gaveanews.com\/#\/schema\/person\/image\/\",\"url\":\"https:\/\/secure.gravatar.com\/avatar\/1e1956f1facbffd3f8fa53a326721950116b3b9dc9bd44939c01180fd4a745a9?s=96&d=mm&r=g\",\"contentUrl\":\"https:\/\/secure.gravatar.com\/avatar\/1e1956f1facbffd3f8fa53a326721950116b3b9dc9bd44939c01180fd4a745a9?s=96&d=mm&r=g\",\"caption\":\"Equipe G\u00e1vea News\"}}]}<\/script>\n<!-- \/ Yoast SEO Premium plugin. -->","yoast_head_json":{"title":"Apesar de estar na mira do Flamengo, veja qual \u00e9 prioridade de Jorge Jesus","robots":{"index":"index","follow":"follow","max-snippet":"max-snippet:-1","max-image-preview":"max-image-preview:large","max-video-preview":"max-video-preview:-1"},"canonical":"https:\/\/www.gaveanews.com\/index.php\/2023\/04\/11\/apesar-de-estar-na-mira-do-flamengo-veja-qual-e-prioridade-de-jorge-jesus\/","og_locale":"pt_BR","og_type":"article","og_title":"Apesar de estar na mira do Flamengo, veja qual \u00e9 prioridade de Jorge Jesus","og_description":"O Flamengo j\u00e1 definiu que o plano A do clube para o cargo de treinador: Jorge Jesus. O Mister, que atualmente comanda o Fenerbah\u00e7e, da Turquia, tem contrato at\u00e9 maio com o clube turco. Entretanto, segundo fontes pr\u00f3ximas \u00e0 Jesus, o comandante n\u00e3o pretende renovar o seu contrato. E diante desse cen\u00e1rio, o Mais Querido [&hellip;]","og_url":"https:\/\/www.gaveanews.com\/index.php\/2023\/04\/11\/apesar-de-estar-na-mira-do-flamengo-veja-qual-e-prioridade-de-jorge-jesus\/","og_site_name":"G\u00e1vea News","article_publisher":"https:\/\/facebook.com\/gaveaNews\/","article_published_time":"2023-04-11T17:45:10+00:00","article_modified_time":"2024-04-07T12:09:41+00:00","og_image":[{"width":900,"height":600,"url":"https:\/\/www.gaveanews.com\/wp-content\/uploads\/Jesus-durante-uma-partida-do-Flamengo.webp","type":"image\/jpeg"}],"author":"Equipe G\u00e1vea News","twitter_card":"summary_large_image","twitter_misc":{"Escrito por":"Equipe G\u00e1vea News","Est. tempo de leitura":"2 minutos"},"schema":{"@context":"https:\/\/schema.org","@graph":[{"@type":"NewsArticle","@id":"https:\/\/www.gaveanews.com\/index.php\/2023\/04\/11\/apesar-de-estar-na-mira-do-flamengo-veja-qual-e-prioridade-de-jorge-jesus\/#article","isPartOf":{"@id":"https:\/\/www.gaveanews.com\/index.php\/2023\/04\/11\/apesar-de-estar-na-mira-do-flamengo-veja-qual-e-prioridade-de-jorge-jesus\/"},"author":{"name":"Equipe G\u00e1vea News","@id":"https:\/\/www.gaveanews.com\/#\/schema\/person\/2ec14f73fb96be2caf28f91afb14749d"},"headline":"Apesar de estar na mira do Flamengo, veja qual \u00e9 prioridade de Jorge Jesus","datePublished":"2023-04-11T17:45:10+00:00","dateModified":"2024-04-07T12:09:41+00:00","mainEntityOfPage":{"@id":"https:\/\/www.gaveanews.com\/index.php\/2023\/04\/11\/apesar-de-estar-na-mira-do-flamengo-veja-qual-e-prioridade-de-jorge-jesus\/"},"wordCount":242,"commentCount":0,"image":{"@id":"https:\/\/www.gaveanews.com\/index.php\/2023\/04\/11\/apesar-de-estar-na-mira-do-flamengo-veja-qual-e-prioridade-de-jorge-jesus\/#primaryimage"},"thumbnailUrl":"https:\/\/www.gaveanews.com\/wp-content\/uploads\/Jesus-durante-uma-partida-do-Flamengo.webp","keywords":["Jorge Jesus"],"articleSection":["Flamengo"],"inLanguage":"pt-BR","potentialAction":[{"@type":"CommentAction","name":"Comment","target":["https:\/\/www.gaveanews.com\/index.php\/2023\/04\/11\/apesar-de-estar-na-mira-do-flamengo-veja-qual-e-prioridade-de-jorge-jesus\/#respond"]}],"copyrightYear":"2023","copyrightHolder":{"@id":"https:\/\/www.gaveanews.com\/#organization"}},{"@type":"WebPage","@id":"https:\/\/www.gaveanews.com\/index.php\/2023\/04\/11\/apesar-de-estar-na-mira-do-flamengo-veja-qual-e-prioridade-de-jorge-jesus\/","url":"https:\/\/www.gaveanews.com\/index.php\/2023\/04\/11\/apesar-de-estar-na-mira-do-flamengo-veja-qual-e-prioridade-de-jorge-jesus\/","name":"Apesar de estar na mira do Flamengo, veja qual \u00e9 prioridade de Jorge Jesus","isPartOf":{"@id":"https:\/\/www.gaveanews.com\/#website"},"primaryImageOfPage":{"@id":"https:\/\/www.gaveanews.com\/index.php\/2023\/04\/11\/apesar-de-estar-na-mira-do-flamengo-veja-qual-e-prioridade-de-jorge-jesus\/#primaryimage"},"image":{"@id":"https:\/\/www.gaveanews.com\/index.php\/2023\/04\/11\/apesar-de-estar-na-mira-do-flamengo-veja-qual-e-prioridade-de-jorge-jesus\/#primaryimage"},"thumbnailUrl":"https:\/\/www.gaveanews.com\/wp-content\/uploads\/Jesus-durante-uma-partida-do-Flamengo.webp","datePublished":"2023-04-11T17:45:10+00:00","dateModified":"2024-04-07T12:09:41+00:00","author":{"@id":"https:\/\/www.gaveanews.com\/#\/schema\/person\/2ec14f73fb96be2caf28f91afb14749d"},"breadcrumb":{"@id":"https:\/\/www.gaveanews.com\/index.php\/2023\/04\/11\/apesar-de-estar-na-mira-do-flamengo-veja-qual-e-prioridade-de-jorge-jesus\/#breadcrumb"},"inLanguage":"pt-BR","potentialAction":[{"@type":"ReadAction","target":["https:\/\/www.gaveanews.com\/index.php\/2023\/04\/11\/apesar-de-estar-na-mira-do-flamengo-veja-qual-e-prioridade-de-jorge-jesus\/"]}]},{"@type":"ImageObject","inLanguage":"pt-BR","@id":"https:\/\/www.gaveanews.com\/index.php\/2023\/04\/11\/apesar-de-estar-na-mira-do-flamengo-veja-qual-e-prioridade-de-jorge-jesus\/#primaryimage","url":"https:\/\/www.gaveanews.com\/wp-content\/uploads\/Jesus-durante-uma-partida-do-Flamengo.webp","contentUrl":"https:\/\/www.gaveanews.com\/wp-content\/uploads\/Jesus-durante-uma-partida-do-Flamengo.webp","width":900,"height":600,"caption":"Jesus durante uma partida do Flamengo (Foto: Alexandre Vidal\/Flamengo)"},{"@type":"BreadcrumbList","@id":"https:\/\/www.gaveanews.com\/index.php\/2023\/04\/11\/apesar-de-estar-na-mira-do-flamengo-veja-qual-e-prioridade-de-jorge-jesus\/#breadcrumb","itemListElement":[{"@type":"ListItem","position":1,"name":"Home","item":"https:\/\/www.gaveanews.com\/"},{"@type":"ListItem","position":2,"name":"Apesar de estar na mira do Flamengo, veja qual \u00e9 prioridade de Jorge Jesus"}]},{"@type":"WebSite","@id":"https:\/\/www.gaveanews.com\/#website","url":"https:\/\/www.gaveanews.com\/","name":"G\u00e1vea News","description":"Veja todas as not\u00edcias sobre o Flamengo: Contrata\u00e7\u00f5es, categorias de base, resultados das partidas, tabela de classifica\u00e7\u00e3o, pr\u00f3ximos jogos!","potentialAction":[{"@type":"SearchAction","target":{"@type":"EntryPoint","urlTemplate":"https:\/\/www.gaveanews.com\/?s={search_term_string}"},"query-input":{"@type":"PropertyValueSpecification","valueRequired":true,"valueName":"search_term_string"}}],"inLanguage":"pt-BR"},{"@type":"Person","@id":"https:\/\/www.gaveanews.com\/#\/schema\/person\/2ec14f73fb96be2caf28f91afb14749d","name":"Equipe G\u00e1vea News","image":{"@type":"ImageObject","inLanguage":"pt-BR","@id":"https:\/\/www.gaveanews.com\/#\/schema\/person\/image\/","url":"https:\/\/secure.gravatar.com\/avatar\/1e1956f1facbffd3f8fa53a326721950116b3b9dc9bd44939c01180fd4a745a9?s=96&d=mm&r=g","contentUrl":"https:\/\/secure.gravatar.com\/avatar\/1e1956f1facbffd3f8fa53a326721950116b3b9dc9bd44939c01180fd4a745a9?s=96&d=mm&r=g","caption":"Equipe G\u00e1vea News"}}]}},"_links":{"self":[{"href":"https:\/\/www.gaveanews.com\/index.php\/wp-json\/wp\/v2\/posts\/96984","targetHints":{"allow":["GET"]}}],"collection":[{"href":"https:\/\/www.gaveanews.com\/index.php\/wp-json\/wp\/v2\/posts"}],"about":[{"href":"https:\/\/www.gaveanews.com\/index.php\/wp-json\/wp\/v2\/types\/post"}],"author":[{"embeddable":true,"href":"https:\/\/www.gaveanews.com\/index.php\/wp-json\/wp\/v2\/users\/1"}],"replies":[{"embeddable":true,"href":"https:\/\/www.gaveanews.com\/index.php\/wp-json\/wp\/v2\/comments?post=96984"}],"version-history":[{"count":1,"href":"https:\/\/www.gaveanews.com\/index.php\/wp-json\/wp\/v2\/posts\/96984\/revisions"}],"predecessor-version":[{"id":136666,"href":"https:\/\/www.gaveanews.com\/index.php\/wp-json\/wp\/v2\/posts\/96984\/revisions\/136666"}],"wp:featuredmedia":[{"embeddable":true,"href":"https:\/\/www.gaveanews.com\/index.php\/wp-json\/wp\/v2\/media\/28885"}],"wp:attachment":[{"href":"https:\/\/www.gaveanews.com\/index.php\/wp-json\/wp\/v2\/media?parent=96984"}],"wp:term":[{"taxonomy":"category","embeddable":true,"href":"https:\/\/www.gaveanews.com\/index.php\/wp-json\/wp\/v2\/categories?post=96984"},{"taxonomy":"post_tag","embeddable":true,"href":"https:\/\/www.gaveanews.com\/index.php\/wp-json\/wp\/v2\/tags?post=96984"}],"curies":[{"name":"wp","href":"https:\/\/api.w.org\/{rel}","templated":true}]}}