{"id":97037,"date":"2023-04-12T14:10:59","date_gmt":"2023-04-12T17:10:59","guid":{"rendered":"https:\/\/www.gaveanews.com\/?p=97037"},"modified":"2024-04-07T09:09:33","modified_gmt":"2024-04-07T12:09:33","slug":"mauro-cezar-pereira-aponta-problema-do-flamengo-para-trazer-jorge-jesus","status":"publish","type":"post","link":"https:\/\/www.gaveanews.com\/index.php\/2023\/04\/12\/mauro-cezar-pereira-aponta-problema-do-flamengo-para-trazer-jorge-jesus\/","title":{"rendered":"Mauro Cezar Pereira aponta problema do Flamengo para trazer Jorge Jesus"},"content":{"rendered":"\n<p>O Flamengo confirmou ontem (11) a demiss\u00e3o de V\u00edtor Pereira, logo ap\u00f3s a goleada de 4 a 1 sofrida para o Fluminense no domingo (9), no Maracan\u00e3. Assim, a derrota custou ao Rubro-Negro o quinto fracasso consecutivo em disputas de t\u00edtulos em 2023. Nesse sentido, a perda do Campeonato Carioca se somou aos insucessos na Supercopa do Brasil, no Mundial de Clubes da Fifa, na Recopa Sul-Americana e na Ta\u00e7a Guanabara.<\/p>\n\n\n\n<p>Dessa forma, o Flamengo busca um sucessor para V\u00edtor Pereira. Naturalmente, Jorge Jesus \u00e9 um dos favoritos. Atualmente no Fenerbah\u00e7e-TUR, o portugu\u00eas ainda tem contrato em vigor com o clube turco. Uma eventual volta do t\u00e9cnico \u00e0 G\u00e1vea \u00e9 bastante sonhada pela Na\u00e7\u00e3o Rubro-Negra. Afinal, ela n\u00e3o esquece da equipe de 2019 armada por Jesus, que arrematou a Libertadores e o Brasileir\u00e3o S\u00e9rie A naquele ano, al\u00e9m de outras conquistas no ano seguinte.<\/p>\n\n\n\n<p>Mas, segundo Mauro Cezar, ser\u00e1 complicado trazer Jorge Jesus de forma imediata. Desse modo, o contrato do treinador com o Fenerbah\u00e7e se encerrar\u00e1 no m\u00eas que vem. \u201cProblema \u00e9 convenc\u00ea-lo a vir agora! Vai at\u00e9 o fim de maio a temporada turca\u201c, escreveu o jornalista em seu Twitter.<\/p>\n\n\n\n<h2 class=\"wp-block-heading\" id=\"h-mauro-cezar-nao-acredita-que-o-flamengo-ofereca-uma-proposta-igual-a-dos-turcos\">Mauro Cezar n\u00e3o acredita que o Flamengo ofere\u00e7a uma proposta igual a dos turcos<\/h2>\n\n\n\n<p>Ainda vivo na disputa pelo t\u00edtulo turco, o Fenerbah\u00e7e deseja renovar com o treinador sonhado pelo torcedor do Flamengo. Afinal, faltando 10 rodadas para o t\u00e9rmino do campeonato nacional, o time de Jorge Jesus est\u00e1 na segunda posi\u00e7\u00e3o, seis pontos atr\u00e1s do l\u00edder Galatasaray. Al\u00e9m disso, a equipe se classificou para a semifinal da Copa da Turquia, quando enfrentar\u00e1 o Sivasspor-TUR em 3 de maio.<\/p>\n\n\n\n<p>\u201c<em>O Flamengo n\u00e3o dever\u00e1 igualar a proposta do Fenerbahce (\u20ac7,5 milh\u00f5es\/ano por mais duas temporadas), mas pode, sim, pagar bem a Jorge Jesus e sua equipe. Mais do que ganhava quando renovou e meteu o p\u00e9<\/em>\u201c, informou Mauro Cezar, em sua rede social. Al\u00e9m de Jesus, outro nome bem cotado para assumir o Rubro-Negro \u00e9 o argentino Jorge Sampaoli, sem clube desde quando foi demitido do Sevilla-ESP no m\u00eas passado.<\/p>\n\n\n\n<p>A equipe estrear\u00e1 na Copa do Brasil nesta quinta-feira (13), contra o Maring\u00e1 no Paran\u00e1. O Flamengo ser\u00e1 comandado interinamente por M\u00e1rio Jorge, t\u00e9cnico do sub-20 rubro-negro, na partida de amanh\u00e3 no Est\u00e1dio Willie Davids, \u00e0s 20h (hor\u00e1rio de Bras\u00edlia).<\/p>\n\n\n\n<p>Retirado de: Torcedores<\/p>\n","protected":false},"excerpt":{"rendered":"<p>O Flamengo confirmou ontem (11) a demiss\u00e3o de V\u00edtor Pereira, logo ap\u00f3s a goleada de 4 a 1 sofrida para o Fluminense no domingo (9), no Maracan\u00e3. Assim, a derrota custou ao Rubro-Negro o quinto fracasso consecutivo em disputas de t\u00edtulos em 2023. Nesse sentido, a perda do Campeonato Carioca se somou aos insucessos na [&hellip;]<\/p>\n","protected":false},"author":1,"featured_media":47445,"comment_status":"open","ping_status":"closed","sticky":false,"template":"","format":"standard","meta":{"footnotes":""},"categories":[1],"tags":[197,170],"class_list":["post-97037","post","type-post","status-publish","format-standard","has-post-thumbnail","hentry","category-flamengo","tag-jorge-jesus","tag-mauro-cezar-pereira"],"yoast_head":"<!-- This site is optimized with the Yoast SEO Premium plugin v24.2 (Yoast SEO v26.9) - https:\/\/yoast.com\/product\/yoast-seo-premium-wordpress\/ -->\n<title>Mauro Cezar Pereira aponta problema do Flamengo para trazer Jorge Jesus<\/title>\n<meta name=\"robots\" content=\"index, follow, max-snippet:-1, max-image-preview:large, max-video-preview:-1\" \/>\n<link rel=\"canonical\" href=\"https:\/\/www.gaveanews.com\/index.php\/2023\/04\/12\/mauro-cezar-pereira-aponta-problema-do-flamengo-para-trazer-jorge-jesus\/\" \/>\n<meta property=\"og:locale\" content=\"pt_BR\" \/>\n<meta property=\"og:type\" content=\"article\" \/>\n<meta property=\"og:title\" content=\"Mauro Cezar Pereira aponta problema do Flamengo para trazer Jorge Jesus\" \/>\n<meta property=\"og:description\" content=\"O Flamengo confirmou ontem (11) a demiss\u00e3o de V\u00edtor Pereira, logo ap\u00f3s a goleada de 4 a 1 sofrida para o Fluminense no domingo (9), no Maracan\u00e3. Assim, a derrota custou ao Rubro-Negro o quinto fracasso consecutivo em disputas de t\u00edtulos em 2023. Nesse sentido, a perda do Campeonato Carioca se somou aos insucessos na [&hellip;]\" \/>\n<meta property=\"og:url\" content=\"https:\/\/www.gaveanews.com\/index.php\/2023\/04\/12\/mauro-cezar-pereira-aponta-problema-do-flamengo-para-trazer-jorge-jesus\/\" \/>\n<meta property=\"og:site_name\" content=\"G\u00e1vea News\" \/>\n<meta property=\"article:publisher\" content=\"https:\/\/facebook.com\/gaveaNews\/\" \/>\n<meta property=\"article:published_time\" content=\"2023-04-12T17:10:59+00:00\" \/>\n<meta property=\"article:modified_time\" content=\"2024-04-07T12:09:33+00:00\" \/>\n<meta property=\"og:image\" content=\"https:\/\/www.gaveanews.com\/wp-content\/uploads\/Mauro-Cezar-Pereira-durante-um-programa-da-ESPN.webp\" \/>\n\t<meta property=\"og:image:width\" content=\"846\" \/>\n\t<meta property=\"og:image:height\" content=\"529\" \/>\n\t<meta property=\"og:image:type\" content=\"image\/jpeg\" \/>\n<meta name=\"author\" content=\"Equipe G\u00e1vea News\" \/>\n<meta name=\"twitter:card\" content=\"summary_large_image\" \/>\n<meta name=\"twitter:label1\" content=\"Escrito por\" \/>\n\t<meta name=\"twitter:data1\" content=\"Equipe G\u00e1vea News\" \/>\n\t<meta name=\"twitter:label2\" content=\"Est. tempo de leitura\" \/>\n\t<meta name=\"twitter:data2\" content=\"3 minutos\" \/>\n<script type=\"application\/ld+json\" class=\"yoast-schema-graph\">{\"@context\":\"https:\/\/schema.org\",\"@graph\":[{\"@type\":\"NewsArticle\",\"@id\":\"https:\/\/www.gaveanews.com\/index.php\/2023\/04\/12\/mauro-cezar-pereira-aponta-problema-do-flamengo-para-trazer-jorge-jesus\/#article\",\"isPartOf\":{\"@id\":\"https:\/\/www.gaveanews.com\/index.php\/2023\/04\/12\/mauro-cezar-pereira-aponta-problema-do-flamengo-para-trazer-jorge-jesus\/\"},\"author\":{\"name\":\"Equipe G\u00e1vea News\",\"@id\":\"https:\/\/www.gaveanews.com\/#\/schema\/person\/2ec14f73fb96be2caf28f91afb14749d\"},\"headline\":\"Mauro Cezar Pereira aponta problema do Flamengo para trazer Jorge Jesus\",\"datePublished\":\"2023-04-12T17:10:59+00:00\",\"dateModified\":\"2024-04-07T12:09:33+00:00\",\"mainEntityOfPage\":{\"@id\":\"https:\/\/www.gaveanews.com\/index.php\/2023\/04\/12\/mauro-cezar-pereira-aponta-problema-do-flamengo-para-trazer-jorge-jesus\/\"},\"wordCount\":417,\"commentCount\":0,\"image\":{\"@id\":\"https:\/\/www.gaveanews.com\/index.php\/2023\/04\/12\/mauro-cezar-pereira-aponta-problema-do-flamengo-para-trazer-jorge-jesus\/#primaryimage\"},\"thumbnailUrl\":\"https:\/\/www.gaveanews.com\/wp-content\/uploads\/Mauro-Cezar-Pereira-durante-um-programa-da-ESPN.webp\",\"keywords\":[\"Jorge Jesus\",\"Mauro Cezar Pereira\"],\"articleSection\":[\"Flamengo\"],\"inLanguage\":\"pt-BR\",\"potentialAction\":[{\"@type\":\"CommentAction\",\"name\":\"Comment\",\"target\":[\"https:\/\/www.gaveanews.com\/index.php\/2023\/04\/12\/mauro-cezar-pereira-aponta-problema-do-flamengo-para-trazer-jorge-jesus\/#respond\"]}],\"copyrightYear\":\"2023\",\"copyrightHolder\":{\"@id\":\"https:\/\/www.gaveanews.com\/#organization\"}},{\"@type\":\"WebPage\",\"@id\":\"https:\/\/www.gaveanews.com\/index.php\/2023\/04\/12\/mauro-cezar-pereira-aponta-problema-do-flamengo-para-trazer-jorge-jesus\/\",\"url\":\"https:\/\/www.gaveanews.com\/index.php\/2023\/04\/12\/mauro-cezar-pereira-aponta-problema-do-flamengo-para-trazer-jorge-jesus\/\",\"name\":\"Mauro Cezar Pereira aponta problema do Flamengo para trazer Jorge Jesus\",\"isPartOf\":{\"@id\":\"https:\/\/www.gaveanews.com\/#website\"},\"primaryImageOfPage\":{\"@id\":\"https:\/\/www.gaveanews.com\/index.php\/2023\/04\/12\/mauro-cezar-pereira-aponta-problema-do-flamengo-para-trazer-jorge-jesus\/#primaryimage\"},\"image\":{\"@id\":\"https:\/\/www.gaveanews.com\/index.php\/2023\/04\/12\/mauro-cezar-pereira-aponta-problema-do-flamengo-para-trazer-jorge-jesus\/#primaryimage\"},\"thumbnailUrl\":\"https:\/\/www.gaveanews.com\/wp-content\/uploads\/Mauro-Cezar-Pereira-durante-um-programa-da-ESPN.webp\",\"datePublished\":\"2023-04-12T17:10:59+00:00\",\"dateModified\":\"2024-04-07T12:09:33+00:00\",\"author\":{\"@id\":\"https:\/\/www.gaveanews.com\/#\/schema\/person\/2ec14f73fb96be2caf28f91afb14749d\"},\"breadcrumb\":{\"@id\":\"https:\/\/www.gaveanews.com\/index.php\/2023\/04\/12\/mauro-cezar-pereira-aponta-problema-do-flamengo-para-trazer-jorge-jesus\/#breadcrumb\"},\"inLanguage\":\"pt-BR\",\"potentialAction\":[{\"@type\":\"ReadAction\",\"target\":[\"https:\/\/www.gaveanews.com\/index.php\/2023\/04\/12\/mauro-cezar-pereira-aponta-problema-do-flamengo-para-trazer-jorge-jesus\/\"]}]},{\"@type\":\"ImageObject\",\"inLanguage\":\"pt-BR\",\"@id\":\"https:\/\/www.gaveanews.com\/index.php\/2023\/04\/12\/mauro-cezar-pereira-aponta-problema-do-flamengo-para-trazer-jorge-jesus\/#primaryimage\",\"url\":\"https:\/\/www.gaveanews.com\/wp-content\/uploads\/Mauro-Cezar-Pereira-durante-um-programa-da-ESPN.webp\",\"contentUrl\":\"https:\/\/www.gaveanews.com\/wp-content\/uploads\/Mauro-Cezar-Pereira-durante-um-programa-da-ESPN.webp\",\"width\":846,\"height\":529,\"caption\":\"Mauro Cezar Pereira durante um programa da ESPN (Foto: Reprodu\u00e7\u00e3o)\"},{\"@type\":\"BreadcrumbList\",\"@id\":\"https:\/\/www.gaveanews.com\/index.php\/2023\/04\/12\/mauro-cezar-pereira-aponta-problema-do-flamengo-para-trazer-jorge-jesus\/#breadcrumb\",\"itemListElement\":[{\"@type\":\"ListItem\",\"position\":1,\"name\":\"Home\",\"item\":\"https:\/\/www.gaveanews.com\/\"},{\"@type\":\"ListItem\",\"position\":2,\"name\":\"Mauro Cezar Pereira aponta problema do Flamengo para trazer Jorge Jesus\"}]},{\"@type\":\"WebSite\",\"@id\":\"https:\/\/www.gaveanews.com\/#website\",\"url\":\"https:\/\/www.gaveanews.com\/\",\"name\":\"G\u00e1vea News\",\"description\":\"Veja todas as not\u00edcias sobre o Flamengo: Contrata\u00e7\u00f5es, categorias de base, resultados das partidas, tabela de classifica\u00e7\u00e3o, pr\u00f3ximos jogos!\",\"potentialAction\":[{\"@type\":\"SearchAction\",\"target\":{\"@type\":\"EntryPoint\",\"urlTemplate\":\"https:\/\/www.gaveanews.com\/?s={search_term_string}\"},\"query-input\":{\"@type\":\"PropertyValueSpecification\",\"valueRequired\":true,\"valueName\":\"search_term_string\"}}],\"inLanguage\":\"pt-BR\"},{\"@type\":\"Person\",\"@id\":\"https:\/\/www.gaveanews.com\/#\/schema\/person\/2ec14f73fb96be2caf28f91afb14749d\",\"name\":\"Equipe G\u00e1vea News\",\"image\":{\"@type\":\"ImageObject\",\"inLanguage\":\"pt-BR\",\"@id\":\"https:\/\/www.gaveanews.com\/#\/schema\/person\/image\/\",\"url\":\"https:\/\/secure.gravatar.com\/avatar\/1e1956f1facbffd3f8fa53a326721950116b3b9dc9bd44939c01180fd4a745a9?s=96&d=mm&r=g\",\"contentUrl\":\"https:\/\/secure.gravatar.com\/avatar\/1e1956f1facbffd3f8fa53a326721950116b3b9dc9bd44939c01180fd4a745a9?s=96&d=mm&r=g\",\"caption\":\"Equipe G\u00e1vea News\"}}]}<\/script>\n<!-- \/ Yoast SEO Premium plugin. -->","yoast_head_json":{"title":"Mauro Cezar Pereira aponta problema do Flamengo para trazer Jorge Jesus","robots":{"index":"index","follow":"follow","max-snippet":"max-snippet:-1","max-image-preview":"max-image-preview:large","max-video-preview":"max-video-preview:-1"},"canonical":"https:\/\/www.gaveanews.com\/index.php\/2023\/04\/12\/mauro-cezar-pereira-aponta-problema-do-flamengo-para-trazer-jorge-jesus\/","og_locale":"pt_BR","og_type":"article","og_title":"Mauro Cezar Pereira aponta problema do Flamengo para trazer Jorge Jesus","og_description":"O Flamengo confirmou ontem (11) a demiss\u00e3o de V\u00edtor Pereira, logo ap\u00f3s a goleada de 4 a 1 sofrida para o Fluminense no domingo (9), no Maracan\u00e3. Assim, a derrota custou ao Rubro-Negro o quinto fracasso consecutivo em disputas de t\u00edtulos em 2023. Nesse sentido, a perda do Campeonato Carioca se somou aos insucessos na [&hellip;]","og_url":"https:\/\/www.gaveanews.com\/index.php\/2023\/04\/12\/mauro-cezar-pereira-aponta-problema-do-flamengo-para-trazer-jorge-jesus\/","og_site_name":"G\u00e1vea News","article_publisher":"https:\/\/facebook.com\/gaveaNews\/","article_published_time":"2023-04-12T17:10:59+00:00","article_modified_time":"2024-04-07T12:09:33+00:00","og_image":[{"width":846,"height":529,"url":"https:\/\/www.gaveanews.com\/wp-content\/uploads\/Mauro-Cezar-Pereira-durante-um-programa-da-ESPN.webp","type":"image\/jpeg"}],"author":"Equipe G\u00e1vea News","twitter_card":"summary_large_image","twitter_misc":{"Escrito por":"Equipe G\u00e1vea News","Est. tempo de leitura":"3 minutos"},"schema":{"@context":"https:\/\/schema.org","@graph":[{"@type":"NewsArticle","@id":"https:\/\/www.gaveanews.com\/index.php\/2023\/04\/12\/mauro-cezar-pereira-aponta-problema-do-flamengo-para-trazer-jorge-jesus\/#article","isPartOf":{"@id":"https:\/\/www.gaveanews.com\/index.php\/2023\/04\/12\/mauro-cezar-pereira-aponta-problema-do-flamengo-para-trazer-jorge-jesus\/"},"author":{"name":"Equipe G\u00e1vea News","@id":"https:\/\/www.gaveanews.com\/#\/schema\/person\/2ec14f73fb96be2caf28f91afb14749d"},"headline":"Mauro Cezar Pereira aponta problema do Flamengo para trazer Jorge Jesus","datePublished":"2023-04-12T17:10:59+00:00","dateModified":"2024-04-07T12:09:33+00:00","mainEntityOfPage":{"@id":"https:\/\/www.gaveanews.com\/index.php\/2023\/04\/12\/mauro-cezar-pereira-aponta-problema-do-flamengo-para-trazer-jorge-jesus\/"},"wordCount":417,"commentCount":0,"image":{"@id":"https:\/\/www.gaveanews.com\/index.php\/2023\/04\/12\/mauro-cezar-pereira-aponta-problema-do-flamengo-para-trazer-jorge-jesus\/#primaryimage"},"thumbnailUrl":"https:\/\/www.gaveanews.com\/wp-content\/uploads\/Mauro-Cezar-Pereira-durante-um-programa-da-ESPN.webp","keywords":["Jorge Jesus","Mauro Cezar Pereira"],"articleSection":["Flamengo"],"inLanguage":"pt-BR","potentialAction":[{"@type":"CommentAction","name":"Comment","target":["https:\/\/www.gaveanews.com\/index.php\/2023\/04\/12\/mauro-cezar-pereira-aponta-problema-do-flamengo-para-trazer-jorge-jesus\/#respond"]}],"copyrightYear":"2023","copyrightHolder":{"@id":"https:\/\/www.gaveanews.com\/#organization"}},{"@type":"WebPage","@id":"https:\/\/www.gaveanews.com\/index.php\/2023\/04\/12\/mauro-cezar-pereira-aponta-problema-do-flamengo-para-trazer-jorge-jesus\/","url":"https:\/\/www.gaveanews.com\/index.php\/2023\/04\/12\/mauro-cezar-pereira-aponta-problema-do-flamengo-para-trazer-jorge-jesus\/","name":"Mauro Cezar Pereira aponta problema do Flamengo para trazer Jorge Jesus","isPartOf":{"@id":"https:\/\/www.gaveanews.com\/#website"},"primaryImageOfPage":{"@id":"https:\/\/www.gaveanews.com\/index.php\/2023\/04\/12\/mauro-cezar-pereira-aponta-problema-do-flamengo-para-trazer-jorge-jesus\/#primaryimage"},"image":{"@id":"https:\/\/www.gaveanews.com\/index.php\/2023\/04\/12\/mauro-cezar-pereira-aponta-problema-do-flamengo-para-trazer-jorge-jesus\/#primaryimage"},"thumbnailUrl":"https:\/\/www.gaveanews.com\/wp-content\/uploads\/Mauro-Cezar-Pereira-durante-um-programa-da-ESPN.webp","datePublished":"2023-04-12T17:10:59+00:00","dateModified":"2024-04-07T12:09:33+00:00","author":{"@id":"https:\/\/www.gaveanews.com\/#\/schema\/person\/2ec14f73fb96be2caf28f91afb14749d"},"breadcrumb":{"@id":"https:\/\/www.gaveanews.com\/index.php\/2023\/04\/12\/mauro-cezar-pereira-aponta-problema-do-flamengo-para-trazer-jorge-jesus\/#breadcrumb"},"inLanguage":"pt-BR","potentialAction":[{"@type":"ReadAction","target":["https:\/\/www.gaveanews.com\/index.php\/2023\/04\/12\/mauro-cezar-pereira-aponta-problema-do-flamengo-para-trazer-jorge-jesus\/"]}]},{"@type":"ImageObject","inLanguage":"pt-BR","@id":"https:\/\/www.gaveanews.com\/index.php\/2023\/04\/12\/mauro-cezar-pereira-aponta-problema-do-flamengo-para-trazer-jorge-jesus\/#primaryimage","url":"https:\/\/www.gaveanews.com\/wp-content\/uploads\/Mauro-Cezar-Pereira-durante-um-programa-da-ESPN.webp","contentUrl":"https:\/\/www.gaveanews.com\/wp-content\/uploads\/Mauro-Cezar-Pereira-durante-um-programa-da-ESPN.webp","width":846,"height":529,"caption":"Mauro Cezar Pereira durante um programa da ESPN (Foto: Reprodu\u00e7\u00e3o)"},{"@type":"BreadcrumbList","@id":"https:\/\/www.gaveanews.com\/index.php\/2023\/04\/12\/mauro-cezar-pereira-aponta-problema-do-flamengo-para-trazer-jorge-jesus\/#breadcrumb","itemListElement":[{"@type":"ListItem","position":1,"name":"Home","item":"https:\/\/www.gaveanews.com\/"},{"@type":"ListItem","position":2,"name":"Mauro Cezar Pereira aponta problema do Flamengo para trazer Jorge Jesus"}]},{"@type":"WebSite","@id":"https:\/\/www.gaveanews.com\/#website","url":"https:\/\/www.gaveanews.com\/","name":"G\u00e1vea News","description":"Veja todas as not\u00edcias sobre o Flamengo: Contrata\u00e7\u00f5es, categorias de base, resultados das partidas, tabela de classifica\u00e7\u00e3o, pr\u00f3ximos jogos!","potentialAction":[{"@type":"SearchAction","target":{"@type":"EntryPoint","urlTemplate":"https:\/\/www.gaveanews.com\/?s={search_term_string}"},"query-input":{"@type":"PropertyValueSpecification","valueRequired":true,"valueName":"search_term_string"}}],"inLanguage":"pt-BR"},{"@type":"Person","@id":"https:\/\/www.gaveanews.com\/#\/schema\/person\/2ec14f73fb96be2caf28f91afb14749d","name":"Equipe G\u00e1vea News","image":{"@type":"ImageObject","inLanguage":"pt-BR","@id":"https:\/\/www.gaveanews.com\/#\/schema\/person\/image\/","url":"https:\/\/secure.gravatar.com\/avatar\/1e1956f1facbffd3f8fa53a326721950116b3b9dc9bd44939c01180fd4a745a9?s=96&d=mm&r=g","contentUrl":"https:\/\/secure.gravatar.com\/avatar\/1e1956f1facbffd3f8fa53a326721950116b3b9dc9bd44939c01180fd4a745a9?s=96&d=mm&r=g","caption":"Equipe G\u00e1vea News"}}]}},"_links":{"self":[{"href":"https:\/\/www.gaveanews.com\/index.php\/wp-json\/wp\/v2\/posts\/97037","targetHints":{"allow":["GET"]}}],"collection":[{"href":"https:\/\/www.gaveanews.com\/index.php\/wp-json\/wp\/v2\/posts"}],"about":[{"href":"https:\/\/www.gaveanews.com\/index.php\/wp-json\/wp\/v2\/types\/post"}],"author":[{"embeddable":true,"href":"https:\/\/www.gaveanews.com\/index.php\/wp-json\/wp\/v2\/users\/1"}],"replies":[{"embeddable":true,"href":"https:\/\/www.gaveanews.com\/index.php\/wp-json\/wp\/v2\/comments?post=97037"}],"version-history":[{"count":1,"href":"https:\/\/www.gaveanews.com\/index.php\/wp-json\/wp\/v2\/posts\/97037\/revisions"}],"predecessor-version":[{"id":134388,"href":"https:\/\/www.gaveanews.com\/index.php\/wp-json\/wp\/v2\/posts\/97037\/revisions\/134388"}],"wp:featuredmedia":[{"embeddable":true,"href":"https:\/\/www.gaveanews.com\/index.php\/wp-json\/wp\/v2\/media\/47445"}],"wp:attachment":[{"href":"https:\/\/www.gaveanews.com\/index.php\/wp-json\/wp\/v2\/media?parent=97037"}],"wp:term":[{"taxonomy":"category","embeddable":true,"href":"https:\/\/www.gaveanews.com\/index.php\/wp-json\/wp\/v2\/categories?post=97037"},{"taxonomy":"post_tag","embeddable":true,"href":"https:\/\/www.gaveanews.com\/index.php\/wp-json\/wp\/v2\/tags?post=97037"}],"curies":[{"name":"wp","href":"https:\/\/api.w.org\/{rel}","templated":true}]}}