{"id":97078,"date":"2023-04-13T00:51:04","date_gmt":"2023-04-13T03:51:04","guid":{"rendered":"https:\/\/www.gaveanews.com\/?p=97078"},"modified":"2024-04-07T09:09:30","modified_gmt":"2024-04-07T12:09:30","slug":"audio-vaza-e-pedido-de-jorge-jesus-para-o-flamengo-e-revelado-ouca-a-declaracao-do-treinador","status":"publish","type":"post","link":"https:\/\/www.gaveanews.com\/index.php\/2023\/04\/13\/audio-vaza-e-pedido-de-jorge-jesus-para-o-flamengo-e-revelado-ouca-a-declaracao-do-treinador\/","title":{"rendered":"\u00c1udio de Jorge Jesus vaza e pedido do treinador ao Flamengo \u00e9 revelado; ou\u00e7a a declara\u00e7\u00e3o"},"content":{"rendered":"\n<p>Jorge Jesus admitiu ter sido procurado pelo Flamengo. Em um \u00e1udio vazado, o treinador do Fenerbah\u00e7e relatou ter conversado com o vice de futebol Marcos Braz e que agora n\u00e3o pode se transferir ao Rio de Janeiro. Por\u00e9m, n\u00e3o fechou as portas para um retorno:<\/p>\n\n\n\n<p><em>\u2014 Voc\u00eas podiam esperar por mim.<\/em><\/p>\n\n\n\n<p>O &#8216;Globo Esporte&#8217; confirmou a autenticidade da grava\u00e7\u00e3o, que circula nas redes sociais. Nela, o treinador deu mais detalhes do di\u00e1logo com o dirigente rubro-negro. Afirmou que n\u00e3o debateu valor de um eventual sal\u00e1rio e ter ouvido que o Flamengo ter\u00e1 um comandante interino enquanto aguarda pela defini\u00e7\u00e3o do seu futuro. Vale destacar que o \u00e1udio vazado foi durante uma conversa com o Paparazzo Rubro-Negro.<\/p>\n\n\n\n<h2 class=\"wp-block-heading\" id=\"h-veja-o-que-disse-jorge-jesus-no-audio-vazado\">Veja o que disse Jorge Jesus no \u00e1udio vazado<\/h2>\n\n\n\n<p>\u2014 <em>Bom dia, amigo. Aqui s\u00e3o 10h da manh\u00e3 na Turquia, a\u00ed no Brasil o fuso hor\u00e1rio \u00e9 de seis horas. Eu falei com o Marcos Braz ontem v\u00e1rias coisas, mas nunca falei em condi\u00e7\u00f5es financeiras com ele. N\u00e3o sei por que est\u00e1 a passar no Brasil a dizerem que eu pedi muito dinheiro e n\u00e3o chegaram a acordo comigo. N\u00e3o sei qual \u00e9 a inten\u00e7\u00e3o disso, mas a verdade \u00e9 que o Marcos Braz falou comigo sobre o\u00a0Flamengo, se eu podia sair j\u00e1. Eu disse que j\u00e1 n\u00e3o podia, tinha que me dar algum tempo. At\u00e9 para eu falar aqui com o presidente. Falta um m\u00eas e meio para acabar o campeonato aqui na Turquia. <\/em><\/p>\n\n\n\n<p><em>Ele me disse que ia p\u00f4r um treinador interino, e eu disse: &#8220;Ent\u00e3o, ok, voc\u00eas podiam esperar por mim&#8221;. Ele disse que n\u00e3o podia esperar muito por mim mais que uma semana. E aqui, pronto, tudo bem. Agora n\u00e3o quero que as pessoas pensem que, se eu n\u00e3o for para o\u00a0Flamengo, que foi por quest\u00f5es financeiras. Porque n\u00e3o falei nem com o Marcos Braz e j\u00e1 est\u00e3o por a\u00ed a dizer que eu pedi mundos e fundos.<\/em><\/p>\n\n\n\n<figure class=\"wp-block-embed is-type-rich is-provider-twitter wp-block-embed-twitter\"><div class=\"wp-block-embed__wrapper\">\n<blockquote class=\"twitter-tweet\" data-width=\"550\" data-dnt=\"true\"><p lang=\"pt\" dir=\"ltr\">\u00c1udio vaza e pedido de Jorge <a href=\"https:\/\/twitter.com\/hashtag\/Jesus?src=hash&amp;ref_src=twsrc%5Etfw\">#Jesus<\/a> para o <a href=\"https:\/\/twitter.com\/hashtag\/Flamengo?src=hash&amp;ref_src=twsrc%5Etfw\">#Flamengo<\/a> \u00e9 revelado: <a href=\"https:\/\/t.co\/LcZug5JxdR\">pic.twitter.com\/LcZug5JxdR<\/a><\/p>&mdash; G\u00e1vea News (@GaveaNews_) <a href=\"https:\/\/twitter.com\/GaveaNews_\/status\/1646360169943580672?ref_src=twsrc%5Etfw\">April 13, 2023<\/a><\/blockquote><script async src=\"https:\/\/platform.twitter.com\/widgets.js\" charset=\"utf-8\"><\/script>\n<\/div><\/figure>\n\n\n\n<p>Nesta quarta-feira, o &#8216;Globo Esporte&#8217; detalhou a tratativa entre as partes. Em fim de temporada com o Fenerbah\u00e7e, o treinador manifestou o interesse de cumprir o contrato com o time turco, mas externou o desejo de retornar ao clube assim que terminar o compromisso na Europa. Ainda sem defini\u00e7\u00e3o, as conversas seguem.<\/p>\n\n\n\n<p>As partes ainda n\u00e3o chegaram a um denominador comum em rela\u00e7\u00e3o aos valores. Isso \u00e9 fator primordial para o avan\u00e7o das negocia\u00e7\u00f5es. Atualmente, JJ e sua comiss\u00e3o custam 7,5 milh\u00f5es de euros (R$ 40,7 milh\u00f5es) anuais ao Fenerbah\u00e7e, e o valor ter\u00e1 que ser reduzido para que o retorno se concretize.<\/p>\n\n\n\n<p>A diretoria rubro-negra n\u00e3o prometeu aguardar at\u00e9 junho e quer definir o pr\u00f3ximo passo daqui a uma semana. Nesse tempo, ser\u00e3o avaliados o desempenho do time sob o comando do interino Mario Jorge, o planejamento para o in\u00edcio do Brasileiro e o restante da fase de grupos da Libertadores. A resposta contra Maring\u00e1, pela Copa do Brasil, Coritiba, pelo Brasileir\u00e3o, e \u00d1ublense, pela Libertadores, ter\u00e3o peso na decis\u00e3o.<\/p>\n\n\n\n<p>Al\u00e9m desses tr\u00eas jogos, que servir\u00e3o de term\u00f4metro para saber se \u00e9 poss\u00edvel ou n\u00e3o esperar o Mister, o Flamengo ainda ter\u00e1 Internacional (fora), Maring\u00e1 (casa), Botafogo (casa), Racing (fora), Athletico-PR (fora), Goi\u00e1s (casa), Bahia (fora), Corinthians (casa), \u00d1ublense (fora) e Cruzeiro (casa).<\/p>\n\n\n\n<p>S\u00e3o 13 jogos de aus\u00eancia at\u00e9 o fim de maio, quando o contrato de JJ com o Fenerbah\u00e7e se encerra. O \u00faltimo jogo do Fener est\u00e1 marcado para 4 de junho, o cl\u00e1ssico com Galatasaray. Resta saber se o t\u00edtulo ainda estar\u00e1 em disputa.<\/p>\n\n\n\n<p>Al\u00e9m disso, a equipe de Jorge Jesus est\u00e1 na semifinal da Copa da Turquia. Caso avance para a decis\u00e3o, as datas ainda n\u00e3o est\u00e3o definidas.<\/p>\n\n\n\n<p>Retirado de: Globo Esporte<\/p>\n","protected":false},"excerpt":{"rendered":"<p>Jorge Jesus admitiu ter sido procurado pelo Flamengo. Em um \u00e1udio vazado, o treinador do Fenerbah\u00e7e relatou ter conversado com o vice de futebol Marcos Braz e que agora n\u00e3o pode se transferir ao Rio de Janeiro. Por\u00e9m, n\u00e3o fechou as portas para um retorno: \u2014 Voc\u00eas podiam esperar por mim. O &#8216;Globo Esporte&#8217; confirmou [&hellip;]<\/p>\n","protected":false},"author":1,"featured_media":28883,"comment_status":"open","ping_status":"closed","sticky":false,"template":"","format":"standard","meta":{"footnotes":""},"categories":[1],"tags":[197],"class_list":["post-97078","post","type-post","status-publish","format-standard","has-post-thumbnail","hentry","category-flamengo","tag-jorge-jesus"],"yoast_head":"<!-- This site is optimized with the Yoast SEO Premium plugin v24.2 (Yoast SEO v26.9) - https:\/\/yoast.com\/product\/yoast-seo-premium-wordpress\/ -->\n<title>\u00c1udio de Jorge Jesus vaza e pedido do treinador ao Flamengo \u00e9 revelado; ou\u00e7a a declara\u00e7\u00e3o<\/title>\n<meta name=\"robots\" content=\"index, follow, max-snippet:-1, max-image-preview:large, max-video-preview:-1\" \/>\n<link rel=\"canonical\" href=\"https:\/\/www.gaveanews.com\/index.php\/2023\/04\/13\/audio-vaza-e-pedido-de-jorge-jesus-para-o-flamengo-e-revelado-ouca-a-declaracao-do-treinador\/\" \/>\n<meta property=\"og:locale\" content=\"pt_BR\" \/>\n<meta property=\"og:type\" content=\"article\" \/>\n<meta property=\"og:title\" content=\"\u00c1udio de Jorge Jesus vaza e pedido do treinador ao Flamengo \u00e9 revelado; ou\u00e7a a declara\u00e7\u00e3o\" \/>\n<meta property=\"og:description\" content=\"Jorge Jesus admitiu ter sido procurado pelo Flamengo. Em um \u00e1udio vazado, o treinador do Fenerbah\u00e7e relatou ter conversado com o vice de futebol Marcos Braz e que agora n\u00e3o pode se transferir ao Rio de Janeiro. Por\u00e9m, n\u00e3o fechou as portas para um retorno: \u2014 Voc\u00eas podiam esperar por mim. O &#8216;Globo Esporte&#8217; confirmou [&hellip;]\" \/>\n<meta property=\"og:url\" content=\"https:\/\/www.gaveanews.com\/index.php\/2023\/04\/13\/audio-vaza-e-pedido-de-jorge-jesus-para-o-flamengo-e-revelado-ouca-a-declaracao-do-treinador\/\" \/>\n<meta property=\"og:site_name\" content=\"G\u00e1vea News\" \/>\n<meta property=\"article:publisher\" content=\"https:\/\/facebook.com\/gaveaNews\/\" \/>\n<meta property=\"article:published_time\" content=\"2023-04-13T03:51:04+00:00\" \/>\n<meta property=\"article:modified_time\" content=\"2024-04-07T12:09:30+00:00\" \/>\n<meta property=\"og:image\" content=\"https:\/\/www.gaveanews.com\/wp-content\/uploads\/Tecnico-Jorge-Jesus-durante-uma-partida-do-Flamengo.webp\" \/>\n\t<meta property=\"og:image:width\" content=\"1\" \/>\n\t<meta property=\"og:image:height\" content=\"1\" \/>\n\t<meta property=\"og:image:type\" content=\"image\/jpeg\" \/>\n<meta name=\"author\" content=\"Equipe G\u00e1vea News\" \/>\n<meta name=\"twitter:card\" content=\"summary_large_image\" \/>\n<meta name=\"twitter:label1\" content=\"Escrito por\" \/>\n\t<meta name=\"twitter:data1\" content=\"Equipe G\u00e1vea News\" \/>\n\t<meta name=\"twitter:label2\" content=\"Est. tempo de leitura\" \/>\n\t<meta name=\"twitter:data2\" content=\"4 minutos\" \/>\n<script type=\"application\/ld+json\" class=\"yoast-schema-graph\">{\"@context\":\"https:\/\/schema.org\",\"@graph\":[{\"@type\":\"NewsArticle\",\"@id\":\"https:\/\/www.gaveanews.com\/index.php\/2023\/04\/13\/audio-vaza-e-pedido-de-jorge-jesus-para-o-flamengo-e-revelado-ouca-a-declaracao-do-treinador\/#article\",\"isPartOf\":{\"@id\":\"https:\/\/www.gaveanews.com\/index.php\/2023\/04\/13\/audio-vaza-e-pedido-de-jorge-jesus-para-o-flamengo-e-revelado-ouca-a-declaracao-do-treinador\/\"},\"author\":{\"name\":\"Equipe G\u00e1vea News\",\"@id\":\"https:\/\/www.gaveanews.com\/#\/schema\/person\/2ec14f73fb96be2caf28f91afb14749d\"},\"headline\":\"\u00c1udio de Jorge Jesus vaza e pedido do treinador ao Flamengo \u00e9 revelado; ou\u00e7a a declara\u00e7\u00e3o\",\"datePublished\":\"2023-04-13T03:51:04+00:00\",\"dateModified\":\"2024-04-07T12:09:30+00:00\",\"mainEntityOfPage\":{\"@id\":\"https:\/\/www.gaveanews.com\/index.php\/2023\/04\/13\/audio-vaza-e-pedido-de-jorge-jesus-para-o-flamengo-e-revelado-ouca-a-declaracao-do-treinador\/\"},\"wordCount\":680,\"commentCount\":0,\"image\":{\"@id\":\"https:\/\/www.gaveanews.com\/index.php\/2023\/04\/13\/audio-vaza-e-pedido-de-jorge-jesus-para-o-flamengo-e-revelado-ouca-a-declaracao-do-treinador\/#primaryimage\"},\"thumbnailUrl\":\"https:\/\/www.gaveanews.com\/wp-content\/uploads\/Tecnico-Jorge-Jesus-durante-uma-partida-do-Flamengo.webp\",\"keywords\":[\"Jorge Jesus\"],\"articleSection\":[\"Flamengo\"],\"inLanguage\":\"pt-BR\",\"potentialAction\":[{\"@type\":\"CommentAction\",\"name\":\"Comment\",\"target\":[\"https:\/\/www.gaveanews.com\/index.php\/2023\/04\/13\/audio-vaza-e-pedido-de-jorge-jesus-para-o-flamengo-e-revelado-ouca-a-declaracao-do-treinador\/#respond\"]}],\"copyrightYear\":\"2023\",\"copyrightHolder\":{\"@id\":\"https:\/\/www.gaveanews.com\/#organization\"}},{\"@type\":\"WebPage\",\"@id\":\"https:\/\/www.gaveanews.com\/index.php\/2023\/04\/13\/audio-vaza-e-pedido-de-jorge-jesus-para-o-flamengo-e-revelado-ouca-a-declaracao-do-treinador\/\",\"url\":\"https:\/\/www.gaveanews.com\/index.php\/2023\/04\/13\/audio-vaza-e-pedido-de-jorge-jesus-para-o-flamengo-e-revelado-ouca-a-declaracao-do-treinador\/\",\"name\":\"\u00c1udio de Jorge Jesus vaza e pedido do treinador ao Flamengo \u00e9 revelado; ou\u00e7a a declara\u00e7\u00e3o\",\"isPartOf\":{\"@id\":\"https:\/\/www.gaveanews.com\/#website\"},\"primaryImageOfPage\":{\"@id\":\"https:\/\/www.gaveanews.com\/index.php\/2023\/04\/13\/audio-vaza-e-pedido-de-jorge-jesus-para-o-flamengo-e-revelado-ouca-a-declaracao-do-treinador\/#primaryimage\"},\"image\":{\"@id\":\"https:\/\/www.gaveanews.com\/index.php\/2023\/04\/13\/audio-vaza-e-pedido-de-jorge-jesus-para-o-flamengo-e-revelado-ouca-a-declaracao-do-treinador\/#primaryimage\"},\"thumbnailUrl\":\"https:\/\/www.gaveanews.com\/wp-content\/uploads\/Tecnico-Jorge-Jesus-durante-uma-partida-do-Flamengo.webp\",\"datePublished\":\"2023-04-13T03:51:04+00:00\",\"dateModified\":\"2024-04-07T12:09:30+00:00\",\"author\":{\"@id\":\"https:\/\/www.gaveanews.com\/#\/schema\/person\/2ec14f73fb96be2caf28f91afb14749d\"},\"breadcrumb\":{\"@id\":\"https:\/\/www.gaveanews.com\/index.php\/2023\/04\/13\/audio-vaza-e-pedido-de-jorge-jesus-para-o-flamengo-e-revelado-ouca-a-declaracao-do-treinador\/#breadcrumb\"},\"inLanguage\":\"pt-BR\",\"potentialAction\":[{\"@type\":\"ReadAction\",\"target\":[\"https:\/\/www.gaveanews.com\/index.php\/2023\/04\/13\/audio-vaza-e-pedido-de-jorge-jesus-para-o-flamengo-e-revelado-ouca-a-declaracao-do-treinador\/\"]}]},{\"@type\":\"ImageObject\",\"inLanguage\":\"pt-BR\",\"@id\":\"https:\/\/www.gaveanews.com\/index.php\/2023\/04\/13\/audio-vaza-e-pedido-de-jorge-jesus-para-o-flamengo-e-revelado-ouca-a-declaracao-do-treinador\/#primaryimage\",\"url\":\"https:\/\/www.gaveanews.com\/wp-content\/uploads\/Tecnico-Jorge-Jesus-durante-uma-partida-do-Flamengo.webp\",\"contentUrl\":\"https:\/\/www.gaveanews.com\/wp-content\/uploads\/Tecnico-Jorge-Jesus-durante-uma-partida-do-Flamengo.webp\",\"width\":900,\"height\":600,\"caption\":\"T\u00e9cnico Jorge Jesus durante uma partida do Flamengo (Foto: Reprodu\u00e7\u00e3o\/Flamengo)\"},{\"@type\":\"BreadcrumbList\",\"@id\":\"https:\/\/www.gaveanews.com\/index.php\/2023\/04\/13\/audio-vaza-e-pedido-de-jorge-jesus-para-o-flamengo-e-revelado-ouca-a-declaracao-do-treinador\/#breadcrumb\",\"itemListElement\":[{\"@type\":\"ListItem\",\"position\":1,\"name\":\"Home\",\"item\":\"https:\/\/www.gaveanews.com\/\"},{\"@type\":\"ListItem\",\"position\":2,\"name\":\"\u00c1udio de Jorge Jesus vaza e pedido do treinador ao Flamengo \u00e9 revelado; ou\u00e7a a declara\u00e7\u00e3o\"}]},{\"@type\":\"WebSite\",\"@id\":\"https:\/\/www.gaveanews.com\/#website\",\"url\":\"https:\/\/www.gaveanews.com\/\",\"name\":\"G\u00e1vea News\",\"description\":\"Veja todas as not\u00edcias sobre o Flamengo: Contrata\u00e7\u00f5es, categorias de base, resultados das partidas, tabela de classifica\u00e7\u00e3o, pr\u00f3ximos jogos!\",\"potentialAction\":[{\"@type\":\"SearchAction\",\"target\":{\"@type\":\"EntryPoint\",\"urlTemplate\":\"https:\/\/www.gaveanews.com\/?s={search_term_string}\"},\"query-input\":{\"@type\":\"PropertyValueSpecification\",\"valueRequired\":true,\"valueName\":\"search_term_string\"}}],\"inLanguage\":\"pt-BR\"},{\"@type\":\"Person\",\"@id\":\"https:\/\/www.gaveanews.com\/#\/schema\/person\/2ec14f73fb96be2caf28f91afb14749d\",\"name\":\"Equipe G\u00e1vea News\",\"image\":{\"@type\":\"ImageObject\",\"inLanguage\":\"pt-BR\",\"@id\":\"https:\/\/www.gaveanews.com\/#\/schema\/person\/image\/\",\"url\":\"https:\/\/secure.gravatar.com\/avatar\/1e1956f1facbffd3f8fa53a326721950116b3b9dc9bd44939c01180fd4a745a9?s=96&d=mm&r=g\",\"contentUrl\":\"https:\/\/secure.gravatar.com\/avatar\/1e1956f1facbffd3f8fa53a326721950116b3b9dc9bd44939c01180fd4a745a9?s=96&d=mm&r=g\",\"caption\":\"Equipe G\u00e1vea News\"}}]}<\/script>\n<!-- \/ Yoast SEO Premium plugin. -->","yoast_head_json":{"title":"\u00c1udio de Jorge Jesus vaza e pedido do treinador ao Flamengo \u00e9 revelado; ou\u00e7a a declara\u00e7\u00e3o","robots":{"index":"index","follow":"follow","max-snippet":"max-snippet:-1","max-image-preview":"max-image-preview:large","max-video-preview":"max-video-preview:-1"},"canonical":"https:\/\/www.gaveanews.com\/index.php\/2023\/04\/13\/audio-vaza-e-pedido-de-jorge-jesus-para-o-flamengo-e-revelado-ouca-a-declaracao-do-treinador\/","og_locale":"pt_BR","og_type":"article","og_title":"\u00c1udio de Jorge Jesus vaza e pedido do treinador ao Flamengo \u00e9 revelado; ou\u00e7a a declara\u00e7\u00e3o","og_description":"Jorge Jesus admitiu ter sido procurado pelo Flamengo. Em um \u00e1udio vazado, o treinador do Fenerbah\u00e7e relatou ter conversado com o vice de futebol Marcos Braz e que agora n\u00e3o pode se transferir ao Rio de Janeiro. Por\u00e9m, n\u00e3o fechou as portas para um retorno: \u2014 Voc\u00eas podiam esperar por mim. O &#8216;Globo Esporte&#8217; confirmou [&hellip;]","og_url":"https:\/\/www.gaveanews.com\/index.php\/2023\/04\/13\/audio-vaza-e-pedido-de-jorge-jesus-para-o-flamengo-e-revelado-ouca-a-declaracao-do-treinador\/","og_site_name":"G\u00e1vea News","article_publisher":"https:\/\/facebook.com\/gaveaNews\/","article_published_time":"2023-04-13T03:51:04+00:00","article_modified_time":"2024-04-07T12:09:30+00:00","og_image":[{"url":"https:\/\/www.gaveanews.com\/wp-content\/uploads\/Tecnico-Jorge-Jesus-durante-uma-partida-do-Flamengo.webp","width":1,"height":1,"type":"image\/jpeg"}],"author":"Equipe G\u00e1vea News","twitter_card":"summary_large_image","twitter_misc":{"Escrito por":"Equipe G\u00e1vea News","Est. tempo de leitura":"4 minutos"},"schema":{"@context":"https:\/\/schema.org","@graph":[{"@type":"NewsArticle","@id":"https:\/\/www.gaveanews.com\/index.php\/2023\/04\/13\/audio-vaza-e-pedido-de-jorge-jesus-para-o-flamengo-e-revelado-ouca-a-declaracao-do-treinador\/#article","isPartOf":{"@id":"https:\/\/www.gaveanews.com\/index.php\/2023\/04\/13\/audio-vaza-e-pedido-de-jorge-jesus-para-o-flamengo-e-revelado-ouca-a-declaracao-do-treinador\/"},"author":{"name":"Equipe G\u00e1vea News","@id":"https:\/\/www.gaveanews.com\/#\/schema\/person\/2ec14f73fb96be2caf28f91afb14749d"},"headline":"\u00c1udio de Jorge Jesus vaza e pedido do treinador ao Flamengo \u00e9 revelado; ou\u00e7a a declara\u00e7\u00e3o","datePublished":"2023-04-13T03:51:04+00:00","dateModified":"2024-04-07T12:09:30+00:00","mainEntityOfPage":{"@id":"https:\/\/www.gaveanews.com\/index.php\/2023\/04\/13\/audio-vaza-e-pedido-de-jorge-jesus-para-o-flamengo-e-revelado-ouca-a-declaracao-do-treinador\/"},"wordCount":680,"commentCount":0,"image":{"@id":"https:\/\/www.gaveanews.com\/index.php\/2023\/04\/13\/audio-vaza-e-pedido-de-jorge-jesus-para-o-flamengo-e-revelado-ouca-a-declaracao-do-treinador\/#primaryimage"},"thumbnailUrl":"https:\/\/www.gaveanews.com\/wp-content\/uploads\/Tecnico-Jorge-Jesus-durante-uma-partida-do-Flamengo.webp","keywords":["Jorge Jesus"],"articleSection":["Flamengo"],"inLanguage":"pt-BR","potentialAction":[{"@type":"CommentAction","name":"Comment","target":["https:\/\/www.gaveanews.com\/index.php\/2023\/04\/13\/audio-vaza-e-pedido-de-jorge-jesus-para-o-flamengo-e-revelado-ouca-a-declaracao-do-treinador\/#respond"]}],"copyrightYear":"2023","copyrightHolder":{"@id":"https:\/\/www.gaveanews.com\/#organization"}},{"@type":"WebPage","@id":"https:\/\/www.gaveanews.com\/index.php\/2023\/04\/13\/audio-vaza-e-pedido-de-jorge-jesus-para-o-flamengo-e-revelado-ouca-a-declaracao-do-treinador\/","url":"https:\/\/www.gaveanews.com\/index.php\/2023\/04\/13\/audio-vaza-e-pedido-de-jorge-jesus-para-o-flamengo-e-revelado-ouca-a-declaracao-do-treinador\/","name":"\u00c1udio de Jorge Jesus vaza e pedido do treinador ao Flamengo \u00e9 revelado; ou\u00e7a a declara\u00e7\u00e3o","isPartOf":{"@id":"https:\/\/www.gaveanews.com\/#website"},"primaryImageOfPage":{"@id":"https:\/\/www.gaveanews.com\/index.php\/2023\/04\/13\/audio-vaza-e-pedido-de-jorge-jesus-para-o-flamengo-e-revelado-ouca-a-declaracao-do-treinador\/#primaryimage"},"image":{"@id":"https:\/\/www.gaveanews.com\/index.php\/2023\/04\/13\/audio-vaza-e-pedido-de-jorge-jesus-para-o-flamengo-e-revelado-ouca-a-declaracao-do-treinador\/#primaryimage"},"thumbnailUrl":"https:\/\/www.gaveanews.com\/wp-content\/uploads\/Tecnico-Jorge-Jesus-durante-uma-partida-do-Flamengo.webp","datePublished":"2023-04-13T03:51:04+00:00","dateModified":"2024-04-07T12:09:30+00:00","author":{"@id":"https:\/\/www.gaveanews.com\/#\/schema\/person\/2ec14f73fb96be2caf28f91afb14749d"},"breadcrumb":{"@id":"https:\/\/www.gaveanews.com\/index.php\/2023\/04\/13\/audio-vaza-e-pedido-de-jorge-jesus-para-o-flamengo-e-revelado-ouca-a-declaracao-do-treinador\/#breadcrumb"},"inLanguage":"pt-BR","potentialAction":[{"@type":"ReadAction","target":["https:\/\/www.gaveanews.com\/index.php\/2023\/04\/13\/audio-vaza-e-pedido-de-jorge-jesus-para-o-flamengo-e-revelado-ouca-a-declaracao-do-treinador\/"]}]},{"@type":"ImageObject","inLanguage":"pt-BR","@id":"https:\/\/www.gaveanews.com\/index.php\/2023\/04\/13\/audio-vaza-e-pedido-de-jorge-jesus-para-o-flamengo-e-revelado-ouca-a-declaracao-do-treinador\/#primaryimage","url":"https:\/\/www.gaveanews.com\/wp-content\/uploads\/Tecnico-Jorge-Jesus-durante-uma-partida-do-Flamengo.webp","contentUrl":"https:\/\/www.gaveanews.com\/wp-content\/uploads\/Tecnico-Jorge-Jesus-durante-uma-partida-do-Flamengo.webp","width":900,"height":600,"caption":"T\u00e9cnico Jorge Jesus durante uma partida do Flamengo (Foto: Reprodu\u00e7\u00e3o\/Flamengo)"},{"@type":"BreadcrumbList","@id":"https:\/\/www.gaveanews.com\/index.php\/2023\/04\/13\/audio-vaza-e-pedido-de-jorge-jesus-para-o-flamengo-e-revelado-ouca-a-declaracao-do-treinador\/#breadcrumb","itemListElement":[{"@type":"ListItem","position":1,"name":"Home","item":"https:\/\/www.gaveanews.com\/"},{"@type":"ListItem","position":2,"name":"\u00c1udio de Jorge Jesus vaza e pedido do treinador ao Flamengo \u00e9 revelado; ou\u00e7a a declara\u00e7\u00e3o"}]},{"@type":"WebSite","@id":"https:\/\/www.gaveanews.com\/#website","url":"https:\/\/www.gaveanews.com\/","name":"G\u00e1vea News","description":"Veja todas as not\u00edcias sobre o Flamengo: Contrata\u00e7\u00f5es, categorias de base, resultados das partidas, tabela de classifica\u00e7\u00e3o, pr\u00f3ximos jogos!","potentialAction":[{"@type":"SearchAction","target":{"@type":"EntryPoint","urlTemplate":"https:\/\/www.gaveanews.com\/?s={search_term_string}"},"query-input":{"@type":"PropertyValueSpecification","valueRequired":true,"valueName":"search_term_string"}}],"inLanguage":"pt-BR"},{"@type":"Person","@id":"https:\/\/www.gaveanews.com\/#\/schema\/person\/2ec14f73fb96be2caf28f91afb14749d","name":"Equipe G\u00e1vea News","image":{"@type":"ImageObject","inLanguage":"pt-BR","@id":"https:\/\/www.gaveanews.com\/#\/schema\/person\/image\/","url":"https:\/\/secure.gravatar.com\/avatar\/1e1956f1facbffd3f8fa53a326721950116b3b9dc9bd44939c01180fd4a745a9?s=96&d=mm&r=g","contentUrl":"https:\/\/secure.gravatar.com\/avatar\/1e1956f1facbffd3f8fa53a326721950116b3b9dc9bd44939c01180fd4a745a9?s=96&d=mm&r=g","caption":"Equipe G\u00e1vea News"}}]}},"_links":{"self":[{"href":"https:\/\/www.gaveanews.com\/index.php\/wp-json\/wp\/v2\/posts\/97078","targetHints":{"allow":["GET"]}}],"collection":[{"href":"https:\/\/www.gaveanews.com\/index.php\/wp-json\/wp\/v2\/posts"}],"about":[{"href":"https:\/\/www.gaveanews.com\/index.php\/wp-json\/wp\/v2\/types\/post"}],"author":[{"embeddable":true,"href":"https:\/\/www.gaveanews.com\/index.php\/wp-json\/wp\/v2\/users\/1"}],"replies":[{"embeddable":true,"href":"https:\/\/www.gaveanews.com\/index.php\/wp-json\/wp\/v2\/comments?post=97078"}],"version-history":[{"count":1,"href":"https:\/\/www.gaveanews.com\/index.php\/wp-json\/wp\/v2\/posts\/97078\/revisions"}],"predecessor-version":[{"id":136637,"href":"https:\/\/www.gaveanews.com\/index.php\/wp-json\/wp\/v2\/posts\/97078\/revisions\/136637"}],"wp:featuredmedia":[{"embeddable":true,"href":"https:\/\/www.gaveanews.com\/index.php\/wp-json\/wp\/v2\/media\/28883"}],"wp:attachment":[{"href":"https:\/\/www.gaveanews.com\/index.php\/wp-json\/wp\/v2\/media?parent=97078"}],"wp:term":[{"taxonomy":"category","embeddable":true,"href":"https:\/\/www.gaveanews.com\/index.php\/wp-json\/wp\/v2\/categories?post=97078"},{"taxonomy":"post_tag","embeddable":true,"href":"https:\/\/www.gaveanews.com\/index.php\/wp-json\/wp\/v2\/tags?post=97078"}],"curies":[{"name":"wp","href":"https:\/\/api.w.org\/{rel}","templated":true}]}}