{"id":97387,"date":"2023-04-19T17:09:37","date_gmt":"2023-04-19T20:09:37","guid":{"rendered":"https:\/\/www.gaveanews.com\/?p=97387"},"modified":"2023-04-19T20:36:14","modified_gmt":"2023-04-19T23:36:14","slug":"saiu-veja-a-escalacao-do-flamengo-para-o-jogo-contra-o-nublense","status":"publish","type":"post","link":"https:\/\/www.gaveanews.com\/index.php\/2023\/04\/19\/saiu-veja-a-escalacao-do-flamengo-para-o-jogo-contra-o-nublense\/","title":{"rendered":"Saiu! Veja a escala\u00e7\u00e3o do Flamengo para o jogo contra o \u00d1ublense"},"content":{"rendered":"\n<p>Nesta noite, o Flamengo vai ao Maracan\u00e3 para receber o \u00d1ublense pela segunda rodada da fase de grupos da Libertadores. A bola rola para as equipes \u00e0s 21h30 (hor\u00e1rio de Bras\u00edlia).<\/p>\n\n\n\n<p>Devidamente regularizado e liberado para comandar o Mais Querido, Sampaoli estrear\u00e1 defendendo o Manto Sagrado nesta quarta-feira (19). O treinador realizou apenas dois treinos com sua nova equipe e busca os primeiros pontos do Fla na fase de grupos.<\/p>\n\n\n\n<h2 class=\"wp-block-heading\" id=\"h-transmissao\">Transmiss\u00e3o<\/h2>\n\n\n\n<p>TV Globo, ESPN e Star+. Vale destacar que a Rede Globo n\u00e3o ir\u00e1 transmitir o jogo para todo o Brasil. <a href=\"https:\/\/www.gaveanews.com\/index.php\/2023\/04\/19\/globo-nao-ira-transmitir-jogo-do-flamengo-para-todo-o-brasil-veja-qual-partida-passara-em-seu-estado\/\">Clique aqui e veja a rela\u00e7\u00e3o de cada estado<\/a>.<\/p>\n\n\n\n<h2 class=\"wp-block-heading\" id=\"h-desfalques\">Desfalques<\/h2>\n\n\n\n<p>Arrascaeta&nbsp;(les\u00e3o no adutor esquerdo), Erick Pulgar (fratura no p\u00e9), Matheuzinho (fratura na perna esquerda), Filipe Lu\u00eds (inc\u00f4modo na panturrilha esquerda) e Bruno Henrique (processo de transi\u00e7\u00e3o &#8211; <a href=\"https:\/\/www.gaveanews.com\/index.php\/2023\/04\/19\/bruno-henrique-e-arrascaeta-entenda-melhor-a-situacao-dos-jogadores-do-flamengo\/\">clique aqui e leia mais sobre a situa\u00e7\u00e3o do atacante<\/a>).<\/p>\n\n\n\n<h2 class=\"wp-block-heading\" id=\"h-escalacao\">Escala\u00e7\u00e3o<\/h2>\n\n\n\n<p>Santos; Fabr\u00edcio Bruno, David Luiz e L\u00e9o Pereira; Vidal; Marinho, Thiago Maia, Gerson e Ayrton Lucas; Gabigol e Pedro.<\/p>\n\n\n\n<p><em>O atacante Gabigol ser\u00e1 o titular da equipe flamenguista.<\/em><\/p>\n\n\n\n<h2 class=\"wp-block-heading\" id=\"h-banco-de-reservas\">Banco de reservas<\/h2>\n\n\n\n<p>Matheus Cunha, Varela, Wesley, Rodrigo Caio, Pablo, Igor Jesus, Victor Hugo, Everton Ribeiro, Matheus Fran\u00e7a, Matheus Gon\u00e7alves, Everton Cebolinha e Andr\u00e9.<\/p>\n\n\n\n<h2 class=\"wp-block-heading\" id=\"h-arbitragem\">Arbitragem<\/h2>\n\n\n\n<ul class=\"wp-block-list\">\n<li><strong>\u00c1rbitro:<\/strong> Wilmar Rold\u00e1n (COL)<\/li>\n\n\n\n<li><strong>Assistente 1:<\/strong>&nbsp;Dionisio Ruiz (COL)<\/li>\n\n\n\n<li><strong>Assistente 2:<\/strong>&nbsp;Alexander Guzman (COL)<\/li>\n\n\n\n<li><strong>Quarto \u00e1rbitro<\/strong>: Andres Rojas (COL)<\/li>\n\n\n\n<li><strong>VAR:<\/strong>&nbsp;Leonard Mosquera e Yadir Acu\u00f1a (COL)<\/li>\n<\/ul>\n","protected":false},"excerpt":{"rendered":"<p>Nesta noite, o Flamengo vai ao Maracan\u00e3 para receber o \u00d1ublense pela segunda rodada da fase de grupos da Libertadores. A bola rola para as equipes \u00e0s 21h30 (hor\u00e1rio de Bras\u00edlia). Devidamente regularizado e liberado para comandar o Mais Querido, Sampaoli estrear\u00e1 defendendo o Manto Sagrado nesta quarta-feira (19). O treinador realizou apenas dois treinos [&hellip;]<\/p>\n","protected":false},"author":4,"featured_media":83199,"comment_status":"open","ping_status":"closed","sticky":false,"template":"","format":"standard","meta":{"footnotes":""},"categories":[1],"tags":[],"class_list":["post-97387","post","type-post","status-publish","format-standard","has-post-thumbnail","hentry","category-flamengo"],"yoast_head":"<!-- This site is optimized with the Yoast SEO Premium plugin v24.2 (Yoast SEO v26.9) - https:\/\/yoast.com\/product\/yoast-seo-premium-wordpress\/ -->\n<title>Saiu! Veja a escala\u00e7\u00e3o do Flamengo para o jogo contra o \u00d1ublense<\/title>\n<meta name=\"robots\" content=\"index, follow, max-snippet:-1, max-image-preview:large, max-video-preview:-1\" \/>\n<link rel=\"canonical\" href=\"https:\/\/www.gaveanews.com\/index.php\/2023\/04\/19\/saiu-veja-a-escalacao-do-flamengo-para-o-jogo-contra-o-nublense\/\" \/>\n<meta property=\"og:locale\" content=\"pt_BR\" \/>\n<meta property=\"og:type\" content=\"article\" \/>\n<meta property=\"og:title\" content=\"Saiu! Veja a escala\u00e7\u00e3o do Flamengo para o jogo contra o \u00d1ublense\" \/>\n<meta property=\"og:description\" content=\"Nesta noite, o Flamengo vai ao Maracan\u00e3 para receber o \u00d1ublense pela segunda rodada da fase de grupos da Libertadores. A bola rola para as equipes \u00e0s 21h30 (hor\u00e1rio de Bras\u00edlia). Devidamente regularizado e liberado para comandar o Mais Querido, Sampaoli estrear\u00e1 defendendo o Manto Sagrado nesta quarta-feira (19). O treinador realizou apenas dois treinos [&hellip;]\" \/>\n<meta property=\"og:url\" content=\"https:\/\/www.gaveanews.com\/index.php\/2023\/04\/19\/saiu-veja-a-escalacao-do-flamengo-para-o-jogo-contra-o-nublense\/\" \/>\n<meta property=\"og:site_name\" content=\"G\u00e1vea News\" \/>\n<meta property=\"article:publisher\" content=\"https:\/\/facebook.com\/gaveaNews\/\" \/>\n<meta property=\"article:published_time\" content=\"2023-04-19T20:09:37+00:00\" \/>\n<meta property=\"article:modified_time\" content=\"2023-04-19T23:36:14+00:00\" \/>\n<meta property=\"og:image\" content=\"https:\/\/www.gaveanews.com\/wp-content\/uploads\/Escalacao-oficial-do-Flamengo.webp\" \/>\n\t<meta property=\"og:image:width\" content=\"2048\" \/>\n\t<meta property=\"og:image:height\" content=\"1363\" \/>\n\t<meta property=\"og:image:type\" content=\"image\/webp\" \/>\n<meta name=\"author\" content=\"Let\u00edcia Gerheim\" \/>\n<meta name=\"twitter:card\" content=\"summary_large_image\" \/>\n<meta name=\"twitter:label1\" content=\"Escrito por\" \/>\n\t<meta name=\"twitter:data1\" content=\"Let\u00edcia Gerheim\" \/>\n\t<meta name=\"twitter:label2\" content=\"Est. tempo de leitura\" \/>\n\t<meta name=\"twitter:data2\" content=\"2 minutos\" \/>\n<script type=\"application\/ld+json\" class=\"yoast-schema-graph\">{\"@context\":\"https:\/\/schema.org\",\"@graph\":[{\"@type\":\"NewsArticle\",\"@id\":\"https:\/\/www.gaveanews.com\/index.php\/2023\/04\/19\/saiu-veja-a-escalacao-do-flamengo-para-o-jogo-contra-o-nublense\/#article\",\"isPartOf\":{\"@id\":\"https:\/\/www.gaveanews.com\/index.php\/2023\/04\/19\/saiu-veja-a-escalacao-do-flamengo-para-o-jogo-contra-o-nublense\/\"},\"author\":{\"name\":\"Let\u00edcia Gerheim\",\"@id\":\"https:\/\/www.gaveanews.com\/#\/schema\/person\/714c67050b836198af2450ba1c142a67\"},\"headline\":\"Saiu! Veja a escala\u00e7\u00e3o do Flamengo para o jogo contra o \u00d1ublense\",\"datePublished\":\"2023-04-19T20:09:37+00:00\",\"dateModified\":\"2023-04-19T23:36:14+00:00\",\"mainEntityOfPage\":{\"@id\":\"https:\/\/www.gaveanews.com\/index.php\/2023\/04\/19\/saiu-veja-a-escalacao-do-flamengo-para-o-jogo-contra-o-nublense\/\"},\"wordCount\":250,\"commentCount\":0,\"image\":{\"@id\":\"https:\/\/www.gaveanews.com\/index.php\/2023\/04\/19\/saiu-veja-a-escalacao-do-flamengo-para-o-jogo-contra-o-nublense\/#primaryimage\"},\"thumbnailUrl\":\"https:\/\/www.gaveanews.com\/wp-content\/uploads\/Escalacao-oficial-do-Flamengo.webp\",\"articleSection\":[\"Flamengo\"],\"inLanguage\":\"pt-BR\",\"potentialAction\":[{\"@type\":\"CommentAction\",\"name\":\"Comment\",\"target\":[\"https:\/\/www.gaveanews.com\/index.php\/2023\/04\/19\/saiu-veja-a-escalacao-do-flamengo-para-o-jogo-contra-o-nublense\/#respond\"]}],\"copyrightYear\":\"2023\",\"copyrightHolder\":{\"@id\":\"https:\/\/www.gaveanews.com\/#organization\"}},{\"@type\":\"WebPage\",\"@id\":\"https:\/\/www.gaveanews.com\/index.php\/2023\/04\/19\/saiu-veja-a-escalacao-do-flamengo-para-o-jogo-contra-o-nublense\/\",\"url\":\"https:\/\/www.gaveanews.com\/index.php\/2023\/04\/19\/saiu-veja-a-escalacao-do-flamengo-para-o-jogo-contra-o-nublense\/\",\"name\":\"Saiu! Veja a escala\u00e7\u00e3o do Flamengo para o jogo contra o \u00d1ublense\",\"isPartOf\":{\"@id\":\"https:\/\/www.gaveanews.com\/#website\"},\"primaryImageOfPage\":{\"@id\":\"https:\/\/www.gaveanews.com\/index.php\/2023\/04\/19\/saiu-veja-a-escalacao-do-flamengo-para-o-jogo-contra-o-nublense\/#primaryimage\"},\"image\":{\"@id\":\"https:\/\/www.gaveanews.com\/index.php\/2023\/04\/19\/saiu-veja-a-escalacao-do-flamengo-para-o-jogo-contra-o-nublense\/#primaryimage\"},\"thumbnailUrl\":\"https:\/\/www.gaveanews.com\/wp-content\/uploads\/Escalacao-oficial-do-Flamengo.webp\",\"datePublished\":\"2023-04-19T20:09:37+00:00\",\"dateModified\":\"2023-04-19T23:36:14+00:00\",\"author\":{\"@id\":\"https:\/\/www.gaveanews.com\/#\/schema\/person\/714c67050b836198af2450ba1c142a67\"},\"breadcrumb\":{\"@id\":\"https:\/\/www.gaveanews.com\/index.php\/2023\/04\/19\/saiu-veja-a-escalacao-do-flamengo-para-o-jogo-contra-o-nublense\/#breadcrumb\"},\"inLanguage\":\"pt-BR\",\"potentialAction\":[{\"@type\":\"ReadAction\",\"target\":[\"https:\/\/www.gaveanews.com\/index.php\/2023\/04\/19\/saiu-veja-a-escalacao-do-flamengo-para-o-jogo-contra-o-nublense\/\"]}]},{\"@type\":\"ImageObject\",\"inLanguage\":\"pt-BR\",\"@id\":\"https:\/\/www.gaveanews.com\/index.php\/2023\/04\/19\/saiu-veja-a-escalacao-do-flamengo-para-o-jogo-contra-o-nublense\/#primaryimage\",\"url\":\"https:\/\/www.gaveanews.com\/wp-content\/uploads\/Escalacao-oficial-do-Flamengo.webp\",\"contentUrl\":\"https:\/\/www.gaveanews.com\/wp-content\/uploads\/Escalacao-oficial-do-Flamengo.webp\",\"width\":2048,\"height\":1363,\"caption\":\"Escala\u00e7\u00e3o oficial do Flamengo (Ilustra\u00e7\u00e3o: Editoria de Arte\/GaveaNews.com)\"},{\"@type\":\"BreadcrumbList\",\"@id\":\"https:\/\/www.gaveanews.com\/index.php\/2023\/04\/19\/saiu-veja-a-escalacao-do-flamengo-para-o-jogo-contra-o-nublense\/#breadcrumb\",\"itemListElement\":[{\"@type\":\"ListItem\",\"position\":1,\"name\":\"Home\",\"item\":\"https:\/\/www.gaveanews.com\/\"},{\"@type\":\"ListItem\",\"position\":2,\"name\":\"Saiu! Veja a escala\u00e7\u00e3o do Flamengo para o jogo contra o \u00d1ublense\"}]},{\"@type\":\"WebSite\",\"@id\":\"https:\/\/www.gaveanews.com\/#website\",\"url\":\"https:\/\/www.gaveanews.com\/\",\"name\":\"G\u00e1vea News\",\"description\":\"Veja todas as not\u00edcias sobre o Flamengo: Contrata\u00e7\u00f5es, categorias de base, resultados das partidas, tabela de classifica\u00e7\u00e3o, pr\u00f3ximos jogos!\",\"potentialAction\":[{\"@type\":\"SearchAction\",\"target\":{\"@type\":\"EntryPoint\",\"urlTemplate\":\"https:\/\/www.gaveanews.com\/?s={search_term_string}\"},\"query-input\":{\"@type\":\"PropertyValueSpecification\",\"valueRequired\":true,\"valueName\":\"search_term_string\"}}],\"inLanguage\":\"pt-BR\"},{\"@type\":\"Person\",\"@id\":\"https:\/\/www.gaveanews.com\/#\/schema\/person\/714c67050b836198af2450ba1c142a67\",\"name\":\"Let\u00edcia Gerheim\",\"image\":{\"@type\":\"ImageObject\",\"inLanguage\":\"pt-BR\",\"@id\":\"https:\/\/www.gaveanews.com\/#\/schema\/person\/image\/\",\"url\":\"https:\/\/secure.gravatar.com\/avatar\/60734739c50fcebfbac509e2a826ccd0ff405c019bc73aab9354f19ecad1dcb4?s=96&d=mm&r=g\",\"contentUrl\":\"https:\/\/secure.gravatar.com\/avatar\/60734739c50fcebfbac509e2a826ccd0ff405c019bc73aab9354f19ecad1dcb4?s=96&d=mm&r=g\",\"caption\":\"Let\u00edcia Gerheim\"}}]}<\/script>\n<!-- \/ Yoast SEO Premium plugin. -->","yoast_head_json":{"title":"Saiu! Veja a escala\u00e7\u00e3o do Flamengo para o jogo contra o \u00d1ublense","robots":{"index":"index","follow":"follow","max-snippet":"max-snippet:-1","max-image-preview":"max-image-preview:large","max-video-preview":"max-video-preview:-1"},"canonical":"https:\/\/www.gaveanews.com\/index.php\/2023\/04\/19\/saiu-veja-a-escalacao-do-flamengo-para-o-jogo-contra-o-nublense\/","og_locale":"pt_BR","og_type":"article","og_title":"Saiu! Veja a escala\u00e7\u00e3o do Flamengo para o jogo contra o \u00d1ublense","og_description":"Nesta noite, o Flamengo vai ao Maracan\u00e3 para receber o \u00d1ublense pela segunda rodada da fase de grupos da Libertadores. A bola rola para as equipes \u00e0s 21h30 (hor\u00e1rio de Bras\u00edlia). Devidamente regularizado e liberado para comandar o Mais Querido, Sampaoli estrear\u00e1 defendendo o Manto Sagrado nesta quarta-feira (19). O treinador realizou apenas dois treinos [&hellip;]","og_url":"https:\/\/www.gaveanews.com\/index.php\/2023\/04\/19\/saiu-veja-a-escalacao-do-flamengo-para-o-jogo-contra-o-nublense\/","og_site_name":"G\u00e1vea News","article_publisher":"https:\/\/facebook.com\/gaveaNews\/","article_published_time":"2023-04-19T20:09:37+00:00","article_modified_time":"2023-04-19T23:36:14+00:00","og_image":[{"width":2048,"height":1363,"url":"https:\/\/www.gaveanews.com\/wp-content\/uploads\/Escalacao-oficial-do-Flamengo.webp","type":"image\/webp"}],"author":"Let\u00edcia Gerheim","twitter_card":"summary_large_image","twitter_misc":{"Escrito por":"Let\u00edcia Gerheim","Est. tempo de leitura":"2 minutos"},"schema":{"@context":"https:\/\/schema.org","@graph":[{"@type":"NewsArticle","@id":"https:\/\/www.gaveanews.com\/index.php\/2023\/04\/19\/saiu-veja-a-escalacao-do-flamengo-para-o-jogo-contra-o-nublense\/#article","isPartOf":{"@id":"https:\/\/www.gaveanews.com\/index.php\/2023\/04\/19\/saiu-veja-a-escalacao-do-flamengo-para-o-jogo-contra-o-nublense\/"},"author":{"name":"Let\u00edcia Gerheim","@id":"https:\/\/www.gaveanews.com\/#\/schema\/person\/714c67050b836198af2450ba1c142a67"},"headline":"Saiu! Veja a escala\u00e7\u00e3o do Flamengo para o jogo contra o \u00d1ublense","datePublished":"2023-04-19T20:09:37+00:00","dateModified":"2023-04-19T23:36:14+00:00","mainEntityOfPage":{"@id":"https:\/\/www.gaveanews.com\/index.php\/2023\/04\/19\/saiu-veja-a-escalacao-do-flamengo-para-o-jogo-contra-o-nublense\/"},"wordCount":250,"commentCount":0,"image":{"@id":"https:\/\/www.gaveanews.com\/index.php\/2023\/04\/19\/saiu-veja-a-escalacao-do-flamengo-para-o-jogo-contra-o-nublense\/#primaryimage"},"thumbnailUrl":"https:\/\/www.gaveanews.com\/wp-content\/uploads\/Escalacao-oficial-do-Flamengo.webp","articleSection":["Flamengo"],"inLanguage":"pt-BR","potentialAction":[{"@type":"CommentAction","name":"Comment","target":["https:\/\/www.gaveanews.com\/index.php\/2023\/04\/19\/saiu-veja-a-escalacao-do-flamengo-para-o-jogo-contra-o-nublense\/#respond"]}],"copyrightYear":"2023","copyrightHolder":{"@id":"https:\/\/www.gaveanews.com\/#organization"}},{"@type":"WebPage","@id":"https:\/\/www.gaveanews.com\/index.php\/2023\/04\/19\/saiu-veja-a-escalacao-do-flamengo-para-o-jogo-contra-o-nublense\/","url":"https:\/\/www.gaveanews.com\/index.php\/2023\/04\/19\/saiu-veja-a-escalacao-do-flamengo-para-o-jogo-contra-o-nublense\/","name":"Saiu! Veja a escala\u00e7\u00e3o do Flamengo para o jogo contra o \u00d1ublense","isPartOf":{"@id":"https:\/\/www.gaveanews.com\/#website"},"primaryImageOfPage":{"@id":"https:\/\/www.gaveanews.com\/index.php\/2023\/04\/19\/saiu-veja-a-escalacao-do-flamengo-para-o-jogo-contra-o-nublense\/#primaryimage"},"image":{"@id":"https:\/\/www.gaveanews.com\/index.php\/2023\/04\/19\/saiu-veja-a-escalacao-do-flamengo-para-o-jogo-contra-o-nublense\/#primaryimage"},"thumbnailUrl":"https:\/\/www.gaveanews.com\/wp-content\/uploads\/Escalacao-oficial-do-Flamengo.webp","datePublished":"2023-04-19T20:09:37+00:00","dateModified":"2023-04-19T23:36:14+00:00","author":{"@id":"https:\/\/www.gaveanews.com\/#\/schema\/person\/714c67050b836198af2450ba1c142a67"},"breadcrumb":{"@id":"https:\/\/www.gaveanews.com\/index.php\/2023\/04\/19\/saiu-veja-a-escalacao-do-flamengo-para-o-jogo-contra-o-nublense\/#breadcrumb"},"inLanguage":"pt-BR","potentialAction":[{"@type":"ReadAction","target":["https:\/\/www.gaveanews.com\/index.php\/2023\/04\/19\/saiu-veja-a-escalacao-do-flamengo-para-o-jogo-contra-o-nublense\/"]}]},{"@type":"ImageObject","inLanguage":"pt-BR","@id":"https:\/\/www.gaveanews.com\/index.php\/2023\/04\/19\/saiu-veja-a-escalacao-do-flamengo-para-o-jogo-contra-o-nublense\/#primaryimage","url":"https:\/\/www.gaveanews.com\/wp-content\/uploads\/Escalacao-oficial-do-Flamengo.webp","contentUrl":"https:\/\/www.gaveanews.com\/wp-content\/uploads\/Escalacao-oficial-do-Flamengo.webp","width":2048,"height":1363,"caption":"Escala\u00e7\u00e3o oficial do Flamengo (Ilustra\u00e7\u00e3o: Editoria de Arte\/GaveaNews.com)"},{"@type":"BreadcrumbList","@id":"https:\/\/www.gaveanews.com\/index.php\/2023\/04\/19\/saiu-veja-a-escalacao-do-flamengo-para-o-jogo-contra-o-nublense\/#breadcrumb","itemListElement":[{"@type":"ListItem","position":1,"name":"Home","item":"https:\/\/www.gaveanews.com\/"},{"@type":"ListItem","position":2,"name":"Saiu! Veja a escala\u00e7\u00e3o do Flamengo para o jogo contra o \u00d1ublense"}]},{"@type":"WebSite","@id":"https:\/\/www.gaveanews.com\/#website","url":"https:\/\/www.gaveanews.com\/","name":"G\u00e1vea News","description":"Veja todas as not\u00edcias sobre o Flamengo: Contrata\u00e7\u00f5es, categorias de base, resultados das partidas, tabela de classifica\u00e7\u00e3o, pr\u00f3ximos jogos!","potentialAction":[{"@type":"SearchAction","target":{"@type":"EntryPoint","urlTemplate":"https:\/\/www.gaveanews.com\/?s={search_term_string}"},"query-input":{"@type":"PropertyValueSpecification","valueRequired":true,"valueName":"search_term_string"}}],"inLanguage":"pt-BR"},{"@type":"Person","@id":"https:\/\/www.gaveanews.com\/#\/schema\/person\/714c67050b836198af2450ba1c142a67","name":"Let\u00edcia Gerheim","image":{"@type":"ImageObject","inLanguage":"pt-BR","@id":"https:\/\/www.gaveanews.com\/#\/schema\/person\/image\/","url":"https:\/\/secure.gravatar.com\/avatar\/60734739c50fcebfbac509e2a826ccd0ff405c019bc73aab9354f19ecad1dcb4?s=96&d=mm&r=g","contentUrl":"https:\/\/secure.gravatar.com\/avatar\/60734739c50fcebfbac509e2a826ccd0ff405c019bc73aab9354f19ecad1dcb4?s=96&d=mm&r=g","caption":"Let\u00edcia Gerheim"}}]}},"_links":{"self":[{"href":"https:\/\/www.gaveanews.com\/index.php\/wp-json\/wp\/v2\/posts\/97387","targetHints":{"allow":["GET"]}}],"collection":[{"href":"https:\/\/www.gaveanews.com\/index.php\/wp-json\/wp\/v2\/posts"}],"about":[{"href":"https:\/\/www.gaveanews.com\/index.php\/wp-json\/wp\/v2\/types\/post"}],"author":[{"embeddable":true,"href":"https:\/\/www.gaveanews.com\/index.php\/wp-json\/wp\/v2\/users\/4"}],"replies":[{"embeddable":true,"href":"https:\/\/www.gaveanews.com\/index.php\/wp-json\/wp\/v2\/comments?post=97387"}],"version-history":[{"count":0,"href":"https:\/\/www.gaveanews.com\/index.php\/wp-json\/wp\/v2\/posts\/97387\/revisions"}],"wp:featuredmedia":[{"embeddable":true,"href":"https:\/\/www.gaveanews.com\/index.php\/wp-json\/wp\/v2\/media\/83199"}],"wp:attachment":[{"href":"https:\/\/www.gaveanews.com\/index.php\/wp-json\/wp\/v2\/media?parent=97387"}],"wp:term":[{"taxonomy":"category","embeddable":true,"href":"https:\/\/www.gaveanews.com\/index.php\/wp-json\/wp\/v2\/categories?post=97387"},{"taxonomy":"post_tag","embeddable":true,"href":"https:\/\/www.gaveanews.com\/index.php\/wp-json\/wp\/v2\/tags?post=97387"}],"curies":[{"name":"wp","href":"https:\/\/api.w.org\/{rel}","templated":true}]}}