{"id":97397,"date":"2023-04-18T13:57:55","date_gmt":"2023-04-18T16:57:55","guid":{"rendered":"https:\/\/www.gaveanews.com\/?p=97397"},"modified":"2023-04-18T13:58:46","modified_gmt":"2023-04-18T16:58:46","slug":"empresario-de-gabigol-fala-sobre-propostas-para-ele-deixar-o-flamengo","status":"publish","type":"post","link":"https:\/\/www.gaveanews.com\/index.php\/2023\/04\/18\/empresario-de-gabigol-fala-sobre-propostas-para-ele-deixar-o-flamengo\/","title":{"rendered":"Empres\u00e1rio de Gabigol fala sobre propostas para ele deixar o Flamengo; assista"},"content":{"rendered":"\n<p>Principal goleador do Flamengo desde 2019, Gabigol carrega entre os rivais a fama negativa de n\u00e3o ter dado certo no futebol europeu. O atacante acumula passagens frustradas por Inter de Mil\u00e3o, na It\u00e1lia, e Benfica, em Portugal. Segundo o empres\u00e1rio Wagner Ribeiro, entretanto, o artilheiro rubro-negro foi boicotado no futebol italiano.<\/p>\n\n\n\n<p>Em entrevista ao podcast \u2018Reis da Resenha\u2019, da Jovem Pan, Wagner Ribeiro revelou que Gabigol recebe proposta para deixar o Flamengo com frequ\u00eancia. O empres\u00e1rio ainda afirmou que se estivesse jogando em times como PSG, Chelsea ou Manchester City, o atacante seria um dos destaques.<\/p>\n\n\n\n<p><em>\u2014 Propostas n\u00e3o faltaram (para o Gabigol voltar para Europa). Toda janela tem proposta para sair. Ele esteve jogando na Inter de Mil\u00e3o e realmente n\u00e3o foi bem, mas porque n\u00e3o deram oportunidades pra ele. Em Portugal, no Benfica, por exemplo, ele ficou pouco tempo<\/em>, disse Wagner Ribeiro.<\/p>\n\n\n\n<p><em>\u2014 Na Inter de Mil\u00e3o os argentinos boicotaram ele, o treinador colocava ele pra aquecer aos 35 minutos do segundo tempo. Ele foi boicotado na It\u00e1lia, n\u00e3o deixaram ele jogar. Como voc\u00ea pode analisar um jogador se ele n\u00e3o joga? O diretor de futebol era o (Javier) Zanetti, o centroavante era o Icardi e n\u00e3o deixaram ele jogar. Mas coloca ele pra jogar no PSG com Messi e Neymar\u2026 Vai ser o artilheiro. Coloca no Chelsea ou no Manchester City, ele certamente vai fazer gols pra caramba<\/em>, acrescentou.<\/p>\n\n\n\n<figure class=\"wp-block-embed is-type-rich is-provider-twitter wp-block-embed-twitter\"><div class=\"wp-block-embed__wrapper\">\n<blockquote class=\"twitter-tweet\" data-width=\"550\" data-dnt=\"true\"><p lang=\"pt\" dir=\"ltr\"><a href=\"https:\/\/twitter.com\/hashtag\/ReisdaResenha?src=hash&amp;ref_src=twsrc%5Etfw\">#ReisdaResenha<\/a> | Wagner Ribeiro fala sobre um poss\u00edvel RETORNO de Gabigol \u00e0 Europa: &quot;Propostas N\u00c3O FALTARAM! TODA JANELA tem proposta PARA SAIR. Os argentinos BOICOTARAM ele (na Inter de Mil\u00e3o)&quot;. <a href=\"https:\/\/t.co\/LSOBYRv1om\">pic.twitter.com\/LSOBYRv1om<\/a><\/p>&mdash; Jovem Pan Esportes (@JovemPanEsporte) <a href=\"https:\/\/twitter.com\/JovemPanEsporte\/status\/1648100833538572295?ref_src=twsrc%5Etfw\">April 17, 2023<\/a><\/blockquote><script async src=\"https:\/\/platform.twitter.com\/widgets.js\" charset=\"utf-8\"><\/script>\n<\/div><\/figure>\n\n\n\n<h2 class=\"wp-block-heading\" id=\"h-gabigol-na-europa\">Gabigol na Europa:<\/h2>\n\n\n\n<p>Em sua coletiva de apresenta\u00e7\u00e3o no Flamengo, o t\u00e9cnico Jorge Sampaoli elogiou Gabigol e revelou ter pedido a contrata\u00e7\u00e3o do atacante no Sevilla, da Espanha. Com v\u00ednculo at\u00e9 dezembro de 2024 com o Flamengo, Gabigol tem uma multa rescis\u00f3ria avaliada em 33 milh\u00f5es de euros.<\/p>\n\n\n\n<p>\u2014 <em>Pude enfrent\u00e1-lo no Santos e quando estava no Atl\u00e9tico e sofremos muito pela sua capacidade de gol, que n\u00f3s reconhecemos nele. Sim, o recomendamos ao Sevilla, mas n\u00e3o foi poss\u00edvel. Pensando em um jogador que estando bem, soma muitos pontos e \u00e9 nisso que ele pode me ajudar basicamente. Que a equipe ganhe e que some muitos pontos atrav\u00e9s da sua efic\u00e1cia, \u00e9 um movimento de cada lado<\/em>, disse o argentino.<\/p>\n\n\n\n<p>No futebol europeu, por exemplo, Gabigol disputou dez jogos pela Inter de Mil\u00e3o, onde marcou um \u00fanico gol oficial. Ademais, no Benfica, foram apenas cinco partidas e um gol.<\/p>\n\n\n\n<p>Retirado de: Torcedores <\/p>\n","protected":false},"excerpt":{"rendered":"<p>Principal goleador do Flamengo desde 2019, Gabigol carrega entre os rivais a fama negativa de n\u00e3o ter dado certo no futebol europeu. O atacante acumula passagens frustradas por Inter de Mil\u00e3o, na It\u00e1lia, e Benfica, em Portugal. Segundo o empres\u00e1rio Wagner Ribeiro, entretanto, o artilheiro rubro-negro foi boicotado no futebol italiano. Em entrevista ao podcast [&hellip;]<\/p>\n","protected":false},"author":1,"featured_media":90493,"comment_status":"open","ping_status":"closed","sticky":false,"template":"","format":"standard","meta":{"footnotes":""},"categories":[48,40],"tags":[],"class_list":["post-97397","post","type-post","status-publish","format-standard","has-post-thumbnail","hentry","category-negociacoes","category-video"],"yoast_head":"<!-- This site is optimized with the Yoast SEO Premium plugin v24.2 (Yoast SEO v26.9) - https:\/\/yoast.com\/product\/yoast-seo-premium-wordpress\/ -->\n<title>Empres\u00e1rio de Gabigol fala sobre propostas para ele deixar o Flamengo; assista<\/title>\n<meta name=\"robots\" content=\"index, follow, max-snippet:-1, max-image-preview:large, max-video-preview:-1\" \/>\n<link rel=\"canonical\" href=\"https:\/\/www.gaveanews.com\/index.php\/2023\/04\/18\/empresario-de-gabigol-fala-sobre-propostas-para-ele-deixar-o-flamengo\/\" \/>\n<meta property=\"og:locale\" content=\"pt_BR\" \/>\n<meta property=\"og:type\" content=\"article\" \/>\n<meta property=\"og:title\" content=\"Empres\u00e1rio de Gabigol fala sobre propostas para ele deixar o Flamengo; assista\" \/>\n<meta property=\"og:description\" content=\"Principal goleador do Flamengo desde 2019, Gabigol carrega entre os rivais a fama negativa de n\u00e3o ter dado certo no futebol europeu. O atacante acumula passagens frustradas por Inter de Mil\u00e3o, na It\u00e1lia, e Benfica, em Portugal. Segundo o empres\u00e1rio Wagner Ribeiro, entretanto, o artilheiro rubro-negro foi boicotado no futebol italiano. Em entrevista ao podcast [&hellip;]\" \/>\n<meta property=\"og:url\" content=\"https:\/\/www.gaveanews.com\/index.php\/2023\/04\/18\/empresario-de-gabigol-fala-sobre-propostas-para-ele-deixar-o-flamengo\/\" \/>\n<meta property=\"og:site_name\" content=\"G\u00e1vea News\" \/>\n<meta property=\"article:publisher\" content=\"https:\/\/facebook.com\/gaveaNews\/\" \/>\n<meta property=\"article:published_time\" content=\"2023-04-18T16:57:55+00:00\" \/>\n<meta property=\"article:modified_time\" content=\"2023-04-18T16:58:46+00:00\" \/>\n<meta property=\"og:image\" content=\"https:\/\/www.gaveanews.com\/wp-content\/uploads\/gabigol-taca-libertadores-2022.webp\" \/>\n\t<meta property=\"og:image:width\" content=\"799\" \/>\n\t<meta property=\"og:image:height\" content=\"533\" \/>\n\t<meta property=\"og:image:type\" content=\"image\/jpeg\" \/>\n<meta name=\"author\" content=\"Equipe G\u00e1vea News\" \/>\n<meta name=\"twitter:card\" content=\"summary_large_image\" \/>\n<meta name=\"twitter:label1\" content=\"Escrito por\" \/>\n\t<meta name=\"twitter:data1\" content=\"Equipe G\u00e1vea News\" \/>\n\t<meta name=\"twitter:label2\" content=\"Est. tempo de leitura\" \/>\n\t<meta name=\"twitter:data2\" content=\"3 minutos\" \/>\n<script type=\"application\/ld+json\" class=\"yoast-schema-graph\">{\"@context\":\"https:\/\/schema.org\",\"@graph\":[{\"@type\":\"NewsArticle\",\"@id\":\"https:\/\/www.gaveanews.com\/index.php\/2023\/04\/18\/empresario-de-gabigol-fala-sobre-propostas-para-ele-deixar-o-flamengo\/#article\",\"isPartOf\":{\"@id\":\"https:\/\/www.gaveanews.com\/index.php\/2023\/04\/18\/empresario-de-gabigol-fala-sobre-propostas-para-ele-deixar-o-flamengo\/\"},\"author\":{\"name\":\"Equipe G\u00e1vea News\",\"@id\":\"https:\/\/www.gaveanews.com\/#\/schema\/person\/2ec14f73fb96be2caf28f91afb14749d\"},\"headline\":\"Empres\u00e1rio de Gabigol fala sobre propostas para ele deixar o Flamengo; assista\",\"datePublished\":\"2023-04-18T16:57:55+00:00\",\"dateModified\":\"2023-04-18T16:58:46+00:00\",\"mainEntityOfPage\":{\"@id\":\"https:\/\/www.gaveanews.com\/index.php\/2023\/04\/18\/empresario-de-gabigol-fala-sobre-propostas-para-ele-deixar-o-flamengo\/\"},\"wordCount\":422,\"commentCount\":0,\"image\":{\"@id\":\"https:\/\/www.gaveanews.com\/index.php\/2023\/04\/18\/empresario-de-gabigol-fala-sobre-propostas-para-ele-deixar-o-flamengo\/#primaryimage\"},\"thumbnailUrl\":\"https:\/\/www.gaveanews.com\/wp-content\/uploads\/gabigol-taca-libertadores-2022.webp\",\"articleSection\":[\"Negocia\u00e7\u00f5es\",\"V\u00eddeos\"],\"inLanguage\":\"pt-BR\",\"potentialAction\":[{\"@type\":\"CommentAction\",\"name\":\"Comment\",\"target\":[\"https:\/\/www.gaveanews.com\/index.php\/2023\/04\/18\/empresario-de-gabigol-fala-sobre-propostas-para-ele-deixar-o-flamengo\/#respond\"]}],\"copyrightYear\":\"2023\",\"copyrightHolder\":{\"@id\":\"https:\/\/www.gaveanews.com\/#organization\"}},{\"@type\":\"WebPage\",\"@id\":\"https:\/\/www.gaveanews.com\/index.php\/2023\/04\/18\/empresario-de-gabigol-fala-sobre-propostas-para-ele-deixar-o-flamengo\/\",\"url\":\"https:\/\/www.gaveanews.com\/index.php\/2023\/04\/18\/empresario-de-gabigol-fala-sobre-propostas-para-ele-deixar-o-flamengo\/\",\"name\":\"Empres\u00e1rio de Gabigol fala sobre propostas para ele deixar o Flamengo; assista\",\"isPartOf\":{\"@id\":\"https:\/\/www.gaveanews.com\/#website\"},\"primaryImageOfPage\":{\"@id\":\"https:\/\/www.gaveanews.com\/index.php\/2023\/04\/18\/empresario-de-gabigol-fala-sobre-propostas-para-ele-deixar-o-flamengo\/#primaryimage\"},\"image\":{\"@id\":\"https:\/\/www.gaveanews.com\/index.php\/2023\/04\/18\/empresario-de-gabigol-fala-sobre-propostas-para-ele-deixar-o-flamengo\/#primaryimage\"},\"thumbnailUrl\":\"https:\/\/www.gaveanews.com\/wp-content\/uploads\/gabigol-taca-libertadores-2022.webp\",\"datePublished\":\"2023-04-18T16:57:55+00:00\",\"dateModified\":\"2023-04-18T16:58:46+00:00\",\"author\":{\"@id\":\"https:\/\/www.gaveanews.com\/#\/schema\/person\/2ec14f73fb96be2caf28f91afb14749d\"},\"breadcrumb\":{\"@id\":\"https:\/\/www.gaveanews.com\/index.php\/2023\/04\/18\/empresario-de-gabigol-fala-sobre-propostas-para-ele-deixar-o-flamengo\/#breadcrumb\"},\"inLanguage\":\"pt-BR\",\"potentialAction\":[{\"@type\":\"ReadAction\",\"target\":[\"https:\/\/www.gaveanews.com\/index.php\/2023\/04\/18\/empresario-de-gabigol-fala-sobre-propostas-para-ele-deixar-o-flamengo\/\"]}]},{\"@type\":\"ImageObject\",\"inLanguage\":\"pt-BR\",\"@id\":\"https:\/\/www.gaveanews.com\/index.php\/2023\/04\/18\/empresario-de-gabigol-fala-sobre-propostas-para-ele-deixar-o-flamengo\/#primaryimage\",\"url\":\"https:\/\/www.gaveanews.com\/wp-content\/uploads\/gabigol-taca-libertadores-2022.webp\",\"contentUrl\":\"https:\/\/www.gaveanews.com\/wp-content\/uploads\/gabigol-taca-libertadores-2022.webp\",\"width\":799,\"height\":533,\"caption\":\"Gabigol abra\u00e7a a ta\u00e7a da Libertadores (Foto: Gilvan de Souza\/Flamengo)\"},{\"@type\":\"BreadcrumbList\",\"@id\":\"https:\/\/www.gaveanews.com\/index.php\/2023\/04\/18\/empresario-de-gabigol-fala-sobre-propostas-para-ele-deixar-o-flamengo\/#breadcrumb\",\"itemListElement\":[{\"@type\":\"ListItem\",\"position\":1,\"name\":\"Home\",\"item\":\"https:\/\/www.gaveanews.com\/\"},{\"@type\":\"ListItem\",\"position\":2,\"name\":\"Empres\u00e1rio de Gabigol fala sobre propostas para ele deixar o Flamengo; assista\"}]},{\"@type\":\"WebSite\",\"@id\":\"https:\/\/www.gaveanews.com\/#website\",\"url\":\"https:\/\/www.gaveanews.com\/\",\"name\":\"G\u00e1vea News\",\"description\":\"Veja todas as not\u00edcias sobre o Flamengo: Contrata\u00e7\u00f5es, categorias de base, resultados das partidas, tabela de classifica\u00e7\u00e3o, pr\u00f3ximos jogos!\",\"potentialAction\":[{\"@type\":\"SearchAction\",\"target\":{\"@type\":\"EntryPoint\",\"urlTemplate\":\"https:\/\/www.gaveanews.com\/?s={search_term_string}\"},\"query-input\":{\"@type\":\"PropertyValueSpecification\",\"valueRequired\":true,\"valueName\":\"search_term_string\"}}],\"inLanguage\":\"pt-BR\"},{\"@type\":\"Person\",\"@id\":\"https:\/\/www.gaveanews.com\/#\/schema\/person\/2ec14f73fb96be2caf28f91afb14749d\",\"name\":\"Equipe G\u00e1vea News\",\"image\":{\"@type\":\"ImageObject\",\"inLanguage\":\"pt-BR\",\"@id\":\"https:\/\/www.gaveanews.com\/#\/schema\/person\/image\/\",\"url\":\"https:\/\/secure.gravatar.com\/avatar\/1e1956f1facbffd3f8fa53a326721950116b3b9dc9bd44939c01180fd4a745a9?s=96&d=mm&r=g\",\"contentUrl\":\"https:\/\/secure.gravatar.com\/avatar\/1e1956f1facbffd3f8fa53a326721950116b3b9dc9bd44939c01180fd4a745a9?s=96&d=mm&r=g\",\"caption\":\"Equipe G\u00e1vea News\"}}]}<\/script>\n<!-- \/ Yoast SEO Premium plugin. -->","yoast_head_json":{"title":"Empres\u00e1rio de Gabigol fala sobre propostas para ele deixar o Flamengo; assista","robots":{"index":"index","follow":"follow","max-snippet":"max-snippet:-1","max-image-preview":"max-image-preview:large","max-video-preview":"max-video-preview:-1"},"canonical":"https:\/\/www.gaveanews.com\/index.php\/2023\/04\/18\/empresario-de-gabigol-fala-sobre-propostas-para-ele-deixar-o-flamengo\/","og_locale":"pt_BR","og_type":"article","og_title":"Empres\u00e1rio de Gabigol fala sobre propostas para ele deixar o Flamengo; assista","og_description":"Principal goleador do Flamengo desde 2019, Gabigol carrega entre os rivais a fama negativa de n\u00e3o ter dado certo no futebol europeu. O atacante acumula passagens frustradas por Inter de Mil\u00e3o, na It\u00e1lia, e Benfica, em Portugal. Segundo o empres\u00e1rio Wagner Ribeiro, entretanto, o artilheiro rubro-negro foi boicotado no futebol italiano. Em entrevista ao podcast [&hellip;]","og_url":"https:\/\/www.gaveanews.com\/index.php\/2023\/04\/18\/empresario-de-gabigol-fala-sobre-propostas-para-ele-deixar-o-flamengo\/","og_site_name":"G\u00e1vea News","article_publisher":"https:\/\/facebook.com\/gaveaNews\/","article_published_time":"2023-04-18T16:57:55+00:00","article_modified_time":"2023-04-18T16:58:46+00:00","og_image":[{"width":799,"height":533,"url":"https:\/\/www.gaveanews.com\/wp-content\/uploads\/gabigol-taca-libertadores-2022.webp","type":"image\/jpeg"}],"author":"Equipe G\u00e1vea News","twitter_card":"summary_large_image","twitter_misc":{"Escrito por":"Equipe G\u00e1vea News","Est. tempo de leitura":"3 minutos"},"schema":{"@context":"https:\/\/schema.org","@graph":[{"@type":"NewsArticle","@id":"https:\/\/www.gaveanews.com\/index.php\/2023\/04\/18\/empresario-de-gabigol-fala-sobre-propostas-para-ele-deixar-o-flamengo\/#article","isPartOf":{"@id":"https:\/\/www.gaveanews.com\/index.php\/2023\/04\/18\/empresario-de-gabigol-fala-sobre-propostas-para-ele-deixar-o-flamengo\/"},"author":{"name":"Equipe G\u00e1vea News","@id":"https:\/\/www.gaveanews.com\/#\/schema\/person\/2ec14f73fb96be2caf28f91afb14749d"},"headline":"Empres\u00e1rio de Gabigol fala sobre propostas para ele deixar o Flamengo; assista","datePublished":"2023-04-18T16:57:55+00:00","dateModified":"2023-04-18T16:58:46+00:00","mainEntityOfPage":{"@id":"https:\/\/www.gaveanews.com\/index.php\/2023\/04\/18\/empresario-de-gabigol-fala-sobre-propostas-para-ele-deixar-o-flamengo\/"},"wordCount":422,"commentCount":0,"image":{"@id":"https:\/\/www.gaveanews.com\/index.php\/2023\/04\/18\/empresario-de-gabigol-fala-sobre-propostas-para-ele-deixar-o-flamengo\/#primaryimage"},"thumbnailUrl":"https:\/\/www.gaveanews.com\/wp-content\/uploads\/gabigol-taca-libertadores-2022.webp","articleSection":["Negocia\u00e7\u00f5es","V\u00eddeos"],"inLanguage":"pt-BR","potentialAction":[{"@type":"CommentAction","name":"Comment","target":["https:\/\/www.gaveanews.com\/index.php\/2023\/04\/18\/empresario-de-gabigol-fala-sobre-propostas-para-ele-deixar-o-flamengo\/#respond"]}],"copyrightYear":"2023","copyrightHolder":{"@id":"https:\/\/www.gaveanews.com\/#organization"}},{"@type":"WebPage","@id":"https:\/\/www.gaveanews.com\/index.php\/2023\/04\/18\/empresario-de-gabigol-fala-sobre-propostas-para-ele-deixar-o-flamengo\/","url":"https:\/\/www.gaveanews.com\/index.php\/2023\/04\/18\/empresario-de-gabigol-fala-sobre-propostas-para-ele-deixar-o-flamengo\/","name":"Empres\u00e1rio de Gabigol fala sobre propostas para ele deixar o Flamengo; assista","isPartOf":{"@id":"https:\/\/www.gaveanews.com\/#website"},"primaryImageOfPage":{"@id":"https:\/\/www.gaveanews.com\/index.php\/2023\/04\/18\/empresario-de-gabigol-fala-sobre-propostas-para-ele-deixar-o-flamengo\/#primaryimage"},"image":{"@id":"https:\/\/www.gaveanews.com\/index.php\/2023\/04\/18\/empresario-de-gabigol-fala-sobre-propostas-para-ele-deixar-o-flamengo\/#primaryimage"},"thumbnailUrl":"https:\/\/www.gaveanews.com\/wp-content\/uploads\/gabigol-taca-libertadores-2022.webp","datePublished":"2023-04-18T16:57:55+00:00","dateModified":"2023-04-18T16:58:46+00:00","author":{"@id":"https:\/\/www.gaveanews.com\/#\/schema\/person\/2ec14f73fb96be2caf28f91afb14749d"},"breadcrumb":{"@id":"https:\/\/www.gaveanews.com\/index.php\/2023\/04\/18\/empresario-de-gabigol-fala-sobre-propostas-para-ele-deixar-o-flamengo\/#breadcrumb"},"inLanguage":"pt-BR","potentialAction":[{"@type":"ReadAction","target":["https:\/\/www.gaveanews.com\/index.php\/2023\/04\/18\/empresario-de-gabigol-fala-sobre-propostas-para-ele-deixar-o-flamengo\/"]}]},{"@type":"ImageObject","inLanguage":"pt-BR","@id":"https:\/\/www.gaveanews.com\/index.php\/2023\/04\/18\/empresario-de-gabigol-fala-sobre-propostas-para-ele-deixar-o-flamengo\/#primaryimage","url":"https:\/\/www.gaveanews.com\/wp-content\/uploads\/gabigol-taca-libertadores-2022.webp","contentUrl":"https:\/\/www.gaveanews.com\/wp-content\/uploads\/gabigol-taca-libertadores-2022.webp","width":799,"height":533,"caption":"Gabigol abra\u00e7a a ta\u00e7a da Libertadores (Foto: Gilvan de Souza\/Flamengo)"},{"@type":"BreadcrumbList","@id":"https:\/\/www.gaveanews.com\/index.php\/2023\/04\/18\/empresario-de-gabigol-fala-sobre-propostas-para-ele-deixar-o-flamengo\/#breadcrumb","itemListElement":[{"@type":"ListItem","position":1,"name":"Home","item":"https:\/\/www.gaveanews.com\/"},{"@type":"ListItem","position":2,"name":"Empres\u00e1rio de Gabigol fala sobre propostas para ele deixar o Flamengo; assista"}]},{"@type":"WebSite","@id":"https:\/\/www.gaveanews.com\/#website","url":"https:\/\/www.gaveanews.com\/","name":"G\u00e1vea News","description":"Veja todas as not\u00edcias sobre o Flamengo: Contrata\u00e7\u00f5es, categorias de base, resultados das partidas, tabela de classifica\u00e7\u00e3o, pr\u00f3ximos jogos!","potentialAction":[{"@type":"SearchAction","target":{"@type":"EntryPoint","urlTemplate":"https:\/\/www.gaveanews.com\/?s={search_term_string}"},"query-input":{"@type":"PropertyValueSpecification","valueRequired":true,"valueName":"search_term_string"}}],"inLanguage":"pt-BR"},{"@type":"Person","@id":"https:\/\/www.gaveanews.com\/#\/schema\/person\/2ec14f73fb96be2caf28f91afb14749d","name":"Equipe G\u00e1vea News","image":{"@type":"ImageObject","inLanguage":"pt-BR","@id":"https:\/\/www.gaveanews.com\/#\/schema\/person\/image\/","url":"https:\/\/secure.gravatar.com\/avatar\/1e1956f1facbffd3f8fa53a326721950116b3b9dc9bd44939c01180fd4a745a9?s=96&d=mm&r=g","contentUrl":"https:\/\/secure.gravatar.com\/avatar\/1e1956f1facbffd3f8fa53a326721950116b3b9dc9bd44939c01180fd4a745a9?s=96&d=mm&r=g","caption":"Equipe G\u00e1vea News"}}]}},"_links":{"self":[{"href":"https:\/\/www.gaveanews.com\/index.php\/wp-json\/wp\/v2\/posts\/97397","targetHints":{"allow":["GET"]}}],"collection":[{"href":"https:\/\/www.gaveanews.com\/index.php\/wp-json\/wp\/v2\/posts"}],"about":[{"href":"https:\/\/www.gaveanews.com\/index.php\/wp-json\/wp\/v2\/types\/post"}],"author":[{"embeddable":true,"href":"https:\/\/www.gaveanews.com\/index.php\/wp-json\/wp\/v2\/users\/1"}],"replies":[{"embeddable":true,"href":"https:\/\/www.gaveanews.com\/index.php\/wp-json\/wp\/v2\/comments?post=97397"}],"version-history":[{"count":0,"href":"https:\/\/www.gaveanews.com\/index.php\/wp-json\/wp\/v2\/posts\/97397\/revisions"}],"wp:featuredmedia":[{"embeddable":true,"href":"https:\/\/www.gaveanews.com\/index.php\/wp-json\/wp\/v2\/media\/90493"}],"wp:attachment":[{"href":"https:\/\/www.gaveanews.com\/index.php\/wp-json\/wp\/v2\/media?parent=97397"}],"wp:term":[{"taxonomy":"category","embeddable":true,"href":"https:\/\/www.gaveanews.com\/index.php\/wp-json\/wp\/v2\/categories?post=97397"},{"taxonomy":"post_tag","embeddable":true,"href":"https:\/\/www.gaveanews.com\/index.php\/wp-json\/wp\/v2\/tags?post=97397"}],"curies":[{"name":"wp","href":"https:\/\/api.w.org\/{rel}","templated":true}]}}