{"id":97415,"date":"2023-04-18T16:14:41","date_gmt":"2023-04-18T19:14:41","guid":{"rendered":"https:\/\/www.gaveanews.com\/?p=97415"},"modified":"2023-04-18T16:21:56","modified_gmt":"2023-04-18T19:21:56","slug":"torcida-do-flamengo-aprova-alteracao-promovida-por-jorge-sampaoli-tem-que-colocar-pra-ralar-mesmo","status":"publish","type":"post","link":"https:\/\/www.gaveanews.com\/index.php\/2023\/04\/18\/torcida-do-flamengo-aprova-alteracao-promovida-por-jorge-sampaoli-tem-que-colocar-pra-ralar-mesmo\/","title":{"rendered":"Torcida do Flamengo aprova altera\u00e7\u00e3o promovida por Jorge Sampaoli: \u201cTem que colocar pra ralar mesmo\u201d"},"content":{"rendered":"\n<p>Visto como um profissional r\u00edgido em seu trabalho, Jorge Sampaoli, logo de cara, optou por definir a rotina dos treinamentos do Flamengo. Segundo o jornalista Ven\u00ea Casagrande, o argentino vai priorizar atividades pela manh\u00e3, tendo em vista quest\u00f5es como alimenta\u00e7\u00e3o e descanso antes do esfor\u00e7o praticado no Ninho do Urubu. Sendo assim, caso seja necess\u00e1rio, o per\u00edodo da tarde ser\u00e1 utilizado para implementa\u00e7\u00f5es comandadas pela comiss\u00e3o t\u00e9cnica.<\/p>\n\n\n\n<p><em>\u2014 Sampaoli \u00e9 adepto de treino pela manh\u00e3. No entendimento dele, a atividade faz com que os atletas durmam mais cedo, se alimentem de maneira mais saud\u00e1vel por ser no CT e ainda t\u00eam o per\u00edodo da tarde para fazer outro trabalho no CT, caso necess\u00e1rio. Hoje o Flamengo j\u00e1 treinou<\/em>, informou Ven\u00ea.<\/p>\n\n\n\n<p>Neste cen\u00e1rio, a medida ganhou elogios por parte dos torcedores. Como os atletas precisam descansar para mostrar servi\u00e7o para Sampaoli nos treinos, a tend\u00eancia \u00e9 de uma dedica\u00e7\u00e3o e compromisso ainda maiores no CT do clube. Em sua apresenta\u00e7\u00e3o, o t\u00e9cnico garantiu que n\u00e3o vai priorizar nenhuma competi\u00e7\u00e3o, motivo pelo qual o preparo ser\u00e1 essencial na busca por t\u00edtulos na sequ\u00eancia do ano.<\/p>\n\n\n\n<p><em>\u2014 Pelas minhas caracter\u00edsticas, n\u00e3o penso em priorizar nada. S\u00f3 penso que cada partida e cada compet\u00eancia e tentaremos colocar o melhor que temos para tentar ganhar. Sei da import\u00e2ncia de cada competi\u00e7\u00e3o\u2026 para mim, o mais importante \u00e9 isso (escudo da camisa do Flamengo) e cada vez que se representa, seja em um amistoso ou em uma final, em qualquer partida, Flamengo ter\u00e1 o melhor do que eu penso que ser\u00e1 melhor<\/em>, disse.<\/p>\n\n\n\n<p>Mediante o estilo de Sampaoli, houve uma aposta que n\u00e3o haver\u00e1 brecha para \u201ccorpo mole\u201d nos bastidores do Flamengo. Diante disso, contra o \u00d1ublense, pela Libertadores, ser\u00e1 poss\u00edvel ver parte dos resultados dos trabalhos desenvolvidos pelo sucessor de V\u00edtor Pereira. Veja abaixo as rea\u00e7\u00f5es dos torcedores.<\/p>\n\n\n\n<figure class=\"wp-block-image size-large\"><img decoding=\"async\" src=\"https:\/\/pbs.twimg.com\/media\/FuBQji-WwAIb6Mq?format=jpg\" alt=\"\"\/><\/figure>\n\n\n\n<figure class=\"wp-block-image size-large\"><img decoding=\"async\" src=\"https:\/\/pbs.twimg.com\/media\/FuBQjOBXsAEvzci?format=jpg\" alt=\"\"\/><\/figure>\n\n\n\n<figure class=\"wp-block-image size-large\"><img decoding=\"async\" src=\"https:\/\/pbs.twimg.com\/media\/FuBQiK3WwAEFdxy?format=jpg\" alt=\"\"\/><\/figure>\n\n\n\n<figure class=\"wp-block-image size-large\"><img decoding=\"async\" src=\"https:\/\/pbs.twimg.com\/media\/FuBQisNWcAEpzjZ?format=jpg\" alt=\"\"\/><\/figure>\n\n\n\n<figure class=\"wp-block-image size-large\"><img decoding=\"async\" src=\"https:\/\/pbs.twimg.com\/media\/FuBQkYrWcAEbT9i?format=jpg\" alt=\"\"\/><\/figure>\n\n\n\n<p>Retirado de: Torcedores<\/p>\n","protected":false},"excerpt":{"rendered":"<p>Visto como um profissional r\u00edgido em seu trabalho, Jorge Sampaoli, logo de cara, optou por definir a rotina dos treinamentos do Flamengo. Segundo o jornalista Ven\u00ea Casagrande, o argentino vai priorizar atividades pela manh\u00e3, tendo em vista quest\u00f5es como alimenta\u00e7\u00e3o e descanso antes do esfor\u00e7o praticado no Ninho do Urubu. Sendo assim, caso seja necess\u00e1rio, [&hellip;]<\/p>\n","protected":false},"author":1,"featured_media":97379,"comment_status":"open","ping_status":"closed","sticky":false,"template":"","format":"standard","meta":{"footnotes":""},"categories":[47],"tags":[],"class_list":["post-97415","post","type-post","status-publish","format-standard","has-post-thumbnail","hentry","category-destaques"],"yoast_head":"<!-- This site is optimized with the Yoast SEO Premium plugin v24.2 (Yoast SEO v26.9) - https:\/\/yoast.com\/product\/yoast-seo-premium-wordpress\/ -->\n<title>Torcida do Flamengo aprova altera\u00e7\u00e3o promovida por Jorge Sampaoli: \u201cTem que colocar pra ralar mesmo\u201d<\/title>\n<meta name=\"robots\" content=\"index, follow, max-snippet:-1, max-image-preview:large, max-video-preview:-1\" \/>\n<link rel=\"canonical\" href=\"https:\/\/www.gaveanews.com\/index.php\/2023\/04\/18\/torcida-do-flamengo-aprova-alteracao-promovida-por-jorge-sampaoli-tem-que-colocar-pra-ralar-mesmo\/\" \/>\n<meta property=\"og:locale\" content=\"pt_BR\" \/>\n<meta property=\"og:type\" content=\"article\" \/>\n<meta property=\"og:title\" content=\"Torcida do Flamengo aprova altera\u00e7\u00e3o promovida por Jorge Sampaoli: \u201cTem que colocar pra ralar mesmo\u201d\" \/>\n<meta property=\"og:description\" content=\"Visto como um profissional r\u00edgido em seu trabalho, Jorge Sampaoli, logo de cara, optou por definir a rotina dos treinamentos do Flamengo. Segundo o jornalista Ven\u00ea Casagrande, o argentino vai priorizar atividades pela manh\u00e3, tendo em vista quest\u00f5es como alimenta\u00e7\u00e3o e descanso antes do esfor\u00e7o praticado no Ninho do Urubu. Sendo assim, caso seja necess\u00e1rio, [&hellip;]\" \/>\n<meta property=\"og:url\" content=\"https:\/\/www.gaveanews.com\/index.php\/2023\/04\/18\/torcida-do-flamengo-aprova-alteracao-promovida-por-jorge-sampaoli-tem-que-colocar-pra-ralar-mesmo\/\" \/>\n<meta property=\"og:site_name\" content=\"G\u00e1vea News\" \/>\n<meta property=\"article:publisher\" content=\"https:\/\/facebook.com\/gaveaNews\/\" \/>\n<meta property=\"article:published_time\" content=\"2023-04-18T19:14:41+00:00\" \/>\n<meta property=\"article:modified_time\" content=\"2023-04-18T19:21:56+00:00\" \/>\n<meta property=\"og:image\" content=\"https:\/\/www.gaveanews.com\/wp-content\/uploads\/jogadores-jorge-sampaoli-treino-flamengo.webp\" \/>\n\t<meta property=\"og:image:width\" content=\"900\" \/>\n\t<meta property=\"og:image:height\" content=\"600\" \/>\n\t<meta property=\"og:image:type\" content=\"image\/jpeg\" \/>\n<meta name=\"author\" content=\"Equipe G\u00e1vea News\" \/>\n<meta name=\"twitter:card\" content=\"summary_large_image\" \/>\n<meta name=\"twitter:label1\" content=\"Escrito por\" \/>\n\t<meta name=\"twitter:data1\" content=\"Equipe G\u00e1vea News\" \/>\n\t<meta name=\"twitter:label2\" content=\"Est. tempo de leitura\" \/>\n\t<meta name=\"twitter:data2\" content=\"3 minutos\" \/>\n<script type=\"application\/ld+json\" class=\"yoast-schema-graph\">{\"@context\":\"https:\/\/schema.org\",\"@graph\":[{\"@type\":\"NewsArticle\",\"@id\":\"https:\/\/www.gaveanews.com\/index.php\/2023\/04\/18\/torcida-do-flamengo-aprova-alteracao-promovida-por-jorge-sampaoli-tem-que-colocar-pra-ralar-mesmo\/#article\",\"isPartOf\":{\"@id\":\"https:\/\/www.gaveanews.com\/index.php\/2023\/04\/18\/torcida-do-flamengo-aprova-alteracao-promovida-por-jorge-sampaoli-tem-que-colocar-pra-ralar-mesmo\/\"},\"author\":{\"name\":\"Equipe G\u00e1vea News\",\"@id\":\"https:\/\/www.gaveanews.com\/#\/schema\/person\/2ec14f73fb96be2caf28f91afb14749d\"},\"headline\":\"Torcida do Flamengo aprova altera\u00e7\u00e3o promovida por Jorge Sampaoli: \u201cTem que colocar pra ralar mesmo\u201d\",\"datePublished\":\"2023-04-18T19:14:41+00:00\",\"dateModified\":\"2023-04-18T19:21:56+00:00\",\"mainEntityOfPage\":{\"@id\":\"https:\/\/www.gaveanews.com\/index.php\/2023\/04\/18\/torcida-do-flamengo-aprova-alteracao-promovida-por-jorge-sampaoli-tem-que-colocar-pra-ralar-mesmo\/\"},\"wordCount\":349,\"commentCount\":0,\"image\":{\"@id\":\"https:\/\/www.gaveanews.com\/index.php\/2023\/04\/18\/torcida-do-flamengo-aprova-alteracao-promovida-por-jorge-sampaoli-tem-que-colocar-pra-ralar-mesmo\/#primaryimage\"},\"thumbnailUrl\":\"https:\/\/www.gaveanews.com\/wp-content\/uploads\/jogadores-jorge-sampaoli-treino-flamengo.webp\",\"articleSection\":[\"Destaques\"],\"inLanguage\":\"pt-BR\",\"potentialAction\":[{\"@type\":\"CommentAction\",\"name\":\"Comment\",\"target\":[\"https:\/\/www.gaveanews.com\/index.php\/2023\/04\/18\/torcida-do-flamengo-aprova-alteracao-promovida-por-jorge-sampaoli-tem-que-colocar-pra-ralar-mesmo\/#respond\"]}],\"copyrightYear\":\"2023\",\"copyrightHolder\":{\"@id\":\"https:\/\/www.gaveanews.com\/#organization\"}},{\"@type\":\"WebPage\",\"@id\":\"https:\/\/www.gaveanews.com\/index.php\/2023\/04\/18\/torcida-do-flamengo-aprova-alteracao-promovida-por-jorge-sampaoli-tem-que-colocar-pra-ralar-mesmo\/\",\"url\":\"https:\/\/www.gaveanews.com\/index.php\/2023\/04\/18\/torcida-do-flamengo-aprova-alteracao-promovida-por-jorge-sampaoli-tem-que-colocar-pra-ralar-mesmo\/\",\"name\":\"Torcida do Flamengo aprova altera\u00e7\u00e3o promovida por Jorge Sampaoli: \u201cTem que colocar pra ralar mesmo\u201d\",\"isPartOf\":{\"@id\":\"https:\/\/www.gaveanews.com\/#website\"},\"primaryImageOfPage\":{\"@id\":\"https:\/\/www.gaveanews.com\/index.php\/2023\/04\/18\/torcida-do-flamengo-aprova-alteracao-promovida-por-jorge-sampaoli-tem-que-colocar-pra-ralar-mesmo\/#primaryimage\"},\"image\":{\"@id\":\"https:\/\/www.gaveanews.com\/index.php\/2023\/04\/18\/torcida-do-flamengo-aprova-alteracao-promovida-por-jorge-sampaoli-tem-que-colocar-pra-ralar-mesmo\/#primaryimage\"},\"thumbnailUrl\":\"https:\/\/www.gaveanews.com\/wp-content\/uploads\/jogadores-jorge-sampaoli-treino-flamengo.webp\",\"datePublished\":\"2023-04-18T19:14:41+00:00\",\"dateModified\":\"2023-04-18T19:21:56+00:00\",\"author\":{\"@id\":\"https:\/\/www.gaveanews.com\/#\/schema\/person\/2ec14f73fb96be2caf28f91afb14749d\"},\"breadcrumb\":{\"@id\":\"https:\/\/www.gaveanews.com\/index.php\/2023\/04\/18\/torcida-do-flamengo-aprova-alteracao-promovida-por-jorge-sampaoli-tem-que-colocar-pra-ralar-mesmo\/#breadcrumb\"},\"inLanguage\":\"pt-BR\",\"potentialAction\":[{\"@type\":\"ReadAction\",\"target\":[\"https:\/\/www.gaveanews.com\/index.php\/2023\/04\/18\/torcida-do-flamengo-aprova-alteracao-promovida-por-jorge-sampaoli-tem-que-colocar-pra-ralar-mesmo\/\"]}]},{\"@type\":\"ImageObject\",\"inLanguage\":\"pt-BR\",\"@id\":\"https:\/\/www.gaveanews.com\/index.php\/2023\/04\/18\/torcida-do-flamengo-aprova-alteracao-promovida-por-jorge-sampaoli-tem-que-colocar-pra-ralar-mesmo\/#primaryimage\",\"url\":\"https:\/\/www.gaveanews.com\/wp-content\/uploads\/jogadores-jorge-sampaoli-treino-flamengo.webp\",\"contentUrl\":\"https:\/\/www.gaveanews.com\/wp-content\/uploads\/jogadores-jorge-sampaoli-treino-flamengo.webp\",\"width\":900,\"height\":600,\"caption\":\"Jogadores do Flamengo e comiss\u00e3o t\u00e9cnica de Sampaoli em treino no Ninho do Urubu (Foto: Gilvan de Souza\/Flamengo)\"},{\"@type\":\"BreadcrumbList\",\"@id\":\"https:\/\/www.gaveanews.com\/index.php\/2023\/04\/18\/torcida-do-flamengo-aprova-alteracao-promovida-por-jorge-sampaoli-tem-que-colocar-pra-ralar-mesmo\/#breadcrumb\",\"itemListElement\":[{\"@type\":\"ListItem\",\"position\":1,\"name\":\"Home\",\"item\":\"https:\/\/www.gaveanews.com\/\"},{\"@type\":\"ListItem\",\"position\":2,\"name\":\"Torcida do Flamengo aprova altera\u00e7\u00e3o promovida por Jorge Sampaoli: \u201cTem que colocar pra ralar mesmo\u201d\"}]},{\"@type\":\"WebSite\",\"@id\":\"https:\/\/www.gaveanews.com\/#website\",\"url\":\"https:\/\/www.gaveanews.com\/\",\"name\":\"G\u00e1vea News\",\"description\":\"Veja todas as not\u00edcias sobre o Flamengo: Contrata\u00e7\u00f5es, categorias de base, resultados das partidas, tabela de classifica\u00e7\u00e3o, pr\u00f3ximos jogos!\",\"potentialAction\":[{\"@type\":\"SearchAction\",\"target\":{\"@type\":\"EntryPoint\",\"urlTemplate\":\"https:\/\/www.gaveanews.com\/?s={search_term_string}\"},\"query-input\":{\"@type\":\"PropertyValueSpecification\",\"valueRequired\":true,\"valueName\":\"search_term_string\"}}],\"inLanguage\":\"pt-BR\"},{\"@type\":\"Person\",\"@id\":\"https:\/\/www.gaveanews.com\/#\/schema\/person\/2ec14f73fb96be2caf28f91afb14749d\",\"name\":\"Equipe G\u00e1vea News\",\"image\":{\"@type\":\"ImageObject\",\"inLanguage\":\"pt-BR\",\"@id\":\"https:\/\/www.gaveanews.com\/#\/schema\/person\/image\/\",\"url\":\"https:\/\/secure.gravatar.com\/avatar\/1e1956f1facbffd3f8fa53a326721950116b3b9dc9bd44939c01180fd4a745a9?s=96&d=mm&r=g\",\"contentUrl\":\"https:\/\/secure.gravatar.com\/avatar\/1e1956f1facbffd3f8fa53a326721950116b3b9dc9bd44939c01180fd4a745a9?s=96&d=mm&r=g\",\"caption\":\"Equipe G\u00e1vea News\"}}]}<\/script>\n<!-- \/ Yoast SEO Premium plugin. -->","yoast_head_json":{"title":"Torcida do Flamengo aprova altera\u00e7\u00e3o promovida por Jorge Sampaoli: \u201cTem que colocar pra ralar mesmo\u201d","robots":{"index":"index","follow":"follow","max-snippet":"max-snippet:-1","max-image-preview":"max-image-preview:large","max-video-preview":"max-video-preview:-1"},"canonical":"https:\/\/www.gaveanews.com\/index.php\/2023\/04\/18\/torcida-do-flamengo-aprova-alteracao-promovida-por-jorge-sampaoli-tem-que-colocar-pra-ralar-mesmo\/","og_locale":"pt_BR","og_type":"article","og_title":"Torcida do Flamengo aprova altera\u00e7\u00e3o promovida por Jorge Sampaoli: \u201cTem que colocar pra ralar mesmo\u201d","og_description":"Visto como um profissional r\u00edgido em seu trabalho, Jorge Sampaoli, logo de cara, optou por definir a rotina dos treinamentos do Flamengo. Segundo o jornalista Ven\u00ea Casagrande, o argentino vai priorizar atividades pela manh\u00e3, tendo em vista quest\u00f5es como alimenta\u00e7\u00e3o e descanso antes do esfor\u00e7o praticado no Ninho do Urubu. Sendo assim, caso seja necess\u00e1rio, [&hellip;]","og_url":"https:\/\/www.gaveanews.com\/index.php\/2023\/04\/18\/torcida-do-flamengo-aprova-alteracao-promovida-por-jorge-sampaoli-tem-que-colocar-pra-ralar-mesmo\/","og_site_name":"G\u00e1vea News","article_publisher":"https:\/\/facebook.com\/gaveaNews\/","article_published_time":"2023-04-18T19:14:41+00:00","article_modified_time":"2023-04-18T19:21:56+00:00","og_image":[{"width":900,"height":600,"url":"https:\/\/www.gaveanews.com\/wp-content\/uploads\/jogadores-jorge-sampaoli-treino-flamengo.webp","type":"image\/jpeg"}],"author":"Equipe G\u00e1vea News","twitter_card":"summary_large_image","twitter_misc":{"Escrito por":"Equipe G\u00e1vea News","Est. tempo de leitura":"3 minutos"},"schema":{"@context":"https:\/\/schema.org","@graph":[{"@type":"NewsArticle","@id":"https:\/\/www.gaveanews.com\/index.php\/2023\/04\/18\/torcida-do-flamengo-aprova-alteracao-promovida-por-jorge-sampaoli-tem-que-colocar-pra-ralar-mesmo\/#article","isPartOf":{"@id":"https:\/\/www.gaveanews.com\/index.php\/2023\/04\/18\/torcida-do-flamengo-aprova-alteracao-promovida-por-jorge-sampaoli-tem-que-colocar-pra-ralar-mesmo\/"},"author":{"name":"Equipe G\u00e1vea News","@id":"https:\/\/www.gaveanews.com\/#\/schema\/person\/2ec14f73fb96be2caf28f91afb14749d"},"headline":"Torcida do Flamengo aprova altera\u00e7\u00e3o promovida por Jorge Sampaoli: \u201cTem que colocar pra ralar mesmo\u201d","datePublished":"2023-04-18T19:14:41+00:00","dateModified":"2023-04-18T19:21:56+00:00","mainEntityOfPage":{"@id":"https:\/\/www.gaveanews.com\/index.php\/2023\/04\/18\/torcida-do-flamengo-aprova-alteracao-promovida-por-jorge-sampaoli-tem-que-colocar-pra-ralar-mesmo\/"},"wordCount":349,"commentCount":0,"image":{"@id":"https:\/\/www.gaveanews.com\/index.php\/2023\/04\/18\/torcida-do-flamengo-aprova-alteracao-promovida-por-jorge-sampaoli-tem-que-colocar-pra-ralar-mesmo\/#primaryimage"},"thumbnailUrl":"https:\/\/www.gaveanews.com\/wp-content\/uploads\/jogadores-jorge-sampaoli-treino-flamengo.webp","articleSection":["Destaques"],"inLanguage":"pt-BR","potentialAction":[{"@type":"CommentAction","name":"Comment","target":["https:\/\/www.gaveanews.com\/index.php\/2023\/04\/18\/torcida-do-flamengo-aprova-alteracao-promovida-por-jorge-sampaoli-tem-que-colocar-pra-ralar-mesmo\/#respond"]}],"copyrightYear":"2023","copyrightHolder":{"@id":"https:\/\/www.gaveanews.com\/#organization"}},{"@type":"WebPage","@id":"https:\/\/www.gaveanews.com\/index.php\/2023\/04\/18\/torcida-do-flamengo-aprova-alteracao-promovida-por-jorge-sampaoli-tem-que-colocar-pra-ralar-mesmo\/","url":"https:\/\/www.gaveanews.com\/index.php\/2023\/04\/18\/torcida-do-flamengo-aprova-alteracao-promovida-por-jorge-sampaoli-tem-que-colocar-pra-ralar-mesmo\/","name":"Torcida do Flamengo aprova altera\u00e7\u00e3o promovida por Jorge Sampaoli: \u201cTem que colocar pra ralar mesmo\u201d","isPartOf":{"@id":"https:\/\/www.gaveanews.com\/#website"},"primaryImageOfPage":{"@id":"https:\/\/www.gaveanews.com\/index.php\/2023\/04\/18\/torcida-do-flamengo-aprova-alteracao-promovida-por-jorge-sampaoli-tem-que-colocar-pra-ralar-mesmo\/#primaryimage"},"image":{"@id":"https:\/\/www.gaveanews.com\/index.php\/2023\/04\/18\/torcida-do-flamengo-aprova-alteracao-promovida-por-jorge-sampaoli-tem-que-colocar-pra-ralar-mesmo\/#primaryimage"},"thumbnailUrl":"https:\/\/www.gaveanews.com\/wp-content\/uploads\/jogadores-jorge-sampaoli-treino-flamengo.webp","datePublished":"2023-04-18T19:14:41+00:00","dateModified":"2023-04-18T19:21:56+00:00","author":{"@id":"https:\/\/www.gaveanews.com\/#\/schema\/person\/2ec14f73fb96be2caf28f91afb14749d"},"breadcrumb":{"@id":"https:\/\/www.gaveanews.com\/index.php\/2023\/04\/18\/torcida-do-flamengo-aprova-alteracao-promovida-por-jorge-sampaoli-tem-que-colocar-pra-ralar-mesmo\/#breadcrumb"},"inLanguage":"pt-BR","potentialAction":[{"@type":"ReadAction","target":["https:\/\/www.gaveanews.com\/index.php\/2023\/04\/18\/torcida-do-flamengo-aprova-alteracao-promovida-por-jorge-sampaoli-tem-que-colocar-pra-ralar-mesmo\/"]}]},{"@type":"ImageObject","inLanguage":"pt-BR","@id":"https:\/\/www.gaveanews.com\/index.php\/2023\/04\/18\/torcida-do-flamengo-aprova-alteracao-promovida-por-jorge-sampaoli-tem-que-colocar-pra-ralar-mesmo\/#primaryimage","url":"https:\/\/www.gaveanews.com\/wp-content\/uploads\/jogadores-jorge-sampaoli-treino-flamengo.webp","contentUrl":"https:\/\/www.gaveanews.com\/wp-content\/uploads\/jogadores-jorge-sampaoli-treino-flamengo.webp","width":900,"height":600,"caption":"Jogadores do Flamengo e comiss\u00e3o t\u00e9cnica de Sampaoli em treino no Ninho do Urubu (Foto: Gilvan de Souza\/Flamengo)"},{"@type":"BreadcrumbList","@id":"https:\/\/www.gaveanews.com\/index.php\/2023\/04\/18\/torcida-do-flamengo-aprova-alteracao-promovida-por-jorge-sampaoli-tem-que-colocar-pra-ralar-mesmo\/#breadcrumb","itemListElement":[{"@type":"ListItem","position":1,"name":"Home","item":"https:\/\/www.gaveanews.com\/"},{"@type":"ListItem","position":2,"name":"Torcida do Flamengo aprova altera\u00e7\u00e3o promovida por Jorge Sampaoli: \u201cTem que colocar pra ralar mesmo\u201d"}]},{"@type":"WebSite","@id":"https:\/\/www.gaveanews.com\/#website","url":"https:\/\/www.gaveanews.com\/","name":"G\u00e1vea News","description":"Veja todas as not\u00edcias sobre o Flamengo: Contrata\u00e7\u00f5es, categorias de base, resultados das partidas, tabela de classifica\u00e7\u00e3o, pr\u00f3ximos jogos!","potentialAction":[{"@type":"SearchAction","target":{"@type":"EntryPoint","urlTemplate":"https:\/\/www.gaveanews.com\/?s={search_term_string}"},"query-input":{"@type":"PropertyValueSpecification","valueRequired":true,"valueName":"search_term_string"}}],"inLanguage":"pt-BR"},{"@type":"Person","@id":"https:\/\/www.gaveanews.com\/#\/schema\/person\/2ec14f73fb96be2caf28f91afb14749d","name":"Equipe G\u00e1vea News","image":{"@type":"ImageObject","inLanguage":"pt-BR","@id":"https:\/\/www.gaveanews.com\/#\/schema\/person\/image\/","url":"https:\/\/secure.gravatar.com\/avatar\/1e1956f1facbffd3f8fa53a326721950116b3b9dc9bd44939c01180fd4a745a9?s=96&d=mm&r=g","contentUrl":"https:\/\/secure.gravatar.com\/avatar\/1e1956f1facbffd3f8fa53a326721950116b3b9dc9bd44939c01180fd4a745a9?s=96&d=mm&r=g","caption":"Equipe G\u00e1vea News"}}]}},"_links":{"self":[{"href":"https:\/\/www.gaveanews.com\/index.php\/wp-json\/wp\/v2\/posts\/97415","targetHints":{"allow":["GET"]}}],"collection":[{"href":"https:\/\/www.gaveanews.com\/index.php\/wp-json\/wp\/v2\/posts"}],"about":[{"href":"https:\/\/www.gaveanews.com\/index.php\/wp-json\/wp\/v2\/types\/post"}],"author":[{"embeddable":true,"href":"https:\/\/www.gaveanews.com\/index.php\/wp-json\/wp\/v2\/users\/1"}],"replies":[{"embeddable":true,"href":"https:\/\/www.gaveanews.com\/index.php\/wp-json\/wp\/v2\/comments?post=97415"}],"version-history":[{"count":0,"href":"https:\/\/www.gaveanews.com\/index.php\/wp-json\/wp\/v2\/posts\/97415\/revisions"}],"wp:featuredmedia":[{"embeddable":true,"href":"https:\/\/www.gaveanews.com\/index.php\/wp-json\/wp\/v2\/media\/97379"}],"wp:attachment":[{"href":"https:\/\/www.gaveanews.com\/index.php\/wp-json\/wp\/v2\/media?parent=97415"}],"wp:term":[{"taxonomy":"category","embeddable":true,"href":"https:\/\/www.gaveanews.com\/index.php\/wp-json\/wp\/v2\/categories?post=97415"},{"taxonomy":"post_tag","embeddable":true,"href":"https:\/\/www.gaveanews.com\/index.php\/wp-json\/wp\/v2\/tags?post=97415"}],"curies":[{"name":"wp","href":"https:\/\/api.w.org\/{rel}","templated":true}]}}