{"id":97427,"date":"2023-04-18T19:12:47","date_gmt":"2023-04-18T22:12:47","guid":{"rendered":"https:\/\/www.gaveanews.com\/?p=97427"},"modified":"2023-04-18T19:12:50","modified_gmt":"2023-04-18T22:12:50","slug":"ex-flamengo-diego-ribas-surpreende-e-revela-qual-time-ele-torcia-na-infancia","status":"publish","type":"post","link":"https:\/\/www.gaveanews.com\/index.php\/2023\/04\/18\/ex-flamengo-diego-ribas-surpreende-e-revela-qual-time-ele-torcia-na-infancia\/","title":{"rendered":"Ex-Flamengo, Diego Ribas surpreende e revela qual time ele torcia na inf\u00e2ncia"},"content":{"rendered":"\n<p>Agora longe dos campos e focado no trabalho como comentarista, Diego Ribas revelou em entrevista ao PodPah que torcia para o S\u00e3o Paulo na inf\u00e2ncia.<\/p>\n\n\n\n<p>Diego contou que aos 11 anos passou na peneira do S\u00e3o Paulo, seu time do cora\u00e7\u00e3o. No entanto, ele n\u00e3o suportou viver longe da cidade natal, Ribeir\u00e3o Preto, t\u00e3o novo. Logo em seguida, o meia foi para o Santos, onde virou Menino da Vila. O meia fez hist\u00f3ria anos depois ao conquistar o t\u00edtulo Brasileiro de 2002 vestindo a 10 de Pel\u00e9, isso tudo com apenas 17 anos.<\/p>\n\n\n\n<p>Longe do S\u00e3o Paulo e depois de virar \u00eddolo no Santos bem no come\u00e7o da carreira, o camisa 10 voltou ao Brasil em 2016 para se aposentar no Flamengo com uma cole\u00e7\u00e3o de t\u00edtulos.<\/p>\n\n\n\n<p><em>\u2014 Aos 11 anos, pouca gente sabe, eu era s\u00e3o paulino. Torcia naquela \u00e9poca de Rai, Muller, Tel\u00ea Santana. Era f\u00e1cil nessa \u00e9poca. Fui para o SPFC, fiz teste, passei e n\u00e3o consegui ficar. N\u00e3o consegui lidar com essa situa\u00e7\u00e3o de morar longe da minha fam\u00edlia, amigos, cidade e voltei para Ribeir\u00e3o Preto.<\/em><\/p>\n\n\n\n<p>Retirado de: UOL<\/p>\n","protected":false},"excerpt":{"rendered":"<p>Agora longe dos campos e focado no trabalho como comentarista, Diego Ribas revelou em entrevista ao PodPah que torcia para o S\u00e3o Paulo na inf\u00e2ncia. Diego contou que aos 11 anos passou na peneira do S\u00e3o Paulo, seu time do cora\u00e7\u00e3o. No entanto, ele n\u00e3o suportou viver longe da cidade natal, Ribeir\u00e3o Preto, t\u00e3o novo. [&hellip;]<\/p>\n","protected":false},"author":1,"featured_media":55564,"comment_status":"open","ping_status":"closed","sticky":false,"template":"","format":"standard","meta":{"footnotes":""},"categories":[1],"tags":[],"class_list":["post-97427","post","type-post","status-publish","format-standard","has-post-thumbnail","hentry","category-flamengo"],"yoast_head":"<!-- This site is optimized with the Yoast SEO Premium plugin v24.2 (Yoast SEO v26.9) - https:\/\/yoast.com\/product\/yoast-seo-premium-wordpress\/ -->\n<title>Ex-Flamengo, Diego Ribas surpreende e revela qual time ele torcia na inf\u00e2ncia<\/title>\n<meta name=\"robots\" content=\"index, follow, max-snippet:-1, max-image-preview:large, max-video-preview:-1\" \/>\n<link rel=\"canonical\" href=\"https:\/\/www.gaveanews.com\/index.php\/2023\/04\/18\/ex-flamengo-diego-ribas-surpreende-e-revela-qual-time-ele-torcia-na-infancia\/\" \/>\n<meta property=\"og:locale\" content=\"pt_BR\" \/>\n<meta property=\"og:type\" content=\"article\" \/>\n<meta property=\"og:title\" content=\"Ex-Flamengo, Diego Ribas surpreende e revela qual time ele torcia na inf\u00e2ncia\" \/>\n<meta property=\"og:description\" content=\"Agora longe dos campos e focado no trabalho como comentarista, Diego Ribas revelou em entrevista ao PodPah que torcia para o S\u00e3o Paulo na inf\u00e2ncia. Diego contou que aos 11 anos passou na peneira do S\u00e3o Paulo, seu time do cora\u00e7\u00e3o. No entanto, ele n\u00e3o suportou viver longe da cidade natal, Ribeir\u00e3o Preto, t\u00e3o novo. [&hellip;]\" \/>\n<meta property=\"og:url\" content=\"https:\/\/www.gaveanews.com\/index.php\/2023\/04\/18\/ex-flamengo-diego-ribas-surpreende-e-revela-qual-time-ele-torcia-na-infancia\/\" \/>\n<meta property=\"og:site_name\" content=\"G\u00e1vea News\" \/>\n<meta property=\"article:publisher\" content=\"https:\/\/facebook.com\/gaveaNews\/\" \/>\n<meta property=\"article:published_time\" content=\"2023-04-18T22:12:47+00:00\" \/>\n<meta property=\"article:modified_time\" content=\"2023-04-18T22:12:50+00:00\" \/>\n<meta property=\"og:image\" content=\"https:\/\/www.gaveanews.com\/wp-content\/uploads\/Diego-Ribas-em-acao-pelo-Flamengo-durante-a-partida-contra-o-Sport-no-Campeonato-Brasileiro-de-2020.webp\" \/>\n\t<meta property=\"og:image:width\" content=\"799\" \/>\n\t<meta property=\"og:image:height\" content=\"532\" \/>\n\t<meta property=\"og:image:type\" content=\"image\/jpeg\" \/>\n<meta name=\"author\" content=\"Equipe G\u00e1vea News\" \/>\n<meta name=\"twitter:card\" content=\"summary_large_image\" \/>\n<meta name=\"twitter:label1\" content=\"Escrito por\" \/>\n\t<meta name=\"twitter:data1\" content=\"Equipe G\u00e1vea News\" \/>\n\t<meta name=\"twitter:label2\" content=\"Est. tempo de leitura\" \/>\n\t<meta name=\"twitter:data2\" content=\"2 minutos\" \/>\n<script type=\"application\/ld+json\" class=\"yoast-schema-graph\">{\"@context\":\"https:\/\/schema.org\",\"@graph\":[{\"@type\":\"NewsArticle\",\"@id\":\"https:\/\/www.gaveanews.com\/index.php\/2023\/04\/18\/ex-flamengo-diego-ribas-surpreende-e-revela-qual-time-ele-torcia-na-infancia\/#article\",\"isPartOf\":{\"@id\":\"https:\/\/www.gaveanews.com\/index.php\/2023\/04\/18\/ex-flamengo-diego-ribas-surpreende-e-revela-qual-time-ele-torcia-na-infancia\/\"},\"author\":{\"name\":\"Equipe G\u00e1vea News\",\"@id\":\"https:\/\/www.gaveanews.com\/#\/schema\/person\/2ec14f73fb96be2caf28f91afb14749d\"},\"headline\":\"Ex-Flamengo, Diego Ribas surpreende e revela qual time ele torcia na inf\u00e2ncia\",\"datePublished\":\"2023-04-18T22:12:47+00:00\",\"dateModified\":\"2023-04-18T22:12:50+00:00\",\"mainEntityOfPage\":{\"@id\":\"https:\/\/www.gaveanews.com\/index.php\/2023\/04\/18\/ex-flamengo-diego-ribas-surpreende-e-revela-qual-time-ele-torcia-na-infancia\/\"},\"wordCount\":208,\"commentCount\":0,\"image\":{\"@id\":\"https:\/\/www.gaveanews.com\/index.php\/2023\/04\/18\/ex-flamengo-diego-ribas-surpreende-e-revela-qual-time-ele-torcia-na-infancia\/#primaryimage\"},\"thumbnailUrl\":\"https:\/\/www.gaveanews.com\/wp-content\/uploads\/Diego-Ribas-em-acao-pelo-Flamengo-durante-a-partida-contra-o-Sport-no-Campeonato-Brasileiro-de-2020.webp\",\"articleSection\":[\"Flamengo\"],\"inLanguage\":\"pt-BR\",\"potentialAction\":[{\"@type\":\"CommentAction\",\"name\":\"Comment\",\"target\":[\"https:\/\/www.gaveanews.com\/index.php\/2023\/04\/18\/ex-flamengo-diego-ribas-surpreende-e-revela-qual-time-ele-torcia-na-infancia\/#respond\"]}],\"copyrightYear\":\"2023\",\"copyrightHolder\":{\"@id\":\"https:\/\/www.gaveanews.com\/#organization\"}},{\"@type\":\"WebPage\",\"@id\":\"https:\/\/www.gaveanews.com\/index.php\/2023\/04\/18\/ex-flamengo-diego-ribas-surpreende-e-revela-qual-time-ele-torcia-na-infancia\/\",\"url\":\"https:\/\/www.gaveanews.com\/index.php\/2023\/04\/18\/ex-flamengo-diego-ribas-surpreende-e-revela-qual-time-ele-torcia-na-infancia\/\",\"name\":\"Ex-Flamengo, Diego Ribas surpreende e revela qual time ele torcia na inf\u00e2ncia\",\"isPartOf\":{\"@id\":\"https:\/\/www.gaveanews.com\/#website\"},\"primaryImageOfPage\":{\"@id\":\"https:\/\/www.gaveanews.com\/index.php\/2023\/04\/18\/ex-flamengo-diego-ribas-surpreende-e-revela-qual-time-ele-torcia-na-infancia\/#primaryimage\"},\"image\":{\"@id\":\"https:\/\/www.gaveanews.com\/index.php\/2023\/04\/18\/ex-flamengo-diego-ribas-surpreende-e-revela-qual-time-ele-torcia-na-infancia\/#primaryimage\"},\"thumbnailUrl\":\"https:\/\/www.gaveanews.com\/wp-content\/uploads\/Diego-Ribas-em-acao-pelo-Flamengo-durante-a-partida-contra-o-Sport-no-Campeonato-Brasileiro-de-2020.webp\",\"datePublished\":\"2023-04-18T22:12:47+00:00\",\"dateModified\":\"2023-04-18T22:12:50+00:00\",\"author\":{\"@id\":\"https:\/\/www.gaveanews.com\/#\/schema\/person\/2ec14f73fb96be2caf28f91afb14749d\"},\"breadcrumb\":{\"@id\":\"https:\/\/www.gaveanews.com\/index.php\/2023\/04\/18\/ex-flamengo-diego-ribas-surpreende-e-revela-qual-time-ele-torcia-na-infancia\/#breadcrumb\"},\"inLanguage\":\"pt-BR\",\"potentialAction\":[{\"@type\":\"ReadAction\",\"target\":[\"https:\/\/www.gaveanews.com\/index.php\/2023\/04\/18\/ex-flamengo-diego-ribas-surpreende-e-revela-qual-time-ele-torcia-na-infancia\/\"]}]},{\"@type\":\"ImageObject\",\"inLanguage\":\"pt-BR\",\"@id\":\"https:\/\/www.gaveanews.com\/index.php\/2023\/04\/18\/ex-flamengo-diego-ribas-surpreende-e-revela-qual-time-ele-torcia-na-infancia\/#primaryimage\",\"url\":\"https:\/\/www.gaveanews.com\/wp-content\/uploads\/Diego-Ribas-em-acao-pelo-Flamengo-durante-a-partida-contra-o-Sport-no-Campeonato-Brasileiro-de-2020.webp\",\"contentUrl\":\"https:\/\/www.gaveanews.com\/wp-content\/uploads\/Diego-Ribas-em-acao-pelo-Flamengo-durante-a-partida-contra-o-Sport-no-Campeonato-Brasileiro-de-2020.webp\",\"width\":799,\"height\":532,\"caption\":\"Diego Ribas em a\u00e7\u00e3o pelo Flamengo durante a partida contra o Sport no Campeonato Brasileiro de 2020 (Foto: Alexandre Vidal\/Flamengo)\"},{\"@type\":\"BreadcrumbList\",\"@id\":\"https:\/\/www.gaveanews.com\/index.php\/2023\/04\/18\/ex-flamengo-diego-ribas-surpreende-e-revela-qual-time-ele-torcia-na-infancia\/#breadcrumb\",\"itemListElement\":[{\"@type\":\"ListItem\",\"position\":1,\"name\":\"Home\",\"item\":\"https:\/\/www.gaveanews.com\/\"},{\"@type\":\"ListItem\",\"position\":2,\"name\":\"Ex-Flamengo, Diego Ribas surpreende e revela qual time ele torcia na inf\u00e2ncia\"}]},{\"@type\":\"WebSite\",\"@id\":\"https:\/\/www.gaveanews.com\/#website\",\"url\":\"https:\/\/www.gaveanews.com\/\",\"name\":\"G\u00e1vea News\",\"description\":\"Veja todas as not\u00edcias sobre o Flamengo: Contrata\u00e7\u00f5es, categorias de base, resultados das partidas, tabela de classifica\u00e7\u00e3o, pr\u00f3ximos jogos!\",\"potentialAction\":[{\"@type\":\"SearchAction\",\"target\":{\"@type\":\"EntryPoint\",\"urlTemplate\":\"https:\/\/www.gaveanews.com\/?s={search_term_string}\"},\"query-input\":{\"@type\":\"PropertyValueSpecification\",\"valueRequired\":true,\"valueName\":\"search_term_string\"}}],\"inLanguage\":\"pt-BR\"},{\"@type\":\"Person\",\"@id\":\"https:\/\/www.gaveanews.com\/#\/schema\/person\/2ec14f73fb96be2caf28f91afb14749d\",\"name\":\"Equipe G\u00e1vea News\",\"image\":{\"@type\":\"ImageObject\",\"inLanguage\":\"pt-BR\",\"@id\":\"https:\/\/www.gaveanews.com\/#\/schema\/person\/image\/\",\"url\":\"https:\/\/secure.gravatar.com\/avatar\/1e1956f1facbffd3f8fa53a326721950116b3b9dc9bd44939c01180fd4a745a9?s=96&d=mm&r=g\",\"contentUrl\":\"https:\/\/secure.gravatar.com\/avatar\/1e1956f1facbffd3f8fa53a326721950116b3b9dc9bd44939c01180fd4a745a9?s=96&d=mm&r=g\",\"caption\":\"Equipe G\u00e1vea News\"}}]}<\/script>\n<!-- \/ Yoast SEO Premium plugin. -->","yoast_head_json":{"title":"Ex-Flamengo, Diego Ribas surpreende e revela qual time ele torcia na inf\u00e2ncia","robots":{"index":"index","follow":"follow","max-snippet":"max-snippet:-1","max-image-preview":"max-image-preview:large","max-video-preview":"max-video-preview:-1"},"canonical":"https:\/\/www.gaveanews.com\/index.php\/2023\/04\/18\/ex-flamengo-diego-ribas-surpreende-e-revela-qual-time-ele-torcia-na-infancia\/","og_locale":"pt_BR","og_type":"article","og_title":"Ex-Flamengo, Diego Ribas surpreende e revela qual time ele torcia na inf\u00e2ncia","og_description":"Agora longe dos campos e focado no trabalho como comentarista, Diego Ribas revelou em entrevista ao PodPah que torcia para o S\u00e3o Paulo na inf\u00e2ncia. Diego contou que aos 11 anos passou na peneira do S\u00e3o Paulo, seu time do cora\u00e7\u00e3o. No entanto, ele n\u00e3o suportou viver longe da cidade natal, Ribeir\u00e3o Preto, t\u00e3o novo. [&hellip;]","og_url":"https:\/\/www.gaveanews.com\/index.php\/2023\/04\/18\/ex-flamengo-diego-ribas-surpreende-e-revela-qual-time-ele-torcia-na-infancia\/","og_site_name":"G\u00e1vea News","article_publisher":"https:\/\/facebook.com\/gaveaNews\/","article_published_time":"2023-04-18T22:12:47+00:00","article_modified_time":"2023-04-18T22:12:50+00:00","og_image":[{"width":799,"height":532,"url":"https:\/\/www.gaveanews.com\/wp-content\/uploads\/Diego-Ribas-em-acao-pelo-Flamengo-durante-a-partida-contra-o-Sport-no-Campeonato-Brasileiro-de-2020.webp","type":"image\/jpeg"}],"author":"Equipe G\u00e1vea News","twitter_card":"summary_large_image","twitter_misc":{"Escrito por":"Equipe G\u00e1vea News","Est. tempo de leitura":"2 minutos"},"schema":{"@context":"https:\/\/schema.org","@graph":[{"@type":"NewsArticle","@id":"https:\/\/www.gaveanews.com\/index.php\/2023\/04\/18\/ex-flamengo-diego-ribas-surpreende-e-revela-qual-time-ele-torcia-na-infancia\/#article","isPartOf":{"@id":"https:\/\/www.gaveanews.com\/index.php\/2023\/04\/18\/ex-flamengo-diego-ribas-surpreende-e-revela-qual-time-ele-torcia-na-infancia\/"},"author":{"name":"Equipe G\u00e1vea News","@id":"https:\/\/www.gaveanews.com\/#\/schema\/person\/2ec14f73fb96be2caf28f91afb14749d"},"headline":"Ex-Flamengo, Diego Ribas surpreende e revela qual time ele torcia na inf\u00e2ncia","datePublished":"2023-04-18T22:12:47+00:00","dateModified":"2023-04-18T22:12:50+00:00","mainEntityOfPage":{"@id":"https:\/\/www.gaveanews.com\/index.php\/2023\/04\/18\/ex-flamengo-diego-ribas-surpreende-e-revela-qual-time-ele-torcia-na-infancia\/"},"wordCount":208,"commentCount":0,"image":{"@id":"https:\/\/www.gaveanews.com\/index.php\/2023\/04\/18\/ex-flamengo-diego-ribas-surpreende-e-revela-qual-time-ele-torcia-na-infancia\/#primaryimage"},"thumbnailUrl":"https:\/\/www.gaveanews.com\/wp-content\/uploads\/Diego-Ribas-em-acao-pelo-Flamengo-durante-a-partida-contra-o-Sport-no-Campeonato-Brasileiro-de-2020.webp","articleSection":["Flamengo"],"inLanguage":"pt-BR","potentialAction":[{"@type":"CommentAction","name":"Comment","target":["https:\/\/www.gaveanews.com\/index.php\/2023\/04\/18\/ex-flamengo-diego-ribas-surpreende-e-revela-qual-time-ele-torcia-na-infancia\/#respond"]}],"copyrightYear":"2023","copyrightHolder":{"@id":"https:\/\/www.gaveanews.com\/#organization"}},{"@type":"WebPage","@id":"https:\/\/www.gaveanews.com\/index.php\/2023\/04\/18\/ex-flamengo-diego-ribas-surpreende-e-revela-qual-time-ele-torcia-na-infancia\/","url":"https:\/\/www.gaveanews.com\/index.php\/2023\/04\/18\/ex-flamengo-diego-ribas-surpreende-e-revela-qual-time-ele-torcia-na-infancia\/","name":"Ex-Flamengo, Diego Ribas surpreende e revela qual time ele torcia na inf\u00e2ncia","isPartOf":{"@id":"https:\/\/www.gaveanews.com\/#website"},"primaryImageOfPage":{"@id":"https:\/\/www.gaveanews.com\/index.php\/2023\/04\/18\/ex-flamengo-diego-ribas-surpreende-e-revela-qual-time-ele-torcia-na-infancia\/#primaryimage"},"image":{"@id":"https:\/\/www.gaveanews.com\/index.php\/2023\/04\/18\/ex-flamengo-diego-ribas-surpreende-e-revela-qual-time-ele-torcia-na-infancia\/#primaryimage"},"thumbnailUrl":"https:\/\/www.gaveanews.com\/wp-content\/uploads\/Diego-Ribas-em-acao-pelo-Flamengo-durante-a-partida-contra-o-Sport-no-Campeonato-Brasileiro-de-2020.webp","datePublished":"2023-04-18T22:12:47+00:00","dateModified":"2023-04-18T22:12:50+00:00","author":{"@id":"https:\/\/www.gaveanews.com\/#\/schema\/person\/2ec14f73fb96be2caf28f91afb14749d"},"breadcrumb":{"@id":"https:\/\/www.gaveanews.com\/index.php\/2023\/04\/18\/ex-flamengo-diego-ribas-surpreende-e-revela-qual-time-ele-torcia-na-infancia\/#breadcrumb"},"inLanguage":"pt-BR","potentialAction":[{"@type":"ReadAction","target":["https:\/\/www.gaveanews.com\/index.php\/2023\/04\/18\/ex-flamengo-diego-ribas-surpreende-e-revela-qual-time-ele-torcia-na-infancia\/"]}]},{"@type":"ImageObject","inLanguage":"pt-BR","@id":"https:\/\/www.gaveanews.com\/index.php\/2023\/04\/18\/ex-flamengo-diego-ribas-surpreende-e-revela-qual-time-ele-torcia-na-infancia\/#primaryimage","url":"https:\/\/www.gaveanews.com\/wp-content\/uploads\/Diego-Ribas-em-acao-pelo-Flamengo-durante-a-partida-contra-o-Sport-no-Campeonato-Brasileiro-de-2020.webp","contentUrl":"https:\/\/www.gaveanews.com\/wp-content\/uploads\/Diego-Ribas-em-acao-pelo-Flamengo-durante-a-partida-contra-o-Sport-no-Campeonato-Brasileiro-de-2020.webp","width":799,"height":532,"caption":"Diego Ribas em a\u00e7\u00e3o pelo Flamengo durante a partida contra o Sport no Campeonato Brasileiro de 2020 (Foto: Alexandre Vidal\/Flamengo)"},{"@type":"BreadcrumbList","@id":"https:\/\/www.gaveanews.com\/index.php\/2023\/04\/18\/ex-flamengo-diego-ribas-surpreende-e-revela-qual-time-ele-torcia-na-infancia\/#breadcrumb","itemListElement":[{"@type":"ListItem","position":1,"name":"Home","item":"https:\/\/www.gaveanews.com\/"},{"@type":"ListItem","position":2,"name":"Ex-Flamengo, Diego Ribas surpreende e revela qual time ele torcia na inf\u00e2ncia"}]},{"@type":"WebSite","@id":"https:\/\/www.gaveanews.com\/#website","url":"https:\/\/www.gaveanews.com\/","name":"G\u00e1vea News","description":"Veja todas as not\u00edcias sobre o Flamengo: Contrata\u00e7\u00f5es, categorias de base, resultados das partidas, tabela de classifica\u00e7\u00e3o, pr\u00f3ximos jogos!","potentialAction":[{"@type":"SearchAction","target":{"@type":"EntryPoint","urlTemplate":"https:\/\/www.gaveanews.com\/?s={search_term_string}"},"query-input":{"@type":"PropertyValueSpecification","valueRequired":true,"valueName":"search_term_string"}}],"inLanguage":"pt-BR"},{"@type":"Person","@id":"https:\/\/www.gaveanews.com\/#\/schema\/person\/2ec14f73fb96be2caf28f91afb14749d","name":"Equipe G\u00e1vea News","image":{"@type":"ImageObject","inLanguage":"pt-BR","@id":"https:\/\/www.gaveanews.com\/#\/schema\/person\/image\/","url":"https:\/\/secure.gravatar.com\/avatar\/1e1956f1facbffd3f8fa53a326721950116b3b9dc9bd44939c01180fd4a745a9?s=96&d=mm&r=g","contentUrl":"https:\/\/secure.gravatar.com\/avatar\/1e1956f1facbffd3f8fa53a326721950116b3b9dc9bd44939c01180fd4a745a9?s=96&d=mm&r=g","caption":"Equipe G\u00e1vea News"}}]}},"_links":{"self":[{"href":"https:\/\/www.gaveanews.com\/index.php\/wp-json\/wp\/v2\/posts\/97427","targetHints":{"allow":["GET"]}}],"collection":[{"href":"https:\/\/www.gaveanews.com\/index.php\/wp-json\/wp\/v2\/posts"}],"about":[{"href":"https:\/\/www.gaveanews.com\/index.php\/wp-json\/wp\/v2\/types\/post"}],"author":[{"embeddable":true,"href":"https:\/\/www.gaveanews.com\/index.php\/wp-json\/wp\/v2\/users\/1"}],"replies":[{"embeddable":true,"href":"https:\/\/www.gaveanews.com\/index.php\/wp-json\/wp\/v2\/comments?post=97427"}],"version-history":[{"count":0,"href":"https:\/\/www.gaveanews.com\/index.php\/wp-json\/wp\/v2\/posts\/97427\/revisions"}],"wp:featuredmedia":[{"embeddable":true,"href":"https:\/\/www.gaveanews.com\/index.php\/wp-json\/wp\/v2\/media\/55564"}],"wp:attachment":[{"href":"https:\/\/www.gaveanews.com\/index.php\/wp-json\/wp\/v2\/media?parent=97427"}],"wp:term":[{"taxonomy":"category","embeddable":true,"href":"https:\/\/www.gaveanews.com\/index.php\/wp-json\/wp\/v2\/categories?post=97427"},{"taxonomy":"post_tag","embeddable":true,"href":"https:\/\/www.gaveanews.com\/index.php\/wp-json\/wp\/v2\/tags?post=97427"}],"curies":[{"name":"wp","href":"https:\/\/api.w.org\/{rel}","templated":true}]}}