{"id":97437,"date":"2023-04-18T21:09:39","date_gmt":"2023-04-19T00:09:39","guid":{"rendered":"https:\/\/www.gaveanews.com\/?p=97437"},"modified":"2023-04-18T21:09:42","modified_gmt":"2023-04-19T00:09:42","slug":"veja-a-provavel-escalacao-do-flamengo-para-o-proximo-jogo-contra-o-nublense-pela-libertadores","status":"publish","type":"post","link":"https:\/\/www.gaveanews.com\/index.php\/2023\/04\/18\/veja-a-provavel-escalacao-do-flamengo-para-o-proximo-jogo-contra-o-nublense-pela-libertadores\/","title":{"rendered":"Veja a prov\u00e1vel escala\u00e7\u00e3o do Flamengo para o pr\u00f3ximo jogo contra o \u00d1ublense, pela Libertadores"},"content":{"rendered":"\n<p>Jorge Sampaoli far\u00e1 a sua estreia no Flamengo justamente em uma partida de Libertadores no Maracan\u00e3. Foram apenas dois treinamentos para enfrentar o \u00d1ublense, e o t\u00e9cnico argentino far\u00e1 o primeiro teste na equipe rubro-negra.<\/p>\n\n\n\n<p>Adepto ao jogo com tr\u00eas zagueiros em algumas ocasi\u00f5es, Sampaoli pode promover essa mudan\u00e7a no Flamengo, que ap\u00f3s a sa\u00edda de V\u00edtor Pereira voltou a jogar com dois zagueiros. O argentino tem todos os defensores \u00e0 disposi\u00e7\u00e3o: Fabr\u00edcio Bruno, L\u00e9o Pereira, David Luiz, Rodrigo Caio, Pablo e Cleiton.<\/p>\n\n\n\n<p>O assunto, inclusive, foi abordado na coletiva de apresenta\u00e7\u00e3o. Sampaoli comentou sobre o &#8216;sistema m\u00e3e&#8217; ser o 3-2-5 ou 3-1-6 no ataque. A quest\u00e3o \u00e9 que foram apenas duas atividades para escolher os 11 titulares, sendo apenas um treino com o elenco inteiro \u00e0 disposi\u00e7\u00e3o, visto que segunda foi regenerativo para quem atuou no jogo contra o Coritiba.<\/p>\n\n\n\n<p>Outro tema abordado na coletiva e que Sampaoli deve levar para campo contra o \u00d1ublense \u00e9 a o ataque formado por Pedro e Gabigol. Na entrevista, o t\u00e9cnico falou &#8220;\u00e0s vezes sim, \u00e0s vezes n\u00e3o&#8221;, e nesta partida da Libertadores, a tend\u00eancia \u00e9 de que sim.<\/p>\n\n\n\n<h2 class=\"wp-block-heading\" id=\"h-provavel-escalacao-do-flamengo\">Prov\u00e1vel escala\u00e7\u00e3o do Flamengo<\/h2>\n\n\n\n<p>Santos, Varela (Wesley), Fabr\u00edcio Bruno, L\u00e9o Pereira, David Luiz, Ayrton Lucas; Thiago Maia, Gerson, Everton Ribeiro; Gabigol e Pedro.<\/p>\n\n\n\n<p>O Flamengo perdeu a estreia, assim como o \u00d1ublense. Ambos necessitam da vit\u00f3ria para somar pontos no Grupo A da Libertadores. O atual l\u00edder \u00e9 o Racing com tr\u00eas pontos e Aucas em segundo com a mesma pontua\u00e7\u00e3o. Eles se enfrentam na quinta.<\/p>\n\n\n\n<p>Retirado de: Globo Esporte<\/p>\n","protected":false},"excerpt":{"rendered":"<p>Jorge Sampaoli far\u00e1 a sua estreia no Flamengo justamente em uma partida de Libertadores no Maracan\u00e3. Foram apenas dois treinamentos para enfrentar o \u00d1ublense, e o t\u00e9cnico argentino far\u00e1 o primeiro teste na equipe rubro-negra. Adepto ao jogo com tr\u00eas zagueiros em algumas ocasi\u00f5es, Sampaoli pode promover essa mudan\u00e7a no Flamengo, que ap\u00f3s a sa\u00edda [&hellip;]<\/p>\n","protected":false},"author":1,"featured_media":97379,"comment_status":"open","ping_status":"closed","sticky":false,"template":"","format":"standard","meta":{"footnotes":""},"categories":[1],"tags":[],"class_list":["post-97437","post","type-post","status-publish","format-standard","has-post-thumbnail","hentry","category-flamengo"],"yoast_head":"<!-- This site is optimized with the Yoast SEO Premium plugin v24.2 (Yoast SEO v26.9) - https:\/\/yoast.com\/product\/yoast-seo-premium-wordpress\/ -->\n<title>Veja a prov\u00e1vel escala\u00e7\u00e3o do Flamengo para o pr\u00f3ximo jogo contra o \u00d1ublense, pela Libertadores<\/title>\n<meta name=\"robots\" content=\"index, follow, max-snippet:-1, max-image-preview:large, max-video-preview:-1\" \/>\n<link rel=\"canonical\" href=\"https:\/\/www.gaveanews.com\/index.php\/2023\/04\/18\/veja-a-provavel-escalacao-do-flamengo-para-o-proximo-jogo-contra-o-nublense-pela-libertadores\/\" \/>\n<meta property=\"og:locale\" content=\"pt_BR\" \/>\n<meta property=\"og:type\" content=\"article\" \/>\n<meta property=\"og:title\" content=\"Veja a prov\u00e1vel escala\u00e7\u00e3o do Flamengo para o pr\u00f3ximo jogo contra o \u00d1ublense, pela Libertadores\" \/>\n<meta property=\"og:description\" content=\"Jorge Sampaoli far\u00e1 a sua estreia no Flamengo justamente em uma partida de Libertadores no Maracan\u00e3. Foram apenas dois treinamentos para enfrentar o \u00d1ublense, e o t\u00e9cnico argentino far\u00e1 o primeiro teste na equipe rubro-negra. Adepto ao jogo com tr\u00eas zagueiros em algumas ocasi\u00f5es, Sampaoli pode promover essa mudan\u00e7a no Flamengo, que ap\u00f3s a sa\u00edda [&hellip;]\" \/>\n<meta property=\"og:url\" content=\"https:\/\/www.gaveanews.com\/index.php\/2023\/04\/18\/veja-a-provavel-escalacao-do-flamengo-para-o-proximo-jogo-contra-o-nublense-pela-libertadores\/\" \/>\n<meta property=\"og:site_name\" content=\"G\u00e1vea News\" \/>\n<meta property=\"article:publisher\" content=\"https:\/\/facebook.com\/gaveaNews\/\" \/>\n<meta property=\"article:published_time\" content=\"2023-04-19T00:09:39+00:00\" \/>\n<meta property=\"article:modified_time\" content=\"2023-04-19T00:09:42+00:00\" \/>\n<meta property=\"og:image\" content=\"https:\/\/www.gaveanews.com\/wp-content\/uploads\/jogadores-jorge-sampaoli-treino-flamengo.webp\" \/>\n\t<meta property=\"og:image:width\" content=\"900\" \/>\n\t<meta property=\"og:image:height\" content=\"600\" \/>\n\t<meta property=\"og:image:type\" content=\"image\/jpeg\" \/>\n<meta name=\"author\" content=\"Equipe G\u00e1vea News\" \/>\n<meta name=\"twitter:card\" content=\"summary_large_image\" \/>\n<meta name=\"twitter:label1\" content=\"Escrito por\" \/>\n\t<meta name=\"twitter:data1\" content=\"Equipe G\u00e1vea News\" \/>\n\t<meta name=\"twitter:label2\" content=\"Est. tempo de leitura\" \/>\n\t<meta name=\"twitter:data2\" content=\"2 minutos\" \/>\n<script type=\"application\/ld+json\" class=\"yoast-schema-graph\">{\"@context\":\"https:\/\/schema.org\",\"@graph\":[{\"@type\":\"NewsArticle\",\"@id\":\"https:\/\/www.gaveanews.com\/index.php\/2023\/04\/18\/veja-a-provavel-escalacao-do-flamengo-para-o-proximo-jogo-contra-o-nublense-pela-libertadores\/#article\",\"isPartOf\":{\"@id\":\"https:\/\/www.gaveanews.com\/index.php\/2023\/04\/18\/veja-a-provavel-escalacao-do-flamengo-para-o-proximo-jogo-contra-o-nublense-pela-libertadores\/\"},\"author\":{\"name\":\"Equipe G\u00e1vea News\",\"@id\":\"https:\/\/www.gaveanews.com\/#\/schema\/person\/2ec14f73fb96be2caf28f91afb14749d\"},\"headline\":\"Veja a prov\u00e1vel escala\u00e7\u00e3o do Flamengo para o pr\u00f3ximo jogo contra o \u00d1ublense, pela Libertadores\",\"datePublished\":\"2023-04-19T00:09:39+00:00\",\"dateModified\":\"2023-04-19T00:09:42+00:00\",\"mainEntityOfPage\":{\"@id\":\"https:\/\/www.gaveanews.com\/index.php\/2023\/04\/18\/veja-a-provavel-escalacao-do-flamengo-para-o-proximo-jogo-contra-o-nublense-pela-libertadores\/\"},\"wordCount\":295,\"commentCount\":0,\"image\":{\"@id\":\"https:\/\/www.gaveanews.com\/index.php\/2023\/04\/18\/veja-a-provavel-escalacao-do-flamengo-para-o-proximo-jogo-contra-o-nublense-pela-libertadores\/#primaryimage\"},\"thumbnailUrl\":\"https:\/\/www.gaveanews.com\/wp-content\/uploads\/jogadores-jorge-sampaoli-treino-flamengo.webp\",\"articleSection\":[\"Flamengo\"],\"inLanguage\":\"pt-BR\",\"potentialAction\":[{\"@type\":\"CommentAction\",\"name\":\"Comment\",\"target\":[\"https:\/\/www.gaveanews.com\/index.php\/2023\/04\/18\/veja-a-provavel-escalacao-do-flamengo-para-o-proximo-jogo-contra-o-nublense-pela-libertadores\/#respond\"]}],\"copyrightYear\":\"2023\",\"copyrightHolder\":{\"@id\":\"https:\/\/www.gaveanews.com\/#organization\"}},{\"@type\":\"WebPage\",\"@id\":\"https:\/\/www.gaveanews.com\/index.php\/2023\/04\/18\/veja-a-provavel-escalacao-do-flamengo-para-o-proximo-jogo-contra-o-nublense-pela-libertadores\/\",\"url\":\"https:\/\/www.gaveanews.com\/index.php\/2023\/04\/18\/veja-a-provavel-escalacao-do-flamengo-para-o-proximo-jogo-contra-o-nublense-pela-libertadores\/\",\"name\":\"Veja a prov\u00e1vel escala\u00e7\u00e3o do Flamengo para o pr\u00f3ximo jogo contra o \u00d1ublense, pela Libertadores\",\"isPartOf\":{\"@id\":\"https:\/\/www.gaveanews.com\/#website\"},\"primaryImageOfPage\":{\"@id\":\"https:\/\/www.gaveanews.com\/index.php\/2023\/04\/18\/veja-a-provavel-escalacao-do-flamengo-para-o-proximo-jogo-contra-o-nublense-pela-libertadores\/#primaryimage\"},\"image\":{\"@id\":\"https:\/\/www.gaveanews.com\/index.php\/2023\/04\/18\/veja-a-provavel-escalacao-do-flamengo-para-o-proximo-jogo-contra-o-nublense-pela-libertadores\/#primaryimage\"},\"thumbnailUrl\":\"https:\/\/www.gaveanews.com\/wp-content\/uploads\/jogadores-jorge-sampaoli-treino-flamengo.webp\",\"datePublished\":\"2023-04-19T00:09:39+00:00\",\"dateModified\":\"2023-04-19T00:09:42+00:00\",\"author\":{\"@id\":\"https:\/\/www.gaveanews.com\/#\/schema\/person\/2ec14f73fb96be2caf28f91afb14749d\"},\"breadcrumb\":{\"@id\":\"https:\/\/www.gaveanews.com\/index.php\/2023\/04\/18\/veja-a-provavel-escalacao-do-flamengo-para-o-proximo-jogo-contra-o-nublense-pela-libertadores\/#breadcrumb\"},\"inLanguage\":\"pt-BR\",\"potentialAction\":[{\"@type\":\"ReadAction\",\"target\":[\"https:\/\/www.gaveanews.com\/index.php\/2023\/04\/18\/veja-a-provavel-escalacao-do-flamengo-para-o-proximo-jogo-contra-o-nublense-pela-libertadores\/\"]}]},{\"@type\":\"ImageObject\",\"inLanguage\":\"pt-BR\",\"@id\":\"https:\/\/www.gaveanews.com\/index.php\/2023\/04\/18\/veja-a-provavel-escalacao-do-flamengo-para-o-proximo-jogo-contra-o-nublense-pela-libertadores\/#primaryimage\",\"url\":\"https:\/\/www.gaveanews.com\/wp-content\/uploads\/jogadores-jorge-sampaoli-treino-flamengo.webp\",\"contentUrl\":\"https:\/\/www.gaveanews.com\/wp-content\/uploads\/jogadores-jorge-sampaoli-treino-flamengo.webp\",\"width\":900,\"height\":600,\"caption\":\"Jogadores do Flamengo e comiss\u00e3o t\u00e9cnica de Sampaoli em treino no Ninho do Urubu (Foto: Gilvan de Souza\/Flamengo)\"},{\"@type\":\"BreadcrumbList\",\"@id\":\"https:\/\/www.gaveanews.com\/index.php\/2023\/04\/18\/veja-a-provavel-escalacao-do-flamengo-para-o-proximo-jogo-contra-o-nublense-pela-libertadores\/#breadcrumb\",\"itemListElement\":[{\"@type\":\"ListItem\",\"position\":1,\"name\":\"Home\",\"item\":\"https:\/\/www.gaveanews.com\/\"},{\"@type\":\"ListItem\",\"position\":2,\"name\":\"Veja a prov\u00e1vel escala\u00e7\u00e3o do Flamengo para o pr\u00f3ximo jogo contra o \u00d1ublense, pela Libertadores\"}]},{\"@type\":\"WebSite\",\"@id\":\"https:\/\/www.gaveanews.com\/#website\",\"url\":\"https:\/\/www.gaveanews.com\/\",\"name\":\"G\u00e1vea News\",\"description\":\"Veja todas as not\u00edcias sobre o Flamengo: Contrata\u00e7\u00f5es, categorias de base, resultados das partidas, tabela de classifica\u00e7\u00e3o, pr\u00f3ximos jogos!\",\"potentialAction\":[{\"@type\":\"SearchAction\",\"target\":{\"@type\":\"EntryPoint\",\"urlTemplate\":\"https:\/\/www.gaveanews.com\/?s={search_term_string}\"},\"query-input\":{\"@type\":\"PropertyValueSpecification\",\"valueRequired\":true,\"valueName\":\"search_term_string\"}}],\"inLanguage\":\"pt-BR\"},{\"@type\":\"Person\",\"@id\":\"https:\/\/www.gaveanews.com\/#\/schema\/person\/2ec14f73fb96be2caf28f91afb14749d\",\"name\":\"Equipe G\u00e1vea News\",\"image\":{\"@type\":\"ImageObject\",\"inLanguage\":\"pt-BR\",\"@id\":\"https:\/\/www.gaveanews.com\/#\/schema\/person\/image\/\",\"url\":\"https:\/\/secure.gravatar.com\/avatar\/1e1956f1facbffd3f8fa53a326721950116b3b9dc9bd44939c01180fd4a745a9?s=96&d=mm&r=g\",\"contentUrl\":\"https:\/\/secure.gravatar.com\/avatar\/1e1956f1facbffd3f8fa53a326721950116b3b9dc9bd44939c01180fd4a745a9?s=96&d=mm&r=g\",\"caption\":\"Equipe G\u00e1vea News\"}}]}<\/script>\n<!-- \/ Yoast SEO Premium plugin. -->","yoast_head_json":{"title":"Veja a prov\u00e1vel escala\u00e7\u00e3o do Flamengo para o pr\u00f3ximo jogo contra o \u00d1ublense, pela Libertadores","robots":{"index":"index","follow":"follow","max-snippet":"max-snippet:-1","max-image-preview":"max-image-preview:large","max-video-preview":"max-video-preview:-1"},"canonical":"https:\/\/www.gaveanews.com\/index.php\/2023\/04\/18\/veja-a-provavel-escalacao-do-flamengo-para-o-proximo-jogo-contra-o-nublense-pela-libertadores\/","og_locale":"pt_BR","og_type":"article","og_title":"Veja a prov\u00e1vel escala\u00e7\u00e3o do Flamengo para o pr\u00f3ximo jogo contra o \u00d1ublense, pela Libertadores","og_description":"Jorge Sampaoli far\u00e1 a sua estreia no Flamengo justamente em uma partida de Libertadores no Maracan\u00e3. Foram apenas dois treinamentos para enfrentar o \u00d1ublense, e o t\u00e9cnico argentino far\u00e1 o primeiro teste na equipe rubro-negra. Adepto ao jogo com tr\u00eas zagueiros em algumas ocasi\u00f5es, Sampaoli pode promover essa mudan\u00e7a no Flamengo, que ap\u00f3s a sa\u00edda [&hellip;]","og_url":"https:\/\/www.gaveanews.com\/index.php\/2023\/04\/18\/veja-a-provavel-escalacao-do-flamengo-para-o-proximo-jogo-contra-o-nublense-pela-libertadores\/","og_site_name":"G\u00e1vea News","article_publisher":"https:\/\/facebook.com\/gaveaNews\/","article_published_time":"2023-04-19T00:09:39+00:00","article_modified_time":"2023-04-19T00:09:42+00:00","og_image":[{"width":900,"height":600,"url":"https:\/\/www.gaveanews.com\/wp-content\/uploads\/jogadores-jorge-sampaoli-treino-flamengo.webp","type":"image\/jpeg"}],"author":"Equipe G\u00e1vea News","twitter_card":"summary_large_image","twitter_misc":{"Escrito por":"Equipe G\u00e1vea News","Est. tempo de leitura":"2 minutos"},"schema":{"@context":"https:\/\/schema.org","@graph":[{"@type":"NewsArticle","@id":"https:\/\/www.gaveanews.com\/index.php\/2023\/04\/18\/veja-a-provavel-escalacao-do-flamengo-para-o-proximo-jogo-contra-o-nublense-pela-libertadores\/#article","isPartOf":{"@id":"https:\/\/www.gaveanews.com\/index.php\/2023\/04\/18\/veja-a-provavel-escalacao-do-flamengo-para-o-proximo-jogo-contra-o-nublense-pela-libertadores\/"},"author":{"name":"Equipe G\u00e1vea News","@id":"https:\/\/www.gaveanews.com\/#\/schema\/person\/2ec14f73fb96be2caf28f91afb14749d"},"headline":"Veja a prov\u00e1vel escala\u00e7\u00e3o do Flamengo para o pr\u00f3ximo jogo contra o \u00d1ublense, pela Libertadores","datePublished":"2023-04-19T00:09:39+00:00","dateModified":"2023-04-19T00:09:42+00:00","mainEntityOfPage":{"@id":"https:\/\/www.gaveanews.com\/index.php\/2023\/04\/18\/veja-a-provavel-escalacao-do-flamengo-para-o-proximo-jogo-contra-o-nublense-pela-libertadores\/"},"wordCount":295,"commentCount":0,"image":{"@id":"https:\/\/www.gaveanews.com\/index.php\/2023\/04\/18\/veja-a-provavel-escalacao-do-flamengo-para-o-proximo-jogo-contra-o-nublense-pela-libertadores\/#primaryimage"},"thumbnailUrl":"https:\/\/www.gaveanews.com\/wp-content\/uploads\/jogadores-jorge-sampaoli-treino-flamengo.webp","articleSection":["Flamengo"],"inLanguage":"pt-BR","potentialAction":[{"@type":"CommentAction","name":"Comment","target":["https:\/\/www.gaveanews.com\/index.php\/2023\/04\/18\/veja-a-provavel-escalacao-do-flamengo-para-o-proximo-jogo-contra-o-nublense-pela-libertadores\/#respond"]}],"copyrightYear":"2023","copyrightHolder":{"@id":"https:\/\/www.gaveanews.com\/#organization"}},{"@type":"WebPage","@id":"https:\/\/www.gaveanews.com\/index.php\/2023\/04\/18\/veja-a-provavel-escalacao-do-flamengo-para-o-proximo-jogo-contra-o-nublense-pela-libertadores\/","url":"https:\/\/www.gaveanews.com\/index.php\/2023\/04\/18\/veja-a-provavel-escalacao-do-flamengo-para-o-proximo-jogo-contra-o-nublense-pela-libertadores\/","name":"Veja a prov\u00e1vel escala\u00e7\u00e3o do Flamengo para o pr\u00f3ximo jogo contra o \u00d1ublense, pela Libertadores","isPartOf":{"@id":"https:\/\/www.gaveanews.com\/#website"},"primaryImageOfPage":{"@id":"https:\/\/www.gaveanews.com\/index.php\/2023\/04\/18\/veja-a-provavel-escalacao-do-flamengo-para-o-proximo-jogo-contra-o-nublense-pela-libertadores\/#primaryimage"},"image":{"@id":"https:\/\/www.gaveanews.com\/index.php\/2023\/04\/18\/veja-a-provavel-escalacao-do-flamengo-para-o-proximo-jogo-contra-o-nublense-pela-libertadores\/#primaryimage"},"thumbnailUrl":"https:\/\/www.gaveanews.com\/wp-content\/uploads\/jogadores-jorge-sampaoli-treino-flamengo.webp","datePublished":"2023-04-19T00:09:39+00:00","dateModified":"2023-04-19T00:09:42+00:00","author":{"@id":"https:\/\/www.gaveanews.com\/#\/schema\/person\/2ec14f73fb96be2caf28f91afb14749d"},"breadcrumb":{"@id":"https:\/\/www.gaveanews.com\/index.php\/2023\/04\/18\/veja-a-provavel-escalacao-do-flamengo-para-o-proximo-jogo-contra-o-nublense-pela-libertadores\/#breadcrumb"},"inLanguage":"pt-BR","potentialAction":[{"@type":"ReadAction","target":["https:\/\/www.gaveanews.com\/index.php\/2023\/04\/18\/veja-a-provavel-escalacao-do-flamengo-para-o-proximo-jogo-contra-o-nublense-pela-libertadores\/"]}]},{"@type":"ImageObject","inLanguage":"pt-BR","@id":"https:\/\/www.gaveanews.com\/index.php\/2023\/04\/18\/veja-a-provavel-escalacao-do-flamengo-para-o-proximo-jogo-contra-o-nublense-pela-libertadores\/#primaryimage","url":"https:\/\/www.gaveanews.com\/wp-content\/uploads\/jogadores-jorge-sampaoli-treino-flamengo.webp","contentUrl":"https:\/\/www.gaveanews.com\/wp-content\/uploads\/jogadores-jorge-sampaoli-treino-flamengo.webp","width":900,"height":600,"caption":"Jogadores do Flamengo e comiss\u00e3o t\u00e9cnica de Sampaoli em treino no Ninho do Urubu (Foto: Gilvan de Souza\/Flamengo)"},{"@type":"BreadcrumbList","@id":"https:\/\/www.gaveanews.com\/index.php\/2023\/04\/18\/veja-a-provavel-escalacao-do-flamengo-para-o-proximo-jogo-contra-o-nublense-pela-libertadores\/#breadcrumb","itemListElement":[{"@type":"ListItem","position":1,"name":"Home","item":"https:\/\/www.gaveanews.com\/"},{"@type":"ListItem","position":2,"name":"Veja a prov\u00e1vel escala\u00e7\u00e3o do Flamengo para o pr\u00f3ximo jogo contra o \u00d1ublense, pela Libertadores"}]},{"@type":"WebSite","@id":"https:\/\/www.gaveanews.com\/#website","url":"https:\/\/www.gaveanews.com\/","name":"G\u00e1vea News","description":"Veja todas as not\u00edcias sobre o Flamengo: Contrata\u00e7\u00f5es, categorias de base, resultados das partidas, tabela de classifica\u00e7\u00e3o, pr\u00f3ximos jogos!","potentialAction":[{"@type":"SearchAction","target":{"@type":"EntryPoint","urlTemplate":"https:\/\/www.gaveanews.com\/?s={search_term_string}"},"query-input":{"@type":"PropertyValueSpecification","valueRequired":true,"valueName":"search_term_string"}}],"inLanguage":"pt-BR"},{"@type":"Person","@id":"https:\/\/www.gaveanews.com\/#\/schema\/person\/2ec14f73fb96be2caf28f91afb14749d","name":"Equipe G\u00e1vea News","image":{"@type":"ImageObject","inLanguage":"pt-BR","@id":"https:\/\/www.gaveanews.com\/#\/schema\/person\/image\/","url":"https:\/\/secure.gravatar.com\/avatar\/1e1956f1facbffd3f8fa53a326721950116b3b9dc9bd44939c01180fd4a745a9?s=96&d=mm&r=g","contentUrl":"https:\/\/secure.gravatar.com\/avatar\/1e1956f1facbffd3f8fa53a326721950116b3b9dc9bd44939c01180fd4a745a9?s=96&d=mm&r=g","caption":"Equipe G\u00e1vea News"}}]}},"_links":{"self":[{"href":"https:\/\/www.gaveanews.com\/index.php\/wp-json\/wp\/v2\/posts\/97437","targetHints":{"allow":["GET"]}}],"collection":[{"href":"https:\/\/www.gaveanews.com\/index.php\/wp-json\/wp\/v2\/posts"}],"about":[{"href":"https:\/\/www.gaveanews.com\/index.php\/wp-json\/wp\/v2\/types\/post"}],"author":[{"embeddable":true,"href":"https:\/\/www.gaveanews.com\/index.php\/wp-json\/wp\/v2\/users\/1"}],"replies":[{"embeddable":true,"href":"https:\/\/www.gaveanews.com\/index.php\/wp-json\/wp\/v2\/comments?post=97437"}],"version-history":[{"count":0,"href":"https:\/\/www.gaveanews.com\/index.php\/wp-json\/wp\/v2\/posts\/97437\/revisions"}],"wp:featuredmedia":[{"embeddable":true,"href":"https:\/\/www.gaveanews.com\/index.php\/wp-json\/wp\/v2\/media\/97379"}],"wp:attachment":[{"href":"https:\/\/www.gaveanews.com\/index.php\/wp-json\/wp\/v2\/media?parent=97437"}],"wp:term":[{"taxonomy":"category","embeddable":true,"href":"https:\/\/www.gaveanews.com\/index.php\/wp-json\/wp\/v2\/categories?post=97437"},{"taxonomy":"post_tag","embeddable":true,"href":"https:\/\/www.gaveanews.com\/index.php\/wp-json\/wp\/v2\/tags?post=97437"}],"curies":[{"name":"wp","href":"https:\/\/api.w.org\/{rel}","templated":true}]}}