{"id":97445,"date":"2023-04-18T22:44:28","date_gmt":"2023-04-19T01:44:28","guid":{"rendered":"https:\/\/www.gaveanews.com\/?p=97445"},"modified":"2023-04-18T22:44:32","modified_gmt":"2023-04-19T01:44:32","slug":"publicacao-de-diego-ribas-movimenta-a-torcida-do-flamengo-traz-ele-pro-mengao","status":"publish","type":"post","link":"https:\/\/www.gaveanews.com\/index.php\/2023\/04\/18\/publicacao-de-diego-ribas-movimenta-a-torcida-do-flamengo-traz-ele-pro-mengao\/","title":{"rendered":"Publica\u00e7\u00e3o de Diego Ribas movimenta a torcida do Flamengo: &#8220;Traz ele pro Meng\u00e3o&#8221;"},"content":{"rendered":"\n<p>Recuperando-se da cirurgia no tornozelo, Neymar se encontra no Brasil antes de voltar ao PSG para concluir o tratamento. Dessa forma, o atacante recebeu uma visita de Diego Ribas, que tamb\u00e9m possui uma forte hist\u00f3ria ligada ao Santos. Neste cen\u00e1rio, o encontro foi compartilhado nas redes sociais, algo que motivou uma s\u00e9rie de pedidos envolvendo o Flamengo.<\/p>\n\n\n\n<p><em>\u2014 Sempre muito bom est\u00e1 contigo, meu mano! Que a sua estrela brilhe cada dia mais! Deus te aben\u00e7oe<\/em>, escreveu Diego Ribas.<\/p>\n\n\n\n<p>Ainda que tenha sido formado no Santos, Diego, em sua volta ao Brasil, assinou com o Flamengo e ganhou status de \u00eddolo. Sendo assim, a contribui\u00e7\u00e3o do comentarista da Globo foi pedida para que Neymar, caso decida jogar no futebol nacional mais uma vez, escolha jogar no Rubro-Negro.<\/p>\n\n\n\n<p>No momento, Neymar est\u00e1 vinculado ao PSG at\u00e9 2027 e, mesmo que uma sa\u00edda esteja sendo cogitada, ele segue priorizando seguir no time franc\u00eas. Recentemente, o pai do atacante n\u00e3o descartou a possibilidade envolvendo o Flamengo, mas deu \u00eanfase ao longo contrato em Paris<\/p>\n\n\n\n<p>Isso \u00e9 bem poss\u00edvel (Neymar jogar junto com Gerson), mas \u00e9 na sele\u00e7\u00e3o brasileira. No futebol tudo \u00e9 poss\u00edvel, mas o Neymar tem um contrato longo com o PSG. \u00c9 at\u00e9 2027. Acabou de renovar, \u00e9 muito dif\u00edcil\u201c, contou ao podcast Mundo GV.<\/p>\n\n\n\n<p><strong>Veja abaixo os pedidos envolvendo o encontro de Diego com Neymar<\/strong>:<\/p>\n\n\n\n<figure class=\"wp-block-embed is-type-rich is-provider-twitter wp-block-embed-twitter\"><div class=\"wp-block-embed__wrapper\">\nhttps:\/\/twitter.com\/GersonKoringa\/status\/1648389243264180225\n<\/div><\/figure>\n\n\n\n<figure class=\"wp-block-embed is-type-rich is-provider-twitter wp-block-embed-twitter\"><div class=\"wp-block-embed__wrapper\">\n<blockquote class=\"twitter-tweet\" data-width=\"550\" data-dnt=\"true\"><p lang=\"pt\" dir=\"ltr\">\u00c9 pedir muito ? <a href=\"https:\/\/t.co\/Ldcogmwj8q\">pic.twitter.com\/Ldcogmwj8q<\/a><\/p>&mdash; \u2764\ufe0f\ud83d\udda4CRF (@Elfutebolbr) <a href=\"https:\/\/twitter.com\/Elfutebolbr\/status\/1648387122431160321?ref_src=twsrc%5Etfw\">April 18, 2023<\/a><\/blockquote><script async src=\"https:\/\/platform.twitter.com\/widgets.js\" charset=\"utf-8\"><\/script>\n<\/div><\/figure>\n\n\n\n<blockquote class=\"twitter-tweet\" data-conversation=\"none\"><p lang=\"pt\" dir=\"ltr\">isso \u00e9 tudo um plano pra trazer o neymar pro mengao, pode esperar <a href=\"https:\/\/t.co\/7FNdGLGSbC\">pic.twitter.com\/7FNdGLGSbC<\/a><\/p>&mdash; jp\u1d9c\u02b3\u1da0 (@wolfkickss) <a href=\"https:\/\/twitter.com\/wolfkickss\/status\/1648386377376055296?ref_src=twsrc%5Etfw\">April 18, 2023<\/a><\/blockquote> <script async src=\"https:\/\/platform.twitter.com\/widgets.js\" charset=\"utf-8\"><\/script><blockquote class=\"twitter-tweet\" data-conversation=\"none\"><p lang=\"pt\" dir=\"ltr\">caralho diegao ja ta desenrolando Neymar no flamengo? <a href=\"https:\/\/t.co\/vPijuqiysn\">pic.twitter.com\/vPijuqiysn<\/a><\/p>&mdash; clarque kente (@klauscrf) <a href=\"https:\/\/twitter.com\/klauscrf\/status\/1648394759143305216?ref_src=twsrc%5Etfw\">April 18, 2023<\/a><\/blockquote> <script async src=\"https:\/\/platform.twitter.com\/widgets.js\" charset=\"utf-8\"><\/script><blockquote class=\"twitter-tweet\" data-conversation=\"none\"><p lang=\"pt\" dir=\"ltr\">traz ele a\u00ed capita<\/p>&mdash; Central do Gabi (@CentralDoGabi) <a href=\"https:\/\/twitter.com\/CentralDoGabi\/status\/1648393770541391874?ref_src=twsrc%5Etfw\">April 18, 2023<\/a><\/blockquote> <script async src=\"https:\/\/platform.twitter.com\/widgets.js\" charset=\"utf-8\"><\/script><blockquote class=\"twitter-tweet\" data-conversation=\"none\"><p lang=\"pt\" dir=\"ltr\">Faz a ponte dele pro Flamengo, capita<\/p>&mdash; Junior Coelho (@Macielcoelho8) <a href=\"https:\/\/twitter.com\/Macielcoelho8\/status\/1648397576708694016?ref_src=twsrc%5Etfw\">April 18, 2023<\/a><\/blockquote> <script async src=\"https:\/\/platform.twitter.com\/widgets.js\" charset=\"utf-8\"><\/script><blockquote class=\"twitter-tweet\" data-conversation=\"none\"><p lang=\"pt\" dir=\"ltr\">Bem vindo, Neymar!\ud83d\udd34\u26ab J\u00e1 p\u00f5e a chuteira pq amanh\u00e3 tem jogo importante<\/p>&mdash; Na\u00e7\u00e3o News \u1d9c\u02b3\u1da0 (@NacaoNews) <a href=\"https:\/\/twitter.com\/NacaoNews\/status\/1648391588790296579?ref_src=twsrc%5Etfw\">April 18, 2023<\/a><\/blockquote> <script async src=\"https:\/\/platform.twitter.com\/widgets.js\" charset=\"utf-8\"><\/script><blockquote class=\"twitter-tweet\" data-conversation=\"none\"><p lang=\"es\" dir=\"ltr\">Traz ele pro mengao<\/p>&mdash; bebel crf ( minha outra conta foi suspensa)\ud83c\udde6\ud83c\uddf7 (@ttdaBebel_) <a href=\"https:\/\/twitter.com\/ttdaBebel_\/status\/1648391439800479744?ref_src=twsrc%5Etfw\">April 18, 2023<\/a><\/blockquote> <script async src=\"https:\/\/platform.twitter.com\/widgets.js\" charset=\"utf-8\"><\/script><blockquote class=\"twitter-tweet\" data-conversation=\"none\"><p lang=\"pt\" dir=\"ltr\">O \u00cdDOLO VAI TRAZER O F\u00c3 PRA N\u00d3IS<\/p>&mdash; mikazukinoyaiba (@itsbrunus) <a href=\"https:\/\/twitter.com\/itsbrunus\/status\/1648386652035751937?ref_src=twsrc%5Etfw\">April 18, 2023<\/a><\/blockquote> <script async src=\"https:\/\/platform.twitter.com\/widgets.js\" charset=\"utf-8\"><\/script>\n\n\n\n<p>Retirado de: Torcedores<\/p>\n","protected":false},"excerpt":{"rendered":"<p>Recuperando-se da cirurgia no tornozelo, Neymar se encontra no Brasil antes de voltar ao PSG para concluir o tratamento. Dessa forma, o atacante recebeu uma visita de Diego Ribas, que tamb\u00e9m possui uma forte hist\u00f3ria ligada ao Santos. Neste cen\u00e1rio, o encontro foi compartilhado nas redes sociais, algo que motivou uma s\u00e9rie de pedidos envolvendo [&hellip;]<\/p>\n","protected":false},"author":1,"featured_media":78922,"comment_status":"open","ping_status":"closed","sticky":false,"template":"","format":"standard","meta":{"footnotes":""},"categories":[1],"tags":[],"class_list":["post-97445","post","type-post","status-publish","format-standard","has-post-thumbnail","hentry","category-flamengo"],"yoast_head":"<!-- This site is optimized with the Yoast SEO Premium plugin v24.2 (Yoast SEO v26.9) - https:\/\/yoast.com\/product\/yoast-seo-premium-wordpress\/ -->\n<title>Publica\u00e7\u00e3o de Diego Ribas movimenta a torcida do Flamengo: &quot;Traz ele pro Meng\u00e3o&quot;<\/title>\n<meta name=\"robots\" content=\"index, follow, max-snippet:-1, max-image-preview:large, max-video-preview:-1\" \/>\n<link rel=\"canonical\" href=\"https:\/\/www.gaveanews.com\/index.php\/2023\/04\/18\/publicacao-de-diego-ribas-movimenta-a-torcida-do-flamengo-traz-ele-pro-mengao\/\" \/>\n<meta property=\"og:locale\" content=\"pt_BR\" \/>\n<meta property=\"og:type\" content=\"article\" \/>\n<meta property=\"og:title\" content=\"Publica\u00e7\u00e3o de Diego Ribas movimenta a torcida do Flamengo: &quot;Traz ele pro Meng\u00e3o&quot;\" \/>\n<meta property=\"og:description\" content=\"Recuperando-se da cirurgia no tornozelo, Neymar se encontra no Brasil antes de voltar ao PSG para concluir o tratamento. Dessa forma, o atacante recebeu uma visita de Diego Ribas, que tamb\u00e9m possui uma forte hist\u00f3ria ligada ao Santos. Neste cen\u00e1rio, o encontro foi compartilhado nas redes sociais, algo que motivou uma s\u00e9rie de pedidos envolvendo [&hellip;]\" \/>\n<meta property=\"og:url\" content=\"https:\/\/www.gaveanews.com\/index.php\/2023\/04\/18\/publicacao-de-diego-ribas-movimenta-a-torcida-do-flamengo-traz-ele-pro-mengao\/\" \/>\n<meta property=\"og:site_name\" content=\"G\u00e1vea News\" \/>\n<meta property=\"article:publisher\" content=\"https:\/\/facebook.com\/gaveaNews\/\" \/>\n<meta property=\"article:published_time\" content=\"2023-04-19T01:44:28+00:00\" \/>\n<meta property=\"article:modified_time\" content=\"2023-04-19T01:44:32+00:00\" \/>\n<meta property=\"og:image\" content=\"https:\/\/www.gaveanews.com\/wp-content\/uploads\/Neymar-e-Vini-Jr-comemoram-gol-marcado-pela-Selecao-Brasileira-no-Maracana.webp\" \/>\n\t<meta property=\"og:image:width\" content=\"1008\" \/>\n\t<meta property=\"og:image:height\" content=\"974\" \/>\n\t<meta property=\"og:image:type\" content=\"image\/jpeg\" \/>\n<meta name=\"author\" content=\"Equipe G\u00e1vea News\" \/>\n<meta name=\"twitter:card\" content=\"summary_large_image\" \/>\n<meta name=\"twitter:label1\" content=\"Escrito por\" \/>\n\t<meta name=\"twitter:data1\" content=\"Equipe G\u00e1vea News\" \/>\n\t<meta name=\"twitter:label2\" content=\"Est. tempo de leitura\" \/>\n\t<meta name=\"twitter:data2\" content=\"2 minutos\" \/>\n<script type=\"application\/ld+json\" class=\"yoast-schema-graph\">{\"@context\":\"https:\/\/schema.org\",\"@graph\":[{\"@type\":\"NewsArticle\",\"@id\":\"https:\/\/www.gaveanews.com\/index.php\/2023\/04\/18\/publicacao-de-diego-ribas-movimenta-a-torcida-do-flamengo-traz-ele-pro-mengao\/#article\",\"isPartOf\":{\"@id\":\"https:\/\/www.gaveanews.com\/index.php\/2023\/04\/18\/publicacao-de-diego-ribas-movimenta-a-torcida-do-flamengo-traz-ele-pro-mengao\/\"},\"author\":{\"name\":\"Equipe G\u00e1vea News\",\"@id\":\"https:\/\/www.gaveanews.com\/#\/schema\/person\/2ec14f73fb96be2caf28f91afb14749d\"},\"headline\":\"Publica\u00e7\u00e3o de Diego Ribas movimenta a torcida do Flamengo: &#8220;Traz ele pro Meng\u00e3o&#8221;\",\"datePublished\":\"2023-04-19T01:44:28+00:00\",\"dateModified\":\"2023-04-19T01:44:32+00:00\",\"mainEntityOfPage\":{\"@id\":\"https:\/\/www.gaveanews.com\/index.php\/2023\/04\/18\/publicacao-de-diego-ribas-movimenta-a-torcida-do-flamengo-traz-ele-pro-mengao\/\"},\"wordCount\":363,\"commentCount\":0,\"image\":{\"@id\":\"https:\/\/www.gaveanews.com\/index.php\/2023\/04\/18\/publicacao-de-diego-ribas-movimenta-a-torcida-do-flamengo-traz-ele-pro-mengao\/#primaryimage\"},\"thumbnailUrl\":\"https:\/\/www.gaveanews.com\/wp-content\/uploads\/Neymar-e-Vini-Jr-comemoram-gol-marcado-pela-Selecao-Brasileira-no-Maracana.webp\",\"articleSection\":[\"Flamengo\"],\"inLanguage\":\"pt-BR\",\"potentialAction\":[{\"@type\":\"CommentAction\",\"name\":\"Comment\",\"target\":[\"https:\/\/www.gaveanews.com\/index.php\/2023\/04\/18\/publicacao-de-diego-ribas-movimenta-a-torcida-do-flamengo-traz-ele-pro-mengao\/#respond\"]}],\"copyrightYear\":\"2023\",\"copyrightHolder\":{\"@id\":\"https:\/\/www.gaveanews.com\/#organization\"}},{\"@type\":\"WebPage\",\"@id\":\"https:\/\/www.gaveanews.com\/index.php\/2023\/04\/18\/publicacao-de-diego-ribas-movimenta-a-torcida-do-flamengo-traz-ele-pro-mengao\/\",\"url\":\"https:\/\/www.gaveanews.com\/index.php\/2023\/04\/18\/publicacao-de-diego-ribas-movimenta-a-torcida-do-flamengo-traz-ele-pro-mengao\/\",\"name\":\"Publica\u00e7\u00e3o de Diego Ribas movimenta a torcida do Flamengo: \\\"Traz ele pro Meng\u00e3o\\\"\",\"isPartOf\":{\"@id\":\"https:\/\/www.gaveanews.com\/#website\"},\"primaryImageOfPage\":{\"@id\":\"https:\/\/www.gaveanews.com\/index.php\/2023\/04\/18\/publicacao-de-diego-ribas-movimenta-a-torcida-do-flamengo-traz-ele-pro-mengao\/#primaryimage\"},\"image\":{\"@id\":\"https:\/\/www.gaveanews.com\/index.php\/2023\/04\/18\/publicacao-de-diego-ribas-movimenta-a-torcida-do-flamengo-traz-ele-pro-mengao\/#primaryimage\"},\"thumbnailUrl\":\"https:\/\/www.gaveanews.com\/wp-content\/uploads\/Neymar-e-Vini-Jr-comemoram-gol-marcado-pela-Selecao-Brasileira-no-Maracana.webp\",\"datePublished\":\"2023-04-19T01:44:28+00:00\",\"dateModified\":\"2023-04-19T01:44:32+00:00\",\"author\":{\"@id\":\"https:\/\/www.gaveanews.com\/#\/schema\/person\/2ec14f73fb96be2caf28f91afb14749d\"},\"breadcrumb\":{\"@id\":\"https:\/\/www.gaveanews.com\/index.php\/2023\/04\/18\/publicacao-de-diego-ribas-movimenta-a-torcida-do-flamengo-traz-ele-pro-mengao\/#breadcrumb\"},\"inLanguage\":\"pt-BR\",\"potentialAction\":[{\"@type\":\"ReadAction\",\"target\":[\"https:\/\/www.gaveanews.com\/index.php\/2023\/04\/18\/publicacao-de-diego-ribas-movimenta-a-torcida-do-flamengo-traz-ele-pro-mengao\/\"]}]},{\"@type\":\"ImageObject\",\"inLanguage\":\"pt-BR\",\"@id\":\"https:\/\/www.gaveanews.com\/index.php\/2023\/04\/18\/publicacao-de-diego-ribas-movimenta-a-torcida-do-flamengo-traz-ele-pro-mengao\/#primaryimage\",\"url\":\"https:\/\/www.gaveanews.com\/wp-content\/uploads\/Neymar-e-Vini-Jr-comemoram-gol-marcado-pela-Selecao-Brasileira-no-Maracana.webp\",\"contentUrl\":\"https:\/\/www.gaveanews.com\/wp-content\/uploads\/Neymar-e-Vini-Jr-comemoram-gol-marcado-pela-Selecao-Brasileira-no-Maracana.webp\",\"width\":1008,\"height\":974,\"caption\":\"Neymar e Vini Jr comemoram gol marcado pela Sele\u00e7\u00e3o Brasileira no Maracan\u00e3 (Foto: Andr\u00e9 Dur\u00e3o)\"},{\"@type\":\"BreadcrumbList\",\"@id\":\"https:\/\/www.gaveanews.com\/index.php\/2023\/04\/18\/publicacao-de-diego-ribas-movimenta-a-torcida-do-flamengo-traz-ele-pro-mengao\/#breadcrumb\",\"itemListElement\":[{\"@type\":\"ListItem\",\"position\":1,\"name\":\"Home\",\"item\":\"https:\/\/www.gaveanews.com\/\"},{\"@type\":\"ListItem\",\"position\":2,\"name\":\"Publica\u00e7\u00e3o de Diego Ribas movimenta a torcida do Flamengo: &#8220;Traz ele pro Meng\u00e3o&#8221;\"}]},{\"@type\":\"WebSite\",\"@id\":\"https:\/\/www.gaveanews.com\/#website\",\"url\":\"https:\/\/www.gaveanews.com\/\",\"name\":\"G\u00e1vea News\",\"description\":\"Veja todas as not\u00edcias sobre o Flamengo: Contrata\u00e7\u00f5es, categorias de base, resultados das partidas, tabela de classifica\u00e7\u00e3o, pr\u00f3ximos jogos!\",\"potentialAction\":[{\"@type\":\"SearchAction\",\"target\":{\"@type\":\"EntryPoint\",\"urlTemplate\":\"https:\/\/www.gaveanews.com\/?s={search_term_string}\"},\"query-input\":{\"@type\":\"PropertyValueSpecification\",\"valueRequired\":true,\"valueName\":\"search_term_string\"}}],\"inLanguage\":\"pt-BR\"},{\"@type\":\"Person\",\"@id\":\"https:\/\/www.gaveanews.com\/#\/schema\/person\/2ec14f73fb96be2caf28f91afb14749d\",\"name\":\"Equipe G\u00e1vea News\",\"image\":{\"@type\":\"ImageObject\",\"inLanguage\":\"pt-BR\",\"@id\":\"https:\/\/www.gaveanews.com\/#\/schema\/person\/image\/\",\"url\":\"https:\/\/secure.gravatar.com\/avatar\/1e1956f1facbffd3f8fa53a326721950116b3b9dc9bd44939c01180fd4a745a9?s=96&d=mm&r=g\",\"contentUrl\":\"https:\/\/secure.gravatar.com\/avatar\/1e1956f1facbffd3f8fa53a326721950116b3b9dc9bd44939c01180fd4a745a9?s=96&d=mm&r=g\",\"caption\":\"Equipe G\u00e1vea News\"}}]}<\/script>\n<!-- \/ Yoast SEO Premium plugin. -->","yoast_head_json":{"title":"Publica\u00e7\u00e3o de Diego Ribas movimenta a torcida do Flamengo: \"Traz ele pro Meng\u00e3o\"","robots":{"index":"index","follow":"follow","max-snippet":"max-snippet:-1","max-image-preview":"max-image-preview:large","max-video-preview":"max-video-preview:-1"},"canonical":"https:\/\/www.gaveanews.com\/index.php\/2023\/04\/18\/publicacao-de-diego-ribas-movimenta-a-torcida-do-flamengo-traz-ele-pro-mengao\/","og_locale":"pt_BR","og_type":"article","og_title":"Publica\u00e7\u00e3o de Diego Ribas movimenta a torcida do Flamengo: \"Traz ele pro Meng\u00e3o\"","og_description":"Recuperando-se da cirurgia no tornozelo, Neymar se encontra no Brasil antes de voltar ao PSG para concluir o tratamento. Dessa forma, o atacante recebeu uma visita de Diego Ribas, que tamb\u00e9m possui uma forte hist\u00f3ria ligada ao Santos. Neste cen\u00e1rio, o encontro foi compartilhado nas redes sociais, algo que motivou uma s\u00e9rie de pedidos envolvendo [&hellip;]","og_url":"https:\/\/www.gaveanews.com\/index.php\/2023\/04\/18\/publicacao-de-diego-ribas-movimenta-a-torcida-do-flamengo-traz-ele-pro-mengao\/","og_site_name":"G\u00e1vea News","article_publisher":"https:\/\/facebook.com\/gaveaNews\/","article_published_time":"2023-04-19T01:44:28+00:00","article_modified_time":"2023-04-19T01:44:32+00:00","og_image":[{"width":1008,"height":974,"url":"https:\/\/www.gaveanews.com\/wp-content\/uploads\/Neymar-e-Vini-Jr-comemoram-gol-marcado-pela-Selecao-Brasileira-no-Maracana.webp","type":"image\/jpeg"}],"author":"Equipe G\u00e1vea News","twitter_card":"summary_large_image","twitter_misc":{"Escrito por":"Equipe G\u00e1vea News","Est. tempo de leitura":"2 minutos"},"schema":{"@context":"https:\/\/schema.org","@graph":[{"@type":"NewsArticle","@id":"https:\/\/www.gaveanews.com\/index.php\/2023\/04\/18\/publicacao-de-diego-ribas-movimenta-a-torcida-do-flamengo-traz-ele-pro-mengao\/#article","isPartOf":{"@id":"https:\/\/www.gaveanews.com\/index.php\/2023\/04\/18\/publicacao-de-diego-ribas-movimenta-a-torcida-do-flamengo-traz-ele-pro-mengao\/"},"author":{"name":"Equipe G\u00e1vea News","@id":"https:\/\/www.gaveanews.com\/#\/schema\/person\/2ec14f73fb96be2caf28f91afb14749d"},"headline":"Publica\u00e7\u00e3o de Diego Ribas movimenta a torcida do Flamengo: &#8220;Traz ele pro Meng\u00e3o&#8221;","datePublished":"2023-04-19T01:44:28+00:00","dateModified":"2023-04-19T01:44:32+00:00","mainEntityOfPage":{"@id":"https:\/\/www.gaveanews.com\/index.php\/2023\/04\/18\/publicacao-de-diego-ribas-movimenta-a-torcida-do-flamengo-traz-ele-pro-mengao\/"},"wordCount":363,"commentCount":0,"image":{"@id":"https:\/\/www.gaveanews.com\/index.php\/2023\/04\/18\/publicacao-de-diego-ribas-movimenta-a-torcida-do-flamengo-traz-ele-pro-mengao\/#primaryimage"},"thumbnailUrl":"https:\/\/www.gaveanews.com\/wp-content\/uploads\/Neymar-e-Vini-Jr-comemoram-gol-marcado-pela-Selecao-Brasileira-no-Maracana.webp","articleSection":["Flamengo"],"inLanguage":"pt-BR","potentialAction":[{"@type":"CommentAction","name":"Comment","target":["https:\/\/www.gaveanews.com\/index.php\/2023\/04\/18\/publicacao-de-diego-ribas-movimenta-a-torcida-do-flamengo-traz-ele-pro-mengao\/#respond"]}],"copyrightYear":"2023","copyrightHolder":{"@id":"https:\/\/www.gaveanews.com\/#organization"}},{"@type":"WebPage","@id":"https:\/\/www.gaveanews.com\/index.php\/2023\/04\/18\/publicacao-de-diego-ribas-movimenta-a-torcida-do-flamengo-traz-ele-pro-mengao\/","url":"https:\/\/www.gaveanews.com\/index.php\/2023\/04\/18\/publicacao-de-diego-ribas-movimenta-a-torcida-do-flamengo-traz-ele-pro-mengao\/","name":"Publica\u00e7\u00e3o de Diego Ribas movimenta a torcida do Flamengo: \"Traz ele pro Meng\u00e3o\"","isPartOf":{"@id":"https:\/\/www.gaveanews.com\/#website"},"primaryImageOfPage":{"@id":"https:\/\/www.gaveanews.com\/index.php\/2023\/04\/18\/publicacao-de-diego-ribas-movimenta-a-torcida-do-flamengo-traz-ele-pro-mengao\/#primaryimage"},"image":{"@id":"https:\/\/www.gaveanews.com\/index.php\/2023\/04\/18\/publicacao-de-diego-ribas-movimenta-a-torcida-do-flamengo-traz-ele-pro-mengao\/#primaryimage"},"thumbnailUrl":"https:\/\/www.gaveanews.com\/wp-content\/uploads\/Neymar-e-Vini-Jr-comemoram-gol-marcado-pela-Selecao-Brasileira-no-Maracana.webp","datePublished":"2023-04-19T01:44:28+00:00","dateModified":"2023-04-19T01:44:32+00:00","author":{"@id":"https:\/\/www.gaveanews.com\/#\/schema\/person\/2ec14f73fb96be2caf28f91afb14749d"},"breadcrumb":{"@id":"https:\/\/www.gaveanews.com\/index.php\/2023\/04\/18\/publicacao-de-diego-ribas-movimenta-a-torcida-do-flamengo-traz-ele-pro-mengao\/#breadcrumb"},"inLanguage":"pt-BR","potentialAction":[{"@type":"ReadAction","target":["https:\/\/www.gaveanews.com\/index.php\/2023\/04\/18\/publicacao-de-diego-ribas-movimenta-a-torcida-do-flamengo-traz-ele-pro-mengao\/"]}]},{"@type":"ImageObject","inLanguage":"pt-BR","@id":"https:\/\/www.gaveanews.com\/index.php\/2023\/04\/18\/publicacao-de-diego-ribas-movimenta-a-torcida-do-flamengo-traz-ele-pro-mengao\/#primaryimage","url":"https:\/\/www.gaveanews.com\/wp-content\/uploads\/Neymar-e-Vini-Jr-comemoram-gol-marcado-pela-Selecao-Brasileira-no-Maracana.webp","contentUrl":"https:\/\/www.gaveanews.com\/wp-content\/uploads\/Neymar-e-Vini-Jr-comemoram-gol-marcado-pela-Selecao-Brasileira-no-Maracana.webp","width":1008,"height":974,"caption":"Neymar e Vini Jr comemoram gol marcado pela Sele\u00e7\u00e3o Brasileira no Maracan\u00e3 (Foto: Andr\u00e9 Dur\u00e3o)"},{"@type":"BreadcrumbList","@id":"https:\/\/www.gaveanews.com\/index.php\/2023\/04\/18\/publicacao-de-diego-ribas-movimenta-a-torcida-do-flamengo-traz-ele-pro-mengao\/#breadcrumb","itemListElement":[{"@type":"ListItem","position":1,"name":"Home","item":"https:\/\/www.gaveanews.com\/"},{"@type":"ListItem","position":2,"name":"Publica\u00e7\u00e3o de Diego Ribas movimenta a torcida do Flamengo: &#8220;Traz ele pro Meng\u00e3o&#8221;"}]},{"@type":"WebSite","@id":"https:\/\/www.gaveanews.com\/#website","url":"https:\/\/www.gaveanews.com\/","name":"G\u00e1vea News","description":"Veja todas as not\u00edcias sobre o Flamengo: Contrata\u00e7\u00f5es, categorias de base, resultados das partidas, tabela de classifica\u00e7\u00e3o, pr\u00f3ximos jogos!","potentialAction":[{"@type":"SearchAction","target":{"@type":"EntryPoint","urlTemplate":"https:\/\/www.gaveanews.com\/?s={search_term_string}"},"query-input":{"@type":"PropertyValueSpecification","valueRequired":true,"valueName":"search_term_string"}}],"inLanguage":"pt-BR"},{"@type":"Person","@id":"https:\/\/www.gaveanews.com\/#\/schema\/person\/2ec14f73fb96be2caf28f91afb14749d","name":"Equipe G\u00e1vea News","image":{"@type":"ImageObject","inLanguage":"pt-BR","@id":"https:\/\/www.gaveanews.com\/#\/schema\/person\/image\/","url":"https:\/\/secure.gravatar.com\/avatar\/1e1956f1facbffd3f8fa53a326721950116b3b9dc9bd44939c01180fd4a745a9?s=96&d=mm&r=g","contentUrl":"https:\/\/secure.gravatar.com\/avatar\/1e1956f1facbffd3f8fa53a326721950116b3b9dc9bd44939c01180fd4a745a9?s=96&d=mm&r=g","caption":"Equipe G\u00e1vea News"}}]}},"_links":{"self":[{"href":"https:\/\/www.gaveanews.com\/index.php\/wp-json\/wp\/v2\/posts\/97445","targetHints":{"allow":["GET"]}}],"collection":[{"href":"https:\/\/www.gaveanews.com\/index.php\/wp-json\/wp\/v2\/posts"}],"about":[{"href":"https:\/\/www.gaveanews.com\/index.php\/wp-json\/wp\/v2\/types\/post"}],"author":[{"embeddable":true,"href":"https:\/\/www.gaveanews.com\/index.php\/wp-json\/wp\/v2\/users\/1"}],"replies":[{"embeddable":true,"href":"https:\/\/www.gaveanews.com\/index.php\/wp-json\/wp\/v2\/comments?post=97445"}],"version-history":[{"count":0,"href":"https:\/\/www.gaveanews.com\/index.php\/wp-json\/wp\/v2\/posts\/97445\/revisions"}],"wp:featuredmedia":[{"embeddable":true,"href":"https:\/\/www.gaveanews.com\/index.php\/wp-json\/wp\/v2\/media\/78922"}],"wp:attachment":[{"href":"https:\/\/www.gaveanews.com\/index.php\/wp-json\/wp\/v2\/media?parent=97445"}],"wp:term":[{"taxonomy":"category","embeddable":true,"href":"https:\/\/www.gaveanews.com\/index.php\/wp-json\/wp\/v2\/categories?post=97445"},{"taxonomy":"post_tag","embeddable":true,"href":"https:\/\/www.gaveanews.com\/index.php\/wp-json\/wp\/v2\/tags?post=97445"}],"curies":[{"name":"wp","href":"https:\/\/api.w.org\/{rel}","templated":true}]}}