{"id":97452,"date":"2023-04-19T00:24:27","date_gmt":"2023-04-19T03:24:27","guid":{"rendered":"https:\/\/www.gaveanews.com\/?p=97452"},"modified":"2023-04-19T00:24:30","modified_gmt":"2023-04-19T03:24:30","slug":"arrascaeta-do-flamengo-se-manifesta-nas-redes-sociais","status":"publish","type":"post","link":"https:\/\/www.gaveanews.com\/index.php\/2023\/04\/19\/arrascaeta-do-flamengo-se-manifesta-nas-redes-sociais\/","title":{"rendered":"Arrascaeta, do Flamengo, se manifesta nas redes sociais"},"content":{"rendered":"\n<p>Sem sombra de d\u00favidas, Arrascaeta \u00e9 um dos melhores jogadores do atual elenco. E como se isso j\u00e1 n\u00e3o fosse o suficiente, tamb\u00e9m \u00e9 poss\u00edvel dizer que ele \u00e9 um dos atletas mais habilidosos do futebol brasileiro e sul-americano. N\u00e3o \u00e0 toa, o Mais Querido investiu 15 milh\u00f5es de euros para tirar ele do Cruzeiro. <\/p>\n\n\n\n<p>Por\u00e9m, infelizmente, o meia est\u00e1 fora de combate. Devido a uma les\u00e3o sofrida ainda em 2022, Arrascaeta est\u00e1 entregue ao departamento m\u00e9dico do clube. Em contrapartida, a boa not\u00edcia fica por conta de que j\u00e1 \u00e9 poss\u00edvel notar sua evolu\u00e7\u00e3o. <\/p>\n\n\n\n<p>Em um v\u00eddeo divulgado pelo pr\u00f3prio jogador, observa-se Arrascaeta trabalhando em um dos gramados do Ninho do Urubu. Al\u00e9m do v\u00eddeo, o uruguaio tamb\u00e9m publicou uma breve legenda: &#8220;Falta menos&#8221;. <strong>Confira a publica\u00e7\u00e3o completa abaixo:<\/strong><\/p>\n\n\n\n<figure class=\"wp-block-embed is-type-rich is-provider-twitter wp-block-embed-twitter\"><div class=\"wp-block-embed__wrapper\">\n<blockquote class=\"twitter-tweet\" data-width=\"550\" data-dnt=\"true\"><p lang=\"pt\" dir=\"ltr\">Falta menos \ud83e\udee1\u2714\ufe0f <a href=\"https:\/\/t.co\/PI1M3KBUfN\">pic.twitter.com\/PI1M3KBUfN<\/a><\/p>&mdash; GiorgiandeArrascaeta (@GiorgiandeA) <a href=\"https:\/\/twitter.com\/GiorgiandeA\/status\/1648440907077931011?ref_src=twsrc%5Etfw\">April 18, 2023<\/a><\/blockquote><script async src=\"https:\/\/platform.twitter.com\/widgets.js\" charset=\"utf-8\"><\/script>\n<\/div><\/figure>\n\n\n\n<h2 class=\"wp-block-heading\" id=\"h-jogo-do-flamengo-hoje\">Jogo do Flamengo hoje<\/h2>\n\n\n\n<p>Na noite desta quarta-feira (19 de abril), o time do Flamengo ir\u00e1 disputar a segunda rodada da fase de grupos da Copa Libertadores. O jogo ficar\u00e1 marcado pela estreia de Jorge Sampaoli frente ao time carioca. A bola come\u00e7ar\u00e1 \u00e0s 21h30 (hor\u00e1rio de Bras\u00edlia). O advers\u00e1rio de logo mais ser\u00e1 o \u00d1ublense (do Chile). <\/p>\n\n\n\n<p>Vale destacar que ambos os times perderam os seus respectivos jogos na primeira rodada. Veja abaixo como est\u00e1 a tabela de classifica\u00e7\u00e3o do grupo A:<\/p>\n\n\n\n<figure class=\"wp-block-table is-style-stripes\"><table><tbody><tr><td class=\"has-text-align-center\" data-align=\"center\"><strong>Clube<\/strong><\/td><td class=\"has-text-align-center\" data-align=\"center\"><strong>Vit\u00f3rias<\/strong><\/td><td class=\"has-text-align-center\" data-align=\"center\"><strong>Empates<\/strong><\/td><td class=\"has-text-align-center\" data-align=\"center\"><strong>Derrotas<\/strong><\/td><td class=\"has-text-align-center\" data-align=\"center\"><strong>Saldo de gols<\/strong><\/td><td class=\"has-text-align-center\" data-align=\"center\"><strong>Pontua\u00e7\u00e3o<\/strong><\/td><\/tr><tr><td class=\"has-text-align-center\" data-align=\"center\">Racing<\/td><td class=\"has-text-align-center\" data-align=\"center\">1<\/td><td class=\"has-text-align-center\" data-align=\"center\">0<\/td><td class=\"has-text-align-center\" data-align=\"center\">0<\/td><td class=\"has-text-align-center\" data-align=\"center\">+2<\/td><td class=\"has-text-align-center\" data-align=\"center\">3<\/td><\/tr><tr><td class=\"has-text-align-center\" data-align=\"center\">Aucas<\/td><td class=\"has-text-align-center\" data-align=\"center\">1<\/td><td class=\"has-text-align-center\" data-align=\"center\">0<\/td><td class=\"has-text-align-center\" data-align=\"center\">0<\/td><td class=\"has-text-align-center\" data-align=\"center\">+1<\/td><td class=\"has-text-align-center\" data-align=\"center\">3<\/td><\/tr><tr><td class=\"has-text-align-center\" data-align=\"center\"><a href=\"https:\/\/gaveanews.com\/?utm_source=SystemGaveaNews&amp;utm_medium=SystemGaveaNews&amp;utm_campaign=SystemGaveaNews\">Flamengo<\/a><\/td><td class=\"has-text-align-center\" data-align=\"center\">0<\/td><td class=\"has-text-align-center\" data-align=\"center\">0<\/td><td class=\"has-text-align-center\" data-align=\"center\">1<\/td><td class=\"has-text-align-center\" data-align=\"center\">-1<\/td><td class=\"has-text-align-center\" data-align=\"center\">0<\/td><\/tr><tr><td class=\"has-text-align-center\" data-align=\"center\">\u00d1ublense<\/td><td class=\"has-text-align-center\" data-align=\"center\">0<\/td><td class=\"has-text-align-center\" data-align=\"center\">0<\/td><td class=\"has-text-align-center\" data-align=\"center\">1<\/td><td class=\"has-text-align-center\" data-align=\"center\">-2<\/td><td class=\"has-text-align-center\" data-align=\"center\">0<\/td><\/tr><\/tbody><\/table><\/figure>\n","protected":false},"excerpt":{"rendered":"<p>Sem sombra de d\u00favidas, Arrascaeta \u00e9 um dos melhores jogadores do atual elenco. E como se isso j\u00e1 n\u00e3o fosse o suficiente, tamb\u00e9m \u00e9 poss\u00edvel dizer que ele \u00e9 um dos atletas mais habilidosos do futebol brasileiro e sul-americano. N\u00e3o \u00e0 toa, o Mais Querido investiu 15 milh\u00f5es de euros para tirar ele do Cruzeiro. [&hellip;]<\/p>\n","protected":false},"author":2,"featured_media":95541,"comment_status":"open","ping_status":"closed","sticky":false,"template":"","format":"standard","meta":{"footnotes":""},"categories":[1],"tags":[],"class_list":["post-97452","post","type-post","status-publish","format-standard","has-post-thumbnail","hentry","category-flamengo"],"yoast_head":"<!-- This site is optimized with the Yoast SEO Premium plugin v24.2 (Yoast SEO v26.9) - https:\/\/yoast.com\/product\/yoast-seo-premium-wordpress\/ -->\n<title>Arrascaeta, do Flamengo, se manifesta nas redes sociais<\/title>\n<meta name=\"robots\" content=\"index, follow, max-snippet:-1, max-image-preview:large, max-video-preview:-1\" \/>\n<link rel=\"canonical\" href=\"https:\/\/www.gaveanews.com\/index.php\/2023\/04\/19\/arrascaeta-do-flamengo-se-manifesta-nas-redes-sociais\/\" \/>\n<meta property=\"og:locale\" content=\"pt_BR\" \/>\n<meta property=\"og:type\" content=\"article\" \/>\n<meta property=\"og:title\" content=\"Arrascaeta, do Flamengo, se manifesta nas redes sociais\" \/>\n<meta property=\"og:description\" content=\"Sem sombra de d\u00favidas, Arrascaeta \u00e9 um dos melhores jogadores do atual elenco. E como se isso j\u00e1 n\u00e3o fosse o suficiente, tamb\u00e9m \u00e9 poss\u00edvel dizer que ele \u00e9 um dos atletas mais habilidosos do futebol brasileiro e sul-americano. N\u00e3o \u00e0 toa, o Mais Querido investiu 15 milh\u00f5es de euros para tirar ele do Cruzeiro. [&hellip;]\" \/>\n<meta property=\"og:url\" content=\"https:\/\/www.gaveanews.com\/index.php\/2023\/04\/19\/arrascaeta-do-flamengo-se-manifesta-nas-redes-sociais\/\" \/>\n<meta property=\"og:site_name\" content=\"G\u00e1vea News\" \/>\n<meta property=\"article:publisher\" content=\"https:\/\/facebook.com\/gaveaNews\/\" \/>\n<meta property=\"article:published_time\" content=\"2023-04-19T03:24:27+00:00\" \/>\n<meta property=\"article:modified_time\" content=\"2023-04-19T03:24:30+00:00\" \/>\n<meta property=\"og:image\" content=\"https:\/\/www.gaveanews.com\/wp-content\/uploads\/Arrascaeta-durante-treinamento-no-Ninho-do-Urubu.webp\" \/>\n\t<meta property=\"og:image:width\" content=\"1200\" \/>\n\t<meta property=\"og:image:height\" content=\"799\" \/>\n\t<meta property=\"og:image:type\" content=\"image\/jpeg\" \/>\n<meta name=\"author\" content=\"Hugo Nogueira\" \/>\n<meta name=\"twitter:card\" content=\"summary_large_image\" \/>\n<meta name=\"twitter:label1\" content=\"Escrito por\" \/>\n\t<meta name=\"twitter:data1\" content=\"Hugo Nogueira\" \/>\n\t<meta name=\"twitter:label2\" content=\"Est. tempo de leitura\" \/>\n\t<meta name=\"twitter:data2\" content=\"2 minutos\" \/>\n<script type=\"application\/ld+json\" class=\"yoast-schema-graph\">{\"@context\":\"https:\/\/schema.org\",\"@graph\":[{\"@type\":\"NewsArticle\",\"@id\":\"https:\/\/www.gaveanews.com\/index.php\/2023\/04\/19\/arrascaeta-do-flamengo-se-manifesta-nas-redes-sociais\/#article\",\"isPartOf\":{\"@id\":\"https:\/\/www.gaveanews.com\/index.php\/2023\/04\/19\/arrascaeta-do-flamengo-se-manifesta-nas-redes-sociais\/\"},\"author\":{\"name\":\"Hugo Nogueira\",\"@id\":\"https:\/\/www.gaveanews.com\/#\/schema\/person\/3a0372021fabaeec4e7e4242cfa27841\"},\"headline\":\"Arrascaeta, do Flamengo, se manifesta nas redes sociais\",\"datePublished\":\"2023-04-19T03:24:27+00:00\",\"dateModified\":\"2023-04-19T03:24:30+00:00\",\"mainEntityOfPage\":{\"@id\":\"https:\/\/www.gaveanews.com\/index.php\/2023\/04\/19\/arrascaeta-do-flamengo-se-manifesta-nas-redes-sociais\/\"},\"wordCount\":257,\"commentCount\":0,\"image\":{\"@id\":\"https:\/\/www.gaveanews.com\/index.php\/2023\/04\/19\/arrascaeta-do-flamengo-se-manifesta-nas-redes-sociais\/#primaryimage\"},\"thumbnailUrl\":\"https:\/\/www.gaveanews.com\/wp-content\/uploads\/Arrascaeta-durante-treinamento-no-Ninho-do-Urubu.webp\",\"articleSection\":[\"Flamengo\"],\"inLanguage\":\"pt-BR\",\"potentialAction\":[{\"@type\":\"CommentAction\",\"name\":\"Comment\",\"target\":[\"https:\/\/www.gaveanews.com\/index.php\/2023\/04\/19\/arrascaeta-do-flamengo-se-manifesta-nas-redes-sociais\/#respond\"]}],\"copyrightYear\":\"2023\",\"copyrightHolder\":{\"@id\":\"https:\/\/www.gaveanews.com\/#organization\"}},{\"@type\":\"WebPage\",\"@id\":\"https:\/\/www.gaveanews.com\/index.php\/2023\/04\/19\/arrascaeta-do-flamengo-se-manifesta-nas-redes-sociais\/\",\"url\":\"https:\/\/www.gaveanews.com\/index.php\/2023\/04\/19\/arrascaeta-do-flamengo-se-manifesta-nas-redes-sociais\/\",\"name\":\"Arrascaeta, do Flamengo, se manifesta nas redes sociais\",\"isPartOf\":{\"@id\":\"https:\/\/www.gaveanews.com\/#website\"},\"primaryImageOfPage\":{\"@id\":\"https:\/\/www.gaveanews.com\/index.php\/2023\/04\/19\/arrascaeta-do-flamengo-se-manifesta-nas-redes-sociais\/#primaryimage\"},\"image\":{\"@id\":\"https:\/\/www.gaveanews.com\/index.php\/2023\/04\/19\/arrascaeta-do-flamengo-se-manifesta-nas-redes-sociais\/#primaryimage\"},\"thumbnailUrl\":\"https:\/\/www.gaveanews.com\/wp-content\/uploads\/Arrascaeta-durante-treinamento-no-Ninho-do-Urubu.webp\",\"datePublished\":\"2023-04-19T03:24:27+00:00\",\"dateModified\":\"2023-04-19T03:24:30+00:00\",\"author\":{\"@id\":\"https:\/\/www.gaveanews.com\/#\/schema\/person\/3a0372021fabaeec4e7e4242cfa27841\"},\"breadcrumb\":{\"@id\":\"https:\/\/www.gaveanews.com\/index.php\/2023\/04\/19\/arrascaeta-do-flamengo-se-manifesta-nas-redes-sociais\/#breadcrumb\"},\"inLanguage\":\"pt-BR\",\"potentialAction\":[{\"@type\":\"ReadAction\",\"target\":[\"https:\/\/www.gaveanews.com\/index.php\/2023\/04\/19\/arrascaeta-do-flamengo-se-manifesta-nas-redes-sociais\/\"]}]},{\"@type\":\"ImageObject\",\"inLanguage\":\"pt-BR\",\"@id\":\"https:\/\/www.gaveanews.com\/index.php\/2023\/04\/19\/arrascaeta-do-flamengo-se-manifesta-nas-redes-sociais\/#primaryimage\",\"url\":\"https:\/\/www.gaveanews.com\/wp-content\/uploads\/Arrascaeta-durante-treinamento-no-Ninho-do-Urubu.webp\",\"contentUrl\":\"https:\/\/www.gaveanews.com\/wp-content\/uploads\/Arrascaeta-durante-treinamento-no-Ninho-do-Urubu.webp\",\"width\":1200,\"height\":799,\"caption\":\"Arrascaeta durante treinamento no Ninho do Urubu (Foto: Reprodu\u00e7\u00e3o\/Flamengo)\"},{\"@type\":\"BreadcrumbList\",\"@id\":\"https:\/\/www.gaveanews.com\/index.php\/2023\/04\/19\/arrascaeta-do-flamengo-se-manifesta-nas-redes-sociais\/#breadcrumb\",\"itemListElement\":[{\"@type\":\"ListItem\",\"position\":1,\"name\":\"Home\",\"item\":\"https:\/\/www.gaveanews.com\/\"},{\"@type\":\"ListItem\",\"position\":2,\"name\":\"Arrascaeta, do Flamengo, se manifesta nas redes sociais\"}]},{\"@type\":\"WebSite\",\"@id\":\"https:\/\/www.gaveanews.com\/#website\",\"url\":\"https:\/\/www.gaveanews.com\/\",\"name\":\"G\u00e1vea News\",\"description\":\"Veja todas as not\u00edcias sobre o Flamengo: Contrata\u00e7\u00f5es, categorias de base, resultados das partidas, tabela de classifica\u00e7\u00e3o, pr\u00f3ximos jogos!\",\"potentialAction\":[{\"@type\":\"SearchAction\",\"target\":{\"@type\":\"EntryPoint\",\"urlTemplate\":\"https:\/\/www.gaveanews.com\/?s={search_term_string}\"},\"query-input\":{\"@type\":\"PropertyValueSpecification\",\"valueRequired\":true,\"valueName\":\"search_term_string\"}}],\"inLanguage\":\"pt-BR\"},{\"@type\":\"Person\",\"@id\":\"https:\/\/www.gaveanews.com\/#\/schema\/person\/3a0372021fabaeec4e7e4242cfa27841\",\"name\":\"Hugo Nogueira\",\"image\":{\"@type\":\"ImageObject\",\"inLanguage\":\"pt-BR\",\"@id\":\"https:\/\/www.gaveanews.com\/#\/schema\/person\/image\/\",\"url\":\"https:\/\/secure.gravatar.com\/avatar\/0cdd89f3b47bb55926c08eee2db992845cfdd53f84c9fdd47a49d89b3cd40c0a?s=96&d=mm&r=g\",\"contentUrl\":\"https:\/\/secure.gravatar.com\/avatar\/0cdd89f3b47bb55926c08eee2db992845cfdd53f84c9fdd47a49d89b3cd40c0a?s=96&d=mm&r=g\",\"caption\":\"Hugo Nogueira\"}}]}<\/script>\n<!-- \/ Yoast SEO Premium plugin. -->","yoast_head_json":{"title":"Arrascaeta, do Flamengo, se manifesta nas redes sociais","robots":{"index":"index","follow":"follow","max-snippet":"max-snippet:-1","max-image-preview":"max-image-preview:large","max-video-preview":"max-video-preview:-1"},"canonical":"https:\/\/www.gaveanews.com\/index.php\/2023\/04\/19\/arrascaeta-do-flamengo-se-manifesta-nas-redes-sociais\/","og_locale":"pt_BR","og_type":"article","og_title":"Arrascaeta, do Flamengo, se manifesta nas redes sociais","og_description":"Sem sombra de d\u00favidas, Arrascaeta \u00e9 um dos melhores jogadores do atual elenco. E como se isso j\u00e1 n\u00e3o fosse o suficiente, tamb\u00e9m \u00e9 poss\u00edvel dizer que ele \u00e9 um dos atletas mais habilidosos do futebol brasileiro e sul-americano. N\u00e3o \u00e0 toa, o Mais Querido investiu 15 milh\u00f5es de euros para tirar ele do Cruzeiro. [&hellip;]","og_url":"https:\/\/www.gaveanews.com\/index.php\/2023\/04\/19\/arrascaeta-do-flamengo-se-manifesta-nas-redes-sociais\/","og_site_name":"G\u00e1vea News","article_publisher":"https:\/\/facebook.com\/gaveaNews\/","article_published_time":"2023-04-19T03:24:27+00:00","article_modified_time":"2023-04-19T03:24:30+00:00","og_image":[{"width":1200,"height":799,"url":"https:\/\/www.gaveanews.com\/wp-content\/uploads\/Arrascaeta-durante-treinamento-no-Ninho-do-Urubu.webp","type":"image\/jpeg"}],"author":"Hugo Nogueira","twitter_card":"summary_large_image","twitter_misc":{"Escrito por":"Hugo Nogueira","Est. tempo de leitura":"2 minutos"},"schema":{"@context":"https:\/\/schema.org","@graph":[{"@type":"NewsArticle","@id":"https:\/\/www.gaveanews.com\/index.php\/2023\/04\/19\/arrascaeta-do-flamengo-se-manifesta-nas-redes-sociais\/#article","isPartOf":{"@id":"https:\/\/www.gaveanews.com\/index.php\/2023\/04\/19\/arrascaeta-do-flamengo-se-manifesta-nas-redes-sociais\/"},"author":{"name":"Hugo Nogueira","@id":"https:\/\/www.gaveanews.com\/#\/schema\/person\/3a0372021fabaeec4e7e4242cfa27841"},"headline":"Arrascaeta, do Flamengo, se manifesta nas redes sociais","datePublished":"2023-04-19T03:24:27+00:00","dateModified":"2023-04-19T03:24:30+00:00","mainEntityOfPage":{"@id":"https:\/\/www.gaveanews.com\/index.php\/2023\/04\/19\/arrascaeta-do-flamengo-se-manifesta-nas-redes-sociais\/"},"wordCount":257,"commentCount":0,"image":{"@id":"https:\/\/www.gaveanews.com\/index.php\/2023\/04\/19\/arrascaeta-do-flamengo-se-manifesta-nas-redes-sociais\/#primaryimage"},"thumbnailUrl":"https:\/\/www.gaveanews.com\/wp-content\/uploads\/Arrascaeta-durante-treinamento-no-Ninho-do-Urubu.webp","articleSection":["Flamengo"],"inLanguage":"pt-BR","potentialAction":[{"@type":"CommentAction","name":"Comment","target":["https:\/\/www.gaveanews.com\/index.php\/2023\/04\/19\/arrascaeta-do-flamengo-se-manifesta-nas-redes-sociais\/#respond"]}],"copyrightYear":"2023","copyrightHolder":{"@id":"https:\/\/www.gaveanews.com\/#organization"}},{"@type":"WebPage","@id":"https:\/\/www.gaveanews.com\/index.php\/2023\/04\/19\/arrascaeta-do-flamengo-se-manifesta-nas-redes-sociais\/","url":"https:\/\/www.gaveanews.com\/index.php\/2023\/04\/19\/arrascaeta-do-flamengo-se-manifesta-nas-redes-sociais\/","name":"Arrascaeta, do Flamengo, se manifesta nas redes sociais","isPartOf":{"@id":"https:\/\/www.gaveanews.com\/#website"},"primaryImageOfPage":{"@id":"https:\/\/www.gaveanews.com\/index.php\/2023\/04\/19\/arrascaeta-do-flamengo-se-manifesta-nas-redes-sociais\/#primaryimage"},"image":{"@id":"https:\/\/www.gaveanews.com\/index.php\/2023\/04\/19\/arrascaeta-do-flamengo-se-manifesta-nas-redes-sociais\/#primaryimage"},"thumbnailUrl":"https:\/\/www.gaveanews.com\/wp-content\/uploads\/Arrascaeta-durante-treinamento-no-Ninho-do-Urubu.webp","datePublished":"2023-04-19T03:24:27+00:00","dateModified":"2023-04-19T03:24:30+00:00","author":{"@id":"https:\/\/www.gaveanews.com\/#\/schema\/person\/3a0372021fabaeec4e7e4242cfa27841"},"breadcrumb":{"@id":"https:\/\/www.gaveanews.com\/index.php\/2023\/04\/19\/arrascaeta-do-flamengo-se-manifesta-nas-redes-sociais\/#breadcrumb"},"inLanguage":"pt-BR","potentialAction":[{"@type":"ReadAction","target":["https:\/\/www.gaveanews.com\/index.php\/2023\/04\/19\/arrascaeta-do-flamengo-se-manifesta-nas-redes-sociais\/"]}]},{"@type":"ImageObject","inLanguage":"pt-BR","@id":"https:\/\/www.gaveanews.com\/index.php\/2023\/04\/19\/arrascaeta-do-flamengo-se-manifesta-nas-redes-sociais\/#primaryimage","url":"https:\/\/www.gaveanews.com\/wp-content\/uploads\/Arrascaeta-durante-treinamento-no-Ninho-do-Urubu.webp","contentUrl":"https:\/\/www.gaveanews.com\/wp-content\/uploads\/Arrascaeta-durante-treinamento-no-Ninho-do-Urubu.webp","width":1200,"height":799,"caption":"Arrascaeta durante treinamento no Ninho do Urubu (Foto: Reprodu\u00e7\u00e3o\/Flamengo)"},{"@type":"BreadcrumbList","@id":"https:\/\/www.gaveanews.com\/index.php\/2023\/04\/19\/arrascaeta-do-flamengo-se-manifesta-nas-redes-sociais\/#breadcrumb","itemListElement":[{"@type":"ListItem","position":1,"name":"Home","item":"https:\/\/www.gaveanews.com\/"},{"@type":"ListItem","position":2,"name":"Arrascaeta, do Flamengo, se manifesta nas redes sociais"}]},{"@type":"WebSite","@id":"https:\/\/www.gaveanews.com\/#website","url":"https:\/\/www.gaveanews.com\/","name":"G\u00e1vea News","description":"Veja todas as not\u00edcias sobre o Flamengo: Contrata\u00e7\u00f5es, categorias de base, resultados das partidas, tabela de classifica\u00e7\u00e3o, pr\u00f3ximos jogos!","potentialAction":[{"@type":"SearchAction","target":{"@type":"EntryPoint","urlTemplate":"https:\/\/www.gaveanews.com\/?s={search_term_string}"},"query-input":{"@type":"PropertyValueSpecification","valueRequired":true,"valueName":"search_term_string"}}],"inLanguage":"pt-BR"},{"@type":"Person","@id":"https:\/\/www.gaveanews.com\/#\/schema\/person\/3a0372021fabaeec4e7e4242cfa27841","name":"Hugo Nogueira","image":{"@type":"ImageObject","inLanguage":"pt-BR","@id":"https:\/\/www.gaveanews.com\/#\/schema\/person\/image\/","url":"https:\/\/secure.gravatar.com\/avatar\/0cdd89f3b47bb55926c08eee2db992845cfdd53f84c9fdd47a49d89b3cd40c0a?s=96&d=mm&r=g","contentUrl":"https:\/\/secure.gravatar.com\/avatar\/0cdd89f3b47bb55926c08eee2db992845cfdd53f84c9fdd47a49d89b3cd40c0a?s=96&d=mm&r=g","caption":"Hugo Nogueira"}}]}},"_links":{"self":[{"href":"https:\/\/www.gaveanews.com\/index.php\/wp-json\/wp\/v2\/posts\/97452","targetHints":{"allow":["GET"]}}],"collection":[{"href":"https:\/\/www.gaveanews.com\/index.php\/wp-json\/wp\/v2\/posts"}],"about":[{"href":"https:\/\/www.gaveanews.com\/index.php\/wp-json\/wp\/v2\/types\/post"}],"author":[{"embeddable":true,"href":"https:\/\/www.gaveanews.com\/index.php\/wp-json\/wp\/v2\/users\/2"}],"replies":[{"embeddable":true,"href":"https:\/\/www.gaveanews.com\/index.php\/wp-json\/wp\/v2\/comments?post=97452"}],"version-history":[{"count":0,"href":"https:\/\/www.gaveanews.com\/index.php\/wp-json\/wp\/v2\/posts\/97452\/revisions"}],"wp:featuredmedia":[{"embeddable":true,"href":"https:\/\/www.gaveanews.com\/index.php\/wp-json\/wp\/v2\/media\/95541"}],"wp:attachment":[{"href":"https:\/\/www.gaveanews.com\/index.php\/wp-json\/wp\/v2\/media?parent=97452"}],"wp:term":[{"taxonomy":"category","embeddable":true,"href":"https:\/\/www.gaveanews.com\/index.php\/wp-json\/wp\/v2\/categories?post=97452"},{"taxonomy":"post_tag","embeddable":true,"href":"https:\/\/www.gaveanews.com\/index.php\/wp-json\/wp\/v2\/tags?post=97452"}],"curies":[{"name":"wp","href":"https:\/\/api.w.org\/{rel}","templated":true}]}}