{"id":97456,"date":"2023-04-19T07:45:00","date_gmt":"2023-04-19T10:45:00","guid":{"rendered":"https:\/\/www.gaveanews.com\/?p=97456"},"modified":"2024-04-07T08:28:07","modified_gmt":"2024-04-07T11:28:07","slug":"filho-de-adriano-imperador-idolo-do-flamengo-assina-com-clube-carioca","status":"publish","type":"post","link":"https:\/\/www.gaveanews.com\/index.php\/2023\/04\/19\/filho-de-adriano-imperador-idolo-do-flamengo-assina-com-clube-carioca\/","title":{"rendered":"Filho de Adriano Imperador, \u00eddolo do Flamengo, assina com clube carioca"},"content":{"rendered":"\n<p>Antes de mais nada, o Serrano, clube da terceira divis\u00e3o do futebol carioca, contratou o filho do ex-atacante Adriano Imperador, Adriano Carvalho. O jogador de 16 anos, atua como centroavante e foi integrado \u00e0 equipe sib-17 do Le\u00e3o da Serra.<\/p>\n\n\n\n<p>O\u00a0site &#8216;Torcedores&#8217; apurou que Adriano Carvalho assinou contrato de duas temporadas. O Serrano foi o \u00fanico clube do futebol carioca a lhe abrir as portas ap\u00f3s o \u201cImperadorzinho\u201d, como \u00e9 chamado por seus companheiros, ficar em casa \u00e0 espera de uma oportunidade.<\/p>\n\n\n\n<p>Canhoto, assim como seu pai, Adriano Carvalho j\u00e1 treinou com o grupo nesta ter\u00e7a-feira (18) no Est\u00e1dio At\u00edlio Marotti, em Petr\u00f3polis. Antes, ele havia passado por uma escolinha de futebol do Flamengo no Recreio dos Bandeirantes, Zona Oeste do Rio de Janeiro. No entanto, o garoto n\u00e3o chegou a ser selecionado para integrar as categorias de base no Centro de Treinamento George Helal.<\/p>\n\n\n<div class=\"wp-block-image\">\n<figure class=\"aligncenter size-large\"><img decoding=\"async\" src=\"https:\/\/static-wp-tor15-prd.torcedores.com\/wp-content\/uploads\/2023\/04\/boavista-gremio-serrano-flamengo-internazionale-atacante-adriano-carvalho-adriano-imperador-cariocao-2023-729x486.webp\" alt=\"\"\/><figcaption class=\"wp-element-caption\">Adriano Carvalho<\/figcaption><\/figure>\n<\/div>\n\n\n<p>Ainda segundo apurou a reportagem, o fim do contrato com o Gr\u00eamio coincidiu com a falta de evolu\u00e7\u00e3o do atacante em campo. Isso porque, Adriano Carvalho n\u00e3o correspondeu \u00e0s expectativas no per\u00edodo que passou pelas camadas jovens do clube ga\u00facho.<\/p>\n\n\n\n<p>Na base tricolor, Adriano Carvalho teve a companhia do meia Felipe Santiago e do atacante Kevin que tamb\u00e9m deixaram recentemente o clube para defender o Aimor\u00e9 e S\u00e3o Jos\u00e9, respectivamente, ambos do Rio Grande do Sul.<\/p>\n\n\n\n<h2 class=\"wp-block-heading\" id=\"h-passagem-sem-gols-pelo-gremio\">Passagem sem gols pelo Gr\u00eamio<\/h2>\n\n\n\n<p>Adriano Carvalho defendeu o Gr\u00eamio somente em amistosos entre 2021 e 2022. Ele, portanto, n\u00e3o atuou com a camisa tricolor em datas oficiais. Por conta do baixo rendimento, o atacante ficou de fora de competi\u00e7\u00f5es importantes como a Copa Nike sub-15.<\/p>\n\n\n\n<p>Retirado de: Torcedores<\/p>\n","protected":false},"excerpt":{"rendered":"<p>Antes de mais nada, o Serrano, clube da terceira divis\u00e3o do futebol carioca, contratou o filho do ex-atacante Adriano Imperador, Adriano Carvalho. O jogador de 16 anos, atua como centroavante e foi integrado \u00e0 equipe sib-17 do Le\u00e3o da Serra. O\u00a0site &#8216;Torcedores&#8217; apurou que Adriano Carvalho assinou contrato de duas temporadas. O Serrano foi o [&hellip;]<\/p>\n","protected":false},"author":1,"featured_media":23934,"comment_status":"open","ping_status":"closed","sticky":false,"template":"","format":"standard","meta":{"footnotes":""},"categories":[1],"tags":[183],"class_list":["post-97456","post","type-post","status-publish","format-standard","has-post-thumbnail","hentry","category-flamengo","tag-adriano-leite-ribeiro-imperador"],"yoast_head":"<!-- This site is optimized with the Yoast SEO Premium plugin v24.2 (Yoast SEO v26.9) - https:\/\/yoast.com\/product\/yoast-seo-premium-wordpress\/ -->\n<title>Filho de Adriano Imperador, \u00eddolo do Flamengo, assina com clube carioca<\/title>\n<meta name=\"robots\" content=\"index, follow, max-snippet:-1, max-image-preview:large, max-video-preview:-1\" \/>\n<link rel=\"canonical\" href=\"https:\/\/www.gaveanews.com\/index.php\/2023\/04\/19\/filho-de-adriano-imperador-idolo-do-flamengo-assina-com-clube-carioca\/\" \/>\n<meta property=\"og:locale\" content=\"pt_BR\" \/>\n<meta property=\"og:type\" content=\"article\" \/>\n<meta property=\"og:title\" content=\"Filho de Adriano Imperador, \u00eddolo do Flamengo, assina com clube carioca\" \/>\n<meta property=\"og:description\" content=\"Antes de mais nada, o Serrano, clube da terceira divis\u00e3o do futebol carioca, contratou o filho do ex-atacante Adriano Imperador, Adriano Carvalho. O jogador de 16 anos, atua como centroavante e foi integrado \u00e0 equipe sib-17 do Le\u00e3o da Serra. O\u00a0site &#8216;Torcedores&#8217; apurou que Adriano Carvalho assinou contrato de duas temporadas. O Serrano foi o [&hellip;]\" \/>\n<meta property=\"og:url\" content=\"https:\/\/www.gaveanews.com\/index.php\/2023\/04\/19\/filho-de-adriano-imperador-idolo-do-flamengo-assina-com-clube-carioca\/\" \/>\n<meta property=\"og:site_name\" content=\"G\u00e1vea News\" \/>\n<meta property=\"article:publisher\" content=\"https:\/\/facebook.com\/gaveaNews\/\" \/>\n<meta property=\"article:published_time\" content=\"2023-04-19T10:45:00+00:00\" \/>\n<meta property=\"article:modified_time\" content=\"2024-04-07T11:28:07+00:00\" \/>\n<meta property=\"og:image\" content=\"https:\/\/www.gaveanews.com\/wp-content\/uploads\/2019\/08\/Adriano-Imperador-em-acao-pelo-Flamengo-no-Maracana.webp\" \/>\n\t<meta property=\"og:image:width\" content=\"1\" \/>\n\t<meta property=\"og:image:height\" content=\"1\" \/>\n\t<meta property=\"og:image:type\" content=\"image\/jpeg\" \/>\n<meta name=\"author\" content=\"Equipe G\u00e1vea News\" \/>\n<meta name=\"twitter:card\" content=\"summary_large_image\" \/>\n<meta name=\"twitter:label1\" content=\"Escrito por\" \/>\n\t<meta name=\"twitter:data1\" content=\"Equipe G\u00e1vea News\" \/>\n\t<meta name=\"twitter:label2\" content=\"Est. tempo de leitura\" \/>\n\t<meta name=\"twitter:data2\" content=\"2 minutos\" \/>\n<script type=\"application\/ld+json\" class=\"yoast-schema-graph\">{\"@context\":\"https:\/\/schema.org\",\"@graph\":[{\"@type\":\"NewsArticle\",\"@id\":\"https:\/\/www.gaveanews.com\/index.php\/2023\/04\/19\/filho-de-adriano-imperador-idolo-do-flamengo-assina-com-clube-carioca\/#article\",\"isPartOf\":{\"@id\":\"https:\/\/www.gaveanews.com\/index.php\/2023\/04\/19\/filho-de-adriano-imperador-idolo-do-flamengo-assina-com-clube-carioca\/\"},\"author\":{\"name\":\"Equipe G\u00e1vea News\",\"@id\":\"https:\/\/www.gaveanews.com\/#\/schema\/person\/2ec14f73fb96be2caf28f91afb14749d\"},\"headline\":\"Filho de Adriano Imperador, \u00eddolo do Flamengo, assina com clube carioca\",\"datePublished\":\"2023-04-19T10:45:00+00:00\",\"dateModified\":\"2024-04-07T11:28:07+00:00\",\"mainEntityOfPage\":{\"@id\":\"https:\/\/www.gaveanews.com\/index.php\/2023\/04\/19\/filho-de-adriano-imperador-idolo-do-flamengo-assina-com-clube-carioca\/\"},\"wordCount\":296,\"commentCount\":0,\"image\":{\"@id\":\"https:\/\/www.gaveanews.com\/index.php\/2023\/04\/19\/filho-de-adriano-imperador-idolo-do-flamengo-assina-com-clube-carioca\/#primaryimage\"},\"thumbnailUrl\":\"https:\/\/www.gaveanews.com\/wp-content\/uploads\/2019\/08\/Adriano-Imperador-em-acao-pelo-Flamengo-no-Maracana.webp\",\"keywords\":[\"Adriano Leite Ribeiro\"],\"articleSection\":[\"Flamengo\"],\"inLanguage\":\"pt-BR\",\"potentialAction\":[{\"@type\":\"CommentAction\",\"name\":\"Comment\",\"target\":[\"https:\/\/www.gaveanews.com\/index.php\/2023\/04\/19\/filho-de-adriano-imperador-idolo-do-flamengo-assina-com-clube-carioca\/#respond\"]}],\"copyrightYear\":\"2023\",\"copyrightHolder\":{\"@id\":\"https:\/\/www.gaveanews.com\/#organization\"}},{\"@type\":\"WebPage\",\"@id\":\"https:\/\/www.gaveanews.com\/index.php\/2023\/04\/19\/filho-de-adriano-imperador-idolo-do-flamengo-assina-com-clube-carioca\/\",\"url\":\"https:\/\/www.gaveanews.com\/index.php\/2023\/04\/19\/filho-de-adriano-imperador-idolo-do-flamengo-assina-com-clube-carioca\/\",\"name\":\"Filho de Adriano Imperador, \u00eddolo do Flamengo, assina com clube carioca\",\"isPartOf\":{\"@id\":\"https:\/\/www.gaveanews.com\/#website\"},\"primaryImageOfPage\":{\"@id\":\"https:\/\/www.gaveanews.com\/index.php\/2023\/04\/19\/filho-de-adriano-imperador-idolo-do-flamengo-assina-com-clube-carioca\/#primaryimage\"},\"image\":{\"@id\":\"https:\/\/www.gaveanews.com\/index.php\/2023\/04\/19\/filho-de-adriano-imperador-idolo-do-flamengo-assina-com-clube-carioca\/#primaryimage\"},\"thumbnailUrl\":\"https:\/\/www.gaveanews.com\/wp-content\/uploads\/2019\/08\/Adriano-Imperador-em-acao-pelo-Flamengo-no-Maracana.webp\",\"datePublished\":\"2023-04-19T10:45:00+00:00\",\"dateModified\":\"2024-04-07T11:28:07+00:00\",\"author\":{\"@id\":\"https:\/\/www.gaveanews.com\/#\/schema\/person\/2ec14f73fb96be2caf28f91afb14749d\"},\"breadcrumb\":{\"@id\":\"https:\/\/www.gaveanews.com\/index.php\/2023\/04\/19\/filho-de-adriano-imperador-idolo-do-flamengo-assina-com-clube-carioca\/#breadcrumb\"},\"inLanguage\":\"pt-BR\",\"potentialAction\":[{\"@type\":\"ReadAction\",\"target\":[\"https:\/\/www.gaveanews.com\/index.php\/2023\/04\/19\/filho-de-adriano-imperador-idolo-do-flamengo-assina-com-clube-carioca\/\"]}]},{\"@type\":\"ImageObject\",\"inLanguage\":\"pt-BR\",\"@id\":\"https:\/\/www.gaveanews.com\/index.php\/2023\/04\/19\/filho-de-adriano-imperador-idolo-do-flamengo-assina-com-clube-carioca\/#primaryimage\",\"url\":\"https:\/\/www.gaveanews.com\/wp-content\/uploads\/2019\/08\/Adriano-Imperador-em-acao-pelo-Flamengo-no-Maracana.webp\",\"contentUrl\":\"https:\/\/www.gaveanews.com\/wp-content\/uploads\/2019\/08\/Adriano-Imperador-em-acao-pelo-Flamengo-no-Maracana.webp\",\"caption\":\"Adriano Imperador em a\u00e7\u00e3o pelo Flamengo no Maracan\u00e3 (Foto: Celso Pupo\/Fotoarena)\"},{\"@type\":\"BreadcrumbList\",\"@id\":\"https:\/\/www.gaveanews.com\/index.php\/2023\/04\/19\/filho-de-adriano-imperador-idolo-do-flamengo-assina-com-clube-carioca\/#breadcrumb\",\"itemListElement\":[{\"@type\":\"ListItem\",\"position\":1,\"name\":\"Home\",\"item\":\"https:\/\/www.gaveanews.com\/\"},{\"@type\":\"ListItem\",\"position\":2,\"name\":\"Filho de Adriano Imperador, \u00eddolo do Flamengo, assina com clube carioca\"}]},{\"@type\":\"WebSite\",\"@id\":\"https:\/\/www.gaveanews.com\/#website\",\"url\":\"https:\/\/www.gaveanews.com\/\",\"name\":\"G\u00e1vea News\",\"description\":\"Veja todas as not\u00edcias sobre o Flamengo: Contrata\u00e7\u00f5es, categorias de base, resultados das partidas, tabela de classifica\u00e7\u00e3o, pr\u00f3ximos jogos!\",\"potentialAction\":[{\"@type\":\"SearchAction\",\"target\":{\"@type\":\"EntryPoint\",\"urlTemplate\":\"https:\/\/www.gaveanews.com\/?s={search_term_string}\"},\"query-input\":{\"@type\":\"PropertyValueSpecification\",\"valueRequired\":true,\"valueName\":\"search_term_string\"}}],\"inLanguage\":\"pt-BR\"},{\"@type\":\"Person\",\"@id\":\"https:\/\/www.gaveanews.com\/#\/schema\/person\/2ec14f73fb96be2caf28f91afb14749d\",\"name\":\"Equipe G\u00e1vea News\",\"image\":{\"@type\":\"ImageObject\",\"inLanguage\":\"pt-BR\",\"@id\":\"https:\/\/www.gaveanews.com\/#\/schema\/person\/image\/\",\"url\":\"https:\/\/secure.gravatar.com\/avatar\/1e1956f1facbffd3f8fa53a326721950116b3b9dc9bd44939c01180fd4a745a9?s=96&d=mm&r=g\",\"contentUrl\":\"https:\/\/secure.gravatar.com\/avatar\/1e1956f1facbffd3f8fa53a326721950116b3b9dc9bd44939c01180fd4a745a9?s=96&d=mm&r=g\",\"caption\":\"Equipe G\u00e1vea News\"}}]}<\/script>\n<!-- \/ Yoast SEO Premium plugin. -->","yoast_head_json":{"title":"Filho de Adriano Imperador, \u00eddolo do Flamengo, assina com clube carioca","robots":{"index":"index","follow":"follow","max-snippet":"max-snippet:-1","max-image-preview":"max-image-preview:large","max-video-preview":"max-video-preview:-1"},"canonical":"https:\/\/www.gaveanews.com\/index.php\/2023\/04\/19\/filho-de-adriano-imperador-idolo-do-flamengo-assina-com-clube-carioca\/","og_locale":"pt_BR","og_type":"article","og_title":"Filho de Adriano Imperador, \u00eddolo do Flamengo, assina com clube carioca","og_description":"Antes de mais nada, o Serrano, clube da terceira divis\u00e3o do futebol carioca, contratou o filho do ex-atacante Adriano Imperador, Adriano Carvalho. O jogador de 16 anos, atua como centroavante e foi integrado \u00e0 equipe sib-17 do Le\u00e3o da Serra. O\u00a0site &#8216;Torcedores&#8217; apurou que Adriano Carvalho assinou contrato de duas temporadas. O Serrano foi o [&hellip;]","og_url":"https:\/\/www.gaveanews.com\/index.php\/2023\/04\/19\/filho-de-adriano-imperador-idolo-do-flamengo-assina-com-clube-carioca\/","og_site_name":"G\u00e1vea News","article_publisher":"https:\/\/facebook.com\/gaveaNews\/","article_published_time":"2023-04-19T10:45:00+00:00","article_modified_time":"2024-04-07T11:28:07+00:00","og_image":[{"url":"https:\/\/www.gaveanews.com\/wp-content\/uploads\/2019\/08\/Adriano-Imperador-em-acao-pelo-Flamengo-no-Maracana.webp","width":1,"height":1,"type":"image\/jpeg"}],"author":"Equipe G\u00e1vea News","twitter_card":"summary_large_image","twitter_misc":{"Escrito por":"Equipe G\u00e1vea News","Est. tempo de leitura":"2 minutos"},"schema":{"@context":"https:\/\/schema.org","@graph":[{"@type":"NewsArticle","@id":"https:\/\/www.gaveanews.com\/index.php\/2023\/04\/19\/filho-de-adriano-imperador-idolo-do-flamengo-assina-com-clube-carioca\/#article","isPartOf":{"@id":"https:\/\/www.gaveanews.com\/index.php\/2023\/04\/19\/filho-de-adriano-imperador-idolo-do-flamengo-assina-com-clube-carioca\/"},"author":{"name":"Equipe G\u00e1vea News","@id":"https:\/\/www.gaveanews.com\/#\/schema\/person\/2ec14f73fb96be2caf28f91afb14749d"},"headline":"Filho de Adriano Imperador, \u00eddolo do Flamengo, assina com clube carioca","datePublished":"2023-04-19T10:45:00+00:00","dateModified":"2024-04-07T11:28:07+00:00","mainEntityOfPage":{"@id":"https:\/\/www.gaveanews.com\/index.php\/2023\/04\/19\/filho-de-adriano-imperador-idolo-do-flamengo-assina-com-clube-carioca\/"},"wordCount":296,"commentCount":0,"image":{"@id":"https:\/\/www.gaveanews.com\/index.php\/2023\/04\/19\/filho-de-adriano-imperador-idolo-do-flamengo-assina-com-clube-carioca\/#primaryimage"},"thumbnailUrl":"https:\/\/www.gaveanews.com\/wp-content\/uploads\/2019\/08\/Adriano-Imperador-em-acao-pelo-Flamengo-no-Maracana.webp","keywords":["Adriano Leite Ribeiro"],"articleSection":["Flamengo"],"inLanguage":"pt-BR","potentialAction":[{"@type":"CommentAction","name":"Comment","target":["https:\/\/www.gaveanews.com\/index.php\/2023\/04\/19\/filho-de-adriano-imperador-idolo-do-flamengo-assina-com-clube-carioca\/#respond"]}],"copyrightYear":"2023","copyrightHolder":{"@id":"https:\/\/www.gaveanews.com\/#organization"}},{"@type":"WebPage","@id":"https:\/\/www.gaveanews.com\/index.php\/2023\/04\/19\/filho-de-adriano-imperador-idolo-do-flamengo-assina-com-clube-carioca\/","url":"https:\/\/www.gaveanews.com\/index.php\/2023\/04\/19\/filho-de-adriano-imperador-idolo-do-flamengo-assina-com-clube-carioca\/","name":"Filho de Adriano Imperador, \u00eddolo do Flamengo, assina com clube carioca","isPartOf":{"@id":"https:\/\/www.gaveanews.com\/#website"},"primaryImageOfPage":{"@id":"https:\/\/www.gaveanews.com\/index.php\/2023\/04\/19\/filho-de-adriano-imperador-idolo-do-flamengo-assina-com-clube-carioca\/#primaryimage"},"image":{"@id":"https:\/\/www.gaveanews.com\/index.php\/2023\/04\/19\/filho-de-adriano-imperador-idolo-do-flamengo-assina-com-clube-carioca\/#primaryimage"},"thumbnailUrl":"https:\/\/www.gaveanews.com\/wp-content\/uploads\/2019\/08\/Adriano-Imperador-em-acao-pelo-Flamengo-no-Maracana.webp","datePublished":"2023-04-19T10:45:00+00:00","dateModified":"2024-04-07T11:28:07+00:00","author":{"@id":"https:\/\/www.gaveanews.com\/#\/schema\/person\/2ec14f73fb96be2caf28f91afb14749d"},"breadcrumb":{"@id":"https:\/\/www.gaveanews.com\/index.php\/2023\/04\/19\/filho-de-adriano-imperador-idolo-do-flamengo-assina-com-clube-carioca\/#breadcrumb"},"inLanguage":"pt-BR","potentialAction":[{"@type":"ReadAction","target":["https:\/\/www.gaveanews.com\/index.php\/2023\/04\/19\/filho-de-adriano-imperador-idolo-do-flamengo-assina-com-clube-carioca\/"]}]},{"@type":"ImageObject","inLanguage":"pt-BR","@id":"https:\/\/www.gaveanews.com\/index.php\/2023\/04\/19\/filho-de-adriano-imperador-idolo-do-flamengo-assina-com-clube-carioca\/#primaryimage","url":"https:\/\/www.gaveanews.com\/wp-content\/uploads\/2019\/08\/Adriano-Imperador-em-acao-pelo-Flamengo-no-Maracana.webp","contentUrl":"https:\/\/www.gaveanews.com\/wp-content\/uploads\/2019\/08\/Adriano-Imperador-em-acao-pelo-Flamengo-no-Maracana.webp","caption":"Adriano Imperador em a\u00e7\u00e3o pelo Flamengo no Maracan\u00e3 (Foto: Celso Pupo\/Fotoarena)"},{"@type":"BreadcrumbList","@id":"https:\/\/www.gaveanews.com\/index.php\/2023\/04\/19\/filho-de-adriano-imperador-idolo-do-flamengo-assina-com-clube-carioca\/#breadcrumb","itemListElement":[{"@type":"ListItem","position":1,"name":"Home","item":"https:\/\/www.gaveanews.com\/"},{"@type":"ListItem","position":2,"name":"Filho de Adriano Imperador, \u00eddolo do Flamengo, assina com clube carioca"}]},{"@type":"WebSite","@id":"https:\/\/www.gaveanews.com\/#website","url":"https:\/\/www.gaveanews.com\/","name":"G\u00e1vea News","description":"Veja todas as not\u00edcias sobre o Flamengo: Contrata\u00e7\u00f5es, categorias de base, resultados das partidas, tabela de classifica\u00e7\u00e3o, pr\u00f3ximos jogos!","potentialAction":[{"@type":"SearchAction","target":{"@type":"EntryPoint","urlTemplate":"https:\/\/www.gaveanews.com\/?s={search_term_string}"},"query-input":{"@type":"PropertyValueSpecification","valueRequired":true,"valueName":"search_term_string"}}],"inLanguage":"pt-BR"},{"@type":"Person","@id":"https:\/\/www.gaveanews.com\/#\/schema\/person\/2ec14f73fb96be2caf28f91afb14749d","name":"Equipe G\u00e1vea News","image":{"@type":"ImageObject","inLanguage":"pt-BR","@id":"https:\/\/www.gaveanews.com\/#\/schema\/person\/image\/","url":"https:\/\/secure.gravatar.com\/avatar\/1e1956f1facbffd3f8fa53a326721950116b3b9dc9bd44939c01180fd4a745a9?s=96&d=mm&r=g","contentUrl":"https:\/\/secure.gravatar.com\/avatar\/1e1956f1facbffd3f8fa53a326721950116b3b9dc9bd44939c01180fd4a745a9?s=96&d=mm&r=g","caption":"Equipe G\u00e1vea News"}}]}},"_links":{"self":[{"href":"https:\/\/www.gaveanews.com\/index.php\/wp-json\/wp\/v2\/posts\/97456","targetHints":{"allow":["GET"]}}],"collection":[{"href":"https:\/\/www.gaveanews.com\/index.php\/wp-json\/wp\/v2\/posts"}],"about":[{"href":"https:\/\/www.gaveanews.com\/index.php\/wp-json\/wp\/v2\/types\/post"}],"author":[{"embeddable":true,"href":"https:\/\/www.gaveanews.com\/index.php\/wp-json\/wp\/v2\/users\/1"}],"replies":[{"embeddable":true,"href":"https:\/\/www.gaveanews.com\/index.php\/wp-json\/wp\/v2\/comments?post=97456"}],"version-history":[{"count":1,"href":"https:\/\/www.gaveanews.com\/index.php\/wp-json\/wp\/v2\/posts\/97456\/revisions"}],"predecessor-version":[{"id":135880,"href":"https:\/\/www.gaveanews.com\/index.php\/wp-json\/wp\/v2\/posts\/97456\/revisions\/135880"}],"wp:featuredmedia":[{"embeddable":true,"href":"https:\/\/www.gaveanews.com\/index.php\/wp-json\/wp\/v2\/media\/23934"}],"wp:attachment":[{"href":"https:\/\/www.gaveanews.com\/index.php\/wp-json\/wp\/v2\/media?parent=97456"}],"wp:term":[{"taxonomy":"category","embeddable":true,"href":"https:\/\/www.gaveanews.com\/index.php\/wp-json\/wp\/v2\/categories?post=97456"},{"taxonomy":"post_tag","embeddable":true,"href":"https:\/\/www.gaveanews.com\/index.php\/wp-json\/wp\/v2\/tags?post=97456"}],"curies":[{"name":"wp","href":"https:\/\/api.w.org\/{rel}","templated":true}]}}