{"id":97468,"date":"2023-04-19T12:13:08","date_gmt":"2023-04-19T15:13:08","guid":{"rendered":"https:\/\/www.gaveanews.com\/?p=97468"},"modified":"2023-04-19T12:39:38","modified_gmt":"2023-04-19T15:39:38","slug":"reforco-flamengo-acerta-chegada-de-meio-campista-ao-clube","status":"publish","type":"post","link":"https:\/\/www.gaveanews.com\/index.php\/2023\/04\/19\/reforco-flamengo-acerta-chegada-de-meio-campista-ao-clube\/","title":{"rendered":"Refor\u00e7o: Flamengo acerta chegada de meio-campista ao clube"},"content":{"rendered":"\n<p>Embora o elenco profissional n\u00e3o tenha recebido muitas novidades neste come\u00e7o de ano, as categorias de base do Flamengo seguem a todo vapor e recepcionaram novos membros nos times.<\/p>\n\n\n\n<p>O clube acertou a contrata\u00e7\u00e3o de Gabryel Farias, de 19 anos. O jovem chamou aten\u00e7\u00e3o do Mais Querido ap\u00f3s se destacar na Portuguesa, do Rio de Janeiro.<\/p>\n\n\n\n<p>O meia se apresenta no Flamengo na pr\u00f3xima segunda-feira (24) e assinar\u00e1 contrato definitivo. As informa\u00e7\u00f5es s\u00e3o do Flazoeiro e do FlaBase.<\/p>\n\n\n\n<figure class=\"wp-block-image size-large\"><img decoding=\"async\" src=\"https:\/\/pbs.twimg.com\/media\/FuCKVFfaMAMD71m?format=jpg\" alt=\"\"\/><figcaption class=\"wp-element-caption\">Gabryel Farias em a\u00e7\u00e3o pela Portuguesa contra o Flamengo (Foto: Nathan Diniz)<\/figcaption><\/figure>\n\n\n\n<p>Com as poucas contrata\u00e7\u00f5es para o elenco profissional, o Flamengo acaba recorrendo bastante \u00e0s joias da base para refor\u00e7ar a equipe. Assim, inclusive, que Matheus Fran\u00e7a, Matheus Gon\u00e7alves, Wesley, Igor Jesus e Victor Hugo tem sido acionados no time principal.<\/p>\n\n\n\n<p>Vale lembrar ainda que tanto os jogos da base quanto os do profissional servem como vitrine dos jovens atletas para o mundo do futebol. Muitos deles chamam aten\u00e7\u00e3o de clubes europeus e acabam sendo negociados ao Velho Continente, como foi o caso recente de Jo\u00e3o Gomes e tantos outros como Lucas Paquet\u00e1 e Vini Jr.<\/p>\n","protected":false},"excerpt":{"rendered":"<p>Embora o elenco profissional n\u00e3o tenha recebido muitas novidades neste come\u00e7o de ano, as categorias de base do Flamengo seguem a todo vapor e recepcionaram novos membros nos times. O clube acertou a contrata\u00e7\u00e3o de Gabryel Farias, de 19 anos. O jovem chamou aten\u00e7\u00e3o do Mais Querido ap\u00f3s se destacar na Portuguesa, do Rio de [&hellip;]<\/p>\n","protected":false},"author":4,"featured_media":89087,"comment_status":"open","ping_status":"closed","sticky":false,"template":"","format":"standard","meta":{"footnotes":""},"categories":[48],"tags":[],"class_list":["post-97468","post","type-post","status-publish","format-standard","has-post-thumbnail","hentry","category-negociacoes"],"yoast_head":"<!-- This site is optimized with the Yoast SEO Premium plugin v24.2 (Yoast SEO v26.9) - https:\/\/yoast.com\/product\/yoast-seo-premium-wordpress\/ -->\n<title>Refor\u00e7o: Flamengo acerta chegada de meio-campista ao clube<\/title>\n<meta name=\"robots\" content=\"index, follow, max-snippet:-1, max-image-preview:large, max-video-preview:-1\" \/>\n<link rel=\"canonical\" href=\"https:\/\/www.gaveanews.com\/index.php\/2023\/04\/19\/reforco-flamengo-acerta-chegada-de-meio-campista-ao-clube\/\" \/>\n<meta property=\"og:locale\" content=\"pt_BR\" \/>\n<meta property=\"og:type\" content=\"article\" \/>\n<meta property=\"og:title\" content=\"Refor\u00e7o: Flamengo acerta chegada de meio-campista ao clube\" \/>\n<meta property=\"og:description\" content=\"Embora o elenco profissional n\u00e3o tenha recebido muitas novidades neste come\u00e7o de ano, as categorias de base do Flamengo seguem a todo vapor e recepcionaram novos membros nos times. O clube acertou a contrata\u00e7\u00e3o de Gabryel Farias, de 19 anos. O jovem chamou aten\u00e7\u00e3o do Mais Querido ap\u00f3s se destacar na Portuguesa, do Rio de [&hellip;]\" \/>\n<meta property=\"og:url\" content=\"https:\/\/www.gaveanews.com\/index.php\/2023\/04\/19\/reforco-flamengo-acerta-chegada-de-meio-campista-ao-clube\/\" \/>\n<meta property=\"og:site_name\" content=\"G\u00e1vea News\" \/>\n<meta property=\"article:publisher\" content=\"https:\/\/facebook.com\/gaveaNews\/\" \/>\n<meta property=\"article:published_time\" content=\"2023-04-19T15:13:08+00:00\" \/>\n<meta property=\"article:modified_time\" content=\"2023-04-19T15:39:38+00:00\" \/>\n<meta property=\"og:image\" content=\"https:\/\/www.gaveanews.com\/wp-content\/uploads\/Torcida-do-Flamengo-faz-show-com-luzes-no-Maracana.webp\" \/>\n\t<meta property=\"og:image:width\" content=\"799\" \/>\n\t<meta property=\"og:image:height\" content=\"533\" \/>\n\t<meta property=\"og:image:type\" content=\"image\/jpeg\" \/>\n<meta name=\"author\" content=\"Let\u00edcia Gerheim\" \/>\n<meta name=\"twitter:card\" content=\"summary_large_image\" \/>\n<meta name=\"twitter:label1\" content=\"Escrito por\" \/>\n\t<meta name=\"twitter:data1\" content=\"Let\u00edcia Gerheim\" \/>\n\t<meta name=\"twitter:label2\" content=\"Est. tempo de leitura\" \/>\n\t<meta name=\"twitter:data2\" content=\"2 minutos\" \/>\n<script type=\"application\/ld+json\" class=\"yoast-schema-graph\">{\"@context\":\"https:\/\/schema.org\",\"@graph\":[{\"@type\":\"NewsArticle\",\"@id\":\"https:\/\/www.gaveanews.com\/index.php\/2023\/04\/19\/reforco-flamengo-acerta-chegada-de-meio-campista-ao-clube\/#article\",\"isPartOf\":{\"@id\":\"https:\/\/www.gaveanews.com\/index.php\/2023\/04\/19\/reforco-flamengo-acerta-chegada-de-meio-campista-ao-clube\/\"},\"author\":{\"name\":\"Let\u00edcia Gerheim\",\"@id\":\"https:\/\/www.gaveanews.com\/#\/schema\/person\/714c67050b836198af2450ba1c142a67\"},\"headline\":\"Refor\u00e7o: Flamengo acerta chegada de meio-campista ao clube\",\"datePublished\":\"2023-04-19T15:13:08+00:00\",\"dateModified\":\"2023-04-19T15:39:38+00:00\",\"mainEntityOfPage\":{\"@id\":\"https:\/\/www.gaveanews.com\/index.php\/2023\/04\/19\/reforco-flamengo-acerta-chegada-de-meio-campista-ao-clube\/\"},\"wordCount\":207,\"commentCount\":0,\"image\":{\"@id\":\"https:\/\/www.gaveanews.com\/index.php\/2023\/04\/19\/reforco-flamengo-acerta-chegada-de-meio-campista-ao-clube\/#primaryimage\"},\"thumbnailUrl\":\"https:\/\/www.gaveanews.com\/wp-content\/uploads\/Torcida-do-Flamengo-faz-show-com-luzes-no-Maracana.webp\",\"articleSection\":[\"Negocia\u00e7\u00f5es\"],\"inLanguage\":\"pt-BR\",\"potentialAction\":[{\"@type\":\"CommentAction\",\"name\":\"Comment\",\"target\":[\"https:\/\/www.gaveanews.com\/index.php\/2023\/04\/19\/reforco-flamengo-acerta-chegada-de-meio-campista-ao-clube\/#respond\"]}],\"copyrightYear\":\"2023\",\"copyrightHolder\":{\"@id\":\"https:\/\/www.gaveanews.com\/#organization\"}},{\"@type\":\"WebPage\",\"@id\":\"https:\/\/www.gaveanews.com\/index.php\/2023\/04\/19\/reforco-flamengo-acerta-chegada-de-meio-campista-ao-clube\/\",\"url\":\"https:\/\/www.gaveanews.com\/index.php\/2023\/04\/19\/reforco-flamengo-acerta-chegada-de-meio-campista-ao-clube\/\",\"name\":\"Refor\u00e7o: Flamengo acerta chegada de meio-campista ao clube\",\"isPartOf\":{\"@id\":\"https:\/\/www.gaveanews.com\/#website\"},\"primaryImageOfPage\":{\"@id\":\"https:\/\/www.gaveanews.com\/index.php\/2023\/04\/19\/reforco-flamengo-acerta-chegada-de-meio-campista-ao-clube\/#primaryimage\"},\"image\":{\"@id\":\"https:\/\/www.gaveanews.com\/index.php\/2023\/04\/19\/reforco-flamengo-acerta-chegada-de-meio-campista-ao-clube\/#primaryimage\"},\"thumbnailUrl\":\"https:\/\/www.gaveanews.com\/wp-content\/uploads\/Torcida-do-Flamengo-faz-show-com-luzes-no-Maracana.webp\",\"datePublished\":\"2023-04-19T15:13:08+00:00\",\"dateModified\":\"2023-04-19T15:39:38+00:00\",\"author\":{\"@id\":\"https:\/\/www.gaveanews.com\/#\/schema\/person\/714c67050b836198af2450ba1c142a67\"},\"breadcrumb\":{\"@id\":\"https:\/\/www.gaveanews.com\/index.php\/2023\/04\/19\/reforco-flamengo-acerta-chegada-de-meio-campista-ao-clube\/#breadcrumb\"},\"inLanguage\":\"pt-BR\",\"potentialAction\":[{\"@type\":\"ReadAction\",\"target\":[\"https:\/\/www.gaveanews.com\/index.php\/2023\/04\/19\/reforco-flamengo-acerta-chegada-de-meio-campista-ao-clube\/\"]}]},{\"@type\":\"ImageObject\",\"inLanguage\":\"pt-BR\",\"@id\":\"https:\/\/www.gaveanews.com\/index.php\/2023\/04\/19\/reforco-flamengo-acerta-chegada-de-meio-campista-ao-clube\/#primaryimage\",\"url\":\"https:\/\/www.gaveanews.com\/wp-content\/uploads\/Torcida-do-Flamengo-faz-show-com-luzes-no-Maracana.webp\",\"contentUrl\":\"https:\/\/www.gaveanews.com\/wp-content\/uploads\/Torcida-do-Flamengo-faz-show-com-luzes-no-Maracana.webp\",\"width\":799,\"height\":533,\"caption\":\"Torcida do Flamengo faz show com luzes no Maracan\u00e3 (Foto: Gilvan de Souza\/Flamengo)\"},{\"@type\":\"BreadcrumbList\",\"@id\":\"https:\/\/www.gaveanews.com\/index.php\/2023\/04\/19\/reforco-flamengo-acerta-chegada-de-meio-campista-ao-clube\/#breadcrumb\",\"itemListElement\":[{\"@type\":\"ListItem\",\"position\":1,\"name\":\"Home\",\"item\":\"https:\/\/www.gaveanews.com\/\"},{\"@type\":\"ListItem\",\"position\":2,\"name\":\"Refor\u00e7o: Flamengo acerta chegada de meio-campista ao clube\"}]},{\"@type\":\"WebSite\",\"@id\":\"https:\/\/www.gaveanews.com\/#website\",\"url\":\"https:\/\/www.gaveanews.com\/\",\"name\":\"G\u00e1vea News\",\"description\":\"Veja todas as not\u00edcias sobre o Flamengo: Contrata\u00e7\u00f5es, categorias de base, resultados das partidas, tabela de classifica\u00e7\u00e3o, pr\u00f3ximos jogos!\",\"potentialAction\":[{\"@type\":\"SearchAction\",\"target\":{\"@type\":\"EntryPoint\",\"urlTemplate\":\"https:\/\/www.gaveanews.com\/?s={search_term_string}\"},\"query-input\":{\"@type\":\"PropertyValueSpecification\",\"valueRequired\":true,\"valueName\":\"search_term_string\"}}],\"inLanguage\":\"pt-BR\"},{\"@type\":\"Person\",\"@id\":\"https:\/\/www.gaveanews.com\/#\/schema\/person\/714c67050b836198af2450ba1c142a67\",\"name\":\"Let\u00edcia Gerheim\",\"image\":{\"@type\":\"ImageObject\",\"inLanguage\":\"pt-BR\",\"@id\":\"https:\/\/www.gaveanews.com\/#\/schema\/person\/image\/\",\"url\":\"https:\/\/secure.gravatar.com\/avatar\/60734739c50fcebfbac509e2a826ccd0ff405c019bc73aab9354f19ecad1dcb4?s=96&d=mm&r=g\",\"contentUrl\":\"https:\/\/secure.gravatar.com\/avatar\/60734739c50fcebfbac509e2a826ccd0ff405c019bc73aab9354f19ecad1dcb4?s=96&d=mm&r=g\",\"caption\":\"Let\u00edcia Gerheim\"}}]}<\/script>\n<!-- \/ Yoast SEO Premium plugin. -->","yoast_head_json":{"title":"Refor\u00e7o: Flamengo acerta chegada de meio-campista ao clube","robots":{"index":"index","follow":"follow","max-snippet":"max-snippet:-1","max-image-preview":"max-image-preview:large","max-video-preview":"max-video-preview:-1"},"canonical":"https:\/\/www.gaveanews.com\/index.php\/2023\/04\/19\/reforco-flamengo-acerta-chegada-de-meio-campista-ao-clube\/","og_locale":"pt_BR","og_type":"article","og_title":"Refor\u00e7o: Flamengo acerta chegada de meio-campista ao clube","og_description":"Embora o elenco profissional n\u00e3o tenha recebido muitas novidades neste come\u00e7o de ano, as categorias de base do Flamengo seguem a todo vapor e recepcionaram novos membros nos times. O clube acertou a contrata\u00e7\u00e3o de Gabryel Farias, de 19 anos. O jovem chamou aten\u00e7\u00e3o do Mais Querido ap\u00f3s se destacar na Portuguesa, do Rio de [&hellip;]","og_url":"https:\/\/www.gaveanews.com\/index.php\/2023\/04\/19\/reforco-flamengo-acerta-chegada-de-meio-campista-ao-clube\/","og_site_name":"G\u00e1vea News","article_publisher":"https:\/\/facebook.com\/gaveaNews\/","article_published_time":"2023-04-19T15:13:08+00:00","article_modified_time":"2023-04-19T15:39:38+00:00","og_image":[{"width":799,"height":533,"url":"https:\/\/www.gaveanews.com\/wp-content\/uploads\/Torcida-do-Flamengo-faz-show-com-luzes-no-Maracana.webp","type":"image\/jpeg"}],"author":"Let\u00edcia Gerheim","twitter_card":"summary_large_image","twitter_misc":{"Escrito por":"Let\u00edcia Gerheim","Est. tempo de leitura":"2 minutos"},"schema":{"@context":"https:\/\/schema.org","@graph":[{"@type":"NewsArticle","@id":"https:\/\/www.gaveanews.com\/index.php\/2023\/04\/19\/reforco-flamengo-acerta-chegada-de-meio-campista-ao-clube\/#article","isPartOf":{"@id":"https:\/\/www.gaveanews.com\/index.php\/2023\/04\/19\/reforco-flamengo-acerta-chegada-de-meio-campista-ao-clube\/"},"author":{"name":"Let\u00edcia Gerheim","@id":"https:\/\/www.gaveanews.com\/#\/schema\/person\/714c67050b836198af2450ba1c142a67"},"headline":"Refor\u00e7o: Flamengo acerta chegada de meio-campista ao clube","datePublished":"2023-04-19T15:13:08+00:00","dateModified":"2023-04-19T15:39:38+00:00","mainEntityOfPage":{"@id":"https:\/\/www.gaveanews.com\/index.php\/2023\/04\/19\/reforco-flamengo-acerta-chegada-de-meio-campista-ao-clube\/"},"wordCount":207,"commentCount":0,"image":{"@id":"https:\/\/www.gaveanews.com\/index.php\/2023\/04\/19\/reforco-flamengo-acerta-chegada-de-meio-campista-ao-clube\/#primaryimage"},"thumbnailUrl":"https:\/\/www.gaveanews.com\/wp-content\/uploads\/Torcida-do-Flamengo-faz-show-com-luzes-no-Maracana.webp","articleSection":["Negocia\u00e7\u00f5es"],"inLanguage":"pt-BR","potentialAction":[{"@type":"CommentAction","name":"Comment","target":["https:\/\/www.gaveanews.com\/index.php\/2023\/04\/19\/reforco-flamengo-acerta-chegada-de-meio-campista-ao-clube\/#respond"]}],"copyrightYear":"2023","copyrightHolder":{"@id":"https:\/\/www.gaveanews.com\/#organization"}},{"@type":"WebPage","@id":"https:\/\/www.gaveanews.com\/index.php\/2023\/04\/19\/reforco-flamengo-acerta-chegada-de-meio-campista-ao-clube\/","url":"https:\/\/www.gaveanews.com\/index.php\/2023\/04\/19\/reforco-flamengo-acerta-chegada-de-meio-campista-ao-clube\/","name":"Refor\u00e7o: Flamengo acerta chegada de meio-campista ao clube","isPartOf":{"@id":"https:\/\/www.gaveanews.com\/#website"},"primaryImageOfPage":{"@id":"https:\/\/www.gaveanews.com\/index.php\/2023\/04\/19\/reforco-flamengo-acerta-chegada-de-meio-campista-ao-clube\/#primaryimage"},"image":{"@id":"https:\/\/www.gaveanews.com\/index.php\/2023\/04\/19\/reforco-flamengo-acerta-chegada-de-meio-campista-ao-clube\/#primaryimage"},"thumbnailUrl":"https:\/\/www.gaveanews.com\/wp-content\/uploads\/Torcida-do-Flamengo-faz-show-com-luzes-no-Maracana.webp","datePublished":"2023-04-19T15:13:08+00:00","dateModified":"2023-04-19T15:39:38+00:00","author":{"@id":"https:\/\/www.gaveanews.com\/#\/schema\/person\/714c67050b836198af2450ba1c142a67"},"breadcrumb":{"@id":"https:\/\/www.gaveanews.com\/index.php\/2023\/04\/19\/reforco-flamengo-acerta-chegada-de-meio-campista-ao-clube\/#breadcrumb"},"inLanguage":"pt-BR","potentialAction":[{"@type":"ReadAction","target":["https:\/\/www.gaveanews.com\/index.php\/2023\/04\/19\/reforco-flamengo-acerta-chegada-de-meio-campista-ao-clube\/"]}]},{"@type":"ImageObject","inLanguage":"pt-BR","@id":"https:\/\/www.gaveanews.com\/index.php\/2023\/04\/19\/reforco-flamengo-acerta-chegada-de-meio-campista-ao-clube\/#primaryimage","url":"https:\/\/www.gaveanews.com\/wp-content\/uploads\/Torcida-do-Flamengo-faz-show-com-luzes-no-Maracana.webp","contentUrl":"https:\/\/www.gaveanews.com\/wp-content\/uploads\/Torcida-do-Flamengo-faz-show-com-luzes-no-Maracana.webp","width":799,"height":533,"caption":"Torcida do Flamengo faz show com luzes no Maracan\u00e3 (Foto: Gilvan de Souza\/Flamengo)"},{"@type":"BreadcrumbList","@id":"https:\/\/www.gaveanews.com\/index.php\/2023\/04\/19\/reforco-flamengo-acerta-chegada-de-meio-campista-ao-clube\/#breadcrumb","itemListElement":[{"@type":"ListItem","position":1,"name":"Home","item":"https:\/\/www.gaveanews.com\/"},{"@type":"ListItem","position":2,"name":"Refor\u00e7o: Flamengo acerta chegada de meio-campista ao clube"}]},{"@type":"WebSite","@id":"https:\/\/www.gaveanews.com\/#website","url":"https:\/\/www.gaveanews.com\/","name":"G\u00e1vea News","description":"Veja todas as not\u00edcias sobre o Flamengo: Contrata\u00e7\u00f5es, categorias de base, resultados das partidas, tabela de classifica\u00e7\u00e3o, pr\u00f3ximos jogos!","potentialAction":[{"@type":"SearchAction","target":{"@type":"EntryPoint","urlTemplate":"https:\/\/www.gaveanews.com\/?s={search_term_string}"},"query-input":{"@type":"PropertyValueSpecification","valueRequired":true,"valueName":"search_term_string"}}],"inLanguage":"pt-BR"},{"@type":"Person","@id":"https:\/\/www.gaveanews.com\/#\/schema\/person\/714c67050b836198af2450ba1c142a67","name":"Let\u00edcia Gerheim","image":{"@type":"ImageObject","inLanguage":"pt-BR","@id":"https:\/\/www.gaveanews.com\/#\/schema\/person\/image\/","url":"https:\/\/secure.gravatar.com\/avatar\/60734739c50fcebfbac509e2a826ccd0ff405c019bc73aab9354f19ecad1dcb4?s=96&d=mm&r=g","contentUrl":"https:\/\/secure.gravatar.com\/avatar\/60734739c50fcebfbac509e2a826ccd0ff405c019bc73aab9354f19ecad1dcb4?s=96&d=mm&r=g","caption":"Let\u00edcia Gerheim"}}]}},"_links":{"self":[{"href":"https:\/\/www.gaveanews.com\/index.php\/wp-json\/wp\/v2\/posts\/97468","targetHints":{"allow":["GET"]}}],"collection":[{"href":"https:\/\/www.gaveanews.com\/index.php\/wp-json\/wp\/v2\/posts"}],"about":[{"href":"https:\/\/www.gaveanews.com\/index.php\/wp-json\/wp\/v2\/types\/post"}],"author":[{"embeddable":true,"href":"https:\/\/www.gaveanews.com\/index.php\/wp-json\/wp\/v2\/users\/4"}],"replies":[{"embeddable":true,"href":"https:\/\/www.gaveanews.com\/index.php\/wp-json\/wp\/v2\/comments?post=97468"}],"version-history":[{"count":0,"href":"https:\/\/www.gaveanews.com\/index.php\/wp-json\/wp\/v2\/posts\/97468\/revisions"}],"wp:featuredmedia":[{"embeddable":true,"href":"https:\/\/www.gaveanews.com\/index.php\/wp-json\/wp\/v2\/media\/89087"}],"wp:attachment":[{"href":"https:\/\/www.gaveanews.com\/index.php\/wp-json\/wp\/v2\/media?parent=97468"}],"wp:term":[{"taxonomy":"category","embeddable":true,"href":"https:\/\/www.gaveanews.com\/index.php\/wp-json\/wp\/v2\/categories?post=97468"},{"taxonomy":"post_tag","embeddable":true,"href":"https:\/\/www.gaveanews.com\/index.php\/wp-json\/wp\/v2\/tags?post=97468"}],"curies":[{"name":"wp","href":"https:\/\/api.w.org\/{rel}","templated":true}]}}