{"id":97471,"date":"2023-04-19T13:15:05","date_gmt":"2023-04-19T16:15:05","guid":{"rendered":"https:\/\/www.gaveanews.com\/?p=97471"},"modified":"2023-04-19T13:15:11","modified_gmt":"2023-04-19T16:15:11","slug":"dois-times-da-europa-enviaram-observadores-para-acompanhar-presencialmente-atacante-do-flamengo","status":"publish","type":"post","link":"https:\/\/www.gaveanews.com\/index.php\/2023\/04\/19\/dois-times-da-europa-enviaram-observadores-para-acompanhar-presencialmente-atacante-do-flamengo\/","title":{"rendered":"Dois times da Europa enviaram observadores para acompanhar presencialmente atacante do Flamengo"},"content":{"rendered":"\n<p>Considerado uma das principais promessas do Flamengo, Matheus Fran\u00e7a \u00e9 considerado um dos jogadores mais cobi\u00e7ados do mercado da bola. Na mira de Crystal Palace, Liverpool e Newcastle, o atacante vem recebendo aten\u00e7\u00e3o especial do Arsenal.<\/p>\n\n\n\n<p>O\u00a0Torcedores\u00a0apurou que o Arsenal est\u00e1 tentando se antecipar aos concorrentes ingleses. Nesta quarta-feira (19), o clube londrino ter\u00e1 um observador t\u00e9cnico para acompanhar o desempenho do jovem contra o \u00d1ublense em jogo v\u00e1lido pela Copa Libertadores da Am\u00e9rica.<\/p>\n\n\n\n<p>O Arsenal enviou o observador Jonathan Vidall\u00e8 respons\u00e1vel pela analise de jogadores na Am\u00e9rica do Sul. Ex-funcion\u00e1rio do Boca Juniors, ele est\u00e1 mapeando atletas na Argentina, Brasil, Chile e Uruguai.<\/p>\n\n\n\n<p>No Brasil, Jonathan Vidall\u00e8 tamb\u00e9m monitora o rendimento de outros jogadores. Nomes como John Kennedy, do Fluminense e Eguinaldo, do Vasco, est\u00e3o na lista do clube. Mas, por ora, n\u00e3o existem conversas por uma negocia\u00e7\u00e3o.<\/p>\n\n\n\n<p>Ainda segundo apurou a reportagem, o Arsenal aumentou seu campo de observa\u00e7\u00e3o no futebol sul-americano no fim de 2022. Com isso, o clube colocou diversos jogadores em seu radar entre argentinos, brasileiros, chilenos e uruguaios.<\/p>\n\n\n\n<p>O Crystal Palace, um dos interessados, tamb\u00e9m estar\u00e1 no Maracan\u00e3. Os \u201cEagles\u201d enviaram o observador chefe Rob Weaver para esta miss\u00e3o no Brasil. Est\u00e1 \u00e9 a primeira vez que o clube ingl\u00eas ir\u00e1 analisar \u2018inloco\u2019 o garoto rubro-negro.<\/p>\n\n\n\n<h2 class=\"wp-block-heading\" id=\"h-a-temporada-de-matheus-franca\"><strong>A temporada de Matheus Fran\u00e7a<\/strong><\/h2>\n\n\n\n<p>Matheus Fran\u00e7a foi titular em sete das 15 partidas que disputou pelo Flamengo em 2023. Ao todo, foram 12 no Campeonato Carioca, uma na Supercopa do Brasil, uma no Campeonato Brasileiro, uma na Copa do Brasil, uma na Copa Libertadores da Am\u00e9rica.<\/p>\n\n\n\n<p>Promovido ao rubro-negro principal em 2022, o atacante integrou o elenco que conquistou a Copa Libertadores da Am\u00e9rica e a Copa do Brasil. Seu contrato vai at\u00e9 dezembro de 2027 A multa rescis\u00f3ria do atacante \u00e9 de 185 milh\u00f5es de euros (R$ 1 bilh\u00e3o, na cota\u00e7\u00e3o atual)<\/p>\n\n\n\n<p>Retirado de: Torcedores<\/p>\n","protected":false},"excerpt":{"rendered":"<p>Considerado uma das principais promessas do Flamengo, Matheus Fran\u00e7a \u00e9 considerado um dos jogadores mais cobi\u00e7ados do mercado da bola. Na mira de Crystal Palace, Liverpool e Newcastle, o atacante vem recebendo aten\u00e7\u00e3o especial do Arsenal. O\u00a0Torcedores\u00a0apurou que o Arsenal est\u00e1 tentando se antecipar aos concorrentes ingleses. Nesta quarta-feira (19), o clube londrino ter\u00e1 um [&hellip;]<\/p>\n","protected":false},"author":1,"featured_media":84429,"comment_status":"open","ping_status":"closed","sticky":false,"template":"","format":"standard","meta":{"footnotes":""},"categories":[48],"tags":[],"class_list":["post-97471","post","type-post","status-publish","format-standard","has-post-thumbnail","hentry","category-negociacoes"],"yoast_head":"<!-- This site is optimized with the Yoast SEO Premium plugin v24.2 (Yoast SEO v26.9) - https:\/\/yoast.com\/product\/yoast-seo-premium-wordpress\/ -->\n<title>Dois times da Europa enviaram observadores para acompanhar presencialmente atacante do Flamengo<\/title>\n<meta name=\"robots\" content=\"index, follow, max-snippet:-1, max-image-preview:large, max-video-preview:-1\" \/>\n<link rel=\"canonical\" href=\"https:\/\/www.gaveanews.com\/index.php\/2023\/04\/19\/dois-times-da-europa-enviaram-observadores-para-acompanhar-presencialmente-atacante-do-flamengo\/\" \/>\n<meta property=\"og:locale\" content=\"pt_BR\" \/>\n<meta property=\"og:type\" content=\"article\" \/>\n<meta property=\"og:title\" content=\"Dois times da Europa enviaram observadores para acompanhar presencialmente atacante do Flamengo\" \/>\n<meta property=\"og:description\" content=\"Considerado uma das principais promessas do Flamengo, Matheus Fran\u00e7a \u00e9 considerado um dos jogadores mais cobi\u00e7ados do mercado da bola. Na mira de Crystal Palace, Liverpool e Newcastle, o atacante vem recebendo aten\u00e7\u00e3o especial do Arsenal. O\u00a0Torcedores\u00a0apurou que o Arsenal est\u00e1 tentando se antecipar aos concorrentes ingleses. Nesta quarta-feira (19), o clube londrino ter\u00e1 um [&hellip;]\" \/>\n<meta property=\"og:url\" content=\"https:\/\/www.gaveanews.com\/index.php\/2023\/04\/19\/dois-times-da-europa-enviaram-observadores-para-acompanhar-presencialmente-atacante-do-flamengo\/\" \/>\n<meta property=\"og:site_name\" content=\"G\u00e1vea News\" \/>\n<meta property=\"article:publisher\" content=\"https:\/\/facebook.com\/gaveaNews\/\" \/>\n<meta property=\"article:published_time\" content=\"2023-04-19T16:15:05+00:00\" \/>\n<meta property=\"article:modified_time\" content=\"2023-04-19T16:15:11+00:00\" \/>\n<meta property=\"og:image\" content=\"https:\/\/www.gaveanews.com\/wp-content\/uploads\/Matheus-Franca-comemora-gol-marcado-pelo-Flamengo-contra-o-Tolima-na-Libertadores.webp\" \/>\n\t<meta property=\"og:image:width\" content=\"800\" \/>\n\t<meta property=\"og:image:height\" content=\"533\" \/>\n\t<meta property=\"og:image:type\" content=\"image\/jpeg\" \/>\n<meta name=\"author\" content=\"Equipe G\u00e1vea News\" \/>\n<meta name=\"twitter:card\" content=\"summary_large_image\" \/>\n<meta name=\"twitter:label1\" content=\"Escrito por\" \/>\n\t<meta name=\"twitter:data1\" content=\"Equipe G\u00e1vea News\" \/>\n\t<meta name=\"twitter:label2\" content=\"Est. tempo de leitura\" \/>\n\t<meta name=\"twitter:data2\" content=\"2 minutos\" \/>\n<script type=\"application\/ld+json\" class=\"yoast-schema-graph\">{\"@context\":\"https:\/\/schema.org\",\"@graph\":[{\"@type\":\"NewsArticle\",\"@id\":\"https:\/\/www.gaveanews.com\/index.php\/2023\/04\/19\/dois-times-da-europa-enviaram-observadores-para-acompanhar-presencialmente-atacante-do-flamengo\/#article\",\"isPartOf\":{\"@id\":\"https:\/\/www.gaveanews.com\/index.php\/2023\/04\/19\/dois-times-da-europa-enviaram-observadores-para-acompanhar-presencialmente-atacante-do-flamengo\/\"},\"author\":{\"name\":\"Equipe G\u00e1vea News\",\"@id\":\"https:\/\/www.gaveanews.com\/#\/schema\/person\/2ec14f73fb96be2caf28f91afb14749d\"},\"headline\":\"Dois times da Europa enviaram observadores para acompanhar presencialmente atacante do Flamengo\",\"datePublished\":\"2023-04-19T16:15:05+00:00\",\"dateModified\":\"2023-04-19T16:15:11+00:00\",\"mainEntityOfPage\":{\"@id\":\"https:\/\/www.gaveanews.com\/index.php\/2023\/04\/19\/dois-times-da-europa-enviaram-observadores-para-acompanhar-presencialmente-atacante-do-flamengo\/\"},\"wordCount\":336,\"commentCount\":0,\"image\":{\"@id\":\"https:\/\/www.gaveanews.com\/index.php\/2023\/04\/19\/dois-times-da-europa-enviaram-observadores-para-acompanhar-presencialmente-atacante-do-flamengo\/#primaryimage\"},\"thumbnailUrl\":\"https:\/\/www.gaveanews.com\/wp-content\/uploads\/Matheus-Franca-comemora-gol-marcado-pelo-Flamengo-contra-o-Tolima-na-Libertadores.webp\",\"articleSection\":[\"Negocia\u00e7\u00f5es\"],\"inLanguage\":\"pt-BR\",\"potentialAction\":[{\"@type\":\"CommentAction\",\"name\":\"Comment\",\"target\":[\"https:\/\/www.gaveanews.com\/index.php\/2023\/04\/19\/dois-times-da-europa-enviaram-observadores-para-acompanhar-presencialmente-atacante-do-flamengo\/#respond\"]}],\"copyrightYear\":\"2023\",\"copyrightHolder\":{\"@id\":\"https:\/\/www.gaveanews.com\/#organization\"}},{\"@type\":\"WebPage\",\"@id\":\"https:\/\/www.gaveanews.com\/index.php\/2023\/04\/19\/dois-times-da-europa-enviaram-observadores-para-acompanhar-presencialmente-atacante-do-flamengo\/\",\"url\":\"https:\/\/www.gaveanews.com\/index.php\/2023\/04\/19\/dois-times-da-europa-enviaram-observadores-para-acompanhar-presencialmente-atacante-do-flamengo\/\",\"name\":\"Dois times da Europa enviaram observadores para acompanhar presencialmente atacante do Flamengo\",\"isPartOf\":{\"@id\":\"https:\/\/www.gaveanews.com\/#website\"},\"primaryImageOfPage\":{\"@id\":\"https:\/\/www.gaveanews.com\/index.php\/2023\/04\/19\/dois-times-da-europa-enviaram-observadores-para-acompanhar-presencialmente-atacante-do-flamengo\/#primaryimage\"},\"image\":{\"@id\":\"https:\/\/www.gaveanews.com\/index.php\/2023\/04\/19\/dois-times-da-europa-enviaram-observadores-para-acompanhar-presencialmente-atacante-do-flamengo\/#primaryimage\"},\"thumbnailUrl\":\"https:\/\/www.gaveanews.com\/wp-content\/uploads\/Matheus-Franca-comemora-gol-marcado-pelo-Flamengo-contra-o-Tolima-na-Libertadores.webp\",\"datePublished\":\"2023-04-19T16:15:05+00:00\",\"dateModified\":\"2023-04-19T16:15:11+00:00\",\"author\":{\"@id\":\"https:\/\/www.gaveanews.com\/#\/schema\/person\/2ec14f73fb96be2caf28f91afb14749d\"},\"breadcrumb\":{\"@id\":\"https:\/\/www.gaveanews.com\/index.php\/2023\/04\/19\/dois-times-da-europa-enviaram-observadores-para-acompanhar-presencialmente-atacante-do-flamengo\/#breadcrumb\"},\"inLanguage\":\"pt-BR\",\"potentialAction\":[{\"@type\":\"ReadAction\",\"target\":[\"https:\/\/www.gaveanews.com\/index.php\/2023\/04\/19\/dois-times-da-europa-enviaram-observadores-para-acompanhar-presencialmente-atacante-do-flamengo\/\"]}]},{\"@type\":\"ImageObject\",\"inLanguage\":\"pt-BR\",\"@id\":\"https:\/\/www.gaveanews.com\/index.php\/2023\/04\/19\/dois-times-da-europa-enviaram-observadores-para-acompanhar-presencialmente-atacante-do-flamengo\/#primaryimage\",\"url\":\"https:\/\/www.gaveanews.com\/wp-content\/uploads\/Matheus-Franca-comemora-gol-marcado-pelo-Flamengo-contra-o-Tolima-na-Libertadores.webp\",\"contentUrl\":\"https:\/\/www.gaveanews.com\/wp-content\/uploads\/Matheus-Franca-comemora-gol-marcado-pelo-Flamengo-contra-o-Tolima-na-Libertadores.webp\",\"width\":800,\"height\":533,\"caption\":\"Matheus Fran\u00e7a comemora gol marcado pelo Flamengo contra o Tolima na Libertadores (Foto: Marcelo Cortes\/Flamengo)\"},{\"@type\":\"BreadcrumbList\",\"@id\":\"https:\/\/www.gaveanews.com\/index.php\/2023\/04\/19\/dois-times-da-europa-enviaram-observadores-para-acompanhar-presencialmente-atacante-do-flamengo\/#breadcrumb\",\"itemListElement\":[{\"@type\":\"ListItem\",\"position\":1,\"name\":\"Home\",\"item\":\"https:\/\/www.gaveanews.com\/\"},{\"@type\":\"ListItem\",\"position\":2,\"name\":\"Dois times da Europa enviaram observadores para acompanhar presencialmente atacante do Flamengo\"}]},{\"@type\":\"WebSite\",\"@id\":\"https:\/\/www.gaveanews.com\/#website\",\"url\":\"https:\/\/www.gaveanews.com\/\",\"name\":\"G\u00e1vea News\",\"description\":\"Veja todas as not\u00edcias sobre o Flamengo: Contrata\u00e7\u00f5es, categorias de base, resultados das partidas, tabela de classifica\u00e7\u00e3o, pr\u00f3ximos jogos!\",\"potentialAction\":[{\"@type\":\"SearchAction\",\"target\":{\"@type\":\"EntryPoint\",\"urlTemplate\":\"https:\/\/www.gaveanews.com\/?s={search_term_string}\"},\"query-input\":{\"@type\":\"PropertyValueSpecification\",\"valueRequired\":true,\"valueName\":\"search_term_string\"}}],\"inLanguage\":\"pt-BR\"},{\"@type\":\"Person\",\"@id\":\"https:\/\/www.gaveanews.com\/#\/schema\/person\/2ec14f73fb96be2caf28f91afb14749d\",\"name\":\"Equipe G\u00e1vea News\",\"image\":{\"@type\":\"ImageObject\",\"inLanguage\":\"pt-BR\",\"@id\":\"https:\/\/www.gaveanews.com\/#\/schema\/person\/image\/\",\"url\":\"https:\/\/secure.gravatar.com\/avatar\/1e1956f1facbffd3f8fa53a326721950116b3b9dc9bd44939c01180fd4a745a9?s=96&d=mm&r=g\",\"contentUrl\":\"https:\/\/secure.gravatar.com\/avatar\/1e1956f1facbffd3f8fa53a326721950116b3b9dc9bd44939c01180fd4a745a9?s=96&d=mm&r=g\",\"caption\":\"Equipe G\u00e1vea News\"}}]}<\/script>\n<!-- \/ Yoast SEO Premium plugin. -->","yoast_head_json":{"title":"Dois times da Europa enviaram observadores para acompanhar presencialmente atacante do Flamengo","robots":{"index":"index","follow":"follow","max-snippet":"max-snippet:-1","max-image-preview":"max-image-preview:large","max-video-preview":"max-video-preview:-1"},"canonical":"https:\/\/www.gaveanews.com\/index.php\/2023\/04\/19\/dois-times-da-europa-enviaram-observadores-para-acompanhar-presencialmente-atacante-do-flamengo\/","og_locale":"pt_BR","og_type":"article","og_title":"Dois times da Europa enviaram observadores para acompanhar presencialmente atacante do Flamengo","og_description":"Considerado uma das principais promessas do Flamengo, Matheus Fran\u00e7a \u00e9 considerado um dos jogadores mais cobi\u00e7ados do mercado da bola. Na mira de Crystal Palace, Liverpool e Newcastle, o atacante vem recebendo aten\u00e7\u00e3o especial do Arsenal. O\u00a0Torcedores\u00a0apurou que o Arsenal est\u00e1 tentando se antecipar aos concorrentes ingleses. Nesta quarta-feira (19), o clube londrino ter\u00e1 um [&hellip;]","og_url":"https:\/\/www.gaveanews.com\/index.php\/2023\/04\/19\/dois-times-da-europa-enviaram-observadores-para-acompanhar-presencialmente-atacante-do-flamengo\/","og_site_name":"G\u00e1vea News","article_publisher":"https:\/\/facebook.com\/gaveaNews\/","article_published_time":"2023-04-19T16:15:05+00:00","article_modified_time":"2023-04-19T16:15:11+00:00","og_image":[{"width":800,"height":533,"url":"https:\/\/www.gaveanews.com\/wp-content\/uploads\/Matheus-Franca-comemora-gol-marcado-pelo-Flamengo-contra-o-Tolima-na-Libertadores.webp","type":"image\/jpeg"}],"author":"Equipe G\u00e1vea News","twitter_card":"summary_large_image","twitter_misc":{"Escrito por":"Equipe G\u00e1vea News","Est. tempo de leitura":"2 minutos"},"schema":{"@context":"https:\/\/schema.org","@graph":[{"@type":"NewsArticle","@id":"https:\/\/www.gaveanews.com\/index.php\/2023\/04\/19\/dois-times-da-europa-enviaram-observadores-para-acompanhar-presencialmente-atacante-do-flamengo\/#article","isPartOf":{"@id":"https:\/\/www.gaveanews.com\/index.php\/2023\/04\/19\/dois-times-da-europa-enviaram-observadores-para-acompanhar-presencialmente-atacante-do-flamengo\/"},"author":{"name":"Equipe G\u00e1vea News","@id":"https:\/\/www.gaveanews.com\/#\/schema\/person\/2ec14f73fb96be2caf28f91afb14749d"},"headline":"Dois times da Europa enviaram observadores para acompanhar presencialmente atacante do Flamengo","datePublished":"2023-04-19T16:15:05+00:00","dateModified":"2023-04-19T16:15:11+00:00","mainEntityOfPage":{"@id":"https:\/\/www.gaveanews.com\/index.php\/2023\/04\/19\/dois-times-da-europa-enviaram-observadores-para-acompanhar-presencialmente-atacante-do-flamengo\/"},"wordCount":336,"commentCount":0,"image":{"@id":"https:\/\/www.gaveanews.com\/index.php\/2023\/04\/19\/dois-times-da-europa-enviaram-observadores-para-acompanhar-presencialmente-atacante-do-flamengo\/#primaryimage"},"thumbnailUrl":"https:\/\/www.gaveanews.com\/wp-content\/uploads\/Matheus-Franca-comemora-gol-marcado-pelo-Flamengo-contra-o-Tolima-na-Libertadores.webp","articleSection":["Negocia\u00e7\u00f5es"],"inLanguage":"pt-BR","potentialAction":[{"@type":"CommentAction","name":"Comment","target":["https:\/\/www.gaveanews.com\/index.php\/2023\/04\/19\/dois-times-da-europa-enviaram-observadores-para-acompanhar-presencialmente-atacante-do-flamengo\/#respond"]}],"copyrightYear":"2023","copyrightHolder":{"@id":"https:\/\/www.gaveanews.com\/#organization"}},{"@type":"WebPage","@id":"https:\/\/www.gaveanews.com\/index.php\/2023\/04\/19\/dois-times-da-europa-enviaram-observadores-para-acompanhar-presencialmente-atacante-do-flamengo\/","url":"https:\/\/www.gaveanews.com\/index.php\/2023\/04\/19\/dois-times-da-europa-enviaram-observadores-para-acompanhar-presencialmente-atacante-do-flamengo\/","name":"Dois times da Europa enviaram observadores para acompanhar presencialmente atacante do Flamengo","isPartOf":{"@id":"https:\/\/www.gaveanews.com\/#website"},"primaryImageOfPage":{"@id":"https:\/\/www.gaveanews.com\/index.php\/2023\/04\/19\/dois-times-da-europa-enviaram-observadores-para-acompanhar-presencialmente-atacante-do-flamengo\/#primaryimage"},"image":{"@id":"https:\/\/www.gaveanews.com\/index.php\/2023\/04\/19\/dois-times-da-europa-enviaram-observadores-para-acompanhar-presencialmente-atacante-do-flamengo\/#primaryimage"},"thumbnailUrl":"https:\/\/www.gaveanews.com\/wp-content\/uploads\/Matheus-Franca-comemora-gol-marcado-pelo-Flamengo-contra-o-Tolima-na-Libertadores.webp","datePublished":"2023-04-19T16:15:05+00:00","dateModified":"2023-04-19T16:15:11+00:00","author":{"@id":"https:\/\/www.gaveanews.com\/#\/schema\/person\/2ec14f73fb96be2caf28f91afb14749d"},"breadcrumb":{"@id":"https:\/\/www.gaveanews.com\/index.php\/2023\/04\/19\/dois-times-da-europa-enviaram-observadores-para-acompanhar-presencialmente-atacante-do-flamengo\/#breadcrumb"},"inLanguage":"pt-BR","potentialAction":[{"@type":"ReadAction","target":["https:\/\/www.gaveanews.com\/index.php\/2023\/04\/19\/dois-times-da-europa-enviaram-observadores-para-acompanhar-presencialmente-atacante-do-flamengo\/"]}]},{"@type":"ImageObject","inLanguage":"pt-BR","@id":"https:\/\/www.gaveanews.com\/index.php\/2023\/04\/19\/dois-times-da-europa-enviaram-observadores-para-acompanhar-presencialmente-atacante-do-flamengo\/#primaryimage","url":"https:\/\/www.gaveanews.com\/wp-content\/uploads\/Matheus-Franca-comemora-gol-marcado-pelo-Flamengo-contra-o-Tolima-na-Libertadores.webp","contentUrl":"https:\/\/www.gaveanews.com\/wp-content\/uploads\/Matheus-Franca-comemora-gol-marcado-pelo-Flamengo-contra-o-Tolima-na-Libertadores.webp","width":800,"height":533,"caption":"Matheus Fran\u00e7a comemora gol marcado pelo Flamengo contra o Tolima na Libertadores (Foto: Marcelo Cortes\/Flamengo)"},{"@type":"BreadcrumbList","@id":"https:\/\/www.gaveanews.com\/index.php\/2023\/04\/19\/dois-times-da-europa-enviaram-observadores-para-acompanhar-presencialmente-atacante-do-flamengo\/#breadcrumb","itemListElement":[{"@type":"ListItem","position":1,"name":"Home","item":"https:\/\/www.gaveanews.com\/"},{"@type":"ListItem","position":2,"name":"Dois times da Europa enviaram observadores para acompanhar presencialmente atacante do Flamengo"}]},{"@type":"WebSite","@id":"https:\/\/www.gaveanews.com\/#website","url":"https:\/\/www.gaveanews.com\/","name":"G\u00e1vea News","description":"Veja todas as not\u00edcias sobre o Flamengo: Contrata\u00e7\u00f5es, categorias de base, resultados das partidas, tabela de classifica\u00e7\u00e3o, pr\u00f3ximos jogos!","potentialAction":[{"@type":"SearchAction","target":{"@type":"EntryPoint","urlTemplate":"https:\/\/www.gaveanews.com\/?s={search_term_string}"},"query-input":{"@type":"PropertyValueSpecification","valueRequired":true,"valueName":"search_term_string"}}],"inLanguage":"pt-BR"},{"@type":"Person","@id":"https:\/\/www.gaveanews.com\/#\/schema\/person\/2ec14f73fb96be2caf28f91afb14749d","name":"Equipe G\u00e1vea News","image":{"@type":"ImageObject","inLanguage":"pt-BR","@id":"https:\/\/www.gaveanews.com\/#\/schema\/person\/image\/","url":"https:\/\/secure.gravatar.com\/avatar\/1e1956f1facbffd3f8fa53a326721950116b3b9dc9bd44939c01180fd4a745a9?s=96&d=mm&r=g","contentUrl":"https:\/\/secure.gravatar.com\/avatar\/1e1956f1facbffd3f8fa53a326721950116b3b9dc9bd44939c01180fd4a745a9?s=96&d=mm&r=g","caption":"Equipe G\u00e1vea News"}}]}},"_links":{"self":[{"href":"https:\/\/www.gaveanews.com\/index.php\/wp-json\/wp\/v2\/posts\/97471","targetHints":{"allow":["GET"]}}],"collection":[{"href":"https:\/\/www.gaveanews.com\/index.php\/wp-json\/wp\/v2\/posts"}],"about":[{"href":"https:\/\/www.gaveanews.com\/index.php\/wp-json\/wp\/v2\/types\/post"}],"author":[{"embeddable":true,"href":"https:\/\/www.gaveanews.com\/index.php\/wp-json\/wp\/v2\/users\/1"}],"replies":[{"embeddable":true,"href":"https:\/\/www.gaveanews.com\/index.php\/wp-json\/wp\/v2\/comments?post=97471"}],"version-history":[{"count":0,"href":"https:\/\/www.gaveanews.com\/index.php\/wp-json\/wp\/v2\/posts\/97471\/revisions"}],"wp:featuredmedia":[{"embeddable":true,"href":"https:\/\/www.gaveanews.com\/index.php\/wp-json\/wp\/v2\/media\/84429"}],"wp:attachment":[{"href":"https:\/\/www.gaveanews.com\/index.php\/wp-json\/wp\/v2\/media?parent=97471"}],"wp:term":[{"taxonomy":"category","embeddable":true,"href":"https:\/\/www.gaveanews.com\/index.php\/wp-json\/wp\/v2\/categories?post=97471"},{"taxonomy":"post_tag","embeddable":true,"href":"https:\/\/www.gaveanews.com\/index.php\/wp-json\/wp\/v2\/tags?post=97471"}],"curies":[{"name":"wp","href":"https:\/\/api.w.org\/{rel}","templated":true}]}}