{"id":97487,"date":"2023-04-19T15:46:01","date_gmt":"2023-04-19T18:46:01","guid":{"rendered":"https:\/\/www.gaveanews.com\/?p=97487"},"modified":"2024-04-07T09:09:16","modified_gmt":"2024-04-07T12:09:16","slug":"apos-a-chegada-de-jorge-sampaoli-ao-flamengo-rodolfo-landim-alfineta-jorge-jesus","status":"publish","type":"post","link":"https:\/\/www.gaveanews.com\/index.php\/2023\/04\/19\/apos-a-chegada-de-jorge-sampaoli-ao-flamengo-rodolfo-landim-alfineta-jorge-jesus\/","title":{"rendered":"Ap\u00f3s a chegada de Jorge Sampaoli ao Flamengo, Rodolfo Landim alfineta Jorge Jesus"},"content":{"rendered":"\n<p>O Flamengo acertou a contrata\u00e7\u00e3o de Jorge Sampaoli como novo treinador da equipe, mas o nome de Jorge Jesus continua ecoando no Rubro-Negro. Em reuni\u00e3o do Conselho Deliberativo, o presidente do Flamengo, Rodolfo Landim, deu uma leve alfinetada no Mister e tamb\u00e9m falou sobre as conquistas do Rubro-Negro depois da sa\u00edda do portugu\u00eas.<\/p>\n\n\n\n<p><em>\u2014 Ele (Jorge Jesus) deve agradecer mais ao Flamengo do que o Flamengo a ele. A gente continuou dando certo quando ele saiu, e ele n\u00e3o deu t\u00e3o certo quando saiu daqui. A responsabilidade principal (pelas decis\u00f5es) desse clube \u00e9 minha mesmo. Se existe um respons\u00e1vel, n\u00e3o \u00e9 o (vice-presidente de futebol, Marcos) Braz, n\u00e3o \u00e9 o Bruno (Spindel, executivo de futebol), sou eu e eles v\u00e3o continuar. Com essa diretoria que est\u00e1 a\u00ed, disputamos tr\u00eas finais de Libertadores e ganhamos duas. Pasmem, n\u00f3s somos os campe\u00f5es da Libertadores, somos os campe\u00f5es Sul-Americanos<\/em>, disse.<\/p>\n\n\n\n<p>Jorge Jesus deixou o Flamengo em 2020 e depois disso n\u00e3o conquistou nenhum t\u00edtulo. Ele dirigiu o Benfica por duas temporadas e atualmente est\u00e1 no comando do Fenerbah\u00e7e. J\u00e1 o Rubro-Negro faturou o Brasileiro de 2020, o Carioca de 2021, a Supercopa do Brasil de 2021, a Copa do Brasil de 2022 e a Libertadores de 2022.<\/p>\n\n\n\n<p>Retirado de: O Dia<\/p>\n","protected":false},"excerpt":{"rendered":"<p>O Flamengo acertou a contrata\u00e7\u00e3o de Jorge Sampaoli como novo treinador da equipe, mas o nome de Jorge Jesus continua ecoando no Rubro-Negro. Em reuni\u00e3o do Conselho Deliberativo, o presidente do Flamengo, Rodolfo Landim, deu uma leve alfinetada no Mister e tamb\u00e9m falou sobre as conquistas do Rubro-Negro depois da sa\u00edda do portugu\u00eas. \u2014 Ele [&hellip;]<\/p>\n","protected":false},"author":1,"featured_media":15077,"comment_status":"open","ping_status":"closed","sticky":false,"template":"","format":"standard","meta":{"footnotes":""},"categories":[1],"tags":[197,172],"class_list":["post-97487","post","type-post","status-publish","format-standard","has-post-thumbnail","hentry","category-flamengo","tag-jorge-jesus","tag-luiz-rodolfo-landim-machado"],"yoast_head":"<!-- This site is optimized with the Yoast SEO Premium plugin v24.2 (Yoast SEO v26.9) - https:\/\/yoast.com\/product\/yoast-seo-premium-wordpress\/ -->\n<title>Ap\u00f3s a chegada de Jorge Sampaoli ao Flamengo, Rodolfo Landim alfineta Jorge Jesus<\/title>\n<meta name=\"robots\" content=\"index, follow, max-snippet:-1, max-image-preview:large, max-video-preview:-1\" \/>\n<link rel=\"canonical\" href=\"https:\/\/www.gaveanews.com\/index.php\/2023\/04\/19\/apos-a-chegada-de-jorge-sampaoli-ao-flamengo-rodolfo-landim-alfineta-jorge-jesus\/\" \/>\n<meta property=\"og:locale\" content=\"pt_BR\" \/>\n<meta property=\"og:type\" content=\"article\" \/>\n<meta property=\"og:title\" content=\"Ap\u00f3s a chegada de Jorge Sampaoli ao Flamengo, Rodolfo Landim alfineta Jorge Jesus\" \/>\n<meta property=\"og:description\" content=\"O Flamengo acertou a contrata\u00e7\u00e3o de Jorge Sampaoli como novo treinador da equipe, mas o nome de Jorge Jesus continua ecoando no Rubro-Negro. Em reuni\u00e3o do Conselho Deliberativo, o presidente do Flamengo, Rodolfo Landim, deu uma leve alfinetada no Mister e tamb\u00e9m falou sobre as conquistas do Rubro-Negro depois da sa\u00edda do portugu\u00eas. \u2014 Ele [&hellip;]\" \/>\n<meta property=\"og:url\" content=\"https:\/\/www.gaveanews.com\/index.php\/2023\/04\/19\/apos-a-chegada-de-jorge-sampaoli-ao-flamengo-rodolfo-landim-alfineta-jorge-jesus\/\" \/>\n<meta property=\"og:site_name\" content=\"G\u00e1vea News\" \/>\n<meta property=\"article:publisher\" content=\"https:\/\/facebook.com\/gaveaNews\/\" \/>\n<meta property=\"article:published_time\" content=\"2023-04-19T18:46:01+00:00\" \/>\n<meta property=\"article:modified_time\" content=\"2024-04-07T12:09:16+00:00\" \/>\n<meta property=\"og:image\" content=\"https:\/\/www.gaveanews.com\/wp-content\/uploads\/2019\/03\/Rodolfo-Landim-durante-entrevista-coletiva-na-Gavea.webp\" \/>\n\t<meta property=\"og:image:width\" content=\"1\" \/>\n\t<meta property=\"og:image:height\" content=\"1\" \/>\n\t<meta property=\"og:image:type\" content=\"image\/jpeg\" \/>\n<meta name=\"author\" content=\"Equipe G\u00e1vea News\" \/>\n<meta name=\"twitter:card\" content=\"summary_large_image\" \/>\n<meta name=\"twitter:label1\" content=\"Escrito por\" \/>\n\t<meta name=\"twitter:data1\" content=\"Equipe G\u00e1vea News\" \/>\n\t<meta name=\"twitter:label2\" content=\"Est. tempo de leitura\" \/>\n\t<meta name=\"twitter:data2\" content=\"2 minutos\" \/>\n<script type=\"application\/ld+json\" class=\"yoast-schema-graph\">{\"@context\":\"https:\/\/schema.org\",\"@graph\":[{\"@type\":\"NewsArticle\",\"@id\":\"https:\/\/www.gaveanews.com\/index.php\/2023\/04\/19\/apos-a-chegada-de-jorge-sampaoli-ao-flamengo-rodolfo-landim-alfineta-jorge-jesus\/#article\",\"isPartOf\":{\"@id\":\"https:\/\/www.gaveanews.com\/index.php\/2023\/04\/19\/apos-a-chegada-de-jorge-sampaoli-ao-flamengo-rodolfo-landim-alfineta-jorge-jesus\/\"},\"author\":{\"name\":\"Equipe G\u00e1vea News\",\"@id\":\"https:\/\/www.gaveanews.com\/#\/schema\/person\/2ec14f73fb96be2caf28f91afb14749d\"},\"headline\":\"Ap\u00f3s a chegada de Jorge Sampaoli ao Flamengo, Rodolfo Landim alfineta Jorge Jesus\",\"datePublished\":\"2023-04-19T18:46:01+00:00\",\"dateModified\":\"2024-04-07T12:09:16+00:00\",\"mainEntityOfPage\":{\"@id\":\"https:\/\/www.gaveanews.com\/index.php\/2023\/04\/19\/apos-a-chegada-de-jorge-sampaoli-ao-flamengo-rodolfo-landim-alfineta-jorge-jesus\/\"},\"wordCount\":231,\"commentCount\":0,\"image\":{\"@id\":\"https:\/\/www.gaveanews.com\/index.php\/2023\/04\/19\/apos-a-chegada-de-jorge-sampaoli-ao-flamengo-rodolfo-landim-alfineta-jorge-jesus\/#primaryimage\"},\"thumbnailUrl\":\"https:\/\/www.gaveanews.com\/wp-content\/uploads\/2019\/03\/Rodolfo-Landim-durante-entrevista-coletiva-na-Gavea.webp\",\"keywords\":[\"Jorge Jesus\",\"Luiz Rodolfo Landim Machado\"],\"articleSection\":[\"Flamengo\"],\"inLanguage\":\"pt-BR\",\"potentialAction\":[{\"@type\":\"CommentAction\",\"name\":\"Comment\",\"target\":[\"https:\/\/www.gaveanews.com\/index.php\/2023\/04\/19\/apos-a-chegada-de-jorge-sampaoli-ao-flamengo-rodolfo-landim-alfineta-jorge-jesus\/#respond\"]}],\"copyrightYear\":\"2023\",\"copyrightHolder\":{\"@id\":\"https:\/\/www.gaveanews.com\/#organization\"}},{\"@type\":\"WebPage\",\"@id\":\"https:\/\/www.gaveanews.com\/index.php\/2023\/04\/19\/apos-a-chegada-de-jorge-sampaoli-ao-flamengo-rodolfo-landim-alfineta-jorge-jesus\/\",\"url\":\"https:\/\/www.gaveanews.com\/index.php\/2023\/04\/19\/apos-a-chegada-de-jorge-sampaoli-ao-flamengo-rodolfo-landim-alfineta-jorge-jesus\/\",\"name\":\"Ap\u00f3s a chegada de Jorge Sampaoli ao Flamengo, Rodolfo Landim alfineta Jorge Jesus\",\"isPartOf\":{\"@id\":\"https:\/\/www.gaveanews.com\/#website\"},\"primaryImageOfPage\":{\"@id\":\"https:\/\/www.gaveanews.com\/index.php\/2023\/04\/19\/apos-a-chegada-de-jorge-sampaoli-ao-flamengo-rodolfo-landim-alfineta-jorge-jesus\/#primaryimage\"},\"image\":{\"@id\":\"https:\/\/www.gaveanews.com\/index.php\/2023\/04\/19\/apos-a-chegada-de-jorge-sampaoli-ao-flamengo-rodolfo-landim-alfineta-jorge-jesus\/#primaryimage\"},\"thumbnailUrl\":\"https:\/\/www.gaveanews.com\/wp-content\/uploads\/2019\/03\/Rodolfo-Landim-durante-entrevista-coletiva-na-Gavea.webp\",\"datePublished\":\"2023-04-19T18:46:01+00:00\",\"dateModified\":\"2024-04-07T12:09:16+00:00\",\"author\":{\"@id\":\"https:\/\/www.gaveanews.com\/#\/schema\/person\/2ec14f73fb96be2caf28f91afb14749d\"},\"breadcrumb\":{\"@id\":\"https:\/\/www.gaveanews.com\/index.php\/2023\/04\/19\/apos-a-chegada-de-jorge-sampaoli-ao-flamengo-rodolfo-landim-alfineta-jorge-jesus\/#breadcrumb\"},\"inLanguage\":\"pt-BR\",\"potentialAction\":[{\"@type\":\"ReadAction\",\"target\":[\"https:\/\/www.gaveanews.com\/index.php\/2023\/04\/19\/apos-a-chegada-de-jorge-sampaoli-ao-flamengo-rodolfo-landim-alfineta-jorge-jesus\/\"]}]},{\"@type\":\"ImageObject\",\"inLanguage\":\"pt-BR\",\"@id\":\"https:\/\/www.gaveanews.com\/index.php\/2023\/04\/19\/apos-a-chegada-de-jorge-sampaoli-ao-flamengo-rodolfo-landim-alfineta-jorge-jesus\/#primaryimage\",\"url\":\"https:\/\/www.gaveanews.com\/wp-content\/uploads\/2019\/03\/Rodolfo-Landim-durante-entrevista-coletiva-na-Gavea.webp\",\"contentUrl\":\"https:\/\/www.gaveanews.com\/wp-content\/uploads\/2019\/03\/Rodolfo-Landim-durante-entrevista-coletiva-na-Gavea.webp\",\"width\":900,\"height\":599,\"caption\":\"Rodolfo Landim durante entrevista coletiva na G\u00e1vea (Foto: Ag\u00eancia Foto BR)\"},{\"@type\":\"BreadcrumbList\",\"@id\":\"https:\/\/www.gaveanews.com\/index.php\/2023\/04\/19\/apos-a-chegada-de-jorge-sampaoli-ao-flamengo-rodolfo-landim-alfineta-jorge-jesus\/#breadcrumb\",\"itemListElement\":[{\"@type\":\"ListItem\",\"position\":1,\"name\":\"Home\",\"item\":\"https:\/\/www.gaveanews.com\/\"},{\"@type\":\"ListItem\",\"position\":2,\"name\":\"Ap\u00f3s a chegada de Jorge Sampaoli ao Flamengo, Rodolfo Landim alfineta Jorge Jesus\"}]},{\"@type\":\"WebSite\",\"@id\":\"https:\/\/www.gaveanews.com\/#website\",\"url\":\"https:\/\/www.gaveanews.com\/\",\"name\":\"G\u00e1vea News\",\"description\":\"Veja todas as not\u00edcias sobre o Flamengo: Contrata\u00e7\u00f5es, categorias de base, resultados das partidas, tabela de classifica\u00e7\u00e3o, pr\u00f3ximos jogos!\",\"potentialAction\":[{\"@type\":\"SearchAction\",\"target\":{\"@type\":\"EntryPoint\",\"urlTemplate\":\"https:\/\/www.gaveanews.com\/?s={search_term_string}\"},\"query-input\":{\"@type\":\"PropertyValueSpecification\",\"valueRequired\":true,\"valueName\":\"search_term_string\"}}],\"inLanguage\":\"pt-BR\"},{\"@type\":\"Person\",\"@id\":\"https:\/\/www.gaveanews.com\/#\/schema\/person\/2ec14f73fb96be2caf28f91afb14749d\",\"name\":\"Equipe G\u00e1vea News\",\"image\":{\"@type\":\"ImageObject\",\"inLanguage\":\"pt-BR\",\"@id\":\"https:\/\/www.gaveanews.com\/#\/schema\/person\/image\/\",\"url\":\"https:\/\/secure.gravatar.com\/avatar\/1e1956f1facbffd3f8fa53a326721950116b3b9dc9bd44939c01180fd4a745a9?s=96&d=mm&r=g\",\"contentUrl\":\"https:\/\/secure.gravatar.com\/avatar\/1e1956f1facbffd3f8fa53a326721950116b3b9dc9bd44939c01180fd4a745a9?s=96&d=mm&r=g\",\"caption\":\"Equipe G\u00e1vea News\"}}]}<\/script>\n<!-- \/ Yoast SEO Premium plugin. -->","yoast_head_json":{"title":"Ap\u00f3s a chegada de Jorge Sampaoli ao Flamengo, Rodolfo Landim alfineta Jorge Jesus","robots":{"index":"index","follow":"follow","max-snippet":"max-snippet:-1","max-image-preview":"max-image-preview:large","max-video-preview":"max-video-preview:-1"},"canonical":"https:\/\/www.gaveanews.com\/index.php\/2023\/04\/19\/apos-a-chegada-de-jorge-sampaoli-ao-flamengo-rodolfo-landim-alfineta-jorge-jesus\/","og_locale":"pt_BR","og_type":"article","og_title":"Ap\u00f3s a chegada de Jorge Sampaoli ao Flamengo, Rodolfo Landim alfineta Jorge Jesus","og_description":"O Flamengo acertou a contrata\u00e7\u00e3o de Jorge Sampaoli como novo treinador da equipe, mas o nome de Jorge Jesus continua ecoando no Rubro-Negro. Em reuni\u00e3o do Conselho Deliberativo, o presidente do Flamengo, Rodolfo Landim, deu uma leve alfinetada no Mister e tamb\u00e9m falou sobre as conquistas do Rubro-Negro depois da sa\u00edda do portugu\u00eas. \u2014 Ele [&hellip;]","og_url":"https:\/\/www.gaveanews.com\/index.php\/2023\/04\/19\/apos-a-chegada-de-jorge-sampaoli-ao-flamengo-rodolfo-landim-alfineta-jorge-jesus\/","og_site_name":"G\u00e1vea News","article_publisher":"https:\/\/facebook.com\/gaveaNews\/","article_published_time":"2023-04-19T18:46:01+00:00","article_modified_time":"2024-04-07T12:09:16+00:00","og_image":[{"url":"https:\/\/www.gaveanews.com\/wp-content\/uploads\/2019\/03\/Rodolfo-Landim-durante-entrevista-coletiva-na-Gavea.webp","width":1,"height":1,"type":"image\/jpeg"}],"author":"Equipe G\u00e1vea News","twitter_card":"summary_large_image","twitter_misc":{"Escrito por":"Equipe G\u00e1vea News","Est. tempo de leitura":"2 minutos"},"schema":{"@context":"https:\/\/schema.org","@graph":[{"@type":"NewsArticle","@id":"https:\/\/www.gaveanews.com\/index.php\/2023\/04\/19\/apos-a-chegada-de-jorge-sampaoli-ao-flamengo-rodolfo-landim-alfineta-jorge-jesus\/#article","isPartOf":{"@id":"https:\/\/www.gaveanews.com\/index.php\/2023\/04\/19\/apos-a-chegada-de-jorge-sampaoli-ao-flamengo-rodolfo-landim-alfineta-jorge-jesus\/"},"author":{"name":"Equipe G\u00e1vea News","@id":"https:\/\/www.gaveanews.com\/#\/schema\/person\/2ec14f73fb96be2caf28f91afb14749d"},"headline":"Ap\u00f3s a chegada de Jorge Sampaoli ao Flamengo, Rodolfo Landim alfineta Jorge Jesus","datePublished":"2023-04-19T18:46:01+00:00","dateModified":"2024-04-07T12:09:16+00:00","mainEntityOfPage":{"@id":"https:\/\/www.gaveanews.com\/index.php\/2023\/04\/19\/apos-a-chegada-de-jorge-sampaoli-ao-flamengo-rodolfo-landim-alfineta-jorge-jesus\/"},"wordCount":231,"commentCount":0,"image":{"@id":"https:\/\/www.gaveanews.com\/index.php\/2023\/04\/19\/apos-a-chegada-de-jorge-sampaoli-ao-flamengo-rodolfo-landim-alfineta-jorge-jesus\/#primaryimage"},"thumbnailUrl":"https:\/\/www.gaveanews.com\/wp-content\/uploads\/2019\/03\/Rodolfo-Landim-durante-entrevista-coletiva-na-Gavea.webp","keywords":["Jorge Jesus","Luiz Rodolfo Landim Machado"],"articleSection":["Flamengo"],"inLanguage":"pt-BR","potentialAction":[{"@type":"CommentAction","name":"Comment","target":["https:\/\/www.gaveanews.com\/index.php\/2023\/04\/19\/apos-a-chegada-de-jorge-sampaoli-ao-flamengo-rodolfo-landim-alfineta-jorge-jesus\/#respond"]}],"copyrightYear":"2023","copyrightHolder":{"@id":"https:\/\/www.gaveanews.com\/#organization"}},{"@type":"WebPage","@id":"https:\/\/www.gaveanews.com\/index.php\/2023\/04\/19\/apos-a-chegada-de-jorge-sampaoli-ao-flamengo-rodolfo-landim-alfineta-jorge-jesus\/","url":"https:\/\/www.gaveanews.com\/index.php\/2023\/04\/19\/apos-a-chegada-de-jorge-sampaoli-ao-flamengo-rodolfo-landim-alfineta-jorge-jesus\/","name":"Ap\u00f3s a chegada de Jorge Sampaoli ao Flamengo, Rodolfo Landim alfineta Jorge Jesus","isPartOf":{"@id":"https:\/\/www.gaveanews.com\/#website"},"primaryImageOfPage":{"@id":"https:\/\/www.gaveanews.com\/index.php\/2023\/04\/19\/apos-a-chegada-de-jorge-sampaoli-ao-flamengo-rodolfo-landim-alfineta-jorge-jesus\/#primaryimage"},"image":{"@id":"https:\/\/www.gaveanews.com\/index.php\/2023\/04\/19\/apos-a-chegada-de-jorge-sampaoli-ao-flamengo-rodolfo-landim-alfineta-jorge-jesus\/#primaryimage"},"thumbnailUrl":"https:\/\/www.gaveanews.com\/wp-content\/uploads\/2019\/03\/Rodolfo-Landim-durante-entrevista-coletiva-na-Gavea.webp","datePublished":"2023-04-19T18:46:01+00:00","dateModified":"2024-04-07T12:09:16+00:00","author":{"@id":"https:\/\/www.gaveanews.com\/#\/schema\/person\/2ec14f73fb96be2caf28f91afb14749d"},"breadcrumb":{"@id":"https:\/\/www.gaveanews.com\/index.php\/2023\/04\/19\/apos-a-chegada-de-jorge-sampaoli-ao-flamengo-rodolfo-landim-alfineta-jorge-jesus\/#breadcrumb"},"inLanguage":"pt-BR","potentialAction":[{"@type":"ReadAction","target":["https:\/\/www.gaveanews.com\/index.php\/2023\/04\/19\/apos-a-chegada-de-jorge-sampaoli-ao-flamengo-rodolfo-landim-alfineta-jorge-jesus\/"]}]},{"@type":"ImageObject","inLanguage":"pt-BR","@id":"https:\/\/www.gaveanews.com\/index.php\/2023\/04\/19\/apos-a-chegada-de-jorge-sampaoli-ao-flamengo-rodolfo-landim-alfineta-jorge-jesus\/#primaryimage","url":"https:\/\/www.gaveanews.com\/wp-content\/uploads\/2019\/03\/Rodolfo-Landim-durante-entrevista-coletiva-na-Gavea.webp","contentUrl":"https:\/\/www.gaveanews.com\/wp-content\/uploads\/2019\/03\/Rodolfo-Landim-durante-entrevista-coletiva-na-Gavea.webp","width":900,"height":599,"caption":"Rodolfo Landim durante entrevista coletiva na G\u00e1vea (Foto: Ag\u00eancia Foto BR)"},{"@type":"BreadcrumbList","@id":"https:\/\/www.gaveanews.com\/index.php\/2023\/04\/19\/apos-a-chegada-de-jorge-sampaoli-ao-flamengo-rodolfo-landim-alfineta-jorge-jesus\/#breadcrumb","itemListElement":[{"@type":"ListItem","position":1,"name":"Home","item":"https:\/\/www.gaveanews.com\/"},{"@type":"ListItem","position":2,"name":"Ap\u00f3s a chegada de Jorge Sampaoli ao Flamengo, Rodolfo Landim alfineta Jorge Jesus"}]},{"@type":"WebSite","@id":"https:\/\/www.gaveanews.com\/#website","url":"https:\/\/www.gaveanews.com\/","name":"G\u00e1vea News","description":"Veja todas as not\u00edcias sobre o Flamengo: Contrata\u00e7\u00f5es, categorias de base, resultados das partidas, tabela de classifica\u00e7\u00e3o, pr\u00f3ximos jogos!","potentialAction":[{"@type":"SearchAction","target":{"@type":"EntryPoint","urlTemplate":"https:\/\/www.gaveanews.com\/?s={search_term_string}"},"query-input":{"@type":"PropertyValueSpecification","valueRequired":true,"valueName":"search_term_string"}}],"inLanguage":"pt-BR"},{"@type":"Person","@id":"https:\/\/www.gaveanews.com\/#\/schema\/person\/2ec14f73fb96be2caf28f91afb14749d","name":"Equipe G\u00e1vea News","image":{"@type":"ImageObject","inLanguage":"pt-BR","@id":"https:\/\/www.gaveanews.com\/#\/schema\/person\/image\/","url":"https:\/\/secure.gravatar.com\/avatar\/1e1956f1facbffd3f8fa53a326721950116b3b9dc9bd44939c01180fd4a745a9?s=96&d=mm&r=g","contentUrl":"https:\/\/secure.gravatar.com\/avatar\/1e1956f1facbffd3f8fa53a326721950116b3b9dc9bd44939c01180fd4a745a9?s=96&d=mm&r=g","caption":"Equipe G\u00e1vea News"}}]}},"_links":{"self":[{"href":"https:\/\/www.gaveanews.com\/index.php\/wp-json\/wp\/v2\/posts\/97487","targetHints":{"allow":["GET"]}}],"collection":[{"href":"https:\/\/www.gaveanews.com\/index.php\/wp-json\/wp\/v2\/posts"}],"about":[{"href":"https:\/\/www.gaveanews.com\/index.php\/wp-json\/wp\/v2\/types\/post"}],"author":[{"embeddable":true,"href":"https:\/\/www.gaveanews.com\/index.php\/wp-json\/wp\/v2\/users\/1"}],"replies":[{"embeddable":true,"href":"https:\/\/www.gaveanews.com\/index.php\/wp-json\/wp\/v2\/comments?post=97487"}],"version-history":[{"count":1,"href":"https:\/\/www.gaveanews.com\/index.php\/wp-json\/wp\/v2\/posts\/97487\/revisions"}],"predecessor-version":[{"id":135409,"href":"https:\/\/www.gaveanews.com\/index.php\/wp-json\/wp\/v2\/posts\/97487\/revisions\/135409"}],"wp:featuredmedia":[{"embeddable":true,"href":"https:\/\/www.gaveanews.com\/index.php\/wp-json\/wp\/v2\/media\/15077"}],"wp:attachment":[{"href":"https:\/\/www.gaveanews.com\/index.php\/wp-json\/wp\/v2\/media?parent=97487"}],"wp:term":[{"taxonomy":"category","embeddable":true,"href":"https:\/\/www.gaveanews.com\/index.php\/wp-json\/wp\/v2\/categories?post=97487"},{"taxonomy":"post_tag","embeddable":true,"href":"https:\/\/www.gaveanews.com\/index.php\/wp-json\/wp\/v2\/tags?post=97487"}],"curies":[{"name":"wp","href":"https:\/\/api.w.org\/{rel}","templated":true}]}}