{"id":97495,"date":"2023-04-19T18:28:49","date_gmt":"2023-04-19T21:28:49","guid":{"rendered":"https:\/\/www.gaveanews.com\/?p=97495"},"modified":"2023-04-19T18:28:52","modified_gmt":"2023-04-19T21:28:52","slug":"flamengo-perde-disputa-com-o-vasco-na-justica-entenda","status":"publish","type":"post","link":"https:\/\/www.gaveanews.com\/index.php\/2023\/04\/19\/flamengo-perde-disputa-com-o-vasco-na-justica-entenda\/","title":{"rendered":"Flamengo perde disputa com o Vasco na justi\u00e7a; entenda"},"content":{"rendered":"\n<p>Est\u00e1 batido o martelo: Vasco x Palmeiras, \u00e0s 16h deste domingo (23), ser\u00e1 mesmo no Maracan\u00e3. O desembargador Luiz Eduardo Cavalcanti Canabarro avaliou que o clube cruz-maltino tem raz\u00e3o na solicita\u00e7\u00e3o de uso do est\u00e1dio e manteve a decis\u00e3o de primeira inst\u00e2ncia, proferida na \u00faltima sexta-feira. Assim, a venda de ingressos para a partida, v\u00e1lida pela segunda rodada do Brasileir\u00e3o, come\u00e7ou imediatamente.<\/p>\n\n\n\n<p>H\u00e1 mais de um m\u00eas, a diretoria do Vasco alega ter feito contato para poder jogar no Maracan\u00e3, devido ao apelo do duelo com o Palmeiras. A data est\u00e1 livre, mas no dia anterior o Fluminense enfrenta o Athletico-PR, tamb\u00e9m pelo Brasileir\u00e3o. Como n\u00e3o houve sequer uma resposta, o Cruz-Maltino entrou na Justi\u00e7a e obteve o direito de mandar a partida no est\u00e1dio.<\/p>\n\n\n<div class=\"wp-block-image\">\n<figure class=\"aligncenter size-large\"><img decoding=\"async\" src=\"https:\/\/jogada10.com.br\/wp-content\/uploads\/2023\/04\/DECISAO-MARACANA-PAG1_Pagina_12.webp\" alt=\"\"\/><\/figure>\n<\/div>\n\n\n<p>Por\u00e9m, no domingo, em car\u00e1ter de urg\u00eancia, um desembargador acatou a limitar de Flamengo e Fluminense, que se baseava no uso excessivo e consequente desgaste do gramado. Mas houve uma nova reviravolta com a senten\u00e7a divulgada pelo desembargador e relator do caso, Luiz Eduardo Cavalcanti Canabarro. Nela, fica invalidada a tese dos signat\u00e1rios provis\u00f3rios do Cons\u00f3rcio. O principal argumento utilizado por Canabarro foi que durante esta mesma semana tamb\u00e9m haver\u00e1 jogos em dias consecutivos (Flu x The Strongest-BOL, e Fla x \u00d1ublense-CHL).<\/p>\n\n\n\n<p>O desembargador menciona o fato de que trata-se de um confronto de apelo e, al\u00e9m do volume de torcedores do Vasco, um alto n\u00famero de palmeirenses tamb\u00e9m ir\u00e1 de S\u00e3o Paulo para o Rio de Janeiro. E o est\u00e1dio de S\u00e3o Janu\u00e1rio tem capacidade tr\u00eas vezes menor do que o Maracan\u00e3. Dessa forma, \u00e9 natural que o time cruz-maltino fa\u00e7a uso do equipamento do Governo do Estado.<\/p>\n\n\n\n<p>Retirado de: Jogada 10 <\/p>\n","protected":false},"excerpt":{"rendered":"<p>Est\u00e1 batido o martelo: Vasco x Palmeiras, \u00e0s 16h deste domingo (23), ser\u00e1 mesmo no Maracan\u00e3. O desembargador Luiz Eduardo Cavalcanti Canabarro avaliou que o clube cruz-maltino tem raz\u00e3o na solicita\u00e7\u00e3o de uso do est\u00e1dio e manteve a decis\u00e3o de primeira inst\u00e2ncia, proferida na \u00faltima sexta-feira. Assim, a venda de ingressos para a partida, v\u00e1lida [&hellip;]<\/p>\n","protected":false},"author":1,"featured_media":84657,"comment_status":"open","ping_status":"closed","sticky":false,"template":"","format":"standard","meta":{"footnotes":""},"categories":[1],"tags":[],"class_list":["post-97495","post","type-post","status-publish","format-standard","has-post-thumbnail","hentry","category-flamengo"],"yoast_head":"<!-- This site is optimized with the Yoast SEO Premium plugin v24.2 (Yoast SEO v26.9) - https:\/\/yoast.com\/product\/yoast-seo-premium-wordpress\/ -->\n<title>Flamengo perde disputa com o Vasco na justi\u00e7a; entenda<\/title>\n<meta name=\"robots\" content=\"index, follow, max-snippet:-1, max-image-preview:large, max-video-preview:-1\" \/>\n<link rel=\"canonical\" href=\"https:\/\/www.gaveanews.com\/index.php\/2023\/04\/19\/flamengo-perde-disputa-com-o-vasco-na-justica-entenda\/\" \/>\n<meta property=\"og:locale\" content=\"pt_BR\" \/>\n<meta property=\"og:type\" content=\"article\" \/>\n<meta property=\"og:title\" content=\"Flamengo perde disputa com o Vasco na justi\u00e7a; entenda\" \/>\n<meta property=\"og:description\" content=\"Est\u00e1 batido o martelo: Vasco x Palmeiras, \u00e0s 16h deste domingo (23), ser\u00e1 mesmo no Maracan\u00e3. O desembargador Luiz Eduardo Cavalcanti Canabarro avaliou que o clube cruz-maltino tem raz\u00e3o na solicita\u00e7\u00e3o de uso do est\u00e1dio e manteve a decis\u00e3o de primeira inst\u00e2ncia, proferida na \u00faltima sexta-feira. Assim, a venda de ingressos para a partida, v\u00e1lida [&hellip;]\" \/>\n<meta property=\"og:url\" content=\"https:\/\/www.gaveanews.com\/index.php\/2023\/04\/19\/flamengo-perde-disputa-com-o-vasco-na-justica-entenda\/\" \/>\n<meta property=\"og:site_name\" content=\"G\u00e1vea News\" \/>\n<meta property=\"article:publisher\" content=\"https:\/\/facebook.com\/gaveaNews\/\" \/>\n<meta property=\"article:published_time\" content=\"2023-04-19T21:28:49+00:00\" \/>\n<meta property=\"article:modified_time\" content=\"2023-04-19T21:28:52+00:00\" \/>\n<meta property=\"og:image\" content=\"https:\/\/www.gaveanews.com\/wp-content\/uploads\/Estadio-Maracana.webp\" \/>\n\t<meta property=\"og:image:width\" content=\"846\" \/>\n\t<meta property=\"og:image:height\" content=\"476\" \/>\n\t<meta property=\"og:image:type\" content=\"image\/webp\" \/>\n<meta name=\"author\" content=\"Equipe G\u00e1vea News\" \/>\n<meta name=\"twitter:card\" content=\"summary_large_image\" \/>\n<meta name=\"twitter:label1\" content=\"Escrito por\" \/>\n\t<meta name=\"twitter:data1\" content=\"Equipe G\u00e1vea News\" \/>\n\t<meta name=\"twitter:label2\" content=\"Est. tempo de leitura\" \/>\n\t<meta name=\"twitter:data2\" content=\"2 minutos\" \/>\n<script type=\"application\/ld+json\" class=\"yoast-schema-graph\">{\"@context\":\"https:\/\/schema.org\",\"@graph\":[{\"@type\":\"NewsArticle\",\"@id\":\"https:\/\/www.gaveanews.com\/index.php\/2023\/04\/19\/flamengo-perde-disputa-com-o-vasco-na-justica-entenda\/#article\",\"isPartOf\":{\"@id\":\"https:\/\/www.gaveanews.com\/index.php\/2023\/04\/19\/flamengo-perde-disputa-com-o-vasco-na-justica-entenda\/\"},\"author\":{\"name\":\"Equipe G\u00e1vea News\",\"@id\":\"https:\/\/www.gaveanews.com\/#\/schema\/person\/2ec14f73fb96be2caf28f91afb14749d\"},\"headline\":\"Flamengo perde disputa com o Vasco na justi\u00e7a; entenda\",\"datePublished\":\"2023-04-19T21:28:49+00:00\",\"dateModified\":\"2023-04-19T21:28:52+00:00\",\"mainEntityOfPage\":{\"@id\":\"https:\/\/www.gaveanews.com\/index.php\/2023\/04\/19\/flamengo-perde-disputa-com-o-vasco-na-justica-entenda\/\"},\"wordCount\":316,\"commentCount\":0,\"image\":{\"@id\":\"https:\/\/www.gaveanews.com\/index.php\/2023\/04\/19\/flamengo-perde-disputa-com-o-vasco-na-justica-entenda\/#primaryimage\"},\"thumbnailUrl\":\"https:\/\/www.gaveanews.com\/wp-content\/uploads\/Estadio-Maracana.webp\",\"articleSection\":[\"Flamengo\"],\"inLanguage\":\"pt-BR\",\"potentialAction\":[{\"@type\":\"CommentAction\",\"name\":\"Comment\",\"target\":[\"https:\/\/www.gaveanews.com\/index.php\/2023\/04\/19\/flamengo-perde-disputa-com-o-vasco-na-justica-entenda\/#respond\"]}],\"copyrightYear\":\"2023\",\"copyrightHolder\":{\"@id\":\"https:\/\/www.gaveanews.com\/#organization\"}},{\"@type\":\"WebPage\",\"@id\":\"https:\/\/www.gaveanews.com\/index.php\/2023\/04\/19\/flamengo-perde-disputa-com-o-vasco-na-justica-entenda\/\",\"url\":\"https:\/\/www.gaveanews.com\/index.php\/2023\/04\/19\/flamengo-perde-disputa-com-o-vasco-na-justica-entenda\/\",\"name\":\"Flamengo perde disputa com o Vasco na justi\u00e7a; entenda\",\"isPartOf\":{\"@id\":\"https:\/\/www.gaveanews.com\/#website\"},\"primaryImageOfPage\":{\"@id\":\"https:\/\/www.gaveanews.com\/index.php\/2023\/04\/19\/flamengo-perde-disputa-com-o-vasco-na-justica-entenda\/#primaryimage\"},\"image\":{\"@id\":\"https:\/\/www.gaveanews.com\/index.php\/2023\/04\/19\/flamengo-perde-disputa-com-o-vasco-na-justica-entenda\/#primaryimage\"},\"thumbnailUrl\":\"https:\/\/www.gaveanews.com\/wp-content\/uploads\/Estadio-Maracana.webp\",\"datePublished\":\"2023-04-19T21:28:49+00:00\",\"dateModified\":\"2023-04-19T21:28:52+00:00\",\"author\":{\"@id\":\"https:\/\/www.gaveanews.com\/#\/schema\/person\/2ec14f73fb96be2caf28f91afb14749d\"},\"breadcrumb\":{\"@id\":\"https:\/\/www.gaveanews.com\/index.php\/2023\/04\/19\/flamengo-perde-disputa-com-o-vasco-na-justica-entenda\/#breadcrumb\"},\"inLanguage\":\"pt-BR\",\"potentialAction\":[{\"@type\":\"ReadAction\",\"target\":[\"https:\/\/www.gaveanews.com\/index.php\/2023\/04\/19\/flamengo-perde-disputa-com-o-vasco-na-justica-entenda\/\"]}]},{\"@type\":\"ImageObject\",\"inLanguage\":\"pt-BR\",\"@id\":\"https:\/\/www.gaveanews.com\/index.php\/2023\/04\/19\/flamengo-perde-disputa-com-o-vasco-na-justica-entenda\/#primaryimage\",\"url\":\"https:\/\/www.gaveanews.com\/wp-content\/uploads\/Estadio-Maracana.webp\",\"contentUrl\":\"https:\/\/www.gaveanews.com\/wp-content\/uploads\/Estadio-Maracana.webp\",\"width\":846,\"height\":476,\"caption\":\"Est\u00e1dio Maracan\u00e3 (Foto: Alexandre Vidal\/Flamengo)\"},{\"@type\":\"BreadcrumbList\",\"@id\":\"https:\/\/www.gaveanews.com\/index.php\/2023\/04\/19\/flamengo-perde-disputa-com-o-vasco-na-justica-entenda\/#breadcrumb\",\"itemListElement\":[{\"@type\":\"ListItem\",\"position\":1,\"name\":\"Home\",\"item\":\"https:\/\/www.gaveanews.com\/\"},{\"@type\":\"ListItem\",\"position\":2,\"name\":\"Flamengo perde disputa com o Vasco na justi\u00e7a; entenda\"}]},{\"@type\":\"WebSite\",\"@id\":\"https:\/\/www.gaveanews.com\/#website\",\"url\":\"https:\/\/www.gaveanews.com\/\",\"name\":\"G\u00e1vea News\",\"description\":\"Veja todas as not\u00edcias sobre o Flamengo: Contrata\u00e7\u00f5es, categorias de base, resultados das partidas, tabela de classifica\u00e7\u00e3o, pr\u00f3ximos jogos!\",\"potentialAction\":[{\"@type\":\"SearchAction\",\"target\":{\"@type\":\"EntryPoint\",\"urlTemplate\":\"https:\/\/www.gaveanews.com\/?s={search_term_string}\"},\"query-input\":{\"@type\":\"PropertyValueSpecification\",\"valueRequired\":true,\"valueName\":\"search_term_string\"}}],\"inLanguage\":\"pt-BR\"},{\"@type\":\"Person\",\"@id\":\"https:\/\/www.gaveanews.com\/#\/schema\/person\/2ec14f73fb96be2caf28f91afb14749d\",\"name\":\"Equipe G\u00e1vea News\",\"image\":{\"@type\":\"ImageObject\",\"inLanguage\":\"pt-BR\",\"@id\":\"https:\/\/www.gaveanews.com\/#\/schema\/person\/image\/\",\"url\":\"https:\/\/secure.gravatar.com\/avatar\/1e1956f1facbffd3f8fa53a326721950116b3b9dc9bd44939c01180fd4a745a9?s=96&d=mm&r=g\",\"contentUrl\":\"https:\/\/secure.gravatar.com\/avatar\/1e1956f1facbffd3f8fa53a326721950116b3b9dc9bd44939c01180fd4a745a9?s=96&d=mm&r=g\",\"caption\":\"Equipe G\u00e1vea News\"}}]}<\/script>\n<!-- \/ Yoast SEO Premium plugin. -->","yoast_head_json":{"title":"Flamengo perde disputa com o Vasco na justi\u00e7a; entenda","robots":{"index":"index","follow":"follow","max-snippet":"max-snippet:-1","max-image-preview":"max-image-preview:large","max-video-preview":"max-video-preview:-1"},"canonical":"https:\/\/www.gaveanews.com\/index.php\/2023\/04\/19\/flamengo-perde-disputa-com-o-vasco-na-justica-entenda\/","og_locale":"pt_BR","og_type":"article","og_title":"Flamengo perde disputa com o Vasco na justi\u00e7a; entenda","og_description":"Est\u00e1 batido o martelo: Vasco x Palmeiras, \u00e0s 16h deste domingo (23), ser\u00e1 mesmo no Maracan\u00e3. O desembargador Luiz Eduardo Cavalcanti Canabarro avaliou que o clube cruz-maltino tem raz\u00e3o na solicita\u00e7\u00e3o de uso do est\u00e1dio e manteve a decis\u00e3o de primeira inst\u00e2ncia, proferida na \u00faltima sexta-feira. Assim, a venda de ingressos para a partida, v\u00e1lida [&hellip;]","og_url":"https:\/\/www.gaveanews.com\/index.php\/2023\/04\/19\/flamengo-perde-disputa-com-o-vasco-na-justica-entenda\/","og_site_name":"G\u00e1vea News","article_publisher":"https:\/\/facebook.com\/gaveaNews\/","article_published_time":"2023-04-19T21:28:49+00:00","article_modified_time":"2023-04-19T21:28:52+00:00","og_image":[{"width":846,"height":476,"url":"https:\/\/www.gaveanews.com\/wp-content\/uploads\/Estadio-Maracana.webp","type":"image\/webp"}],"author":"Equipe G\u00e1vea News","twitter_card":"summary_large_image","twitter_misc":{"Escrito por":"Equipe G\u00e1vea News","Est. tempo de leitura":"2 minutos"},"schema":{"@context":"https:\/\/schema.org","@graph":[{"@type":"NewsArticle","@id":"https:\/\/www.gaveanews.com\/index.php\/2023\/04\/19\/flamengo-perde-disputa-com-o-vasco-na-justica-entenda\/#article","isPartOf":{"@id":"https:\/\/www.gaveanews.com\/index.php\/2023\/04\/19\/flamengo-perde-disputa-com-o-vasco-na-justica-entenda\/"},"author":{"name":"Equipe G\u00e1vea News","@id":"https:\/\/www.gaveanews.com\/#\/schema\/person\/2ec14f73fb96be2caf28f91afb14749d"},"headline":"Flamengo perde disputa com o Vasco na justi\u00e7a; entenda","datePublished":"2023-04-19T21:28:49+00:00","dateModified":"2023-04-19T21:28:52+00:00","mainEntityOfPage":{"@id":"https:\/\/www.gaveanews.com\/index.php\/2023\/04\/19\/flamengo-perde-disputa-com-o-vasco-na-justica-entenda\/"},"wordCount":316,"commentCount":0,"image":{"@id":"https:\/\/www.gaveanews.com\/index.php\/2023\/04\/19\/flamengo-perde-disputa-com-o-vasco-na-justica-entenda\/#primaryimage"},"thumbnailUrl":"https:\/\/www.gaveanews.com\/wp-content\/uploads\/Estadio-Maracana.webp","articleSection":["Flamengo"],"inLanguage":"pt-BR","potentialAction":[{"@type":"CommentAction","name":"Comment","target":["https:\/\/www.gaveanews.com\/index.php\/2023\/04\/19\/flamengo-perde-disputa-com-o-vasco-na-justica-entenda\/#respond"]}],"copyrightYear":"2023","copyrightHolder":{"@id":"https:\/\/www.gaveanews.com\/#organization"}},{"@type":"WebPage","@id":"https:\/\/www.gaveanews.com\/index.php\/2023\/04\/19\/flamengo-perde-disputa-com-o-vasco-na-justica-entenda\/","url":"https:\/\/www.gaveanews.com\/index.php\/2023\/04\/19\/flamengo-perde-disputa-com-o-vasco-na-justica-entenda\/","name":"Flamengo perde disputa com o Vasco na justi\u00e7a; entenda","isPartOf":{"@id":"https:\/\/www.gaveanews.com\/#website"},"primaryImageOfPage":{"@id":"https:\/\/www.gaveanews.com\/index.php\/2023\/04\/19\/flamengo-perde-disputa-com-o-vasco-na-justica-entenda\/#primaryimage"},"image":{"@id":"https:\/\/www.gaveanews.com\/index.php\/2023\/04\/19\/flamengo-perde-disputa-com-o-vasco-na-justica-entenda\/#primaryimage"},"thumbnailUrl":"https:\/\/www.gaveanews.com\/wp-content\/uploads\/Estadio-Maracana.webp","datePublished":"2023-04-19T21:28:49+00:00","dateModified":"2023-04-19T21:28:52+00:00","author":{"@id":"https:\/\/www.gaveanews.com\/#\/schema\/person\/2ec14f73fb96be2caf28f91afb14749d"},"breadcrumb":{"@id":"https:\/\/www.gaveanews.com\/index.php\/2023\/04\/19\/flamengo-perde-disputa-com-o-vasco-na-justica-entenda\/#breadcrumb"},"inLanguage":"pt-BR","potentialAction":[{"@type":"ReadAction","target":["https:\/\/www.gaveanews.com\/index.php\/2023\/04\/19\/flamengo-perde-disputa-com-o-vasco-na-justica-entenda\/"]}]},{"@type":"ImageObject","inLanguage":"pt-BR","@id":"https:\/\/www.gaveanews.com\/index.php\/2023\/04\/19\/flamengo-perde-disputa-com-o-vasco-na-justica-entenda\/#primaryimage","url":"https:\/\/www.gaveanews.com\/wp-content\/uploads\/Estadio-Maracana.webp","contentUrl":"https:\/\/www.gaveanews.com\/wp-content\/uploads\/Estadio-Maracana.webp","width":846,"height":476,"caption":"Est\u00e1dio Maracan\u00e3 (Foto: Alexandre Vidal\/Flamengo)"},{"@type":"BreadcrumbList","@id":"https:\/\/www.gaveanews.com\/index.php\/2023\/04\/19\/flamengo-perde-disputa-com-o-vasco-na-justica-entenda\/#breadcrumb","itemListElement":[{"@type":"ListItem","position":1,"name":"Home","item":"https:\/\/www.gaveanews.com\/"},{"@type":"ListItem","position":2,"name":"Flamengo perde disputa com o Vasco na justi\u00e7a; entenda"}]},{"@type":"WebSite","@id":"https:\/\/www.gaveanews.com\/#website","url":"https:\/\/www.gaveanews.com\/","name":"G\u00e1vea News","description":"Veja todas as not\u00edcias sobre o Flamengo: Contrata\u00e7\u00f5es, categorias de base, resultados das partidas, tabela de classifica\u00e7\u00e3o, pr\u00f3ximos jogos!","potentialAction":[{"@type":"SearchAction","target":{"@type":"EntryPoint","urlTemplate":"https:\/\/www.gaveanews.com\/?s={search_term_string}"},"query-input":{"@type":"PropertyValueSpecification","valueRequired":true,"valueName":"search_term_string"}}],"inLanguage":"pt-BR"},{"@type":"Person","@id":"https:\/\/www.gaveanews.com\/#\/schema\/person\/2ec14f73fb96be2caf28f91afb14749d","name":"Equipe G\u00e1vea News","image":{"@type":"ImageObject","inLanguage":"pt-BR","@id":"https:\/\/www.gaveanews.com\/#\/schema\/person\/image\/","url":"https:\/\/secure.gravatar.com\/avatar\/1e1956f1facbffd3f8fa53a326721950116b3b9dc9bd44939c01180fd4a745a9?s=96&d=mm&r=g","contentUrl":"https:\/\/secure.gravatar.com\/avatar\/1e1956f1facbffd3f8fa53a326721950116b3b9dc9bd44939c01180fd4a745a9?s=96&d=mm&r=g","caption":"Equipe G\u00e1vea News"}}]}},"_links":{"self":[{"href":"https:\/\/www.gaveanews.com\/index.php\/wp-json\/wp\/v2\/posts\/97495","targetHints":{"allow":["GET"]}}],"collection":[{"href":"https:\/\/www.gaveanews.com\/index.php\/wp-json\/wp\/v2\/posts"}],"about":[{"href":"https:\/\/www.gaveanews.com\/index.php\/wp-json\/wp\/v2\/types\/post"}],"author":[{"embeddable":true,"href":"https:\/\/www.gaveanews.com\/index.php\/wp-json\/wp\/v2\/users\/1"}],"replies":[{"embeddable":true,"href":"https:\/\/www.gaveanews.com\/index.php\/wp-json\/wp\/v2\/comments?post=97495"}],"version-history":[{"count":0,"href":"https:\/\/www.gaveanews.com\/index.php\/wp-json\/wp\/v2\/posts\/97495\/revisions"}],"wp:featuredmedia":[{"embeddable":true,"href":"https:\/\/www.gaveanews.com\/index.php\/wp-json\/wp\/v2\/media\/84657"}],"wp:attachment":[{"href":"https:\/\/www.gaveanews.com\/index.php\/wp-json\/wp\/v2\/media?parent=97495"}],"wp:term":[{"taxonomy":"category","embeddable":true,"href":"https:\/\/www.gaveanews.com\/index.php\/wp-json\/wp\/v2\/categories?post=97495"},{"taxonomy":"post_tag","embeddable":true,"href":"https:\/\/www.gaveanews.com\/index.php\/wp-json\/wp\/v2\/tags?post=97495"}],"curies":[{"name":"wp","href":"https:\/\/api.w.org\/{rel}","templated":true}]}}