{"id":97499,"date":"2023-04-19T20:19:29","date_gmt":"2023-04-19T23:19:29","guid":{"rendered":"https:\/\/www.gaveanews.com\/?p=97499"},"modified":"2024-04-07T09:09:15","modified_gmt":"2024-04-07T12:09:15","slug":"audio-vaza-e-opiniao-de-rodolfo-landim-do-flamengo-sobre-jorge-jesus-torna-se-publica","status":"publish","type":"post","link":"https:\/\/www.gaveanews.com\/index.php\/2023\/04\/19\/audio-vaza-e-opiniao-de-rodolfo-landim-do-flamengo-sobre-jorge-jesus-torna-se-publica\/","title":{"rendered":"\u00c1udio vaza e opini\u00e3o de Rodolfo Landim, do Flamengo, sobre Jorge Jesus torna-se p\u00fablica"},"content":{"rendered":"\n<p>A reuni\u00e3o do Conselho Deliberativo na \u00faltima ter\u00e7a-feira foi bem movimentada &#8211; h\u00e1 quem diga que foi a mais agitada em um passado recente no Flamengo. Contou com a presen\u00e7a do presidente Rodolfo Landim, que ouviu algumas vaias direcionadas a seu departamento de futebol. Jorge Jesus tamb\u00e9m foi pauta. O Globo Esporte teve acesso ao \u00e1udio do discurso do dirigente. Landim, al\u00e9m de defender sua diretoria, assumiu a responsabilidade pelas \u00faltimas decis\u00f5es do futebol.<\/p>\n\n\n\n<p>Segundo o presidente, o treinador tem mais a agradecer ao clube carioca do que o clube carioca precisa agradecer a ele. Al\u00e9m disso, Landim fez quest\u00e3o de relembrar os t\u00edtulos conquistados depois de 2020, assim como pontuou que o portugu\u00eas n\u00e3o conquistou mais nada. O Flamengo acertou com Jorge Sampaoli ap\u00f3s demitir Vitor Pereira.<\/p>\n\n\n\n<h2 class=\"wp-block-heading\" id=\"h-declaracao-completa-de-rodolfo-landim\">Declara\u00e7\u00e3o completa de Rodolfo Landim<\/h2>\n\n\n\n<p><em>Eu quero que as pessoas saibam que n\u00e3o foi poss\u00edvel (o retorno de Jesus). Ele est\u00e1 disputando o campeonato dele (na Turquia). Eu conversei com ele por telefone. Ele n\u00e3o tem a menor chance de vir antes do campeonato e ainda disputa a semi da Copa da Turquia, que ainda n\u00e3o tem data marcada e a final deve ser marcada para depois de maio. N\u00e3o tem a menor hip\u00f3tese dele vir. (\u2026) Eu at\u00e9 conversei com ele para sondar a possibilidade dele poder vir.<\/em><\/p>\n\n\n\n<p><em>Afinal, quando ele quis sair do Flamengo, ele saiu do Flamengo. Ele poderia tamb\u00e9m querer sair de l\u00e1 e vir para c\u00e1 se ele tivesse essa vontade e esse amor todo pelo Flamengo.<\/em><\/p>\n\n\n\n<p><em>\u00d3bvio que ele tem que fazer as contas dele e fazer a hist\u00f3ria dele l\u00e1. Quando as decis\u00f5es t\u00eam que ser tomadas, elas s\u00e3o tomadas. Eu tenho um respeito muito grande pelo Jorge Jesus. Eu agrade\u00e7o muito a ele pelo fato dele ter trabalho aqui, mas acho que ele deve agradecer ao Flamengo at\u00e9 mais do que n\u00f3s agradecemos a ele, por tudo o que tamb\u00e9m proporcionamos na carreira dele. Eu acho que continuamos dando certo mesmo quando ele saiu, e acho que ele n\u00e3o teve o mesmo sucesso quando saiu daqui.<\/em><\/p>\n\n\n\n<p><em>\u00c9 \u00f3bvio que quando a coisa n\u00e3o vai bem, n\u00f3s temos que tomar decis\u00e3o. A responsabilidade \u00e9 minha. A responsabilidade n\u00e3o \u00e9 de ningu\u00e9m, \u00e9 minha. A responsabilidade principal deste clube \u00e9 minha. E isso \u00e9 indeleg\u00e1vel<\/em>.<\/p>\n\n\n\n<h2 class=\"wp-block-heading\">Conselheiros fazem questionamento<\/h2>\n\n\n\n<p>Alguns conselheiros discursaram por quase 20 minutos com cr\u00edticas \u00e0 gest\u00e3o de Landim e ao desempenho do Flamengo nesta temporada de 2023. Lembraram os t\u00edtulos perdidos, acusaram a diretoria de \u201cgastar muito e muito mal\u201d, al\u00e9m de rasgarem cr\u00edticas \u00e0 atua\u00e7\u00e3o dos jogadores contra o Fluminense na final do Carioca.<\/p>\n\n\n\n<p><em>\u2014 H\u00e1 pouco tempo no Maracan\u00e3 a gente cantava \u201cIh, Libertadores qualquer dia estamos a\u00ed\u201d. Nosso sonho era participar de uma Libertadores. O Flamengo tinha 59 anos de hist\u00f3ria de Libertadores e tinha disputado uma final. Nos \u00faltimos quatro anos que eu estive aqui, com essa diretoria de futebol que est\u00e1 sendo criticada, n\u00f3s disputamos tr\u00eas finais de Libertadores e ganhamos duas. Em 59 anos s\u00f3 hav\u00edamos disputado uma. Agora, em quatro anos, n\u00f3s disputamos tr\u00eas. \u00c9 o campeonato mais importante. Pasmem, n\u00f3s somos os campe\u00f5es da Libertadores hoje. N\u00f3s somos os campe\u00f5es sul-americanos. (\u2026) E com essa diretoria que est\u00e1 a\u00ed, n\u00f3s disputamos quatro campeonatos brasileiros e ganhamos dois. Estou fazendo uma an\u00e1lise estat\u00edstica. Eu acho que n\u00e3o fomos t\u00e3o mal assim, n\u00e9?<\/em>, disse Landim em uma parte do discurso.<\/p>\n\n\n\n<p>A declara\u00e7\u00e3o do presidente aconteceu ap\u00f3s algumas vaias e pedidos de \u201cFora Braz\u201d e \u201cFora Juan\u201d, \u00eddolo rubro-negro que hoje tem um cargo de gerente no departamento de futebol.<\/p>\n\n\n\n<p>Ap\u00f3s assumir a responsabilidade, o presidente saiu em defesa de Marcos Braz (vice-presidente de futebol) e Bruno Spindel (diretor-executivo). Landim rasgou elogios ao vice-presidente, a quem definiu como \u2018homem de confian\u00e7a\u2019.<\/p>\n\n\n\n<p><em>\u2014 Eu ou\u00e7o a opini\u00e3o de todo mundo e sei que todos aqui s\u00e3o rubro-negros como eu. Mas a decis\u00e3o final \u00e9 minha. At\u00e9 que me prove o contr\u00e1rio, o Marcos Braz, se n\u00e3o \u00e9 o sujeito mais qualificado, ele \u00e9 um dos mais qualificados. Eu aceito a opini\u00e3o dos outros, a gente pode concordar em divergir. Mas ele \u00e9 a pessoa da minha confian\u00e7a. Eu acho ele excelente dentro do futebol. Ele \u00e9 um cara que conhece muito. Conhece muito o ambiente de futebol. Eu n\u00e3o acho ele bom, eu acho ele \u00f3timo. Eu acredito que boa parte do sucesso que tivemos \u00e9 por isso. \u00c9 do futebol ganhar e perder. E quando a gente perde, e entendemos que n\u00e3o est\u00e1 dando certo, a gente faz mudan\u00e7as, como j\u00e1 fizemos v\u00e1rias.<\/em><\/p>\n\n\n\n<p><em>\u2014 As coisas n\u00e3o deram certo no in\u00edcio do ano? N\u00f3s fizemos as modifica\u00e7\u00f5es que julgamos necess\u00e1rias. Mais uma vez: eu acredito muito no trabalho da equipe que est\u00e1 l\u00e1. Eu n\u00e3o vejo raz\u00e3o para mudar. Eu acompanho de perto o trabalho deles. Se existe um respons\u00e1vel, n\u00e3o \u00e9 o Marcos Braz ou o Bruno Spindel, sou eu. A minha decis\u00e3o \u00e9 que eles v\u00e3o continuar l\u00e1 e eu vou continuar trabalhando do jeito que eu estou trabalhando. E acredito que no final do ano a gente vai estar abra\u00e7ado comemorando mais um t\u00edtulo<\/em>, encerrou o discurso.<\/p>\n\n\n\n<p>Retirado de: Globo Esporte<\/p>\n","protected":false},"excerpt":{"rendered":"<p>A reuni\u00e3o do Conselho Deliberativo na \u00faltima ter\u00e7a-feira foi bem movimentada &#8211; h\u00e1 quem diga que foi a mais agitada em um passado recente no Flamengo. Contou com a presen\u00e7a do presidente Rodolfo Landim, que ouviu algumas vaias direcionadas a seu departamento de futebol. Jorge Jesus tamb\u00e9m foi pauta. O Globo Esporte teve acesso ao [&hellip;]<\/p>\n","protected":false},"author":1,"featured_media":72644,"comment_status":"open","ping_status":"closed","sticky":false,"template":"","format":"standard","meta":{"footnotes":""},"categories":[1],"tags":[197,172],"class_list":["post-97499","post","type-post","status-publish","format-standard","has-post-thumbnail","hentry","category-flamengo","tag-jorge-jesus","tag-luiz-rodolfo-landim-machado"],"yoast_head":"<!-- This site is optimized with the Yoast SEO Premium plugin v24.2 (Yoast SEO v26.9) - https:\/\/yoast.com\/product\/yoast-seo-premium-wordpress\/ -->\n<title>\u00c1udio vaza e opini\u00e3o de Rodolfo Landim, do Flamengo, sobre Jorge Jesus torna-se p\u00fablica<\/title>\n<meta name=\"robots\" content=\"index, follow, max-snippet:-1, max-image-preview:large, max-video-preview:-1\" \/>\n<link rel=\"canonical\" href=\"https:\/\/www.gaveanews.com\/index.php\/2023\/04\/19\/audio-vaza-e-opiniao-de-rodolfo-landim-do-flamengo-sobre-jorge-jesus-torna-se-publica\/\" \/>\n<meta property=\"og:locale\" content=\"pt_BR\" \/>\n<meta property=\"og:type\" content=\"article\" \/>\n<meta property=\"og:title\" content=\"\u00c1udio vaza e opini\u00e3o de Rodolfo Landim, do Flamengo, sobre Jorge Jesus torna-se p\u00fablica\" \/>\n<meta property=\"og:description\" content=\"A reuni\u00e3o do Conselho Deliberativo na \u00faltima ter\u00e7a-feira foi bem movimentada &#8211; h\u00e1 quem diga que foi a mais agitada em um passado recente no Flamengo. Contou com a presen\u00e7a do presidente Rodolfo Landim, que ouviu algumas vaias direcionadas a seu departamento de futebol. Jorge Jesus tamb\u00e9m foi pauta. O Globo Esporte teve acesso ao [&hellip;]\" \/>\n<meta property=\"og:url\" content=\"https:\/\/www.gaveanews.com\/index.php\/2023\/04\/19\/audio-vaza-e-opiniao-de-rodolfo-landim-do-flamengo-sobre-jorge-jesus-torna-se-publica\/\" \/>\n<meta property=\"og:site_name\" content=\"G\u00e1vea News\" \/>\n<meta property=\"article:publisher\" content=\"https:\/\/facebook.com\/gaveaNews\/\" \/>\n<meta property=\"article:published_time\" content=\"2023-04-19T23:19:29+00:00\" \/>\n<meta property=\"article:modified_time\" content=\"2024-04-07T12:09:15+00:00\" \/>\n<meta property=\"og:image\" content=\"https:\/\/www.gaveanews.com\/wp-content\/uploads\/Jorge-Jesus-em-entrevista-coletiva-no-Ninho-do-Urubu.webp\" \/>\n\t<meta property=\"og:image:width\" content=\"799\" \/>\n\t<meta property=\"og:image:height\" content=\"532\" \/>\n\t<meta property=\"og:image:type\" content=\"image\/jpeg\" \/>\n<meta name=\"author\" content=\"Equipe G\u00e1vea News\" \/>\n<meta name=\"twitter:card\" content=\"summary_large_image\" \/>\n<meta name=\"twitter:label1\" content=\"Escrito por\" \/>\n\t<meta name=\"twitter:data1\" content=\"Equipe G\u00e1vea News\" \/>\n\t<meta name=\"twitter:label2\" content=\"Est. tempo de leitura\" \/>\n\t<meta name=\"twitter:data2\" content=\"5 minutos\" \/>\n<script type=\"application\/ld+json\" class=\"yoast-schema-graph\">{\"@context\":\"https:\/\/schema.org\",\"@graph\":[{\"@type\":\"NewsArticle\",\"@id\":\"https:\/\/www.gaveanews.com\/index.php\/2023\/04\/19\/audio-vaza-e-opiniao-de-rodolfo-landim-do-flamengo-sobre-jorge-jesus-torna-se-publica\/#article\",\"isPartOf\":{\"@id\":\"https:\/\/www.gaveanews.com\/index.php\/2023\/04\/19\/audio-vaza-e-opiniao-de-rodolfo-landim-do-flamengo-sobre-jorge-jesus-torna-se-publica\/\"},\"author\":{\"name\":\"Equipe G\u00e1vea News\",\"@id\":\"https:\/\/www.gaveanews.com\/#\/schema\/person\/2ec14f73fb96be2caf28f91afb14749d\"},\"headline\":\"\u00c1udio vaza e opini\u00e3o de Rodolfo Landim, do Flamengo, sobre Jorge Jesus torna-se p\u00fablica\",\"datePublished\":\"2023-04-19T23:19:29+00:00\",\"dateModified\":\"2024-04-07T12:09:15+00:00\",\"mainEntityOfPage\":{\"@id\":\"https:\/\/www.gaveanews.com\/index.php\/2023\/04\/19\/audio-vaza-e-opiniao-de-rodolfo-landim-do-flamengo-sobre-jorge-jesus-torna-se-publica\/\"},\"wordCount\":928,\"commentCount\":0,\"image\":{\"@id\":\"https:\/\/www.gaveanews.com\/index.php\/2023\/04\/19\/audio-vaza-e-opiniao-de-rodolfo-landim-do-flamengo-sobre-jorge-jesus-torna-se-publica\/#primaryimage\"},\"thumbnailUrl\":\"https:\/\/www.gaveanews.com\/wp-content\/uploads\/Jorge-Jesus-em-entrevista-coletiva-no-Ninho-do-Urubu.webp\",\"keywords\":[\"Jorge Jesus\",\"Luiz Rodolfo Landim Machado\"],\"articleSection\":[\"Flamengo\"],\"inLanguage\":\"pt-BR\",\"potentialAction\":[{\"@type\":\"CommentAction\",\"name\":\"Comment\",\"target\":[\"https:\/\/www.gaveanews.com\/index.php\/2023\/04\/19\/audio-vaza-e-opiniao-de-rodolfo-landim-do-flamengo-sobre-jorge-jesus-torna-se-publica\/#respond\"]}],\"copyrightYear\":\"2023\",\"copyrightHolder\":{\"@id\":\"https:\/\/www.gaveanews.com\/#organization\"}},{\"@type\":\"WebPage\",\"@id\":\"https:\/\/www.gaveanews.com\/index.php\/2023\/04\/19\/audio-vaza-e-opiniao-de-rodolfo-landim-do-flamengo-sobre-jorge-jesus-torna-se-publica\/\",\"url\":\"https:\/\/www.gaveanews.com\/index.php\/2023\/04\/19\/audio-vaza-e-opiniao-de-rodolfo-landim-do-flamengo-sobre-jorge-jesus-torna-se-publica\/\",\"name\":\"\u00c1udio vaza e opini\u00e3o de Rodolfo Landim, do Flamengo, sobre Jorge Jesus torna-se p\u00fablica\",\"isPartOf\":{\"@id\":\"https:\/\/www.gaveanews.com\/#website\"},\"primaryImageOfPage\":{\"@id\":\"https:\/\/www.gaveanews.com\/index.php\/2023\/04\/19\/audio-vaza-e-opiniao-de-rodolfo-landim-do-flamengo-sobre-jorge-jesus-torna-se-publica\/#primaryimage\"},\"image\":{\"@id\":\"https:\/\/www.gaveanews.com\/index.php\/2023\/04\/19\/audio-vaza-e-opiniao-de-rodolfo-landim-do-flamengo-sobre-jorge-jesus-torna-se-publica\/#primaryimage\"},\"thumbnailUrl\":\"https:\/\/www.gaveanews.com\/wp-content\/uploads\/Jorge-Jesus-em-entrevista-coletiva-no-Ninho-do-Urubu.webp\",\"datePublished\":\"2023-04-19T23:19:29+00:00\",\"dateModified\":\"2024-04-07T12:09:15+00:00\",\"author\":{\"@id\":\"https:\/\/www.gaveanews.com\/#\/schema\/person\/2ec14f73fb96be2caf28f91afb14749d\"},\"breadcrumb\":{\"@id\":\"https:\/\/www.gaveanews.com\/index.php\/2023\/04\/19\/audio-vaza-e-opiniao-de-rodolfo-landim-do-flamengo-sobre-jorge-jesus-torna-se-publica\/#breadcrumb\"},\"inLanguage\":\"pt-BR\",\"potentialAction\":[{\"@type\":\"ReadAction\",\"target\":[\"https:\/\/www.gaveanews.com\/index.php\/2023\/04\/19\/audio-vaza-e-opiniao-de-rodolfo-landim-do-flamengo-sobre-jorge-jesus-torna-se-publica\/\"]}]},{\"@type\":\"ImageObject\",\"inLanguage\":\"pt-BR\",\"@id\":\"https:\/\/www.gaveanews.com\/index.php\/2023\/04\/19\/audio-vaza-e-opiniao-de-rodolfo-landim-do-flamengo-sobre-jorge-jesus-torna-se-publica\/#primaryimage\",\"url\":\"https:\/\/www.gaveanews.com\/wp-content\/uploads\/Jorge-Jesus-em-entrevista-coletiva-no-Ninho-do-Urubu.webp\",\"contentUrl\":\"https:\/\/www.gaveanews.com\/wp-content\/uploads\/Jorge-Jesus-em-entrevista-coletiva-no-Ninho-do-Urubu.webp\",\"width\":799,\"height\":532,\"caption\":\"Jorge Jesus em entrevista coletiva no Ninho do Urubu (Foto: Alexandre Vidal\/Flamengo)\"},{\"@type\":\"BreadcrumbList\",\"@id\":\"https:\/\/www.gaveanews.com\/index.php\/2023\/04\/19\/audio-vaza-e-opiniao-de-rodolfo-landim-do-flamengo-sobre-jorge-jesus-torna-se-publica\/#breadcrumb\",\"itemListElement\":[{\"@type\":\"ListItem\",\"position\":1,\"name\":\"Home\",\"item\":\"https:\/\/www.gaveanews.com\/\"},{\"@type\":\"ListItem\",\"position\":2,\"name\":\"\u00c1udio vaza e opini\u00e3o de Rodolfo Landim, do Flamengo, sobre Jorge Jesus torna-se p\u00fablica\"}]},{\"@type\":\"WebSite\",\"@id\":\"https:\/\/www.gaveanews.com\/#website\",\"url\":\"https:\/\/www.gaveanews.com\/\",\"name\":\"G\u00e1vea News\",\"description\":\"Veja todas as not\u00edcias sobre o Flamengo: Contrata\u00e7\u00f5es, categorias de base, resultados das partidas, tabela de classifica\u00e7\u00e3o, pr\u00f3ximos jogos!\",\"potentialAction\":[{\"@type\":\"SearchAction\",\"target\":{\"@type\":\"EntryPoint\",\"urlTemplate\":\"https:\/\/www.gaveanews.com\/?s={search_term_string}\"},\"query-input\":{\"@type\":\"PropertyValueSpecification\",\"valueRequired\":true,\"valueName\":\"search_term_string\"}}],\"inLanguage\":\"pt-BR\"},{\"@type\":\"Person\",\"@id\":\"https:\/\/www.gaveanews.com\/#\/schema\/person\/2ec14f73fb96be2caf28f91afb14749d\",\"name\":\"Equipe G\u00e1vea News\",\"image\":{\"@type\":\"ImageObject\",\"inLanguage\":\"pt-BR\",\"@id\":\"https:\/\/www.gaveanews.com\/#\/schema\/person\/image\/\",\"url\":\"https:\/\/secure.gravatar.com\/avatar\/1e1956f1facbffd3f8fa53a326721950116b3b9dc9bd44939c01180fd4a745a9?s=96&d=mm&r=g\",\"contentUrl\":\"https:\/\/secure.gravatar.com\/avatar\/1e1956f1facbffd3f8fa53a326721950116b3b9dc9bd44939c01180fd4a745a9?s=96&d=mm&r=g\",\"caption\":\"Equipe G\u00e1vea News\"}}]}<\/script>\n<!-- \/ Yoast SEO Premium plugin. -->","yoast_head_json":{"title":"\u00c1udio vaza e opini\u00e3o de Rodolfo Landim, do Flamengo, sobre Jorge Jesus torna-se p\u00fablica","robots":{"index":"index","follow":"follow","max-snippet":"max-snippet:-1","max-image-preview":"max-image-preview:large","max-video-preview":"max-video-preview:-1"},"canonical":"https:\/\/www.gaveanews.com\/index.php\/2023\/04\/19\/audio-vaza-e-opiniao-de-rodolfo-landim-do-flamengo-sobre-jorge-jesus-torna-se-publica\/","og_locale":"pt_BR","og_type":"article","og_title":"\u00c1udio vaza e opini\u00e3o de Rodolfo Landim, do Flamengo, sobre Jorge Jesus torna-se p\u00fablica","og_description":"A reuni\u00e3o do Conselho Deliberativo na \u00faltima ter\u00e7a-feira foi bem movimentada &#8211; h\u00e1 quem diga que foi a mais agitada em um passado recente no Flamengo. Contou com a presen\u00e7a do presidente Rodolfo Landim, que ouviu algumas vaias direcionadas a seu departamento de futebol. Jorge Jesus tamb\u00e9m foi pauta. O Globo Esporte teve acesso ao [&hellip;]","og_url":"https:\/\/www.gaveanews.com\/index.php\/2023\/04\/19\/audio-vaza-e-opiniao-de-rodolfo-landim-do-flamengo-sobre-jorge-jesus-torna-se-publica\/","og_site_name":"G\u00e1vea News","article_publisher":"https:\/\/facebook.com\/gaveaNews\/","article_published_time":"2023-04-19T23:19:29+00:00","article_modified_time":"2024-04-07T12:09:15+00:00","og_image":[{"width":799,"height":532,"url":"https:\/\/www.gaveanews.com\/wp-content\/uploads\/Jorge-Jesus-em-entrevista-coletiva-no-Ninho-do-Urubu.webp","type":"image\/jpeg"}],"author":"Equipe G\u00e1vea News","twitter_card":"summary_large_image","twitter_misc":{"Escrito por":"Equipe G\u00e1vea News","Est. tempo de leitura":"5 minutos"},"schema":{"@context":"https:\/\/schema.org","@graph":[{"@type":"NewsArticle","@id":"https:\/\/www.gaveanews.com\/index.php\/2023\/04\/19\/audio-vaza-e-opiniao-de-rodolfo-landim-do-flamengo-sobre-jorge-jesus-torna-se-publica\/#article","isPartOf":{"@id":"https:\/\/www.gaveanews.com\/index.php\/2023\/04\/19\/audio-vaza-e-opiniao-de-rodolfo-landim-do-flamengo-sobre-jorge-jesus-torna-se-publica\/"},"author":{"name":"Equipe G\u00e1vea News","@id":"https:\/\/www.gaveanews.com\/#\/schema\/person\/2ec14f73fb96be2caf28f91afb14749d"},"headline":"\u00c1udio vaza e opini\u00e3o de Rodolfo Landim, do Flamengo, sobre Jorge Jesus torna-se p\u00fablica","datePublished":"2023-04-19T23:19:29+00:00","dateModified":"2024-04-07T12:09:15+00:00","mainEntityOfPage":{"@id":"https:\/\/www.gaveanews.com\/index.php\/2023\/04\/19\/audio-vaza-e-opiniao-de-rodolfo-landim-do-flamengo-sobre-jorge-jesus-torna-se-publica\/"},"wordCount":928,"commentCount":0,"image":{"@id":"https:\/\/www.gaveanews.com\/index.php\/2023\/04\/19\/audio-vaza-e-opiniao-de-rodolfo-landim-do-flamengo-sobre-jorge-jesus-torna-se-publica\/#primaryimage"},"thumbnailUrl":"https:\/\/www.gaveanews.com\/wp-content\/uploads\/Jorge-Jesus-em-entrevista-coletiva-no-Ninho-do-Urubu.webp","keywords":["Jorge Jesus","Luiz Rodolfo Landim Machado"],"articleSection":["Flamengo"],"inLanguage":"pt-BR","potentialAction":[{"@type":"CommentAction","name":"Comment","target":["https:\/\/www.gaveanews.com\/index.php\/2023\/04\/19\/audio-vaza-e-opiniao-de-rodolfo-landim-do-flamengo-sobre-jorge-jesus-torna-se-publica\/#respond"]}],"copyrightYear":"2023","copyrightHolder":{"@id":"https:\/\/www.gaveanews.com\/#organization"}},{"@type":"WebPage","@id":"https:\/\/www.gaveanews.com\/index.php\/2023\/04\/19\/audio-vaza-e-opiniao-de-rodolfo-landim-do-flamengo-sobre-jorge-jesus-torna-se-publica\/","url":"https:\/\/www.gaveanews.com\/index.php\/2023\/04\/19\/audio-vaza-e-opiniao-de-rodolfo-landim-do-flamengo-sobre-jorge-jesus-torna-se-publica\/","name":"\u00c1udio vaza e opini\u00e3o de Rodolfo Landim, do Flamengo, sobre Jorge Jesus torna-se p\u00fablica","isPartOf":{"@id":"https:\/\/www.gaveanews.com\/#website"},"primaryImageOfPage":{"@id":"https:\/\/www.gaveanews.com\/index.php\/2023\/04\/19\/audio-vaza-e-opiniao-de-rodolfo-landim-do-flamengo-sobre-jorge-jesus-torna-se-publica\/#primaryimage"},"image":{"@id":"https:\/\/www.gaveanews.com\/index.php\/2023\/04\/19\/audio-vaza-e-opiniao-de-rodolfo-landim-do-flamengo-sobre-jorge-jesus-torna-se-publica\/#primaryimage"},"thumbnailUrl":"https:\/\/www.gaveanews.com\/wp-content\/uploads\/Jorge-Jesus-em-entrevista-coletiva-no-Ninho-do-Urubu.webp","datePublished":"2023-04-19T23:19:29+00:00","dateModified":"2024-04-07T12:09:15+00:00","author":{"@id":"https:\/\/www.gaveanews.com\/#\/schema\/person\/2ec14f73fb96be2caf28f91afb14749d"},"breadcrumb":{"@id":"https:\/\/www.gaveanews.com\/index.php\/2023\/04\/19\/audio-vaza-e-opiniao-de-rodolfo-landim-do-flamengo-sobre-jorge-jesus-torna-se-publica\/#breadcrumb"},"inLanguage":"pt-BR","potentialAction":[{"@type":"ReadAction","target":["https:\/\/www.gaveanews.com\/index.php\/2023\/04\/19\/audio-vaza-e-opiniao-de-rodolfo-landim-do-flamengo-sobre-jorge-jesus-torna-se-publica\/"]}]},{"@type":"ImageObject","inLanguage":"pt-BR","@id":"https:\/\/www.gaveanews.com\/index.php\/2023\/04\/19\/audio-vaza-e-opiniao-de-rodolfo-landim-do-flamengo-sobre-jorge-jesus-torna-se-publica\/#primaryimage","url":"https:\/\/www.gaveanews.com\/wp-content\/uploads\/Jorge-Jesus-em-entrevista-coletiva-no-Ninho-do-Urubu.webp","contentUrl":"https:\/\/www.gaveanews.com\/wp-content\/uploads\/Jorge-Jesus-em-entrevista-coletiva-no-Ninho-do-Urubu.webp","width":799,"height":532,"caption":"Jorge Jesus em entrevista coletiva no Ninho do Urubu (Foto: Alexandre Vidal\/Flamengo)"},{"@type":"BreadcrumbList","@id":"https:\/\/www.gaveanews.com\/index.php\/2023\/04\/19\/audio-vaza-e-opiniao-de-rodolfo-landim-do-flamengo-sobre-jorge-jesus-torna-se-publica\/#breadcrumb","itemListElement":[{"@type":"ListItem","position":1,"name":"Home","item":"https:\/\/www.gaveanews.com\/"},{"@type":"ListItem","position":2,"name":"\u00c1udio vaza e opini\u00e3o de Rodolfo Landim, do Flamengo, sobre Jorge Jesus torna-se p\u00fablica"}]},{"@type":"WebSite","@id":"https:\/\/www.gaveanews.com\/#website","url":"https:\/\/www.gaveanews.com\/","name":"G\u00e1vea News","description":"Veja todas as not\u00edcias sobre o Flamengo: Contrata\u00e7\u00f5es, categorias de base, resultados das partidas, tabela de classifica\u00e7\u00e3o, pr\u00f3ximos jogos!","potentialAction":[{"@type":"SearchAction","target":{"@type":"EntryPoint","urlTemplate":"https:\/\/www.gaveanews.com\/?s={search_term_string}"},"query-input":{"@type":"PropertyValueSpecification","valueRequired":true,"valueName":"search_term_string"}}],"inLanguage":"pt-BR"},{"@type":"Person","@id":"https:\/\/www.gaveanews.com\/#\/schema\/person\/2ec14f73fb96be2caf28f91afb14749d","name":"Equipe G\u00e1vea News","image":{"@type":"ImageObject","inLanguage":"pt-BR","@id":"https:\/\/www.gaveanews.com\/#\/schema\/person\/image\/","url":"https:\/\/secure.gravatar.com\/avatar\/1e1956f1facbffd3f8fa53a326721950116b3b9dc9bd44939c01180fd4a745a9?s=96&d=mm&r=g","contentUrl":"https:\/\/secure.gravatar.com\/avatar\/1e1956f1facbffd3f8fa53a326721950116b3b9dc9bd44939c01180fd4a745a9?s=96&d=mm&r=g","caption":"Equipe G\u00e1vea News"}}]}},"_links":{"self":[{"href":"https:\/\/www.gaveanews.com\/index.php\/wp-json\/wp\/v2\/posts\/97499","targetHints":{"allow":["GET"]}}],"collection":[{"href":"https:\/\/www.gaveanews.com\/index.php\/wp-json\/wp\/v2\/posts"}],"about":[{"href":"https:\/\/www.gaveanews.com\/index.php\/wp-json\/wp\/v2\/types\/post"}],"author":[{"embeddable":true,"href":"https:\/\/www.gaveanews.com\/index.php\/wp-json\/wp\/v2\/users\/1"}],"replies":[{"embeddable":true,"href":"https:\/\/www.gaveanews.com\/index.php\/wp-json\/wp\/v2\/comments?post=97499"}],"version-history":[{"count":1,"href":"https:\/\/www.gaveanews.com\/index.php\/wp-json\/wp\/v2\/posts\/97499\/revisions"}],"predecessor-version":[{"id":135408,"href":"https:\/\/www.gaveanews.com\/index.php\/wp-json\/wp\/v2\/posts\/97499\/revisions\/135408"}],"wp:featuredmedia":[{"embeddable":true,"href":"https:\/\/www.gaveanews.com\/index.php\/wp-json\/wp\/v2\/media\/72644"}],"wp:attachment":[{"href":"https:\/\/www.gaveanews.com\/index.php\/wp-json\/wp\/v2\/media?parent=97499"}],"wp:term":[{"taxonomy":"category","embeddable":true,"href":"https:\/\/www.gaveanews.com\/index.php\/wp-json\/wp\/v2\/categories?post=97499"},{"taxonomy":"post_tag","embeddable":true,"href":"https:\/\/www.gaveanews.com\/index.php\/wp-json\/wp\/v2\/tags?post=97499"}],"curies":[{"name":"wp","href":"https:\/\/api.w.org\/{rel}","templated":true}]}}