{"id":97516,"date":"2023-04-20T01:21:22","date_gmt":"2023-04-20T04:21:22","guid":{"rendered":"https:\/\/www.gaveanews.com\/?p=97516"},"modified":"2023-04-20T01:21:25","modified_gmt":"2023-04-20T04:21:25","slug":"santos-fabricio-bruno-david-luiz-leo-pereira-vidal-marinho-thiago-maia-gerson-ayrton-lucas-gabigol-pedro-everton-ribeiro-everton-cebolinha-wesley-e-rodrigo-caio-as-notas-dos-jogadores-do","status":"publish","type":"post","link":"https:\/\/www.gaveanews.com\/index.php\/2023\/04\/20\/santos-fabricio-bruno-david-luiz-leo-pereira-vidal-marinho-thiago-maia-gerson-ayrton-lucas-gabigol-pedro-everton-ribeiro-everton-cebolinha-wesley-e-rodrigo-caio-as-notas-dos-jogadores-do\/","title":{"rendered":"Santos, Fabr\u00edcio Bruno, David Luiz, L\u00e9o Pereira, Vidal, Marinho, Thiago Maia, Gerson, Ayrton Lucas, Gabigol, Pedro, Everton Ribeiro, Everton Cebolinha, Wesley e Rodrigo Caio: as notas dos jogadores do Flamengo"},"content":{"rendered":"\n<p>Na noite da \u00faltima quarta-feira (19 de abril), o time do Flamengo disputou a segunda rodada da fase de grupos da Copa Libertadores da Am\u00e9rica. Diante do \u00d1ublense, o time da G\u00e1vea conquistou a sua primeira vit\u00f3ria na competi\u00e7\u00e3o internacional. <\/p>\n\n\n\n<p>O grande destaque da partida foi o atacante Pedro. Afinal de contas ele marcou dois gols e mais uma vez foi decisivo (<a href=\"https:\/\/www.gaveanews.com\/index.php\/2023\/04\/19\/atacante-do-flamengo-pedro-supera-bruno-henrique-e-zico\/\">clique aqui e assista os gols<\/a>). Dado este contexto, confira abaixo a nota de todos os jogadores do Flamengo segundo o portal Globo Esporte:<\/p>\n\n\n\n<h2 class=\"wp-block-heading\" id=\"h-santos\">Santos<\/h2>\n\n\n\n<p>N\u00e3o teve muito trabalho diante de um advers\u00e1rio praticamente inofensivo. <strong>Nota 6,0.<\/strong><\/p>\n\n\n\n<h2 class=\"wp-block-heading\">Fabr\u00edcio Bruno<\/h2>\n\n\n\n<p>Errou alguns passes, mas foi importante na marca\u00e7\u00e3o e fez boas coberturas pelo lado direito.\u00a0<strong>Nota 6,5.<\/strong><\/p>\n\n\n\n<h2 class=\"wp-block-heading\">David Luiz<\/h2>\n\n\n\n<p>Voltou de les\u00e3o e melhorou o n\u00edvel de atua\u00e7\u00e3o em rela\u00e7\u00e3o \u00e0s \u00faltimas partidas. Ganhou voto de confian\u00e7a e n\u00e3o desperdi\u00e7ou.\u00a0<strong>Nota 6,0.<\/strong><\/p>\n\n\n\n<h2 class=\"wp-block-heading\">L\u00e9o Pereira<\/h2>\n\n\n\n<p>Foi menos exigido na esquerda, mas correu muito para manter a marca\u00e7\u00e3o forte.\u00a0<strong>Nota: 6,0.<\/strong><\/p>\n\n\n\n<h2 class=\"wp-block-heading\">Marinho<\/h2>\n\n\n\n<p>Foi quem mais aproveitou a chance dada por Sampaoli. Apesar de algumas afoba\u00e7\u00f5es, saiu de campo com duas assist\u00eancias na conta. Foi muito participativo com a bola e na orienta\u00e7\u00e3o.\u00a0<strong>Nota: 7,5.<\/strong><\/p>\n\n\n\n<h2 class=\"wp-block-heading\">Thiago Maia<\/h2>\n\n\n\n<p>Foi o maior respons\u00e1vel na marca\u00e7\u00e3o no meio de campo e cumpriu bem a fun\u00e7\u00e3o.\u00a0<strong>Nota: 6,5.<\/strong><\/p>\n\n\n\n<h2 class=\"wp-block-heading\">Gerson<\/h2>\n\n\n\n<p>Pareceu um pouco deslocado no primeiro tempo e evoluiu ao longo da partida. Atua\u00e7\u00e3o discreta.\u00a0<strong>Nota: 5,5.<\/strong><\/p>\n\n\n\n<h2 class=\"wp-block-heading\">Vidal<\/h2>\n\n\n\n<p>Foi mais participativo, atuou como um dos representantes de Sampaoli em campo. Atuou mais adiantado, mas n\u00e3o conseguiu ser efetivo.\u00a0<strong>Nota: 6,0.<\/strong><\/p>\n\n\n\n<h2 class=\"wp-block-heading\">Ayrton Lucas<\/h2>\n\n\n\n<p>Foi bastante acionado no primeiro tempo. Na etapa final, foi mais discreto. \u00c9 pe\u00e7a importante na marca\u00e7\u00e3o e nas jogadas em velocidade.\u00a0<strong>Nota: 6,0.<\/strong><\/p>\n\n\n\n<h2 class=\"wp-block-heading\">Gabigol<\/h2>\n\n\n\n<p>Foi exigido em fun\u00e7\u00f5es diferentes, mas criou poucas jogadas. Melhorou no segundo tempo, mesmo assim fez uma partida pouco inspirada.\u00a0<strong>Nota: 5,5.<\/strong><\/p>\n\n\n\n<h2 class=\"wp-block-heading\">Pedro<\/h2>\n\n\n\n<p>O destaque do jogo. Marcou os gols da vit\u00f3ria em duas jogadas de categoria. Foi importante para segurar a bola e puxar contra-ataques. Melhor em campo, saiu ovacionado no fim do segundo tempo.\u00a0<strong>Nota 8,0.<\/strong><\/p>\n\n\n\n<h2 class=\"wp-block-heading\">Everton Ribeiro<\/h2>\n\n\n\n<p>Entrou bem, fez boas jogadas na direita e teve um gol anulado pelo VAR.\u00a0<strong>Nota 6,0.<\/strong><\/p>\n\n\n\n<h2 class=\"wp-block-heading\">Everton Cebolinha<\/h2>\n\n\n\n<p>Teve a fun\u00e7\u00e3o de dar mais g\u00e1s ao ataque, mas n\u00e3o emplacou muitas jogadas.\u00a0<strong>Nota 5,0.<\/strong><\/p>\n\n\n\n<h2 class=\"wp-block-heading\">Wesley<\/h2>\n\n\n\n<p>Entrou para segurar o lado direito da defesa e cumpriu bem.\u00a0<strong>Nota 5,5.<\/strong><\/p>\n\n\n\n<h2 class=\"wp-block-heading\">Rodrigo Caio<\/h2>\n\n\n\n<p>Substituiu David Luiz e entrou ligado, mas n\u00e3o teve muito desafio.\u00a0<strong>Nota 5,0.<\/strong><\/p>\n","protected":false},"excerpt":{"rendered":"<p>Na noite da \u00faltima quarta-feira (19 de abril), o time do Flamengo disputou a segunda rodada da fase de grupos da Copa Libertadores da Am\u00e9rica. Diante do \u00d1ublense, o time da G\u00e1vea conquistou a sua primeira vit\u00f3ria na competi\u00e7\u00e3o internacional. O grande destaque da partida foi o atacante Pedro. Afinal de contas ele marcou dois [&hellip;]<\/p>\n","protected":false},"author":1,"featured_media":96447,"comment_status":"open","ping_status":"closed","sticky":false,"template":"","format":"standard","meta":{"footnotes":""},"categories":[1],"tags":[],"class_list":["post-97516","post","type-post","status-publish","format-standard","has-post-thumbnail","hentry","category-flamengo"],"yoast_head":"<!-- This site is optimized with the Yoast SEO Premium plugin v24.2 (Yoast SEO v26.9) - https:\/\/yoast.com\/product\/yoast-seo-premium-wordpress\/ -->\n<title>Santos, Fabr\u00edcio Bruno, David Luiz, L\u00e9o Pereira, Vidal, Marinho, Thiago Maia, Gerson, Ayrton Lucas, Gabigol, Pedro, Everton Ribeiro, Everton Cebolinha, Wesley e Rodrigo Caio: as notas dos jogadores do Flamengo<\/title>\n<meta name=\"robots\" content=\"index, follow, max-snippet:-1, max-image-preview:large, max-video-preview:-1\" \/>\n<link rel=\"canonical\" href=\"https:\/\/www.gaveanews.com\/index.php\/2023\/04\/20\/santos-fabricio-bruno-david-luiz-leo-pereira-vidal-marinho-thiago-maia-gerson-ayrton-lucas-gabigol-pedro-everton-ribeiro-everton-cebolinha-wesley-e-rodrigo-caio-as-notas-dos-jogadores-do\/\" \/>\n<meta property=\"og:locale\" content=\"pt_BR\" \/>\n<meta property=\"og:type\" content=\"article\" \/>\n<meta property=\"og:title\" content=\"Santos, Fabr\u00edcio Bruno, David Luiz, L\u00e9o Pereira, Vidal, Marinho, Thiago Maia, Gerson, Ayrton Lucas, Gabigol, Pedro, Everton Ribeiro, Everton Cebolinha, Wesley e Rodrigo Caio: as notas dos jogadores do Flamengo\" \/>\n<meta property=\"og:description\" content=\"Na noite da \u00faltima quarta-feira (19 de abril), o time do Flamengo disputou a segunda rodada da fase de grupos da Copa Libertadores da Am\u00e9rica. Diante do \u00d1ublense, o time da G\u00e1vea conquistou a sua primeira vit\u00f3ria na competi\u00e7\u00e3o internacional. O grande destaque da partida foi o atacante Pedro. Afinal de contas ele marcou dois [&hellip;]\" \/>\n<meta property=\"og:url\" content=\"https:\/\/www.gaveanews.com\/index.php\/2023\/04\/20\/santos-fabricio-bruno-david-luiz-leo-pereira-vidal-marinho-thiago-maia-gerson-ayrton-lucas-gabigol-pedro-everton-ribeiro-everton-cebolinha-wesley-e-rodrigo-caio-as-notas-dos-jogadores-do\/\" \/>\n<meta property=\"og:site_name\" content=\"G\u00e1vea News\" \/>\n<meta property=\"article:publisher\" content=\"https:\/\/facebook.com\/gaveaNews\/\" \/>\n<meta property=\"article:published_time\" content=\"2023-04-20T04:21:22+00:00\" \/>\n<meta property=\"article:modified_time\" content=\"2023-04-20T04:21:25+00:00\" \/>\n<meta property=\"og:image\" content=\"https:\/\/www.gaveanews.com\/wp-content\/uploads\/Pedro-exibe-o-escudo-do-Flamengo-apos-marcar-um-gol-pelo-time-carioca.webp\" \/>\n\t<meta property=\"og:image:width\" content=\"1080\" \/>\n\t<meta property=\"og:image:height\" content=\"1350\" \/>\n\t<meta property=\"og:image:type\" content=\"image\/jpeg\" \/>\n<meta name=\"author\" content=\"Equipe G\u00e1vea News\" \/>\n<meta name=\"twitter:card\" content=\"summary_large_image\" \/>\n<meta name=\"twitter:label1\" content=\"Escrito por\" \/>\n\t<meta name=\"twitter:data1\" content=\"Equipe G\u00e1vea News\" \/>\n\t<meta name=\"twitter:label2\" content=\"Est. tempo de leitura\" \/>\n\t<meta name=\"twitter:data2\" content=\"3 minutos\" \/>\n<script type=\"application\/ld+json\" class=\"yoast-schema-graph\">{\"@context\":\"https:\/\/schema.org\",\"@graph\":[{\"@type\":\"NewsArticle\",\"@id\":\"https:\/\/www.gaveanews.com\/index.php\/2023\/04\/20\/santos-fabricio-bruno-david-luiz-leo-pereira-vidal-marinho-thiago-maia-gerson-ayrton-lucas-gabigol-pedro-everton-ribeiro-everton-cebolinha-wesley-e-rodrigo-caio-as-notas-dos-jogadores-do\/#article\",\"isPartOf\":{\"@id\":\"https:\/\/www.gaveanews.com\/index.php\/2023\/04\/20\/santos-fabricio-bruno-david-luiz-leo-pereira-vidal-marinho-thiago-maia-gerson-ayrton-lucas-gabigol-pedro-everton-ribeiro-everton-cebolinha-wesley-e-rodrigo-caio-as-notas-dos-jogadores-do\/\"},\"author\":{\"name\":\"Equipe G\u00e1vea News\",\"@id\":\"https:\/\/www.gaveanews.com\/#\/schema\/person\/2ec14f73fb96be2caf28f91afb14749d\"},\"headline\":\"Santos, Fabr\u00edcio Bruno, David Luiz, L\u00e9o Pereira, Vidal, Marinho, Thiago Maia, Gerson, Ayrton Lucas, Gabigol, Pedro, Everton Ribeiro, Everton Cebolinha, Wesley e Rodrigo Caio: as notas dos jogadores do Flamengo\",\"datePublished\":\"2023-04-20T04:21:22+00:00\",\"dateModified\":\"2023-04-20T04:21:25+00:00\",\"mainEntityOfPage\":{\"@id\":\"https:\/\/www.gaveanews.com\/index.php\/2023\/04\/20\/santos-fabricio-bruno-david-luiz-leo-pereira-vidal-marinho-thiago-maia-gerson-ayrton-lucas-gabigol-pedro-everton-ribeiro-everton-cebolinha-wesley-e-rodrigo-caio-as-notas-dos-jogadores-do\/\"},\"wordCount\":451,\"commentCount\":0,\"image\":{\"@id\":\"https:\/\/www.gaveanews.com\/index.php\/2023\/04\/20\/santos-fabricio-bruno-david-luiz-leo-pereira-vidal-marinho-thiago-maia-gerson-ayrton-lucas-gabigol-pedro-everton-ribeiro-everton-cebolinha-wesley-e-rodrigo-caio-as-notas-dos-jogadores-do\/#primaryimage\"},\"thumbnailUrl\":\"https:\/\/www.gaveanews.com\/wp-content\/uploads\/Pedro-exibe-o-escudo-do-Flamengo-apos-marcar-um-gol-pelo-time-carioca.webp\",\"articleSection\":[\"Flamengo\"],\"inLanguage\":\"pt-BR\",\"potentialAction\":[{\"@type\":\"CommentAction\",\"name\":\"Comment\",\"target\":[\"https:\/\/www.gaveanews.com\/index.php\/2023\/04\/20\/santos-fabricio-bruno-david-luiz-leo-pereira-vidal-marinho-thiago-maia-gerson-ayrton-lucas-gabigol-pedro-everton-ribeiro-everton-cebolinha-wesley-e-rodrigo-caio-as-notas-dos-jogadores-do\/#respond\"]}],\"copyrightYear\":\"2023\",\"copyrightHolder\":{\"@id\":\"https:\/\/www.gaveanews.com\/#organization\"}},{\"@type\":\"WebPage\",\"@id\":\"https:\/\/www.gaveanews.com\/index.php\/2023\/04\/20\/santos-fabricio-bruno-david-luiz-leo-pereira-vidal-marinho-thiago-maia-gerson-ayrton-lucas-gabigol-pedro-everton-ribeiro-everton-cebolinha-wesley-e-rodrigo-caio-as-notas-dos-jogadores-do\/\",\"url\":\"https:\/\/www.gaveanews.com\/index.php\/2023\/04\/20\/santos-fabricio-bruno-david-luiz-leo-pereira-vidal-marinho-thiago-maia-gerson-ayrton-lucas-gabigol-pedro-everton-ribeiro-everton-cebolinha-wesley-e-rodrigo-caio-as-notas-dos-jogadores-do\/\",\"name\":\"Santos, Fabr\u00edcio Bruno, David Luiz, L\u00e9o Pereira, Vidal, Marinho, Thiago Maia, Gerson, Ayrton Lucas, Gabigol, Pedro, Everton Ribeiro, Everton Cebolinha, Wesley e Rodrigo Caio: as notas dos jogadores do Flamengo\",\"isPartOf\":{\"@id\":\"https:\/\/www.gaveanews.com\/#website\"},\"primaryImageOfPage\":{\"@id\":\"https:\/\/www.gaveanews.com\/index.php\/2023\/04\/20\/santos-fabricio-bruno-david-luiz-leo-pereira-vidal-marinho-thiago-maia-gerson-ayrton-lucas-gabigol-pedro-everton-ribeiro-everton-cebolinha-wesley-e-rodrigo-caio-as-notas-dos-jogadores-do\/#primaryimage\"},\"image\":{\"@id\":\"https:\/\/www.gaveanews.com\/index.php\/2023\/04\/20\/santos-fabricio-bruno-david-luiz-leo-pereira-vidal-marinho-thiago-maia-gerson-ayrton-lucas-gabigol-pedro-everton-ribeiro-everton-cebolinha-wesley-e-rodrigo-caio-as-notas-dos-jogadores-do\/#primaryimage\"},\"thumbnailUrl\":\"https:\/\/www.gaveanews.com\/wp-content\/uploads\/Pedro-exibe-o-escudo-do-Flamengo-apos-marcar-um-gol-pelo-time-carioca.webp\",\"datePublished\":\"2023-04-20T04:21:22+00:00\",\"dateModified\":\"2023-04-20T04:21:25+00:00\",\"author\":{\"@id\":\"https:\/\/www.gaveanews.com\/#\/schema\/person\/2ec14f73fb96be2caf28f91afb14749d\"},\"breadcrumb\":{\"@id\":\"https:\/\/www.gaveanews.com\/index.php\/2023\/04\/20\/santos-fabricio-bruno-david-luiz-leo-pereira-vidal-marinho-thiago-maia-gerson-ayrton-lucas-gabigol-pedro-everton-ribeiro-everton-cebolinha-wesley-e-rodrigo-caio-as-notas-dos-jogadores-do\/#breadcrumb\"},\"inLanguage\":\"pt-BR\",\"potentialAction\":[{\"@type\":\"ReadAction\",\"target\":[\"https:\/\/www.gaveanews.com\/index.php\/2023\/04\/20\/santos-fabricio-bruno-david-luiz-leo-pereira-vidal-marinho-thiago-maia-gerson-ayrton-lucas-gabigol-pedro-everton-ribeiro-everton-cebolinha-wesley-e-rodrigo-caio-as-notas-dos-jogadores-do\/\"]}]},{\"@type\":\"ImageObject\",\"inLanguage\":\"pt-BR\",\"@id\":\"https:\/\/www.gaveanews.com\/index.php\/2023\/04\/20\/santos-fabricio-bruno-david-luiz-leo-pereira-vidal-marinho-thiago-maia-gerson-ayrton-lucas-gabigol-pedro-everton-ribeiro-everton-cebolinha-wesley-e-rodrigo-caio-as-notas-dos-jogadores-do\/#primaryimage\",\"url\":\"https:\/\/www.gaveanews.com\/wp-content\/uploads\/Pedro-exibe-o-escudo-do-Flamengo-apos-marcar-um-gol-pelo-time-carioca.webp\",\"contentUrl\":\"https:\/\/www.gaveanews.com\/wp-content\/uploads\/Pedro-exibe-o-escudo-do-Flamengo-apos-marcar-um-gol-pelo-time-carioca.webp\",\"width\":1080,\"height\":1350,\"caption\":\"Pedro exibe o escudo do Flamengo ap\u00f3s marcar um gol pelo time carioca (Foto: Reprodu\u00e7\u00e3o\/Instagram)\"},{\"@type\":\"BreadcrumbList\",\"@id\":\"https:\/\/www.gaveanews.com\/index.php\/2023\/04\/20\/santos-fabricio-bruno-david-luiz-leo-pereira-vidal-marinho-thiago-maia-gerson-ayrton-lucas-gabigol-pedro-everton-ribeiro-everton-cebolinha-wesley-e-rodrigo-caio-as-notas-dos-jogadores-do\/#breadcrumb\",\"itemListElement\":[{\"@type\":\"ListItem\",\"position\":1,\"name\":\"Home\",\"item\":\"https:\/\/www.gaveanews.com\/\"},{\"@type\":\"ListItem\",\"position\":2,\"name\":\"Santos, Fabr\u00edcio Bruno, David Luiz, L\u00e9o Pereira, Vidal, Marinho, Thiago Maia, Gerson, Ayrton Lucas, Gabigol, Pedro, Everton Ribeiro, Everton Cebolinha, Wesley e Rodrigo Caio: as notas dos jogadores do Flamengo\"}]},{\"@type\":\"WebSite\",\"@id\":\"https:\/\/www.gaveanews.com\/#website\",\"url\":\"https:\/\/www.gaveanews.com\/\",\"name\":\"G\u00e1vea News\",\"description\":\"Veja todas as not\u00edcias sobre o Flamengo: Contrata\u00e7\u00f5es, categorias de base, resultados das partidas, tabela de classifica\u00e7\u00e3o, pr\u00f3ximos jogos!\",\"potentialAction\":[{\"@type\":\"SearchAction\",\"target\":{\"@type\":\"EntryPoint\",\"urlTemplate\":\"https:\/\/www.gaveanews.com\/?s={search_term_string}\"},\"query-input\":{\"@type\":\"PropertyValueSpecification\",\"valueRequired\":true,\"valueName\":\"search_term_string\"}}],\"inLanguage\":\"pt-BR\"},{\"@type\":\"Person\",\"@id\":\"https:\/\/www.gaveanews.com\/#\/schema\/person\/2ec14f73fb96be2caf28f91afb14749d\",\"name\":\"Equipe G\u00e1vea News\",\"image\":{\"@type\":\"ImageObject\",\"inLanguage\":\"pt-BR\",\"@id\":\"https:\/\/www.gaveanews.com\/#\/schema\/person\/image\/\",\"url\":\"https:\/\/secure.gravatar.com\/avatar\/1e1956f1facbffd3f8fa53a326721950116b3b9dc9bd44939c01180fd4a745a9?s=96&d=mm&r=g\",\"contentUrl\":\"https:\/\/secure.gravatar.com\/avatar\/1e1956f1facbffd3f8fa53a326721950116b3b9dc9bd44939c01180fd4a745a9?s=96&d=mm&r=g\",\"caption\":\"Equipe G\u00e1vea News\"}}]}<\/script>\n<!-- \/ Yoast SEO Premium plugin. -->","yoast_head_json":{"title":"Santos, Fabr\u00edcio Bruno, David Luiz, L\u00e9o Pereira, Vidal, Marinho, Thiago Maia, Gerson, Ayrton Lucas, Gabigol, Pedro, Everton Ribeiro, Everton Cebolinha, Wesley e Rodrigo Caio: as notas dos jogadores do Flamengo","robots":{"index":"index","follow":"follow","max-snippet":"max-snippet:-1","max-image-preview":"max-image-preview:large","max-video-preview":"max-video-preview:-1"},"canonical":"https:\/\/www.gaveanews.com\/index.php\/2023\/04\/20\/santos-fabricio-bruno-david-luiz-leo-pereira-vidal-marinho-thiago-maia-gerson-ayrton-lucas-gabigol-pedro-everton-ribeiro-everton-cebolinha-wesley-e-rodrigo-caio-as-notas-dos-jogadores-do\/","og_locale":"pt_BR","og_type":"article","og_title":"Santos, Fabr\u00edcio Bruno, David Luiz, L\u00e9o Pereira, Vidal, Marinho, Thiago Maia, Gerson, Ayrton Lucas, Gabigol, Pedro, Everton Ribeiro, Everton Cebolinha, Wesley e Rodrigo Caio: as notas dos jogadores do Flamengo","og_description":"Na noite da \u00faltima quarta-feira (19 de abril), o time do Flamengo disputou a segunda rodada da fase de grupos da Copa Libertadores da Am\u00e9rica. Diante do \u00d1ublense, o time da G\u00e1vea conquistou a sua primeira vit\u00f3ria na competi\u00e7\u00e3o internacional. O grande destaque da partida foi o atacante Pedro. Afinal de contas ele marcou dois [&hellip;]","og_url":"https:\/\/www.gaveanews.com\/index.php\/2023\/04\/20\/santos-fabricio-bruno-david-luiz-leo-pereira-vidal-marinho-thiago-maia-gerson-ayrton-lucas-gabigol-pedro-everton-ribeiro-everton-cebolinha-wesley-e-rodrigo-caio-as-notas-dos-jogadores-do\/","og_site_name":"G\u00e1vea News","article_publisher":"https:\/\/facebook.com\/gaveaNews\/","article_published_time":"2023-04-20T04:21:22+00:00","article_modified_time":"2023-04-20T04:21:25+00:00","og_image":[{"width":1080,"height":1350,"url":"https:\/\/www.gaveanews.com\/wp-content\/uploads\/Pedro-exibe-o-escudo-do-Flamengo-apos-marcar-um-gol-pelo-time-carioca.webp","type":"image\/jpeg"}],"author":"Equipe G\u00e1vea News","twitter_card":"summary_large_image","twitter_misc":{"Escrito por":"Equipe G\u00e1vea News","Est. tempo de leitura":"3 minutos"},"schema":{"@context":"https:\/\/schema.org","@graph":[{"@type":"NewsArticle","@id":"https:\/\/www.gaveanews.com\/index.php\/2023\/04\/20\/santos-fabricio-bruno-david-luiz-leo-pereira-vidal-marinho-thiago-maia-gerson-ayrton-lucas-gabigol-pedro-everton-ribeiro-everton-cebolinha-wesley-e-rodrigo-caio-as-notas-dos-jogadores-do\/#article","isPartOf":{"@id":"https:\/\/www.gaveanews.com\/index.php\/2023\/04\/20\/santos-fabricio-bruno-david-luiz-leo-pereira-vidal-marinho-thiago-maia-gerson-ayrton-lucas-gabigol-pedro-everton-ribeiro-everton-cebolinha-wesley-e-rodrigo-caio-as-notas-dos-jogadores-do\/"},"author":{"name":"Equipe G\u00e1vea News","@id":"https:\/\/www.gaveanews.com\/#\/schema\/person\/2ec14f73fb96be2caf28f91afb14749d"},"headline":"Santos, Fabr\u00edcio Bruno, David Luiz, L\u00e9o Pereira, Vidal, Marinho, Thiago Maia, Gerson, Ayrton Lucas, Gabigol, Pedro, Everton Ribeiro, Everton Cebolinha, Wesley e Rodrigo Caio: as notas dos jogadores do Flamengo","datePublished":"2023-04-20T04:21:22+00:00","dateModified":"2023-04-20T04:21:25+00:00","mainEntityOfPage":{"@id":"https:\/\/www.gaveanews.com\/index.php\/2023\/04\/20\/santos-fabricio-bruno-david-luiz-leo-pereira-vidal-marinho-thiago-maia-gerson-ayrton-lucas-gabigol-pedro-everton-ribeiro-everton-cebolinha-wesley-e-rodrigo-caio-as-notas-dos-jogadores-do\/"},"wordCount":451,"commentCount":0,"image":{"@id":"https:\/\/www.gaveanews.com\/index.php\/2023\/04\/20\/santos-fabricio-bruno-david-luiz-leo-pereira-vidal-marinho-thiago-maia-gerson-ayrton-lucas-gabigol-pedro-everton-ribeiro-everton-cebolinha-wesley-e-rodrigo-caio-as-notas-dos-jogadores-do\/#primaryimage"},"thumbnailUrl":"https:\/\/www.gaveanews.com\/wp-content\/uploads\/Pedro-exibe-o-escudo-do-Flamengo-apos-marcar-um-gol-pelo-time-carioca.webp","articleSection":["Flamengo"],"inLanguage":"pt-BR","potentialAction":[{"@type":"CommentAction","name":"Comment","target":["https:\/\/www.gaveanews.com\/index.php\/2023\/04\/20\/santos-fabricio-bruno-david-luiz-leo-pereira-vidal-marinho-thiago-maia-gerson-ayrton-lucas-gabigol-pedro-everton-ribeiro-everton-cebolinha-wesley-e-rodrigo-caio-as-notas-dos-jogadores-do\/#respond"]}],"copyrightYear":"2023","copyrightHolder":{"@id":"https:\/\/www.gaveanews.com\/#organization"}},{"@type":"WebPage","@id":"https:\/\/www.gaveanews.com\/index.php\/2023\/04\/20\/santos-fabricio-bruno-david-luiz-leo-pereira-vidal-marinho-thiago-maia-gerson-ayrton-lucas-gabigol-pedro-everton-ribeiro-everton-cebolinha-wesley-e-rodrigo-caio-as-notas-dos-jogadores-do\/","url":"https:\/\/www.gaveanews.com\/index.php\/2023\/04\/20\/santos-fabricio-bruno-david-luiz-leo-pereira-vidal-marinho-thiago-maia-gerson-ayrton-lucas-gabigol-pedro-everton-ribeiro-everton-cebolinha-wesley-e-rodrigo-caio-as-notas-dos-jogadores-do\/","name":"Santos, Fabr\u00edcio Bruno, David Luiz, L\u00e9o Pereira, Vidal, Marinho, Thiago Maia, Gerson, Ayrton Lucas, Gabigol, Pedro, Everton Ribeiro, Everton Cebolinha, Wesley e Rodrigo Caio: as notas dos jogadores do Flamengo","isPartOf":{"@id":"https:\/\/www.gaveanews.com\/#website"},"primaryImageOfPage":{"@id":"https:\/\/www.gaveanews.com\/index.php\/2023\/04\/20\/santos-fabricio-bruno-david-luiz-leo-pereira-vidal-marinho-thiago-maia-gerson-ayrton-lucas-gabigol-pedro-everton-ribeiro-everton-cebolinha-wesley-e-rodrigo-caio-as-notas-dos-jogadores-do\/#primaryimage"},"image":{"@id":"https:\/\/www.gaveanews.com\/index.php\/2023\/04\/20\/santos-fabricio-bruno-david-luiz-leo-pereira-vidal-marinho-thiago-maia-gerson-ayrton-lucas-gabigol-pedro-everton-ribeiro-everton-cebolinha-wesley-e-rodrigo-caio-as-notas-dos-jogadores-do\/#primaryimage"},"thumbnailUrl":"https:\/\/www.gaveanews.com\/wp-content\/uploads\/Pedro-exibe-o-escudo-do-Flamengo-apos-marcar-um-gol-pelo-time-carioca.webp","datePublished":"2023-04-20T04:21:22+00:00","dateModified":"2023-04-20T04:21:25+00:00","author":{"@id":"https:\/\/www.gaveanews.com\/#\/schema\/person\/2ec14f73fb96be2caf28f91afb14749d"},"breadcrumb":{"@id":"https:\/\/www.gaveanews.com\/index.php\/2023\/04\/20\/santos-fabricio-bruno-david-luiz-leo-pereira-vidal-marinho-thiago-maia-gerson-ayrton-lucas-gabigol-pedro-everton-ribeiro-everton-cebolinha-wesley-e-rodrigo-caio-as-notas-dos-jogadores-do\/#breadcrumb"},"inLanguage":"pt-BR","potentialAction":[{"@type":"ReadAction","target":["https:\/\/www.gaveanews.com\/index.php\/2023\/04\/20\/santos-fabricio-bruno-david-luiz-leo-pereira-vidal-marinho-thiago-maia-gerson-ayrton-lucas-gabigol-pedro-everton-ribeiro-everton-cebolinha-wesley-e-rodrigo-caio-as-notas-dos-jogadores-do\/"]}]},{"@type":"ImageObject","inLanguage":"pt-BR","@id":"https:\/\/www.gaveanews.com\/index.php\/2023\/04\/20\/santos-fabricio-bruno-david-luiz-leo-pereira-vidal-marinho-thiago-maia-gerson-ayrton-lucas-gabigol-pedro-everton-ribeiro-everton-cebolinha-wesley-e-rodrigo-caio-as-notas-dos-jogadores-do\/#primaryimage","url":"https:\/\/www.gaveanews.com\/wp-content\/uploads\/Pedro-exibe-o-escudo-do-Flamengo-apos-marcar-um-gol-pelo-time-carioca.webp","contentUrl":"https:\/\/www.gaveanews.com\/wp-content\/uploads\/Pedro-exibe-o-escudo-do-Flamengo-apos-marcar-um-gol-pelo-time-carioca.webp","width":1080,"height":1350,"caption":"Pedro exibe o escudo do Flamengo ap\u00f3s marcar um gol pelo time carioca (Foto: Reprodu\u00e7\u00e3o\/Instagram)"},{"@type":"BreadcrumbList","@id":"https:\/\/www.gaveanews.com\/index.php\/2023\/04\/20\/santos-fabricio-bruno-david-luiz-leo-pereira-vidal-marinho-thiago-maia-gerson-ayrton-lucas-gabigol-pedro-everton-ribeiro-everton-cebolinha-wesley-e-rodrigo-caio-as-notas-dos-jogadores-do\/#breadcrumb","itemListElement":[{"@type":"ListItem","position":1,"name":"Home","item":"https:\/\/www.gaveanews.com\/"},{"@type":"ListItem","position":2,"name":"Santos, Fabr\u00edcio Bruno, David Luiz, L\u00e9o Pereira, Vidal, Marinho, Thiago Maia, Gerson, Ayrton Lucas, Gabigol, Pedro, Everton Ribeiro, Everton Cebolinha, Wesley e Rodrigo Caio: as notas dos jogadores do Flamengo"}]},{"@type":"WebSite","@id":"https:\/\/www.gaveanews.com\/#website","url":"https:\/\/www.gaveanews.com\/","name":"G\u00e1vea News","description":"Veja todas as not\u00edcias sobre o Flamengo: Contrata\u00e7\u00f5es, categorias de base, resultados das partidas, tabela de classifica\u00e7\u00e3o, pr\u00f3ximos jogos!","potentialAction":[{"@type":"SearchAction","target":{"@type":"EntryPoint","urlTemplate":"https:\/\/www.gaveanews.com\/?s={search_term_string}"},"query-input":{"@type":"PropertyValueSpecification","valueRequired":true,"valueName":"search_term_string"}}],"inLanguage":"pt-BR"},{"@type":"Person","@id":"https:\/\/www.gaveanews.com\/#\/schema\/person\/2ec14f73fb96be2caf28f91afb14749d","name":"Equipe G\u00e1vea News","image":{"@type":"ImageObject","inLanguage":"pt-BR","@id":"https:\/\/www.gaveanews.com\/#\/schema\/person\/image\/","url":"https:\/\/secure.gravatar.com\/avatar\/1e1956f1facbffd3f8fa53a326721950116b3b9dc9bd44939c01180fd4a745a9?s=96&d=mm&r=g","contentUrl":"https:\/\/secure.gravatar.com\/avatar\/1e1956f1facbffd3f8fa53a326721950116b3b9dc9bd44939c01180fd4a745a9?s=96&d=mm&r=g","caption":"Equipe G\u00e1vea News"}}]}},"_links":{"self":[{"href":"https:\/\/www.gaveanews.com\/index.php\/wp-json\/wp\/v2\/posts\/97516","targetHints":{"allow":["GET"]}}],"collection":[{"href":"https:\/\/www.gaveanews.com\/index.php\/wp-json\/wp\/v2\/posts"}],"about":[{"href":"https:\/\/www.gaveanews.com\/index.php\/wp-json\/wp\/v2\/types\/post"}],"author":[{"embeddable":true,"href":"https:\/\/www.gaveanews.com\/index.php\/wp-json\/wp\/v2\/users\/1"}],"replies":[{"embeddable":true,"href":"https:\/\/www.gaveanews.com\/index.php\/wp-json\/wp\/v2\/comments?post=97516"}],"version-history":[{"count":0,"href":"https:\/\/www.gaveanews.com\/index.php\/wp-json\/wp\/v2\/posts\/97516\/revisions"}],"wp:featuredmedia":[{"embeddable":true,"href":"https:\/\/www.gaveanews.com\/index.php\/wp-json\/wp\/v2\/media\/96447"}],"wp:attachment":[{"href":"https:\/\/www.gaveanews.com\/index.php\/wp-json\/wp\/v2\/media?parent=97516"}],"wp:term":[{"taxonomy":"category","embeddable":true,"href":"https:\/\/www.gaveanews.com\/index.php\/wp-json\/wp\/v2\/categories?post=97516"},{"taxonomy":"post_tag","embeddable":true,"href":"https:\/\/www.gaveanews.com\/index.php\/wp-json\/wp\/v2\/tags?post=97516"}],"curies":[{"name":"wp","href":"https:\/\/api.w.org\/{rel}","templated":true}]}}