{"id":97524,"date":"2023-04-20T07:09:59","date_gmt":"2023-04-20T10:09:59","guid":{"rendered":"https:\/\/www.gaveanews.com\/?p=97524"},"modified":"2023-04-20T13:15:20","modified_gmt":"2023-04-20T16:15:20","slug":"promocao-imperdivel-moletom-oficial-do-flamengo-e-vendido-com-45-de-desconto","status":"publish","type":"post","link":"https:\/\/www.gaveanews.com\/index.php\/2023\/04\/20\/promocao-imperdivel-moletom-oficial-do-flamengo-e-vendido-com-45-de-desconto\/","title":{"rendered":"Promo\u00e7\u00e3o imperd\u00edvel: Moletom oficial do Flamengo \u00e9 vendido com 45% de desconto"},"content":{"rendered":"\n<p>A Adidas, firmou uma parceria com o portal G\u00e1vea News, e est\u00e1 realizando uma promo\u00e7\u00e3o especialmente voltada para a nossa audi\u00eancia. Com tal promo\u00e7\u00e3o, \u00e9 poss\u00edvel adquirir v\u00e1rios produtos oficiais com descontos imperd\u00edveis. <\/p>\n\n\n\n<p>E o grande destaque desta quinta-feira (20 de abril), fica por conta do moletom que est\u00e1 sendo vendido com 45% de desconto. Predominantemente preto, ele conta com detalhes vermelho e branco (veja todas as fotos abaixo).<\/p>\n\n\n\n<p>Sobre o seu tamanho, ele pode ser adquirido seguindo os seguintes padr\u00f5es: \u201cP, M, G, GG e EGG\u201d. A respeito dos valores, e a forma de pagamento, o valor \u00e0 vista \u00e9 R$ 189,99, sendo que \u00e9 poss\u00edvel parcelar em at\u00e9 3x de R$ 63,33 no cart\u00e3o de cr\u00e9dito. <a href=\"https:\/\/bit.ly\/3Lhu3kM\">Clique aqui e aproveite a promo\u00e7\u00e3o.<\/a><\/p>\n\n\n\n<figure class=\"wp-block-image size-large\"><img decoding=\"async\" src=\"https:\/\/static.netshoes.com.br\/produtos\/blusa-moletom-flamengo-dna-adidas-masculina\/06\/FB8-1211-006\/FB8-1211-006_zoom1.webp?ts=1661439381&amp;\" alt=\"\"\/><\/figure>\n\n\n\n<figure class=\"wp-block-image size-large\"><img decoding=\"async\" src=\"https:\/\/static.netshoes.com.br\/produtos\/blusa-moletom-flamengo-dna-adidas-masculina\/06\/FB8-1211-006\/FB8-1211-006_zoom2.webp?ts=1661439381&amp;\" alt=\"\"\/><\/figure>\n\n\n<div class=\"wp-block-image\">\n<figure class=\"aligncenter size-large is-resized\"><img loading=\"lazy\" decoding=\"async\" src=\"https:\/\/imgcentauro-a.akamaihd.net\/600x600\/M0RE6A02A2\/blusao-de-moletom-sem-capuz-cr-flamengo-dna-adidas-masculino-img.webp\" alt=\"\" width=\"826\" height=\"826\"\/><\/figure>\n<\/div>","protected":false},"excerpt":{"rendered":"<p>A Adidas, firmou uma parceria com o portal G\u00e1vea News, e est\u00e1 realizando uma promo\u00e7\u00e3o especialmente voltada para a nossa audi\u00eancia. Com tal promo\u00e7\u00e3o, \u00e9 poss\u00edvel adquirir v\u00e1rios produtos oficiais com descontos imperd\u00edveis. E o grande destaque desta quinta-feira (20 de abril), fica por conta do moletom que est\u00e1 sendo vendido com 45% de desconto. [&hellip;]<\/p>\n","protected":false},"author":2,"featured_media":97525,"comment_status":"open","ping_status":"closed","sticky":false,"template":"","format":"standard","meta":{"footnotes":""},"categories":[47],"tags":[],"class_list":["post-97524","post","type-post","status-publish","format-standard","has-post-thumbnail","hentry","category-destaques"],"yoast_head":"<!-- This site is optimized with the Yoast SEO Premium plugin v24.2 (Yoast SEO v26.9) - https:\/\/yoast.com\/product\/yoast-seo-premium-wordpress\/ -->\n<title>Promo\u00e7\u00e3o imperd\u00edvel: Moletom oficial do Flamengo \u00e9 vendido com 45% de desconto<\/title>\n<meta name=\"robots\" content=\"index, follow, max-snippet:-1, max-image-preview:large, max-video-preview:-1\" \/>\n<link rel=\"canonical\" href=\"https:\/\/www.gaveanews.com\/index.php\/2023\/04\/20\/promocao-imperdivel-moletom-oficial-do-flamengo-e-vendido-com-45-de-desconto\/\" \/>\n<meta property=\"og:locale\" content=\"pt_BR\" \/>\n<meta property=\"og:type\" content=\"article\" \/>\n<meta property=\"og:title\" content=\"Promo\u00e7\u00e3o imperd\u00edvel: Moletom oficial do Flamengo \u00e9 vendido com 45% de desconto\" \/>\n<meta property=\"og:description\" content=\"A Adidas, firmou uma parceria com o portal G\u00e1vea News, e est\u00e1 realizando uma promo\u00e7\u00e3o especialmente voltada para a nossa audi\u00eancia. Com tal promo\u00e7\u00e3o, \u00e9 poss\u00edvel adquirir v\u00e1rios produtos oficiais com descontos imperd\u00edveis. E o grande destaque desta quinta-feira (20 de abril), fica por conta do moletom que est\u00e1 sendo vendido com 45% de desconto. [&hellip;]\" \/>\n<meta property=\"og:url\" content=\"https:\/\/www.gaveanews.com\/index.php\/2023\/04\/20\/promocao-imperdivel-moletom-oficial-do-flamengo-e-vendido-com-45-de-desconto\/\" \/>\n<meta property=\"og:site_name\" content=\"G\u00e1vea News\" \/>\n<meta property=\"article:publisher\" content=\"https:\/\/facebook.com\/gaveaNews\/\" \/>\n<meta property=\"article:published_time\" content=\"2023-04-20T10:09:59+00:00\" \/>\n<meta property=\"article:modified_time\" content=\"2023-04-20T16:15:20+00:00\" \/>\n<meta property=\"og:image\" content=\"https:\/\/www.gaveanews.com\/wp-content\/uploads\/Logomarca-da-Adidas-ao-lado-do-escudo-do-Flamengo.webp\" \/>\n\t<meta property=\"og:image:width\" content=\"1920\" \/>\n\t<meta property=\"og:image:height\" content=\"1277\" \/>\n\t<meta property=\"og:image:type\" content=\"image\/webp\" \/>\n<meta name=\"author\" content=\"Hugo Nogueira\" \/>\n<meta name=\"twitter:card\" content=\"summary_large_image\" \/>\n<meta name=\"twitter:label1\" content=\"Escrito por\" \/>\n\t<meta name=\"twitter:data1\" content=\"Hugo Nogueira\" \/>\n\t<meta name=\"twitter:label2\" content=\"Est. tempo de leitura\" \/>\n\t<meta name=\"twitter:data2\" content=\"2 minutos\" \/>\n<script type=\"application\/ld+json\" class=\"yoast-schema-graph\">{\"@context\":\"https:\/\/schema.org\",\"@graph\":[{\"@type\":\"NewsArticle\",\"@id\":\"https:\/\/www.gaveanews.com\/index.php\/2023\/04\/20\/promocao-imperdivel-moletom-oficial-do-flamengo-e-vendido-com-45-de-desconto\/#article\",\"isPartOf\":{\"@id\":\"https:\/\/www.gaveanews.com\/index.php\/2023\/04\/20\/promocao-imperdivel-moletom-oficial-do-flamengo-e-vendido-com-45-de-desconto\/\"},\"author\":{\"name\":\"Hugo Nogueira\",\"@id\":\"https:\/\/www.gaveanews.com\/#\/schema\/person\/3a0372021fabaeec4e7e4242cfa27841\"},\"headline\":\"Promo\u00e7\u00e3o imperd\u00edvel: Moletom oficial do Flamengo \u00e9 vendido com 45% de desconto\",\"datePublished\":\"2023-04-20T10:09:59+00:00\",\"dateModified\":\"2023-04-20T16:15:20+00:00\",\"mainEntityOfPage\":{\"@id\":\"https:\/\/www.gaveanews.com\/index.php\/2023\/04\/20\/promocao-imperdivel-moletom-oficial-do-flamengo-e-vendido-com-45-de-desconto\/\"},\"wordCount\":140,\"commentCount\":0,\"image\":{\"@id\":\"https:\/\/www.gaveanews.com\/index.php\/2023\/04\/20\/promocao-imperdivel-moletom-oficial-do-flamengo-e-vendido-com-45-de-desconto\/#primaryimage\"},\"thumbnailUrl\":\"https:\/\/www.gaveanews.com\/wp-content\/uploads\/Logomarca-da-Adidas-ao-lado-do-escudo-do-Flamengo.webp\",\"articleSection\":[\"Destaques\"],\"inLanguage\":\"pt-BR\",\"potentialAction\":[{\"@type\":\"CommentAction\",\"name\":\"Comment\",\"target\":[\"https:\/\/www.gaveanews.com\/index.php\/2023\/04\/20\/promocao-imperdivel-moletom-oficial-do-flamengo-e-vendido-com-45-de-desconto\/#respond\"]}],\"copyrightYear\":\"2023\",\"copyrightHolder\":{\"@id\":\"https:\/\/www.gaveanews.com\/#organization\"}},{\"@type\":\"WebPage\",\"@id\":\"https:\/\/www.gaveanews.com\/index.php\/2023\/04\/20\/promocao-imperdivel-moletom-oficial-do-flamengo-e-vendido-com-45-de-desconto\/\",\"url\":\"https:\/\/www.gaveanews.com\/index.php\/2023\/04\/20\/promocao-imperdivel-moletom-oficial-do-flamengo-e-vendido-com-45-de-desconto\/\",\"name\":\"Promo\u00e7\u00e3o imperd\u00edvel: Moletom oficial do Flamengo \u00e9 vendido com 45% de desconto\",\"isPartOf\":{\"@id\":\"https:\/\/www.gaveanews.com\/#website\"},\"primaryImageOfPage\":{\"@id\":\"https:\/\/www.gaveanews.com\/index.php\/2023\/04\/20\/promocao-imperdivel-moletom-oficial-do-flamengo-e-vendido-com-45-de-desconto\/#primaryimage\"},\"image\":{\"@id\":\"https:\/\/www.gaveanews.com\/index.php\/2023\/04\/20\/promocao-imperdivel-moletom-oficial-do-flamengo-e-vendido-com-45-de-desconto\/#primaryimage\"},\"thumbnailUrl\":\"https:\/\/www.gaveanews.com\/wp-content\/uploads\/Logomarca-da-Adidas-ao-lado-do-escudo-do-Flamengo.webp\",\"datePublished\":\"2023-04-20T10:09:59+00:00\",\"dateModified\":\"2023-04-20T16:15:20+00:00\",\"author\":{\"@id\":\"https:\/\/www.gaveanews.com\/#\/schema\/person\/3a0372021fabaeec4e7e4242cfa27841\"},\"breadcrumb\":{\"@id\":\"https:\/\/www.gaveanews.com\/index.php\/2023\/04\/20\/promocao-imperdivel-moletom-oficial-do-flamengo-e-vendido-com-45-de-desconto\/#breadcrumb\"},\"inLanguage\":\"pt-BR\",\"potentialAction\":[{\"@type\":\"ReadAction\",\"target\":[\"https:\/\/www.gaveanews.com\/index.php\/2023\/04\/20\/promocao-imperdivel-moletom-oficial-do-flamengo-e-vendido-com-45-de-desconto\/\"]}]},{\"@type\":\"ImageObject\",\"inLanguage\":\"pt-BR\",\"@id\":\"https:\/\/www.gaveanews.com\/index.php\/2023\/04\/20\/promocao-imperdivel-moletom-oficial-do-flamengo-e-vendido-com-45-de-desconto\/#primaryimage\",\"url\":\"https:\/\/www.gaveanews.com\/wp-content\/uploads\/Logomarca-da-Adidas-ao-lado-do-escudo-do-Flamengo.webp\",\"contentUrl\":\"https:\/\/www.gaveanews.com\/wp-content\/uploads\/Logomarca-da-Adidas-ao-lado-do-escudo-do-Flamengo.webp\",\"width\":1920,\"height\":1277,\"caption\":\"Logomarca da Adidas ao lado do escudo do Flamengo (Foto: Reprodu\u00e7\u00e3o)\"},{\"@type\":\"BreadcrumbList\",\"@id\":\"https:\/\/www.gaveanews.com\/index.php\/2023\/04\/20\/promocao-imperdivel-moletom-oficial-do-flamengo-e-vendido-com-45-de-desconto\/#breadcrumb\",\"itemListElement\":[{\"@type\":\"ListItem\",\"position\":1,\"name\":\"Home\",\"item\":\"https:\/\/www.gaveanews.com\/\"},{\"@type\":\"ListItem\",\"position\":2,\"name\":\"Promo\u00e7\u00e3o imperd\u00edvel: Moletom oficial do Flamengo \u00e9 vendido com 45% de desconto\"}]},{\"@type\":\"WebSite\",\"@id\":\"https:\/\/www.gaveanews.com\/#website\",\"url\":\"https:\/\/www.gaveanews.com\/\",\"name\":\"G\u00e1vea News\",\"description\":\"Veja todas as not\u00edcias sobre o Flamengo: Contrata\u00e7\u00f5es, categorias de base, resultados das partidas, tabela de classifica\u00e7\u00e3o, pr\u00f3ximos jogos!\",\"potentialAction\":[{\"@type\":\"SearchAction\",\"target\":{\"@type\":\"EntryPoint\",\"urlTemplate\":\"https:\/\/www.gaveanews.com\/?s={search_term_string}\"},\"query-input\":{\"@type\":\"PropertyValueSpecification\",\"valueRequired\":true,\"valueName\":\"search_term_string\"}}],\"inLanguage\":\"pt-BR\"},{\"@type\":\"Person\",\"@id\":\"https:\/\/www.gaveanews.com\/#\/schema\/person\/3a0372021fabaeec4e7e4242cfa27841\",\"name\":\"Hugo Nogueira\",\"image\":{\"@type\":\"ImageObject\",\"inLanguage\":\"pt-BR\",\"@id\":\"https:\/\/www.gaveanews.com\/#\/schema\/person\/image\/\",\"url\":\"https:\/\/secure.gravatar.com\/avatar\/0cdd89f3b47bb55926c08eee2db992845cfdd53f84c9fdd47a49d89b3cd40c0a?s=96&d=mm&r=g\",\"contentUrl\":\"https:\/\/secure.gravatar.com\/avatar\/0cdd89f3b47bb55926c08eee2db992845cfdd53f84c9fdd47a49d89b3cd40c0a?s=96&d=mm&r=g\",\"caption\":\"Hugo Nogueira\"}}]}<\/script>\n<!-- \/ Yoast SEO Premium plugin. -->","yoast_head_json":{"title":"Promo\u00e7\u00e3o imperd\u00edvel: Moletom oficial do Flamengo \u00e9 vendido com 45% de desconto","robots":{"index":"index","follow":"follow","max-snippet":"max-snippet:-1","max-image-preview":"max-image-preview:large","max-video-preview":"max-video-preview:-1"},"canonical":"https:\/\/www.gaveanews.com\/index.php\/2023\/04\/20\/promocao-imperdivel-moletom-oficial-do-flamengo-e-vendido-com-45-de-desconto\/","og_locale":"pt_BR","og_type":"article","og_title":"Promo\u00e7\u00e3o imperd\u00edvel: Moletom oficial do Flamengo \u00e9 vendido com 45% de desconto","og_description":"A Adidas, firmou uma parceria com o portal G\u00e1vea News, e est\u00e1 realizando uma promo\u00e7\u00e3o especialmente voltada para a nossa audi\u00eancia. Com tal promo\u00e7\u00e3o, \u00e9 poss\u00edvel adquirir v\u00e1rios produtos oficiais com descontos imperd\u00edveis. E o grande destaque desta quinta-feira (20 de abril), fica por conta do moletom que est\u00e1 sendo vendido com 45% de desconto. [&hellip;]","og_url":"https:\/\/www.gaveanews.com\/index.php\/2023\/04\/20\/promocao-imperdivel-moletom-oficial-do-flamengo-e-vendido-com-45-de-desconto\/","og_site_name":"G\u00e1vea News","article_publisher":"https:\/\/facebook.com\/gaveaNews\/","article_published_time":"2023-04-20T10:09:59+00:00","article_modified_time":"2023-04-20T16:15:20+00:00","og_image":[{"width":1920,"height":1277,"url":"https:\/\/www.gaveanews.com\/wp-content\/uploads\/Logomarca-da-Adidas-ao-lado-do-escudo-do-Flamengo.webp","type":"image\/webp"}],"author":"Hugo Nogueira","twitter_card":"summary_large_image","twitter_misc":{"Escrito por":"Hugo Nogueira","Est. tempo de leitura":"2 minutos"},"schema":{"@context":"https:\/\/schema.org","@graph":[{"@type":"NewsArticle","@id":"https:\/\/www.gaveanews.com\/index.php\/2023\/04\/20\/promocao-imperdivel-moletom-oficial-do-flamengo-e-vendido-com-45-de-desconto\/#article","isPartOf":{"@id":"https:\/\/www.gaveanews.com\/index.php\/2023\/04\/20\/promocao-imperdivel-moletom-oficial-do-flamengo-e-vendido-com-45-de-desconto\/"},"author":{"name":"Hugo Nogueira","@id":"https:\/\/www.gaveanews.com\/#\/schema\/person\/3a0372021fabaeec4e7e4242cfa27841"},"headline":"Promo\u00e7\u00e3o imperd\u00edvel: Moletom oficial do Flamengo \u00e9 vendido com 45% de desconto","datePublished":"2023-04-20T10:09:59+00:00","dateModified":"2023-04-20T16:15:20+00:00","mainEntityOfPage":{"@id":"https:\/\/www.gaveanews.com\/index.php\/2023\/04\/20\/promocao-imperdivel-moletom-oficial-do-flamengo-e-vendido-com-45-de-desconto\/"},"wordCount":140,"commentCount":0,"image":{"@id":"https:\/\/www.gaveanews.com\/index.php\/2023\/04\/20\/promocao-imperdivel-moletom-oficial-do-flamengo-e-vendido-com-45-de-desconto\/#primaryimage"},"thumbnailUrl":"https:\/\/www.gaveanews.com\/wp-content\/uploads\/Logomarca-da-Adidas-ao-lado-do-escudo-do-Flamengo.webp","articleSection":["Destaques"],"inLanguage":"pt-BR","potentialAction":[{"@type":"CommentAction","name":"Comment","target":["https:\/\/www.gaveanews.com\/index.php\/2023\/04\/20\/promocao-imperdivel-moletom-oficial-do-flamengo-e-vendido-com-45-de-desconto\/#respond"]}],"copyrightYear":"2023","copyrightHolder":{"@id":"https:\/\/www.gaveanews.com\/#organization"}},{"@type":"WebPage","@id":"https:\/\/www.gaveanews.com\/index.php\/2023\/04\/20\/promocao-imperdivel-moletom-oficial-do-flamengo-e-vendido-com-45-de-desconto\/","url":"https:\/\/www.gaveanews.com\/index.php\/2023\/04\/20\/promocao-imperdivel-moletom-oficial-do-flamengo-e-vendido-com-45-de-desconto\/","name":"Promo\u00e7\u00e3o imperd\u00edvel: Moletom oficial do Flamengo \u00e9 vendido com 45% de desconto","isPartOf":{"@id":"https:\/\/www.gaveanews.com\/#website"},"primaryImageOfPage":{"@id":"https:\/\/www.gaveanews.com\/index.php\/2023\/04\/20\/promocao-imperdivel-moletom-oficial-do-flamengo-e-vendido-com-45-de-desconto\/#primaryimage"},"image":{"@id":"https:\/\/www.gaveanews.com\/index.php\/2023\/04\/20\/promocao-imperdivel-moletom-oficial-do-flamengo-e-vendido-com-45-de-desconto\/#primaryimage"},"thumbnailUrl":"https:\/\/www.gaveanews.com\/wp-content\/uploads\/Logomarca-da-Adidas-ao-lado-do-escudo-do-Flamengo.webp","datePublished":"2023-04-20T10:09:59+00:00","dateModified":"2023-04-20T16:15:20+00:00","author":{"@id":"https:\/\/www.gaveanews.com\/#\/schema\/person\/3a0372021fabaeec4e7e4242cfa27841"},"breadcrumb":{"@id":"https:\/\/www.gaveanews.com\/index.php\/2023\/04\/20\/promocao-imperdivel-moletom-oficial-do-flamengo-e-vendido-com-45-de-desconto\/#breadcrumb"},"inLanguage":"pt-BR","potentialAction":[{"@type":"ReadAction","target":["https:\/\/www.gaveanews.com\/index.php\/2023\/04\/20\/promocao-imperdivel-moletom-oficial-do-flamengo-e-vendido-com-45-de-desconto\/"]}]},{"@type":"ImageObject","inLanguage":"pt-BR","@id":"https:\/\/www.gaveanews.com\/index.php\/2023\/04\/20\/promocao-imperdivel-moletom-oficial-do-flamengo-e-vendido-com-45-de-desconto\/#primaryimage","url":"https:\/\/www.gaveanews.com\/wp-content\/uploads\/Logomarca-da-Adidas-ao-lado-do-escudo-do-Flamengo.webp","contentUrl":"https:\/\/www.gaveanews.com\/wp-content\/uploads\/Logomarca-da-Adidas-ao-lado-do-escudo-do-Flamengo.webp","width":1920,"height":1277,"caption":"Logomarca da Adidas ao lado do escudo do Flamengo (Foto: Reprodu\u00e7\u00e3o)"},{"@type":"BreadcrumbList","@id":"https:\/\/www.gaveanews.com\/index.php\/2023\/04\/20\/promocao-imperdivel-moletom-oficial-do-flamengo-e-vendido-com-45-de-desconto\/#breadcrumb","itemListElement":[{"@type":"ListItem","position":1,"name":"Home","item":"https:\/\/www.gaveanews.com\/"},{"@type":"ListItem","position":2,"name":"Promo\u00e7\u00e3o imperd\u00edvel: Moletom oficial do Flamengo \u00e9 vendido com 45% de desconto"}]},{"@type":"WebSite","@id":"https:\/\/www.gaveanews.com\/#website","url":"https:\/\/www.gaveanews.com\/","name":"G\u00e1vea News","description":"Veja todas as not\u00edcias sobre o Flamengo: Contrata\u00e7\u00f5es, categorias de base, resultados das partidas, tabela de classifica\u00e7\u00e3o, pr\u00f3ximos jogos!","potentialAction":[{"@type":"SearchAction","target":{"@type":"EntryPoint","urlTemplate":"https:\/\/www.gaveanews.com\/?s={search_term_string}"},"query-input":{"@type":"PropertyValueSpecification","valueRequired":true,"valueName":"search_term_string"}}],"inLanguage":"pt-BR"},{"@type":"Person","@id":"https:\/\/www.gaveanews.com\/#\/schema\/person\/3a0372021fabaeec4e7e4242cfa27841","name":"Hugo Nogueira","image":{"@type":"ImageObject","inLanguage":"pt-BR","@id":"https:\/\/www.gaveanews.com\/#\/schema\/person\/image\/","url":"https:\/\/secure.gravatar.com\/avatar\/0cdd89f3b47bb55926c08eee2db992845cfdd53f84c9fdd47a49d89b3cd40c0a?s=96&d=mm&r=g","contentUrl":"https:\/\/secure.gravatar.com\/avatar\/0cdd89f3b47bb55926c08eee2db992845cfdd53f84c9fdd47a49d89b3cd40c0a?s=96&d=mm&r=g","caption":"Hugo Nogueira"}}]}},"_links":{"self":[{"href":"https:\/\/www.gaveanews.com\/index.php\/wp-json\/wp\/v2\/posts\/97524","targetHints":{"allow":["GET"]}}],"collection":[{"href":"https:\/\/www.gaveanews.com\/index.php\/wp-json\/wp\/v2\/posts"}],"about":[{"href":"https:\/\/www.gaveanews.com\/index.php\/wp-json\/wp\/v2\/types\/post"}],"author":[{"embeddable":true,"href":"https:\/\/www.gaveanews.com\/index.php\/wp-json\/wp\/v2\/users\/2"}],"replies":[{"embeddable":true,"href":"https:\/\/www.gaveanews.com\/index.php\/wp-json\/wp\/v2\/comments?post=97524"}],"version-history":[{"count":0,"href":"https:\/\/www.gaveanews.com\/index.php\/wp-json\/wp\/v2\/posts\/97524\/revisions"}],"wp:featuredmedia":[{"embeddable":true,"href":"https:\/\/www.gaveanews.com\/index.php\/wp-json\/wp\/v2\/media\/97525"}],"wp:attachment":[{"href":"https:\/\/www.gaveanews.com\/index.php\/wp-json\/wp\/v2\/media?parent=97524"}],"wp:term":[{"taxonomy":"category","embeddable":true,"href":"https:\/\/www.gaveanews.com\/index.php\/wp-json\/wp\/v2\/categories?post=97524"},{"taxonomy":"post_tag","embeddable":true,"href":"https:\/\/www.gaveanews.com\/index.php\/wp-json\/wp\/v2\/tags?post=97524"}],"curies":[{"name":"wp","href":"https:\/\/api.w.org\/{rel}","templated":true}]}}