{"id":97531,"date":"2023-04-20T08:02:06","date_gmt":"2023-04-20T11:02:06","guid":{"rendered":"https:\/\/www.gaveanews.com\/?p=97531"},"modified":"2023-04-20T08:11:32","modified_gmt":"2023-04-20T11:11:32","slug":"jorge-sampaoli-detalha-funcao-como-pretende-utilizar-marinho-e-vidal-no-flamengo","status":"publish","type":"post","link":"https:\/\/www.gaveanews.com\/index.php\/2023\/04\/20\/jorge-sampaoli-detalha-funcao-como-pretende-utilizar-marinho-e-vidal-no-flamengo\/","title":{"rendered":"Jorge Sampaoli detalha como pretende utilizar Marinho e Vidal no Flamengo"},"content":{"rendered":"\n<p>Jorge Sampaoli fez mudan\u00e7as importantes na estreia no comando do Flamengo, em vit\u00f3ria por 2 a 0 contra o \u00d1ublense, nesta quarta-feira (19), em jogo v\u00e1lido pela fase de grupos da Copa Libertadores da Am\u00e9rica. Na entrevista coletiva, o argentino explicou a fun\u00e7\u00e3o de dois jogadores em espec\u00edfico: Marinho e Arturo Vidal.<\/p>\n\n\n\n<p>Sobre o meia chileno, no qual trabalhou junto na sele\u00e7\u00e3o do Chile, Sampaoli disse: \u201cFazia muito tempo que n\u00e3o via o Arturo. Sempre respeito. Tentamos que nesse tempo ele possa encontrar sua melhor vers\u00e3o. E sempre me encontro muito grato com ele. Gra\u00e7as a ele, vivi muitas alegrias\u201d, iniciou.<\/p>\n\n\n\n<p>Em seguida, o novo treinador do Flamengo falou sobre Marinho, jogador que ele j\u00e1 conhecia pelos tempos de Santos. Juntos, os dois fizeram sucesso no ano de 2019 e foram vices-campe\u00f5es do Brasileir\u00e3o S\u00e9rie A.<\/p>\n\n\n\n<p>\u201cEle (Marinho) tem um perfil de perna trocada, ent\u00e3o, necessitava de conex\u00f5es com o Arturo muito perto. Arturo teve movimenta\u00e7\u00f5es mais pelo centro, ent\u00e3o perdemos um pouco de associa\u00e7\u00f5es por esse lado\u201d, avaliou Sampaoli sobre os dois jogadores.<\/p>\n\n\n\n<p>\u201cDefensivamente, Arturo jogou ao lado de Thiago Maia em um 4-4-2 para defender, que conhecemos muito bem, acredito que voc\u00eas conhe\u00e7am melhor do que eu\u201d, afirmou.<\/p>\n\n\n\n<p>O Flamengo teve boa atua\u00e7\u00e3o e reagiu na Libertadores, somando os tr\u00eas primeiros pontos na fase de grupos da competi\u00e7\u00e3o. Agora, o desafio seguinte \u00e9 contra o Internacional, no domingo (23), pelo Brasileir\u00e3o.<\/p>\n\n\n\n<h2 class=\"wp-block-heading\" id=\"h-elogios-para-torcida-do-flamengo\">Elogios para torcida do Flamengo<\/h2>\n\n\n\n<p>\u201cO sentimento popular por esse clube \u00e9 muito, muito grande\u201d, declarou Sampaoli. \u201cSem d\u00favidas, tudo que n\u00f3s queremos dentro do campo para fora gerar\u00e1 maior ilus\u00e3o e tentaremos que a equipe consiga cumprir a expectativa da torcida em um time de tanta hist\u00f3ria\u201d, disse.<\/p>\n\n\n\n<p>Retirado de: Torcedores<\/p>\n","protected":false},"excerpt":{"rendered":"<p>Jorge Sampaoli fez mudan\u00e7as importantes na estreia no comando do Flamengo, em vit\u00f3ria por 2 a 0 contra o \u00d1ublense, nesta quarta-feira (19), em jogo v\u00e1lido pela fase de grupos da Copa Libertadores da Am\u00e9rica. Na entrevista coletiva, o argentino explicou a fun\u00e7\u00e3o de dois jogadores em espec\u00edfico: Marinho e Arturo Vidal. Sobre o meia [&hellip;]<\/p>\n","protected":false},"author":1,"featured_media":97331,"comment_status":"open","ping_status":"closed","sticky":false,"template":"","format":"standard","meta":{"footnotes":""},"categories":[1],"tags":[],"class_list":["post-97531","post","type-post","status-publish","format-standard","has-post-thumbnail","hentry","category-flamengo"],"yoast_head":"<!-- This site is optimized with the Yoast SEO Premium plugin v24.2 (Yoast SEO v26.9) - https:\/\/yoast.com\/product\/yoast-seo-premium-wordpress\/ -->\n<title>Jorge Sampaoli detalha como pretende utilizar Marinho e Vidal no Flamengo<\/title>\n<meta name=\"robots\" content=\"index, follow, max-snippet:-1, max-image-preview:large, max-video-preview:-1\" \/>\n<link rel=\"canonical\" href=\"https:\/\/www.gaveanews.com\/index.php\/2023\/04\/20\/jorge-sampaoli-detalha-funcao-como-pretende-utilizar-marinho-e-vidal-no-flamengo\/\" \/>\n<meta property=\"og:locale\" content=\"pt_BR\" \/>\n<meta property=\"og:type\" content=\"article\" \/>\n<meta property=\"og:title\" content=\"Jorge Sampaoli detalha como pretende utilizar Marinho e Vidal no Flamengo\" \/>\n<meta property=\"og:description\" content=\"Jorge Sampaoli fez mudan\u00e7as importantes na estreia no comando do Flamengo, em vit\u00f3ria por 2 a 0 contra o \u00d1ublense, nesta quarta-feira (19), em jogo v\u00e1lido pela fase de grupos da Copa Libertadores da Am\u00e9rica. Na entrevista coletiva, o argentino explicou a fun\u00e7\u00e3o de dois jogadores em espec\u00edfico: Marinho e Arturo Vidal. Sobre o meia [&hellip;]\" \/>\n<meta property=\"og:url\" content=\"https:\/\/www.gaveanews.com\/index.php\/2023\/04\/20\/jorge-sampaoli-detalha-funcao-como-pretende-utilizar-marinho-e-vidal-no-flamengo\/\" \/>\n<meta property=\"og:site_name\" content=\"G\u00e1vea News\" \/>\n<meta property=\"article:publisher\" content=\"https:\/\/facebook.com\/gaveaNews\/\" \/>\n<meta property=\"article:published_time\" content=\"2023-04-20T11:02:06+00:00\" \/>\n<meta property=\"article:modified_time\" content=\"2023-04-20T11:11:32+00:00\" \/>\n<meta property=\"og:image\" content=\"https:\/\/www.gaveanews.com\/wp-content\/uploads\/jorge-sampaoli-flamengo.webp\" \/>\n\t<meta property=\"og:image:width\" content=\"900\" \/>\n\t<meta property=\"og:image:height\" content=\"600\" \/>\n\t<meta property=\"og:image:type\" content=\"image\/jpeg\" \/>\n<meta name=\"author\" content=\"Equipe G\u00e1vea News\" \/>\n<meta name=\"twitter:card\" content=\"summary_large_image\" \/>\n<meta name=\"twitter:label1\" content=\"Escrito por\" \/>\n\t<meta name=\"twitter:data1\" content=\"Equipe G\u00e1vea News\" \/>\n\t<meta name=\"twitter:label2\" content=\"Est. tempo de leitura\" \/>\n\t<meta name=\"twitter:data2\" content=\"2 minutos\" \/>\n<script type=\"application\/ld+json\" class=\"yoast-schema-graph\">{\"@context\":\"https:\/\/schema.org\",\"@graph\":[{\"@type\":\"NewsArticle\",\"@id\":\"https:\/\/www.gaveanews.com\/index.php\/2023\/04\/20\/jorge-sampaoli-detalha-funcao-como-pretende-utilizar-marinho-e-vidal-no-flamengo\/#article\",\"isPartOf\":{\"@id\":\"https:\/\/www.gaveanews.com\/index.php\/2023\/04\/20\/jorge-sampaoli-detalha-funcao-como-pretende-utilizar-marinho-e-vidal-no-flamengo\/\"},\"author\":{\"name\":\"Equipe G\u00e1vea News\",\"@id\":\"https:\/\/www.gaveanews.com\/#\/schema\/person\/2ec14f73fb96be2caf28f91afb14749d\"},\"headline\":\"Jorge Sampaoli detalha como pretende utilizar Marinho e Vidal no Flamengo\",\"datePublished\":\"2023-04-20T11:02:06+00:00\",\"dateModified\":\"2023-04-20T11:11:32+00:00\",\"mainEntityOfPage\":{\"@id\":\"https:\/\/www.gaveanews.com\/index.php\/2023\/04\/20\/jorge-sampaoli-detalha-funcao-como-pretende-utilizar-marinho-e-vidal-no-flamengo\/\"},\"wordCount\":318,\"commentCount\":0,\"image\":{\"@id\":\"https:\/\/www.gaveanews.com\/index.php\/2023\/04\/20\/jorge-sampaoli-detalha-funcao-como-pretende-utilizar-marinho-e-vidal-no-flamengo\/#primaryimage\"},\"thumbnailUrl\":\"https:\/\/www.gaveanews.com\/wp-content\/uploads\/jorge-sampaoli-flamengo.webp\",\"articleSection\":[\"Flamengo\"],\"inLanguage\":\"pt-BR\",\"potentialAction\":[{\"@type\":\"CommentAction\",\"name\":\"Comment\",\"target\":[\"https:\/\/www.gaveanews.com\/index.php\/2023\/04\/20\/jorge-sampaoli-detalha-funcao-como-pretende-utilizar-marinho-e-vidal-no-flamengo\/#respond\"]}],\"copyrightYear\":\"2023\",\"copyrightHolder\":{\"@id\":\"https:\/\/www.gaveanews.com\/#organization\"}},{\"@type\":\"WebPage\",\"@id\":\"https:\/\/www.gaveanews.com\/index.php\/2023\/04\/20\/jorge-sampaoli-detalha-funcao-como-pretende-utilizar-marinho-e-vidal-no-flamengo\/\",\"url\":\"https:\/\/www.gaveanews.com\/index.php\/2023\/04\/20\/jorge-sampaoli-detalha-funcao-como-pretende-utilizar-marinho-e-vidal-no-flamengo\/\",\"name\":\"Jorge Sampaoli detalha como pretende utilizar Marinho e Vidal no Flamengo\",\"isPartOf\":{\"@id\":\"https:\/\/www.gaveanews.com\/#website\"},\"primaryImageOfPage\":{\"@id\":\"https:\/\/www.gaveanews.com\/index.php\/2023\/04\/20\/jorge-sampaoli-detalha-funcao-como-pretende-utilizar-marinho-e-vidal-no-flamengo\/#primaryimage\"},\"image\":{\"@id\":\"https:\/\/www.gaveanews.com\/index.php\/2023\/04\/20\/jorge-sampaoli-detalha-funcao-como-pretende-utilizar-marinho-e-vidal-no-flamengo\/#primaryimage\"},\"thumbnailUrl\":\"https:\/\/www.gaveanews.com\/wp-content\/uploads\/jorge-sampaoli-flamengo.webp\",\"datePublished\":\"2023-04-20T11:02:06+00:00\",\"dateModified\":\"2023-04-20T11:11:32+00:00\",\"author\":{\"@id\":\"https:\/\/www.gaveanews.com\/#\/schema\/person\/2ec14f73fb96be2caf28f91afb14749d\"},\"breadcrumb\":{\"@id\":\"https:\/\/www.gaveanews.com\/index.php\/2023\/04\/20\/jorge-sampaoli-detalha-funcao-como-pretende-utilizar-marinho-e-vidal-no-flamengo\/#breadcrumb\"},\"inLanguage\":\"pt-BR\",\"potentialAction\":[{\"@type\":\"ReadAction\",\"target\":[\"https:\/\/www.gaveanews.com\/index.php\/2023\/04\/20\/jorge-sampaoli-detalha-funcao-como-pretende-utilizar-marinho-e-vidal-no-flamengo\/\"]}]},{\"@type\":\"ImageObject\",\"inLanguage\":\"pt-BR\",\"@id\":\"https:\/\/www.gaveanews.com\/index.php\/2023\/04\/20\/jorge-sampaoli-detalha-funcao-como-pretende-utilizar-marinho-e-vidal-no-flamengo\/#primaryimage\",\"url\":\"https:\/\/www.gaveanews.com\/wp-content\/uploads\/jorge-sampaoli-flamengo.webp\",\"contentUrl\":\"https:\/\/www.gaveanews.com\/wp-content\/uploads\/jorge-sampaoli-flamengo.webp\",\"width\":900,\"height\":600,\"caption\":\"Jorge Sampaoli \u00e9 apresentado como t\u00e9cnico do Flamengo (Foto: Gilvan de Souza\/Flamengo)\"},{\"@type\":\"BreadcrumbList\",\"@id\":\"https:\/\/www.gaveanews.com\/index.php\/2023\/04\/20\/jorge-sampaoli-detalha-funcao-como-pretende-utilizar-marinho-e-vidal-no-flamengo\/#breadcrumb\",\"itemListElement\":[{\"@type\":\"ListItem\",\"position\":1,\"name\":\"Home\",\"item\":\"https:\/\/www.gaveanews.com\/\"},{\"@type\":\"ListItem\",\"position\":2,\"name\":\"Jorge Sampaoli detalha como pretende utilizar Marinho e Vidal no Flamengo\"}]},{\"@type\":\"WebSite\",\"@id\":\"https:\/\/www.gaveanews.com\/#website\",\"url\":\"https:\/\/www.gaveanews.com\/\",\"name\":\"G\u00e1vea News\",\"description\":\"Veja todas as not\u00edcias sobre o Flamengo: Contrata\u00e7\u00f5es, categorias de base, resultados das partidas, tabela de classifica\u00e7\u00e3o, pr\u00f3ximos jogos!\",\"potentialAction\":[{\"@type\":\"SearchAction\",\"target\":{\"@type\":\"EntryPoint\",\"urlTemplate\":\"https:\/\/www.gaveanews.com\/?s={search_term_string}\"},\"query-input\":{\"@type\":\"PropertyValueSpecification\",\"valueRequired\":true,\"valueName\":\"search_term_string\"}}],\"inLanguage\":\"pt-BR\"},{\"@type\":\"Person\",\"@id\":\"https:\/\/www.gaveanews.com\/#\/schema\/person\/2ec14f73fb96be2caf28f91afb14749d\",\"name\":\"Equipe G\u00e1vea News\",\"image\":{\"@type\":\"ImageObject\",\"inLanguage\":\"pt-BR\",\"@id\":\"https:\/\/www.gaveanews.com\/#\/schema\/person\/image\/\",\"url\":\"https:\/\/secure.gravatar.com\/avatar\/1e1956f1facbffd3f8fa53a326721950116b3b9dc9bd44939c01180fd4a745a9?s=96&d=mm&r=g\",\"contentUrl\":\"https:\/\/secure.gravatar.com\/avatar\/1e1956f1facbffd3f8fa53a326721950116b3b9dc9bd44939c01180fd4a745a9?s=96&d=mm&r=g\",\"caption\":\"Equipe G\u00e1vea News\"}}]}<\/script>\n<!-- \/ Yoast SEO Premium plugin. -->","yoast_head_json":{"title":"Jorge Sampaoli detalha como pretende utilizar Marinho e Vidal no Flamengo","robots":{"index":"index","follow":"follow","max-snippet":"max-snippet:-1","max-image-preview":"max-image-preview:large","max-video-preview":"max-video-preview:-1"},"canonical":"https:\/\/www.gaveanews.com\/index.php\/2023\/04\/20\/jorge-sampaoli-detalha-funcao-como-pretende-utilizar-marinho-e-vidal-no-flamengo\/","og_locale":"pt_BR","og_type":"article","og_title":"Jorge Sampaoli detalha como pretende utilizar Marinho e Vidal no Flamengo","og_description":"Jorge Sampaoli fez mudan\u00e7as importantes na estreia no comando do Flamengo, em vit\u00f3ria por 2 a 0 contra o \u00d1ublense, nesta quarta-feira (19), em jogo v\u00e1lido pela fase de grupos da Copa Libertadores da Am\u00e9rica. Na entrevista coletiva, o argentino explicou a fun\u00e7\u00e3o de dois jogadores em espec\u00edfico: Marinho e Arturo Vidal. Sobre o meia [&hellip;]","og_url":"https:\/\/www.gaveanews.com\/index.php\/2023\/04\/20\/jorge-sampaoli-detalha-funcao-como-pretende-utilizar-marinho-e-vidal-no-flamengo\/","og_site_name":"G\u00e1vea News","article_publisher":"https:\/\/facebook.com\/gaveaNews\/","article_published_time":"2023-04-20T11:02:06+00:00","article_modified_time":"2023-04-20T11:11:32+00:00","og_image":[{"width":900,"height":600,"url":"https:\/\/www.gaveanews.com\/wp-content\/uploads\/jorge-sampaoli-flamengo.webp","type":"image\/jpeg"}],"author":"Equipe G\u00e1vea News","twitter_card":"summary_large_image","twitter_misc":{"Escrito por":"Equipe G\u00e1vea News","Est. tempo de leitura":"2 minutos"},"schema":{"@context":"https:\/\/schema.org","@graph":[{"@type":"NewsArticle","@id":"https:\/\/www.gaveanews.com\/index.php\/2023\/04\/20\/jorge-sampaoli-detalha-funcao-como-pretende-utilizar-marinho-e-vidal-no-flamengo\/#article","isPartOf":{"@id":"https:\/\/www.gaveanews.com\/index.php\/2023\/04\/20\/jorge-sampaoli-detalha-funcao-como-pretende-utilizar-marinho-e-vidal-no-flamengo\/"},"author":{"name":"Equipe G\u00e1vea News","@id":"https:\/\/www.gaveanews.com\/#\/schema\/person\/2ec14f73fb96be2caf28f91afb14749d"},"headline":"Jorge Sampaoli detalha como pretende utilizar Marinho e Vidal no Flamengo","datePublished":"2023-04-20T11:02:06+00:00","dateModified":"2023-04-20T11:11:32+00:00","mainEntityOfPage":{"@id":"https:\/\/www.gaveanews.com\/index.php\/2023\/04\/20\/jorge-sampaoli-detalha-funcao-como-pretende-utilizar-marinho-e-vidal-no-flamengo\/"},"wordCount":318,"commentCount":0,"image":{"@id":"https:\/\/www.gaveanews.com\/index.php\/2023\/04\/20\/jorge-sampaoli-detalha-funcao-como-pretende-utilizar-marinho-e-vidal-no-flamengo\/#primaryimage"},"thumbnailUrl":"https:\/\/www.gaveanews.com\/wp-content\/uploads\/jorge-sampaoli-flamengo.webp","articleSection":["Flamengo"],"inLanguage":"pt-BR","potentialAction":[{"@type":"CommentAction","name":"Comment","target":["https:\/\/www.gaveanews.com\/index.php\/2023\/04\/20\/jorge-sampaoli-detalha-funcao-como-pretende-utilizar-marinho-e-vidal-no-flamengo\/#respond"]}],"copyrightYear":"2023","copyrightHolder":{"@id":"https:\/\/www.gaveanews.com\/#organization"}},{"@type":"WebPage","@id":"https:\/\/www.gaveanews.com\/index.php\/2023\/04\/20\/jorge-sampaoli-detalha-funcao-como-pretende-utilizar-marinho-e-vidal-no-flamengo\/","url":"https:\/\/www.gaveanews.com\/index.php\/2023\/04\/20\/jorge-sampaoli-detalha-funcao-como-pretende-utilizar-marinho-e-vidal-no-flamengo\/","name":"Jorge Sampaoli detalha como pretende utilizar Marinho e Vidal no Flamengo","isPartOf":{"@id":"https:\/\/www.gaveanews.com\/#website"},"primaryImageOfPage":{"@id":"https:\/\/www.gaveanews.com\/index.php\/2023\/04\/20\/jorge-sampaoli-detalha-funcao-como-pretende-utilizar-marinho-e-vidal-no-flamengo\/#primaryimage"},"image":{"@id":"https:\/\/www.gaveanews.com\/index.php\/2023\/04\/20\/jorge-sampaoli-detalha-funcao-como-pretende-utilizar-marinho-e-vidal-no-flamengo\/#primaryimage"},"thumbnailUrl":"https:\/\/www.gaveanews.com\/wp-content\/uploads\/jorge-sampaoli-flamengo.webp","datePublished":"2023-04-20T11:02:06+00:00","dateModified":"2023-04-20T11:11:32+00:00","author":{"@id":"https:\/\/www.gaveanews.com\/#\/schema\/person\/2ec14f73fb96be2caf28f91afb14749d"},"breadcrumb":{"@id":"https:\/\/www.gaveanews.com\/index.php\/2023\/04\/20\/jorge-sampaoli-detalha-funcao-como-pretende-utilizar-marinho-e-vidal-no-flamengo\/#breadcrumb"},"inLanguage":"pt-BR","potentialAction":[{"@type":"ReadAction","target":["https:\/\/www.gaveanews.com\/index.php\/2023\/04\/20\/jorge-sampaoli-detalha-funcao-como-pretende-utilizar-marinho-e-vidal-no-flamengo\/"]}]},{"@type":"ImageObject","inLanguage":"pt-BR","@id":"https:\/\/www.gaveanews.com\/index.php\/2023\/04\/20\/jorge-sampaoli-detalha-funcao-como-pretende-utilizar-marinho-e-vidal-no-flamengo\/#primaryimage","url":"https:\/\/www.gaveanews.com\/wp-content\/uploads\/jorge-sampaoli-flamengo.webp","contentUrl":"https:\/\/www.gaveanews.com\/wp-content\/uploads\/jorge-sampaoli-flamengo.webp","width":900,"height":600,"caption":"Jorge Sampaoli \u00e9 apresentado como t\u00e9cnico do Flamengo (Foto: Gilvan de Souza\/Flamengo)"},{"@type":"BreadcrumbList","@id":"https:\/\/www.gaveanews.com\/index.php\/2023\/04\/20\/jorge-sampaoli-detalha-funcao-como-pretende-utilizar-marinho-e-vidal-no-flamengo\/#breadcrumb","itemListElement":[{"@type":"ListItem","position":1,"name":"Home","item":"https:\/\/www.gaveanews.com\/"},{"@type":"ListItem","position":2,"name":"Jorge Sampaoli detalha como pretende utilizar Marinho e Vidal no Flamengo"}]},{"@type":"WebSite","@id":"https:\/\/www.gaveanews.com\/#website","url":"https:\/\/www.gaveanews.com\/","name":"G\u00e1vea News","description":"Veja todas as not\u00edcias sobre o Flamengo: Contrata\u00e7\u00f5es, categorias de base, resultados das partidas, tabela de classifica\u00e7\u00e3o, pr\u00f3ximos jogos!","potentialAction":[{"@type":"SearchAction","target":{"@type":"EntryPoint","urlTemplate":"https:\/\/www.gaveanews.com\/?s={search_term_string}"},"query-input":{"@type":"PropertyValueSpecification","valueRequired":true,"valueName":"search_term_string"}}],"inLanguage":"pt-BR"},{"@type":"Person","@id":"https:\/\/www.gaveanews.com\/#\/schema\/person\/2ec14f73fb96be2caf28f91afb14749d","name":"Equipe G\u00e1vea News","image":{"@type":"ImageObject","inLanguage":"pt-BR","@id":"https:\/\/www.gaveanews.com\/#\/schema\/person\/image\/","url":"https:\/\/secure.gravatar.com\/avatar\/1e1956f1facbffd3f8fa53a326721950116b3b9dc9bd44939c01180fd4a745a9?s=96&d=mm&r=g","contentUrl":"https:\/\/secure.gravatar.com\/avatar\/1e1956f1facbffd3f8fa53a326721950116b3b9dc9bd44939c01180fd4a745a9?s=96&d=mm&r=g","caption":"Equipe G\u00e1vea News"}}]}},"_links":{"self":[{"href":"https:\/\/www.gaveanews.com\/index.php\/wp-json\/wp\/v2\/posts\/97531","targetHints":{"allow":["GET"]}}],"collection":[{"href":"https:\/\/www.gaveanews.com\/index.php\/wp-json\/wp\/v2\/posts"}],"about":[{"href":"https:\/\/www.gaveanews.com\/index.php\/wp-json\/wp\/v2\/types\/post"}],"author":[{"embeddable":true,"href":"https:\/\/www.gaveanews.com\/index.php\/wp-json\/wp\/v2\/users\/1"}],"replies":[{"embeddable":true,"href":"https:\/\/www.gaveanews.com\/index.php\/wp-json\/wp\/v2\/comments?post=97531"}],"version-history":[{"count":0,"href":"https:\/\/www.gaveanews.com\/index.php\/wp-json\/wp\/v2\/posts\/97531\/revisions"}],"wp:featuredmedia":[{"embeddable":true,"href":"https:\/\/www.gaveanews.com\/index.php\/wp-json\/wp\/v2\/media\/97331"}],"wp:attachment":[{"href":"https:\/\/www.gaveanews.com\/index.php\/wp-json\/wp\/v2\/media?parent=97531"}],"wp:term":[{"taxonomy":"category","embeddable":true,"href":"https:\/\/www.gaveanews.com\/index.php\/wp-json\/wp\/v2\/categories?post=97531"},{"taxonomy":"post_tag","embeddable":true,"href":"https:\/\/www.gaveanews.com\/index.php\/wp-json\/wp\/v2\/tags?post=97531"}],"curies":[{"name":"wp","href":"https:\/\/api.w.org\/{rel}","templated":true}]}}