{"id":97541,"date":"2023-04-20T08:37:30","date_gmt":"2023-04-20T11:37:30","guid":{"rendered":"https:\/\/www.gaveanews.com\/?p=97541"},"modified":"2023-04-20T08:37:35","modified_gmt":"2023-04-20T11:37:35","slug":"vitor-pereira-x-jorge-sampaoli-o-que-mudou-no-flamengo-na-pratica-com-a-chegada-do-argentino","status":"publish","type":"post","link":"https:\/\/www.gaveanews.com\/index.php\/2023\/04\/20\/vitor-pereira-x-jorge-sampaoli-o-que-mudou-no-flamengo-na-pratica-com-a-chegada-do-argentino\/","title":{"rendered":"V\u00edtor Pereira x Jorge Sampaoli: o que mudou no Flamengo na pr\u00e1tica com a chegada do argentino"},"content":{"rendered":"\n<p>Jorge Sampaoli assumiu o comando do Flamengo e come\u00e7ou vencendo o \u00d1ublense por 2 a 0, na \u00faltima quarta-feira (19), pela 2\u00aa rodada da Libertadores (<a href=\"https:\/\/www.gaveanews.com\/index.php\/2023\/04\/19\/atacante-do-flamengo-pedro-supera-bruno-henrique-e-zico\/\">clique aqui e veja os gols<\/a>). Substituto de V\u00edtor Pereira, o argentino viu em campo um time bem diferente daquele que vinha atuando com o portugu\u00eas.<\/p>\n\n\n\n<p>A semelhan\u00e7a entre as duas equipes fica apenas na linha de defesa: Sampaoli tamb\u00e9m optou por tr\u00eas zagueiros. O posicionamento em campo, a intensidade da equipe e at\u00e9 o desempenho t\u00e9cnico foram bem diferentes.<\/p>\n\n\n\n<p>Apesar do \u00d1ublense ser um time modesto e com pouco recurso t\u00e9cnico, V\u00edtor Pereira tamb\u00e9m enfrentou advers\u00e1rios sem qualidade no Carioca e n\u00e3o conseguiu fazer seu time ter um bom rendimento. Sob o comando de Sampaoli, o Flamengo apresentou um futebol mais solto e que pode dar mais esperan\u00e7as ao torcedor do que com o portugu\u00eas.<\/p>\n\n\n\n<p>A principal mudan\u00e7a esteve no meio-campo. Sem Arrascaeta, lesionado, Sampaoli decidiu sacar Everton Ribeiro, Matheus Fran\u00e7a e Cebolinha para apostar nos seus velhos conhecidos Arturo Vidal e Marinho.<\/p>\n\n\n\n<p>Enquanto o chileno formou de fato um trio com Thiago Maia e Gerson para dar equil\u00edbrio ao meio-campo, que sofria com diversos buracos sob o comando de VP, Marinho atuou aberto pela direita. Na \u00e9poca do antigo comandante, Varela era o titular e foi duramente criticado pelos torcedores pela falta de ousadia, o que sobrou para Marinho em campo.<\/p>\n\n\n\n<p>Foram duas assist\u00eancias e um verdadeiro foguete pelo lado direito rubro-negro. Sampaoli comprovou que Marinho precisa estar \u00e0 vontade para render, ao contr\u00e1rio do que vinha acontecendo, quando atuava pela esquerda &#8216;travado&#8217;.<\/p>\n\n\n\n<p>Na frente, Gabigol e Pedro retomaram a parceria. E tamb\u00e9m deram resposta que atualmente s\u00e3o as melhores op\u00e7\u00f5es para o ataque. Tabelas foram frequentes durante o jogo, com a promessa que podem reeditar a dupla que brilhou com Dorival. Gabigol, inclusive, foi o primeiro capit\u00e3o da Era Sampaoli.<\/p>\n\n\n\n<p>No decorrer da partida, Wesley, Everton Ribeiro, Everton Cebolinha, Matheus Fran\u00e7a e Rodrigo Caio foram acionados. Com exce\u00e7\u00e3o do lateral-direito, que foi uma boa alternativa aberto e abusando da velocidade, os demais tiveram participa\u00e7\u00e3o t\u00edmida na primeira chance com o novo comandante.<\/p>\n\n\n\n<p>Retirado de: ESPN<\/p>\n","protected":false},"excerpt":{"rendered":"<p>Jorge Sampaoli assumiu o comando do Flamengo e come\u00e7ou vencendo o \u00d1ublense por 2 a 0, na \u00faltima quarta-feira (19), pela 2\u00aa rodada da Libertadores (clique aqui e veja os gols). Substituto de V\u00edtor Pereira, o argentino viu em campo um time bem diferente daquele que vinha atuando com o portugu\u00eas. A semelhan\u00e7a entre as [&hellip;]<\/p>\n","protected":false},"author":1,"featured_media":80042,"comment_status":"open","ping_status":"closed","sticky":false,"template":"","format":"standard","meta":{"footnotes":""},"categories":[1],"tags":[],"class_list":["post-97541","post","type-post","status-publish","format-standard","has-post-thumbnail","hentry","category-flamengo"],"yoast_head":"<!-- This site is optimized with the Yoast SEO Premium plugin v24.2 (Yoast SEO v26.9) - https:\/\/yoast.com\/product\/yoast-seo-premium-wordpress\/ -->\n<title>V\u00edtor Pereira x Jorge Sampaoli: o que mudou no Flamengo na pr\u00e1tica com a chegada do argentino<\/title>\n<meta name=\"robots\" content=\"index, follow, max-snippet:-1, max-image-preview:large, max-video-preview:-1\" \/>\n<link rel=\"canonical\" href=\"https:\/\/www.gaveanews.com\/index.php\/2023\/04\/20\/vitor-pereira-x-jorge-sampaoli-o-que-mudou-no-flamengo-na-pratica-com-a-chegada-do-argentino\/\" \/>\n<meta property=\"og:locale\" content=\"pt_BR\" \/>\n<meta property=\"og:type\" content=\"article\" \/>\n<meta property=\"og:title\" content=\"V\u00edtor Pereira x Jorge Sampaoli: o que mudou no Flamengo na pr\u00e1tica com a chegada do argentino\" \/>\n<meta property=\"og:description\" content=\"Jorge Sampaoli assumiu o comando do Flamengo e come\u00e7ou vencendo o \u00d1ublense por 2 a 0, na \u00faltima quarta-feira (19), pela 2\u00aa rodada da Libertadores (clique aqui e veja os gols). Substituto de V\u00edtor Pereira, o argentino viu em campo um time bem diferente daquele que vinha atuando com o portugu\u00eas. A semelhan\u00e7a entre as [&hellip;]\" \/>\n<meta property=\"og:url\" content=\"https:\/\/www.gaveanews.com\/index.php\/2023\/04\/20\/vitor-pereira-x-jorge-sampaoli-o-que-mudou-no-flamengo-na-pratica-com-a-chegada-do-argentino\/\" \/>\n<meta property=\"og:site_name\" content=\"G\u00e1vea News\" \/>\n<meta property=\"article:publisher\" content=\"https:\/\/facebook.com\/gaveaNews\/\" \/>\n<meta property=\"article:published_time\" content=\"2023-04-20T11:37:30+00:00\" \/>\n<meta property=\"article:modified_time\" content=\"2023-04-20T11:37:35+00:00\" \/>\n<meta property=\"og:image\" content=\"https:\/\/www.gaveanews.com\/wp-content\/uploads\/Maracana-preparado-para-jogo-do-Flamengo-pela-Libertadores.webp\" \/>\n\t<meta property=\"og:image:width\" content=\"2048\" \/>\n\t<meta property=\"og:image:height\" content=\"1364\" \/>\n\t<meta property=\"og:image:type\" content=\"image\/jpeg\" \/>\n<meta name=\"author\" content=\"Equipe G\u00e1vea News\" \/>\n<meta name=\"twitter:card\" content=\"summary_large_image\" \/>\n<meta name=\"twitter:label1\" content=\"Escrito por\" \/>\n\t<meta name=\"twitter:data1\" content=\"Equipe G\u00e1vea News\" \/>\n\t<meta name=\"twitter:label2\" content=\"Est. tempo de leitura\" \/>\n\t<meta name=\"twitter:data2\" content=\"2 minutos\" \/>\n<script type=\"application\/ld+json\" class=\"yoast-schema-graph\">{\"@context\":\"https:\/\/schema.org\",\"@graph\":[{\"@type\":\"NewsArticle\",\"@id\":\"https:\/\/www.gaveanews.com\/index.php\/2023\/04\/20\/vitor-pereira-x-jorge-sampaoli-o-que-mudou-no-flamengo-na-pratica-com-a-chegada-do-argentino\/#article\",\"isPartOf\":{\"@id\":\"https:\/\/www.gaveanews.com\/index.php\/2023\/04\/20\/vitor-pereira-x-jorge-sampaoli-o-que-mudou-no-flamengo-na-pratica-com-a-chegada-do-argentino\/\"},\"author\":{\"name\":\"Equipe G\u00e1vea News\",\"@id\":\"https:\/\/www.gaveanews.com\/#\/schema\/person\/2ec14f73fb96be2caf28f91afb14749d\"},\"headline\":\"V\u00edtor Pereira x Jorge Sampaoli: o que mudou no Flamengo na pr\u00e1tica com a chegada do argentino\",\"datePublished\":\"2023-04-20T11:37:30+00:00\",\"dateModified\":\"2023-04-20T11:37:35+00:00\",\"mainEntityOfPage\":{\"@id\":\"https:\/\/www.gaveanews.com\/index.php\/2023\/04\/20\/vitor-pereira-x-jorge-sampaoli-o-que-mudou-no-flamengo-na-pratica-com-a-chegada-do-argentino\/\"},\"wordCount\":394,\"commentCount\":0,\"image\":{\"@id\":\"https:\/\/www.gaveanews.com\/index.php\/2023\/04\/20\/vitor-pereira-x-jorge-sampaoli-o-que-mudou-no-flamengo-na-pratica-com-a-chegada-do-argentino\/#primaryimage\"},\"thumbnailUrl\":\"https:\/\/www.gaveanews.com\/wp-content\/uploads\/Maracana-preparado-para-jogo-do-Flamengo-pela-Libertadores.webp\",\"articleSection\":[\"Flamengo\"],\"inLanguage\":\"pt-BR\",\"potentialAction\":[{\"@type\":\"CommentAction\",\"name\":\"Comment\",\"target\":[\"https:\/\/www.gaveanews.com\/index.php\/2023\/04\/20\/vitor-pereira-x-jorge-sampaoli-o-que-mudou-no-flamengo-na-pratica-com-a-chegada-do-argentino\/#respond\"]}],\"copyrightYear\":\"2023\",\"copyrightHolder\":{\"@id\":\"https:\/\/www.gaveanews.com\/#organization\"}},{\"@type\":\"WebPage\",\"@id\":\"https:\/\/www.gaveanews.com\/index.php\/2023\/04\/20\/vitor-pereira-x-jorge-sampaoli-o-que-mudou-no-flamengo-na-pratica-com-a-chegada-do-argentino\/\",\"url\":\"https:\/\/www.gaveanews.com\/index.php\/2023\/04\/20\/vitor-pereira-x-jorge-sampaoli-o-que-mudou-no-flamengo-na-pratica-com-a-chegada-do-argentino\/\",\"name\":\"V\u00edtor Pereira x Jorge Sampaoli: o que mudou no Flamengo na pr\u00e1tica com a chegada do argentino\",\"isPartOf\":{\"@id\":\"https:\/\/www.gaveanews.com\/#website\"},\"primaryImageOfPage\":{\"@id\":\"https:\/\/www.gaveanews.com\/index.php\/2023\/04\/20\/vitor-pereira-x-jorge-sampaoli-o-que-mudou-no-flamengo-na-pratica-com-a-chegada-do-argentino\/#primaryimage\"},\"image\":{\"@id\":\"https:\/\/www.gaveanews.com\/index.php\/2023\/04\/20\/vitor-pereira-x-jorge-sampaoli-o-que-mudou-no-flamengo-na-pratica-com-a-chegada-do-argentino\/#primaryimage\"},\"thumbnailUrl\":\"https:\/\/www.gaveanews.com\/wp-content\/uploads\/Maracana-preparado-para-jogo-do-Flamengo-pela-Libertadores.webp\",\"datePublished\":\"2023-04-20T11:37:30+00:00\",\"dateModified\":\"2023-04-20T11:37:35+00:00\",\"author\":{\"@id\":\"https:\/\/www.gaveanews.com\/#\/schema\/person\/2ec14f73fb96be2caf28f91afb14749d\"},\"breadcrumb\":{\"@id\":\"https:\/\/www.gaveanews.com\/index.php\/2023\/04\/20\/vitor-pereira-x-jorge-sampaoli-o-que-mudou-no-flamengo-na-pratica-com-a-chegada-do-argentino\/#breadcrumb\"},\"inLanguage\":\"pt-BR\",\"potentialAction\":[{\"@type\":\"ReadAction\",\"target\":[\"https:\/\/www.gaveanews.com\/index.php\/2023\/04\/20\/vitor-pereira-x-jorge-sampaoli-o-que-mudou-no-flamengo-na-pratica-com-a-chegada-do-argentino\/\"]}]},{\"@type\":\"ImageObject\",\"inLanguage\":\"pt-BR\",\"@id\":\"https:\/\/www.gaveanews.com\/index.php\/2023\/04\/20\/vitor-pereira-x-jorge-sampaoli-o-que-mudou-no-flamengo-na-pratica-com-a-chegada-do-argentino\/#primaryimage\",\"url\":\"https:\/\/www.gaveanews.com\/wp-content\/uploads\/Maracana-preparado-para-jogo-do-Flamengo-pela-Libertadores.webp\",\"contentUrl\":\"https:\/\/www.gaveanews.com\/wp-content\/uploads\/Maracana-preparado-para-jogo-do-Flamengo-pela-Libertadores.webp\",\"width\":2048,\"height\":1364,\"caption\":\"Maracan\u00e3 preparado para jogo do Flamengo pela Libertadores (Foto: Marcelo Cortes\/Flamengo)\"},{\"@type\":\"BreadcrumbList\",\"@id\":\"https:\/\/www.gaveanews.com\/index.php\/2023\/04\/20\/vitor-pereira-x-jorge-sampaoli-o-que-mudou-no-flamengo-na-pratica-com-a-chegada-do-argentino\/#breadcrumb\",\"itemListElement\":[{\"@type\":\"ListItem\",\"position\":1,\"name\":\"Home\",\"item\":\"https:\/\/www.gaveanews.com\/\"},{\"@type\":\"ListItem\",\"position\":2,\"name\":\"V\u00edtor Pereira x Jorge Sampaoli: o que mudou no Flamengo na pr\u00e1tica com a chegada do argentino\"}]},{\"@type\":\"WebSite\",\"@id\":\"https:\/\/www.gaveanews.com\/#website\",\"url\":\"https:\/\/www.gaveanews.com\/\",\"name\":\"G\u00e1vea News\",\"description\":\"Veja todas as not\u00edcias sobre o Flamengo: Contrata\u00e7\u00f5es, categorias de base, resultados das partidas, tabela de classifica\u00e7\u00e3o, pr\u00f3ximos jogos!\",\"potentialAction\":[{\"@type\":\"SearchAction\",\"target\":{\"@type\":\"EntryPoint\",\"urlTemplate\":\"https:\/\/www.gaveanews.com\/?s={search_term_string}\"},\"query-input\":{\"@type\":\"PropertyValueSpecification\",\"valueRequired\":true,\"valueName\":\"search_term_string\"}}],\"inLanguage\":\"pt-BR\"},{\"@type\":\"Person\",\"@id\":\"https:\/\/www.gaveanews.com\/#\/schema\/person\/2ec14f73fb96be2caf28f91afb14749d\",\"name\":\"Equipe G\u00e1vea News\",\"image\":{\"@type\":\"ImageObject\",\"inLanguage\":\"pt-BR\",\"@id\":\"https:\/\/www.gaveanews.com\/#\/schema\/person\/image\/\",\"url\":\"https:\/\/secure.gravatar.com\/avatar\/1e1956f1facbffd3f8fa53a326721950116b3b9dc9bd44939c01180fd4a745a9?s=96&d=mm&r=g\",\"contentUrl\":\"https:\/\/secure.gravatar.com\/avatar\/1e1956f1facbffd3f8fa53a326721950116b3b9dc9bd44939c01180fd4a745a9?s=96&d=mm&r=g\",\"caption\":\"Equipe G\u00e1vea News\"}}]}<\/script>\n<!-- \/ Yoast SEO Premium plugin. -->","yoast_head_json":{"title":"V\u00edtor Pereira x Jorge Sampaoli: o que mudou no Flamengo na pr\u00e1tica com a chegada do argentino","robots":{"index":"index","follow":"follow","max-snippet":"max-snippet:-1","max-image-preview":"max-image-preview:large","max-video-preview":"max-video-preview:-1"},"canonical":"https:\/\/www.gaveanews.com\/index.php\/2023\/04\/20\/vitor-pereira-x-jorge-sampaoli-o-que-mudou-no-flamengo-na-pratica-com-a-chegada-do-argentino\/","og_locale":"pt_BR","og_type":"article","og_title":"V\u00edtor Pereira x Jorge Sampaoli: o que mudou no Flamengo na pr\u00e1tica com a chegada do argentino","og_description":"Jorge Sampaoli assumiu o comando do Flamengo e come\u00e7ou vencendo o \u00d1ublense por 2 a 0, na \u00faltima quarta-feira (19), pela 2\u00aa rodada da Libertadores (clique aqui e veja os gols). Substituto de V\u00edtor Pereira, o argentino viu em campo um time bem diferente daquele que vinha atuando com o portugu\u00eas. A semelhan\u00e7a entre as [&hellip;]","og_url":"https:\/\/www.gaveanews.com\/index.php\/2023\/04\/20\/vitor-pereira-x-jorge-sampaoli-o-que-mudou-no-flamengo-na-pratica-com-a-chegada-do-argentino\/","og_site_name":"G\u00e1vea News","article_publisher":"https:\/\/facebook.com\/gaveaNews\/","article_published_time":"2023-04-20T11:37:30+00:00","article_modified_time":"2023-04-20T11:37:35+00:00","og_image":[{"width":2048,"height":1364,"url":"https:\/\/www.gaveanews.com\/wp-content\/uploads\/Maracana-preparado-para-jogo-do-Flamengo-pela-Libertadores.webp","type":"image\/jpeg"}],"author":"Equipe G\u00e1vea News","twitter_card":"summary_large_image","twitter_misc":{"Escrito por":"Equipe G\u00e1vea News","Est. tempo de leitura":"2 minutos"},"schema":{"@context":"https:\/\/schema.org","@graph":[{"@type":"NewsArticle","@id":"https:\/\/www.gaveanews.com\/index.php\/2023\/04\/20\/vitor-pereira-x-jorge-sampaoli-o-que-mudou-no-flamengo-na-pratica-com-a-chegada-do-argentino\/#article","isPartOf":{"@id":"https:\/\/www.gaveanews.com\/index.php\/2023\/04\/20\/vitor-pereira-x-jorge-sampaoli-o-que-mudou-no-flamengo-na-pratica-com-a-chegada-do-argentino\/"},"author":{"name":"Equipe G\u00e1vea News","@id":"https:\/\/www.gaveanews.com\/#\/schema\/person\/2ec14f73fb96be2caf28f91afb14749d"},"headline":"V\u00edtor Pereira x Jorge Sampaoli: o que mudou no Flamengo na pr\u00e1tica com a chegada do argentino","datePublished":"2023-04-20T11:37:30+00:00","dateModified":"2023-04-20T11:37:35+00:00","mainEntityOfPage":{"@id":"https:\/\/www.gaveanews.com\/index.php\/2023\/04\/20\/vitor-pereira-x-jorge-sampaoli-o-que-mudou-no-flamengo-na-pratica-com-a-chegada-do-argentino\/"},"wordCount":394,"commentCount":0,"image":{"@id":"https:\/\/www.gaveanews.com\/index.php\/2023\/04\/20\/vitor-pereira-x-jorge-sampaoli-o-que-mudou-no-flamengo-na-pratica-com-a-chegada-do-argentino\/#primaryimage"},"thumbnailUrl":"https:\/\/www.gaveanews.com\/wp-content\/uploads\/Maracana-preparado-para-jogo-do-Flamengo-pela-Libertadores.webp","articleSection":["Flamengo"],"inLanguage":"pt-BR","potentialAction":[{"@type":"CommentAction","name":"Comment","target":["https:\/\/www.gaveanews.com\/index.php\/2023\/04\/20\/vitor-pereira-x-jorge-sampaoli-o-que-mudou-no-flamengo-na-pratica-com-a-chegada-do-argentino\/#respond"]}],"copyrightYear":"2023","copyrightHolder":{"@id":"https:\/\/www.gaveanews.com\/#organization"}},{"@type":"WebPage","@id":"https:\/\/www.gaveanews.com\/index.php\/2023\/04\/20\/vitor-pereira-x-jorge-sampaoli-o-que-mudou-no-flamengo-na-pratica-com-a-chegada-do-argentino\/","url":"https:\/\/www.gaveanews.com\/index.php\/2023\/04\/20\/vitor-pereira-x-jorge-sampaoli-o-que-mudou-no-flamengo-na-pratica-com-a-chegada-do-argentino\/","name":"V\u00edtor Pereira x Jorge Sampaoli: o que mudou no Flamengo na pr\u00e1tica com a chegada do argentino","isPartOf":{"@id":"https:\/\/www.gaveanews.com\/#website"},"primaryImageOfPage":{"@id":"https:\/\/www.gaveanews.com\/index.php\/2023\/04\/20\/vitor-pereira-x-jorge-sampaoli-o-que-mudou-no-flamengo-na-pratica-com-a-chegada-do-argentino\/#primaryimage"},"image":{"@id":"https:\/\/www.gaveanews.com\/index.php\/2023\/04\/20\/vitor-pereira-x-jorge-sampaoli-o-que-mudou-no-flamengo-na-pratica-com-a-chegada-do-argentino\/#primaryimage"},"thumbnailUrl":"https:\/\/www.gaveanews.com\/wp-content\/uploads\/Maracana-preparado-para-jogo-do-Flamengo-pela-Libertadores.webp","datePublished":"2023-04-20T11:37:30+00:00","dateModified":"2023-04-20T11:37:35+00:00","author":{"@id":"https:\/\/www.gaveanews.com\/#\/schema\/person\/2ec14f73fb96be2caf28f91afb14749d"},"breadcrumb":{"@id":"https:\/\/www.gaveanews.com\/index.php\/2023\/04\/20\/vitor-pereira-x-jorge-sampaoli-o-que-mudou-no-flamengo-na-pratica-com-a-chegada-do-argentino\/#breadcrumb"},"inLanguage":"pt-BR","potentialAction":[{"@type":"ReadAction","target":["https:\/\/www.gaveanews.com\/index.php\/2023\/04\/20\/vitor-pereira-x-jorge-sampaoli-o-que-mudou-no-flamengo-na-pratica-com-a-chegada-do-argentino\/"]}]},{"@type":"ImageObject","inLanguage":"pt-BR","@id":"https:\/\/www.gaveanews.com\/index.php\/2023\/04\/20\/vitor-pereira-x-jorge-sampaoli-o-que-mudou-no-flamengo-na-pratica-com-a-chegada-do-argentino\/#primaryimage","url":"https:\/\/www.gaveanews.com\/wp-content\/uploads\/Maracana-preparado-para-jogo-do-Flamengo-pela-Libertadores.webp","contentUrl":"https:\/\/www.gaveanews.com\/wp-content\/uploads\/Maracana-preparado-para-jogo-do-Flamengo-pela-Libertadores.webp","width":2048,"height":1364,"caption":"Maracan\u00e3 preparado para jogo do Flamengo pela Libertadores (Foto: Marcelo Cortes\/Flamengo)"},{"@type":"BreadcrumbList","@id":"https:\/\/www.gaveanews.com\/index.php\/2023\/04\/20\/vitor-pereira-x-jorge-sampaoli-o-que-mudou-no-flamengo-na-pratica-com-a-chegada-do-argentino\/#breadcrumb","itemListElement":[{"@type":"ListItem","position":1,"name":"Home","item":"https:\/\/www.gaveanews.com\/"},{"@type":"ListItem","position":2,"name":"V\u00edtor Pereira x Jorge Sampaoli: o que mudou no Flamengo na pr\u00e1tica com a chegada do argentino"}]},{"@type":"WebSite","@id":"https:\/\/www.gaveanews.com\/#website","url":"https:\/\/www.gaveanews.com\/","name":"G\u00e1vea News","description":"Veja todas as not\u00edcias sobre o Flamengo: Contrata\u00e7\u00f5es, categorias de base, resultados das partidas, tabela de classifica\u00e7\u00e3o, pr\u00f3ximos jogos!","potentialAction":[{"@type":"SearchAction","target":{"@type":"EntryPoint","urlTemplate":"https:\/\/www.gaveanews.com\/?s={search_term_string}"},"query-input":{"@type":"PropertyValueSpecification","valueRequired":true,"valueName":"search_term_string"}}],"inLanguage":"pt-BR"},{"@type":"Person","@id":"https:\/\/www.gaveanews.com\/#\/schema\/person\/2ec14f73fb96be2caf28f91afb14749d","name":"Equipe G\u00e1vea News","image":{"@type":"ImageObject","inLanguage":"pt-BR","@id":"https:\/\/www.gaveanews.com\/#\/schema\/person\/image\/","url":"https:\/\/secure.gravatar.com\/avatar\/1e1956f1facbffd3f8fa53a326721950116b3b9dc9bd44939c01180fd4a745a9?s=96&d=mm&r=g","contentUrl":"https:\/\/secure.gravatar.com\/avatar\/1e1956f1facbffd3f8fa53a326721950116b3b9dc9bd44939c01180fd4a745a9?s=96&d=mm&r=g","caption":"Equipe G\u00e1vea News"}}]}},"_links":{"self":[{"href":"https:\/\/www.gaveanews.com\/index.php\/wp-json\/wp\/v2\/posts\/97541","targetHints":{"allow":["GET"]}}],"collection":[{"href":"https:\/\/www.gaveanews.com\/index.php\/wp-json\/wp\/v2\/posts"}],"about":[{"href":"https:\/\/www.gaveanews.com\/index.php\/wp-json\/wp\/v2\/types\/post"}],"author":[{"embeddable":true,"href":"https:\/\/www.gaveanews.com\/index.php\/wp-json\/wp\/v2\/users\/1"}],"replies":[{"embeddable":true,"href":"https:\/\/www.gaveanews.com\/index.php\/wp-json\/wp\/v2\/comments?post=97541"}],"version-history":[{"count":0,"href":"https:\/\/www.gaveanews.com\/index.php\/wp-json\/wp\/v2\/posts\/97541\/revisions"}],"wp:featuredmedia":[{"embeddable":true,"href":"https:\/\/www.gaveanews.com\/index.php\/wp-json\/wp\/v2\/media\/80042"}],"wp:attachment":[{"href":"https:\/\/www.gaveanews.com\/index.php\/wp-json\/wp\/v2\/media?parent=97541"}],"wp:term":[{"taxonomy":"category","embeddable":true,"href":"https:\/\/www.gaveanews.com\/index.php\/wp-json\/wp\/v2\/categories?post=97541"},{"taxonomy":"post_tag","embeddable":true,"href":"https:\/\/www.gaveanews.com\/index.php\/wp-json\/wp\/v2\/tags?post=97541"}],"curies":[{"name":"wp","href":"https:\/\/api.w.org\/{rel}","templated":true}]}}