{"id":97547,"date":"2023-04-20T10:56:22","date_gmt":"2023-04-20T13:56:22","guid":{"rendered":"https:\/\/www.gaveanews.com\/?p=97547"},"modified":"2023-04-20T10:56:27","modified_gmt":"2023-04-20T13:56:27","slug":"com-moral-fifa-exalta-gols-de-pedro-do-flamengo-na-libertadores","status":"publish","type":"post","link":"https:\/\/www.gaveanews.com\/index.php\/2023\/04\/20\/com-moral-fifa-exalta-gols-de-pedro-do-flamengo-na-libertadores\/","title":{"rendered":"Com moral! Fifa exalta gols de Pedro, do Flamengo, na Libertadores"},"content":{"rendered":"\n<p>A estreia do Flamengo sob o comando de Jorge Sampaoli animou os torcedores rubro-negros. Em noite de Libertadores, o Mais Querido recebeu o \u00d1ublense e venceu por 2 a 0.<\/p>\n\n\n\n<ul class=\"wp-block-list\">\n<li><a href=\"https:\/\/www.gaveanews.com\/index.php\/2023\/04\/20\/video-apos-o-jogo-do-flamengo-situacao-de-gabigol-preocupa-torcedores\/\">V\u00eddeo: situa\u00e7\u00e3o de Gabigol preocupa torcedores do Flamengo<\/a><\/li>\n\n\n\n<li><a href=\"https:\/\/www.gaveanews.com\/index.php\/2023\/04\/20\/video-arrascaeta-faz-publicacao-direcionada-a-pedro-do-flamengo\/\">V\u00eddeo: Arrascaeta comemora gols de Pedro pela Libertadores<\/a><\/li>\n<\/ul>\n\n\n\n<p>O triunfo foi poss\u00edvel gra\u00e7as ao desempenho consideravelmente maior do elenco rubro-negro e a <a href=\"https:\/\/www.gaveanews.com\/index.php\/2023\/04\/19\/atacante-do-flamengo-pedro-supera-bruno-henrique-e-zico\/\">pontaria de Pedro, que marcou os dois gols v\u00e1lidos da partida.<\/a> O show dado pelo camisa 9 da G\u00e1vea foi exaltado n\u00e3o somente pelos flamenguistas, mas tamb\u00e9m pela mais alta entidade do futebol mundial.<\/p>\n\n\n\n<p>No Twitter, o perfil oficial da Fifa fez uma publica\u00e7\u00e3o ressaltando os dois gols de Pedro e a alegria trazida \u00e0 torcida rubro-negra.<\/p>\n\n\n\n<p><em>&#8220;Pedro deu duas raz\u00f5es para a torcida do Flamengo comemorar esta noite.&#8221;<\/em><\/p>\n\n\n\n<h2 class=\"wp-block-heading\" id=\"h-confira\">Confira:<\/h2>\n\n\n\n<figure class=\"wp-block-embed is-type-rich is-provider-twitter wp-block-embed-twitter\"><div class=\"wp-block-embed__wrapper\">\n<blockquote class=\"twitter-tweet\" data-width=\"550\" data-dnt=\"true\"><p lang=\"en\" dir=\"ltr\">\ud83c\udde7\ud83c\uddf7\u270c\ufe0f <a href=\"https:\/\/twitter.com\/Pedro9oficial?ref_src=twsrc%5Etfw\">@Pedro9oficial<\/a> gave <a href=\"https:\/\/twitter.com\/Flamengo_en?ref_src=twsrc%5Etfw\">@Flamengo_en<\/a> fans two reasons to celebrate tonight. <a href=\"https:\/\/t.co\/z2kYRKUb0m\">pic.twitter.com\/z2kYRKUb0m<\/a><\/p>&mdash; FIFA World Cup (@FIFAWorldCup) <a href=\"https:\/\/twitter.com\/FIFAWorldCup\/status\/1648879980225413121?ref_src=twsrc%5Etfw\">April 20, 2023<\/a><\/blockquote><script async src=\"https:\/\/platform.twitter.com\/widgets.js\" charset=\"utf-8\"><\/script>\n<\/div><\/figure>\n\n\n\n<p>Com Pedro \u00e0 disposi\u00e7\u00e3o, o Flamengo treina nos pr\u00f3ximos dias visando a segunda rodada do Brasileir\u00e3o. A delega\u00e7\u00e3o rubro-negra viaja no final de semana para enfrentar o Internacional no domingo (23), \u00e0s 11h (hor\u00e1rio de Bras\u00edlia), no Beira-Rio.<\/p>\n","protected":false},"excerpt":{"rendered":"<p>A estreia do Flamengo sob o comando de Jorge Sampaoli animou os torcedores rubro-negros. Em noite de Libertadores, o Mais Querido recebeu o \u00d1ublense e venceu por 2 a 0. O triunfo foi poss\u00edvel gra\u00e7as ao desempenho consideravelmente maior do elenco rubro-negro e a pontaria de Pedro, que marcou os dois gols v\u00e1lidos da partida. [&hellip;]<\/p>\n","protected":false},"author":4,"featured_media":97548,"comment_status":"open","ping_status":"closed","sticky":false,"template":"","format":"standard","meta":{"footnotes":""},"categories":[47],"tags":[],"class_list":["post-97547","post","type-post","status-publish","format-standard","has-post-thumbnail","hentry","category-destaques"],"yoast_head":"<!-- This site is optimized with the Yoast SEO Premium plugin v24.2 (Yoast SEO v26.9) - https:\/\/yoast.com\/product\/yoast-seo-premium-wordpress\/ -->\n<title>Com moral! Fifa exalta gols de Pedro, do Flamengo, na Libertadores<\/title>\n<meta name=\"robots\" content=\"index, follow, max-snippet:-1, max-image-preview:large, max-video-preview:-1\" \/>\n<link rel=\"canonical\" href=\"https:\/\/www.gaveanews.com\/index.php\/2023\/04\/20\/com-moral-fifa-exalta-gols-de-pedro-do-flamengo-na-libertadores\/\" \/>\n<meta property=\"og:locale\" content=\"pt_BR\" \/>\n<meta property=\"og:type\" content=\"article\" \/>\n<meta property=\"og:title\" content=\"Com moral! Fifa exalta gols de Pedro, do Flamengo, na Libertadores\" \/>\n<meta property=\"og:description\" content=\"A estreia do Flamengo sob o comando de Jorge Sampaoli animou os torcedores rubro-negros. Em noite de Libertadores, o Mais Querido recebeu o \u00d1ublense e venceu por 2 a 0. O triunfo foi poss\u00edvel gra\u00e7as ao desempenho consideravelmente maior do elenco rubro-negro e a pontaria de Pedro, que marcou os dois gols v\u00e1lidos da partida. [&hellip;]\" \/>\n<meta property=\"og:url\" content=\"https:\/\/www.gaveanews.com\/index.php\/2023\/04\/20\/com-moral-fifa-exalta-gols-de-pedro-do-flamengo-na-libertadores\/\" \/>\n<meta property=\"og:site_name\" content=\"G\u00e1vea News\" \/>\n<meta property=\"article:publisher\" content=\"https:\/\/facebook.com\/gaveaNews\/\" \/>\n<meta property=\"article:published_time\" content=\"2023-04-20T13:56:22+00:00\" \/>\n<meta property=\"article:modified_time\" content=\"2023-04-20T13:56:27+00:00\" \/>\n<meta property=\"og:image\" content=\"https:\/\/www.gaveanews.com\/wp-content\/uploads\/pedro-gol-flamengo-libertadores.webp\" \/>\n\t<meta property=\"og:image:width\" content=\"900\" \/>\n\t<meta property=\"og:image:height\" content=\"599\" \/>\n\t<meta property=\"og:image:type\" content=\"image\/jpeg\" \/>\n<meta name=\"author\" content=\"Let\u00edcia Gerheim\" \/>\n<meta name=\"twitter:card\" content=\"summary_large_image\" \/>\n<meta name=\"twitter:label1\" content=\"Escrito por\" \/>\n\t<meta name=\"twitter:data1\" content=\"Let\u00edcia Gerheim\" \/>\n\t<meta name=\"twitter:label2\" content=\"Est. tempo de leitura\" \/>\n\t<meta name=\"twitter:data2\" content=\"1 minuto\" \/>\n<script type=\"application\/ld+json\" class=\"yoast-schema-graph\">{\"@context\":\"https:\/\/schema.org\",\"@graph\":[{\"@type\":\"NewsArticle\",\"@id\":\"https:\/\/www.gaveanews.com\/index.php\/2023\/04\/20\/com-moral-fifa-exalta-gols-de-pedro-do-flamengo-na-libertadores\/#article\",\"isPartOf\":{\"@id\":\"https:\/\/www.gaveanews.com\/index.php\/2023\/04\/20\/com-moral-fifa-exalta-gols-de-pedro-do-flamengo-na-libertadores\/\"},\"author\":{\"name\":\"Let\u00edcia Gerheim\",\"@id\":\"https:\/\/www.gaveanews.com\/#\/schema\/person\/714c67050b836198af2450ba1c142a67\"},\"headline\":\"Com moral! Fifa exalta gols de Pedro, do Flamengo, na Libertadores\",\"datePublished\":\"2023-04-20T13:56:22+00:00\",\"dateModified\":\"2023-04-20T13:56:27+00:00\",\"mainEntityOfPage\":{\"@id\":\"https:\/\/www.gaveanews.com\/index.php\/2023\/04\/20\/com-moral-fifa-exalta-gols-de-pedro-do-flamengo-na-libertadores\/\"},\"wordCount\":196,\"commentCount\":0,\"image\":{\"@id\":\"https:\/\/www.gaveanews.com\/index.php\/2023\/04\/20\/com-moral-fifa-exalta-gols-de-pedro-do-flamengo-na-libertadores\/#primaryimage\"},\"thumbnailUrl\":\"https:\/\/www.gaveanews.com\/wp-content\/uploads\/pedro-gol-flamengo-libertadores.webp\",\"articleSection\":[\"Destaques\"],\"inLanguage\":\"pt-BR\",\"potentialAction\":[{\"@type\":\"CommentAction\",\"name\":\"Comment\",\"target\":[\"https:\/\/www.gaveanews.com\/index.php\/2023\/04\/20\/com-moral-fifa-exalta-gols-de-pedro-do-flamengo-na-libertadores\/#respond\"]}],\"copyrightYear\":\"2023\",\"copyrightHolder\":{\"@id\":\"https:\/\/www.gaveanews.com\/#organization\"}},{\"@type\":\"WebPage\",\"@id\":\"https:\/\/www.gaveanews.com\/index.php\/2023\/04\/20\/com-moral-fifa-exalta-gols-de-pedro-do-flamengo-na-libertadores\/\",\"url\":\"https:\/\/www.gaveanews.com\/index.php\/2023\/04\/20\/com-moral-fifa-exalta-gols-de-pedro-do-flamengo-na-libertadores\/\",\"name\":\"Com moral! Fifa exalta gols de Pedro, do Flamengo, na Libertadores\",\"isPartOf\":{\"@id\":\"https:\/\/www.gaveanews.com\/#website\"},\"primaryImageOfPage\":{\"@id\":\"https:\/\/www.gaveanews.com\/index.php\/2023\/04\/20\/com-moral-fifa-exalta-gols-de-pedro-do-flamengo-na-libertadores\/#primaryimage\"},\"image\":{\"@id\":\"https:\/\/www.gaveanews.com\/index.php\/2023\/04\/20\/com-moral-fifa-exalta-gols-de-pedro-do-flamengo-na-libertadores\/#primaryimage\"},\"thumbnailUrl\":\"https:\/\/www.gaveanews.com\/wp-content\/uploads\/pedro-gol-flamengo-libertadores.webp\",\"datePublished\":\"2023-04-20T13:56:22+00:00\",\"dateModified\":\"2023-04-20T13:56:27+00:00\",\"author\":{\"@id\":\"https:\/\/www.gaveanews.com\/#\/schema\/person\/714c67050b836198af2450ba1c142a67\"},\"breadcrumb\":{\"@id\":\"https:\/\/www.gaveanews.com\/index.php\/2023\/04\/20\/com-moral-fifa-exalta-gols-de-pedro-do-flamengo-na-libertadores\/#breadcrumb\"},\"inLanguage\":\"pt-BR\",\"potentialAction\":[{\"@type\":\"ReadAction\",\"target\":[\"https:\/\/www.gaveanews.com\/index.php\/2023\/04\/20\/com-moral-fifa-exalta-gols-de-pedro-do-flamengo-na-libertadores\/\"]}]},{\"@type\":\"ImageObject\",\"inLanguage\":\"pt-BR\",\"@id\":\"https:\/\/www.gaveanews.com\/index.php\/2023\/04\/20\/com-moral-fifa-exalta-gols-de-pedro-do-flamengo-na-libertadores\/#primaryimage\",\"url\":\"https:\/\/www.gaveanews.com\/wp-content\/uploads\/pedro-gol-flamengo-libertadores.webp\",\"contentUrl\":\"https:\/\/www.gaveanews.com\/wp-content\/uploads\/pedro-gol-flamengo-libertadores.webp\",\"width\":900,\"height\":599,\"caption\":\"Pedro marca gol pelo Flamengo na Libertadores (Foto: Reprodu\u00e7\u00e3o\/Flamengo)\"},{\"@type\":\"BreadcrumbList\",\"@id\":\"https:\/\/www.gaveanews.com\/index.php\/2023\/04\/20\/com-moral-fifa-exalta-gols-de-pedro-do-flamengo-na-libertadores\/#breadcrumb\",\"itemListElement\":[{\"@type\":\"ListItem\",\"position\":1,\"name\":\"Home\",\"item\":\"https:\/\/www.gaveanews.com\/\"},{\"@type\":\"ListItem\",\"position\":2,\"name\":\"Com moral! Fifa exalta gols de Pedro, do Flamengo, na Libertadores\"}]},{\"@type\":\"WebSite\",\"@id\":\"https:\/\/www.gaveanews.com\/#website\",\"url\":\"https:\/\/www.gaveanews.com\/\",\"name\":\"G\u00e1vea News\",\"description\":\"Veja todas as not\u00edcias sobre o Flamengo: Contrata\u00e7\u00f5es, categorias de base, resultados das partidas, tabela de classifica\u00e7\u00e3o, pr\u00f3ximos jogos!\",\"potentialAction\":[{\"@type\":\"SearchAction\",\"target\":{\"@type\":\"EntryPoint\",\"urlTemplate\":\"https:\/\/www.gaveanews.com\/?s={search_term_string}\"},\"query-input\":{\"@type\":\"PropertyValueSpecification\",\"valueRequired\":true,\"valueName\":\"search_term_string\"}}],\"inLanguage\":\"pt-BR\"},{\"@type\":\"Person\",\"@id\":\"https:\/\/www.gaveanews.com\/#\/schema\/person\/714c67050b836198af2450ba1c142a67\",\"name\":\"Let\u00edcia Gerheim\",\"image\":{\"@type\":\"ImageObject\",\"inLanguage\":\"pt-BR\",\"@id\":\"https:\/\/www.gaveanews.com\/#\/schema\/person\/image\/\",\"url\":\"https:\/\/secure.gravatar.com\/avatar\/60734739c50fcebfbac509e2a826ccd0ff405c019bc73aab9354f19ecad1dcb4?s=96&d=mm&r=g\",\"contentUrl\":\"https:\/\/secure.gravatar.com\/avatar\/60734739c50fcebfbac509e2a826ccd0ff405c019bc73aab9354f19ecad1dcb4?s=96&d=mm&r=g\",\"caption\":\"Let\u00edcia Gerheim\"}}]}<\/script>\n<!-- \/ Yoast SEO Premium plugin. -->","yoast_head_json":{"title":"Com moral! Fifa exalta gols de Pedro, do Flamengo, na Libertadores","robots":{"index":"index","follow":"follow","max-snippet":"max-snippet:-1","max-image-preview":"max-image-preview:large","max-video-preview":"max-video-preview:-1"},"canonical":"https:\/\/www.gaveanews.com\/index.php\/2023\/04\/20\/com-moral-fifa-exalta-gols-de-pedro-do-flamengo-na-libertadores\/","og_locale":"pt_BR","og_type":"article","og_title":"Com moral! Fifa exalta gols de Pedro, do Flamengo, na Libertadores","og_description":"A estreia do Flamengo sob o comando de Jorge Sampaoli animou os torcedores rubro-negros. Em noite de Libertadores, o Mais Querido recebeu o \u00d1ublense e venceu por 2 a 0. O triunfo foi poss\u00edvel gra\u00e7as ao desempenho consideravelmente maior do elenco rubro-negro e a pontaria de Pedro, que marcou os dois gols v\u00e1lidos da partida. [&hellip;]","og_url":"https:\/\/www.gaveanews.com\/index.php\/2023\/04\/20\/com-moral-fifa-exalta-gols-de-pedro-do-flamengo-na-libertadores\/","og_site_name":"G\u00e1vea News","article_publisher":"https:\/\/facebook.com\/gaveaNews\/","article_published_time":"2023-04-20T13:56:22+00:00","article_modified_time":"2023-04-20T13:56:27+00:00","og_image":[{"width":900,"height":599,"url":"https:\/\/www.gaveanews.com\/wp-content\/uploads\/pedro-gol-flamengo-libertadores.webp","type":"image\/jpeg"}],"author":"Let\u00edcia Gerheim","twitter_card":"summary_large_image","twitter_misc":{"Escrito por":"Let\u00edcia Gerheim","Est. tempo de leitura":"1 minuto"},"schema":{"@context":"https:\/\/schema.org","@graph":[{"@type":"NewsArticle","@id":"https:\/\/www.gaveanews.com\/index.php\/2023\/04\/20\/com-moral-fifa-exalta-gols-de-pedro-do-flamengo-na-libertadores\/#article","isPartOf":{"@id":"https:\/\/www.gaveanews.com\/index.php\/2023\/04\/20\/com-moral-fifa-exalta-gols-de-pedro-do-flamengo-na-libertadores\/"},"author":{"name":"Let\u00edcia Gerheim","@id":"https:\/\/www.gaveanews.com\/#\/schema\/person\/714c67050b836198af2450ba1c142a67"},"headline":"Com moral! Fifa exalta gols de Pedro, do Flamengo, na Libertadores","datePublished":"2023-04-20T13:56:22+00:00","dateModified":"2023-04-20T13:56:27+00:00","mainEntityOfPage":{"@id":"https:\/\/www.gaveanews.com\/index.php\/2023\/04\/20\/com-moral-fifa-exalta-gols-de-pedro-do-flamengo-na-libertadores\/"},"wordCount":196,"commentCount":0,"image":{"@id":"https:\/\/www.gaveanews.com\/index.php\/2023\/04\/20\/com-moral-fifa-exalta-gols-de-pedro-do-flamengo-na-libertadores\/#primaryimage"},"thumbnailUrl":"https:\/\/www.gaveanews.com\/wp-content\/uploads\/pedro-gol-flamengo-libertadores.webp","articleSection":["Destaques"],"inLanguage":"pt-BR","potentialAction":[{"@type":"CommentAction","name":"Comment","target":["https:\/\/www.gaveanews.com\/index.php\/2023\/04\/20\/com-moral-fifa-exalta-gols-de-pedro-do-flamengo-na-libertadores\/#respond"]}],"copyrightYear":"2023","copyrightHolder":{"@id":"https:\/\/www.gaveanews.com\/#organization"}},{"@type":"WebPage","@id":"https:\/\/www.gaveanews.com\/index.php\/2023\/04\/20\/com-moral-fifa-exalta-gols-de-pedro-do-flamengo-na-libertadores\/","url":"https:\/\/www.gaveanews.com\/index.php\/2023\/04\/20\/com-moral-fifa-exalta-gols-de-pedro-do-flamengo-na-libertadores\/","name":"Com moral! Fifa exalta gols de Pedro, do Flamengo, na Libertadores","isPartOf":{"@id":"https:\/\/www.gaveanews.com\/#website"},"primaryImageOfPage":{"@id":"https:\/\/www.gaveanews.com\/index.php\/2023\/04\/20\/com-moral-fifa-exalta-gols-de-pedro-do-flamengo-na-libertadores\/#primaryimage"},"image":{"@id":"https:\/\/www.gaveanews.com\/index.php\/2023\/04\/20\/com-moral-fifa-exalta-gols-de-pedro-do-flamengo-na-libertadores\/#primaryimage"},"thumbnailUrl":"https:\/\/www.gaveanews.com\/wp-content\/uploads\/pedro-gol-flamengo-libertadores.webp","datePublished":"2023-04-20T13:56:22+00:00","dateModified":"2023-04-20T13:56:27+00:00","author":{"@id":"https:\/\/www.gaveanews.com\/#\/schema\/person\/714c67050b836198af2450ba1c142a67"},"breadcrumb":{"@id":"https:\/\/www.gaveanews.com\/index.php\/2023\/04\/20\/com-moral-fifa-exalta-gols-de-pedro-do-flamengo-na-libertadores\/#breadcrumb"},"inLanguage":"pt-BR","potentialAction":[{"@type":"ReadAction","target":["https:\/\/www.gaveanews.com\/index.php\/2023\/04\/20\/com-moral-fifa-exalta-gols-de-pedro-do-flamengo-na-libertadores\/"]}]},{"@type":"ImageObject","inLanguage":"pt-BR","@id":"https:\/\/www.gaveanews.com\/index.php\/2023\/04\/20\/com-moral-fifa-exalta-gols-de-pedro-do-flamengo-na-libertadores\/#primaryimage","url":"https:\/\/www.gaveanews.com\/wp-content\/uploads\/pedro-gol-flamengo-libertadores.webp","contentUrl":"https:\/\/www.gaveanews.com\/wp-content\/uploads\/pedro-gol-flamengo-libertadores.webp","width":900,"height":599,"caption":"Pedro marca gol pelo Flamengo na Libertadores (Foto: Reprodu\u00e7\u00e3o\/Flamengo)"},{"@type":"BreadcrumbList","@id":"https:\/\/www.gaveanews.com\/index.php\/2023\/04\/20\/com-moral-fifa-exalta-gols-de-pedro-do-flamengo-na-libertadores\/#breadcrumb","itemListElement":[{"@type":"ListItem","position":1,"name":"Home","item":"https:\/\/www.gaveanews.com\/"},{"@type":"ListItem","position":2,"name":"Com moral! Fifa exalta gols de Pedro, do Flamengo, na Libertadores"}]},{"@type":"WebSite","@id":"https:\/\/www.gaveanews.com\/#website","url":"https:\/\/www.gaveanews.com\/","name":"G\u00e1vea News","description":"Veja todas as not\u00edcias sobre o Flamengo: Contrata\u00e7\u00f5es, categorias de base, resultados das partidas, tabela de classifica\u00e7\u00e3o, pr\u00f3ximos jogos!","potentialAction":[{"@type":"SearchAction","target":{"@type":"EntryPoint","urlTemplate":"https:\/\/www.gaveanews.com\/?s={search_term_string}"},"query-input":{"@type":"PropertyValueSpecification","valueRequired":true,"valueName":"search_term_string"}}],"inLanguage":"pt-BR"},{"@type":"Person","@id":"https:\/\/www.gaveanews.com\/#\/schema\/person\/714c67050b836198af2450ba1c142a67","name":"Let\u00edcia Gerheim","image":{"@type":"ImageObject","inLanguage":"pt-BR","@id":"https:\/\/www.gaveanews.com\/#\/schema\/person\/image\/","url":"https:\/\/secure.gravatar.com\/avatar\/60734739c50fcebfbac509e2a826ccd0ff405c019bc73aab9354f19ecad1dcb4?s=96&d=mm&r=g","contentUrl":"https:\/\/secure.gravatar.com\/avatar\/60734739c50fcebfbac509e2a826ccd0ff405c019bc73aab9354f19ecad1dcb4?s=96&d=mm&r=g","caption":"Let\u00edcia Gerheim"}}]}},"_links":{"self":[{"href":"https:\/\/www.gaveanews.com\/index.php\/wp-json\/wp\/v2\/posts\/97547","targetHints":{"allow":["GET"]}}],"collection":[{"href":"https:\/\/www.gaveanews.com\/index.php\/wp-json\/wp\/v2\/posts"}],"about":[{"href":"https:\/\/www.gaveanews.com\/index.php\/wp-json\/wp\/v2\/types\/post"}],"author":[{"embeddable":true,"href":"https:\/\/www.gaveanews.com\/index.php\/wp-json\/wp\/v2\/users\/4"}],"replies":[{"embeddable":true,"href":"https:\/\/www.gaveanews.com\/index.php\/wp-json\/wp\/v2\/comments?post=97547"}],"version-history":[{"count":0,"href":"https:\/\/www.gaveanews.com\/index.php\/wp-json\/wp\/v2\/posts\/97547\/revisions"}],"wp:featuredmedia":[{"embeddable":true,"href":"https:\/\/www.gaveanews.com\/index.php\/wp-json\/wp\/v2\/media\/97548"}],"wp:attachment":[{"href":"https:\/\/www.gaveanews.com\/index.php\/wp-json\/wp\/v2\/media?parent=97547"}],"wp:term":[{"taxonomy":"category","embeddable":true,"href":"https:\/\/www.gaveanews.com\/index.php\/wp-json\/wp\/v2\/categories?post=97547"},{"taxonomy":"post_tag","embeddable":true,"href":"https:\/\/www.gaveanews.com\/index.php\/wp-json\/wp\/v2\/tags?post=97547"}],"curies":[{"name":"wp","href":"https:\/\/api.w.org\/{rel}","templated":true}]}}