{"id":97568,"date":"2023-04-20T16:01:45","date_gmt":"2023-04-20T19:01:45","guid":{"rendered":"https:\/\/www.gaveanews.com\/?p=97568"},"modified":"2023-04-20T16:01:49","modified_gmt":"2023-04-20T19:01:49","slug":"sem-moleza-torcida-do-flamengo-aprova-atitude-de-jorge-sampaoli-apos-vitoria-na-libertadores","status":"publish","type":"post","link":"https:\/\/www.gaveanews.com\/index.php\/2023\/04\/20\/sem-moleza-torcida-do-flamengo-aprova-atitude-de-jorge-sampaoli-apos-vitoria-na-libertadores\/","title":{"rendered":"Sem moleza! Torcida do Flamengo aprova atitude de Jorge Sampaoli ap\u00f3s vit\u00f3ria na Libertadores"},"content":{"rendered":"\n<p>O Flamengo venceu o \u00d1ublense por 2 a 0, na quarta-feira, pela segunda rodada da fase de grupos da Libertadores. Apesar de pouco tempo de trabalho, foi poss\u00edvel notar alguns movimentos que s\u00e3o caracter\u00edsticos da ideia de jogo do treinador. Diferentemente do seu antecessor, Sampaoli agiu diferente ap\u00f3s a vit\u00f3ria de ontem.<\/p>\n\n\n\n<p>Nesta quinta-feira, o elenco n\u00e3o ter\u00e1 folga, o que era comum com V\u00edtor Pereira depois de uma partida. Os titulares que jogaram far\u00e3o um trabalho regenerativo, enquanto que os demais ir\u00e3o a campo e far\u00e3o atividades com o comandante, no Ninho do Urubu.<\/p>\n\n\n\n<p>As recorrentes folgas, inclusive, era um tema que gerava muitas cr\u00edticas da torcida, principalmente ap\u00f3s um resultado negativo. A decis\u00e3o de Sampaoli, diferente de VP, rendeu muitos elogios dos flamenguistas.<\/p>\n\n\n\n<p>\u201cEra isso que faltava\u201d, escreveu um torcedor. \u201cEsse \u00e9 o foco, n\u00e3o se pode perder mais tempo. Flamengo precisa reagir e se preparar para os pr\u00f3ximos compromissos\u201d, opinou um outro flamenguista.<\/p>\n\n\n\n<p>Com a vit\u00f3ria de ontem, o Flamengo assume a segunda posi\u00e7\u00e3o do grupo A com tr\u00eas pontos. No entanto, pode ser ultrapassado pelo Aucas, que encara hoje o Racing, na Argentina. O confronto define a lideran\u00e7a provis\u00f3ria da chave. No pr\u00f3ximo dia 4, o rubro-negro viaja at\u00e9 Avellaneda para duelar contra os argentinos<\/p>\n\n\n\n<p>Retirado de: Torcedores<\/p>\n","protected":false},"excerpt":{"rendered":"<p>O Flamengo venceu o \u00d1ublense por 2 a 0, na quarta-feira, pela segunda rodada da fase de grupos da Libertadores. Apesar de pouco tempo de trabalho, foi poss\u00edvel notar alguns movimentos que s\u00e3o caracter\u00edsticos da ideia de jogo do treinador. Diferentemente do seu antecessor, Sampaoli agiu diferente ap\u00f3s a vit\u00f3ria de ontem. Nesta quinta-feira, o [&hellip;]<\/p>\n","protected":false},"author":1,"featured_media":97554,"comment_status":"open","ping_status":"closed","sticky":false,"template":"","format":"standard","meta":{"footnotes":""},"categories":[47],"tags":[],"class_list":["post-97568","post","type-post","status-publish","format-standard","has-post-thumbnail","hentry","category-destaques"],"yoast_head":"<!-- This site is optimized with the Yoast SEO Premium plugin v24.2 (Yoast SEO v26.9) - https:\/\/yoast.com\/product\/yoast-seo-premium-wordpress\/ -->\n<title>Sem moleza! Torcida do Flamengo aprova atitude de Jorge Sampaoli ap\u00f3s vit\u00f3ria na Libertadores<\/title>\n<meta name=\"robots\" content=\"index, follow, max-snippet:-1, max-image-preview:large, max-video-preview:-1\" \/>\n<link rel=\"canonical\" href=\"https:\/\/www.gaveanews.com\/index.php\/2023\/04\/20\/sem-moleza-torcida-do-flamengo-aprova-atitude-de-jorge-sampaoli-apos-vitoria-na-libertadores\/\" \/>\n<meta property=\"og:locale\" content=\"pt_BR\" \/>\n<meta property=\"og:type\" content=\"article\" \/>\n<meta property=\"og:title\" content=\"Sem moleza! Torcida do Flamengo aprova atitude de Jorge Sampaoli ap\u00f3s vit\u00f3ria na Libertadores\" \/>\n<meta property=\"og:description\" content=\"O Flamengo venceu o \u00d1ublense por 2 a 0, na quarta-feira, pela segunda rodada da fase de grupos da Libertadores. Apesar de pouco tempo de trabalho, foi poss\u00edvel notar alguns movimentos que s\u00e3o caracter\u00edsticos da ideia de jogo do treinador. Diferentemente do seu antecessor, Sampaoli agiu diferente ap\u00f3s a vit\u00f3ria de ontem. Nesta quinta-feira, o [&hellip;]\" \/>\n<meta property=\"og:url\" content=\"https:\/\/www.gaveanews.com\/index.php\/2023\/04\/20\/sem-moleza-torcida-do-flamengo-aprova-atitude-de-jorge-sampaoli-apos-vitoria-na-libertadores\/\" \/>\n<meta property=\"og:site_name\" content=\"G\u00e1vea News\" \/>\n<meta property=\"article:publisher\" content=\"https:\/\/facebook.com\/gaveaNews\/\" \/>\n<meta property=\"article:published_time\" content=\"2023-04-20T19:01:45+00:00\" \/>\n<meta property=\"article:modified_time\" content=\"2023-04-20T19:01:49+00:00\" \/>\n<meta property=\"og:image\" content=\"https:\/\/www.gaveanews.com\/wp-content\/uploads\/jorge-sampaoli-flamengo-maracana-libertadores.webp\" \/>\n\t<meta property=\"og:image:width\" content=\"900\" \/>\n\t<meta property=\"og:image:height\" content=\"599\" \/>\n\t<meta property=\"og:image:type\" content=\"image\/jpeg\" \/>\n<meta name=\"author\" content=\"Equipe G\u00e1vea News\" \/>\n<meta name=\"twitter:card\" content=\"summary_large_image\" \/>\n<meta name=\"twitter:label1\" content=\"Escrito por\" \/>\n\t<meta name=\"twitter:data1\" content=\"Equipe G\u00e1vea News\" \/>\n\t<meta name=\"twitter:label2\" content=\"Est. tempo de leitura\" \/>\n\t<meta name=\"twitter:data2\" content=\"2 minutos\" \/>\n<script type=\"application\/ld+json\" class=\"yoast-schema-graph\">{\"@context\":\"https:\/\/schema.org\",\"@graph\":[{\"@type\":\"NewsArticle\",\"@id\":\"https:\/\/www.gaveanews.com\/index.php\/2023\/04\/20\/sem-moleza-torcida-do-flamengo-aprova-atitude-de-jorge-sampaoli-apos-vitoria-na-libertadores\/#article\",\"isPartOf\":{\"@id\":\"https:\/\/www.gaveanews.com\/index.php\/2023\/04\/20\/sem-moleza-torcida-do-flamengo-aprova-atitude-de-jorge-sampaoli-apos-vitoria-na-libertadores\/\"},\"author\":{\"name\":\"Equipe G\u00e1vea News\",\"@id\":\"https:\/\/www.gaveanews.com\/#\/schema\/person\/2ec14f73fb96be2caf28f91afb14749d\"},\"headline\":\"Sem moleza! Torcida do Flamengo aprova atitude de Jorge Sampaoli ap\u00f3s vit\u00f3ria na Libertadores\",\"datePublished\":\"2023-04-20T19:01:45+00:00\",\"dateModified\":\"2023-04-20T19:01:49+00:00\",\"mainEntityOfPage\":{\"@id\":\"https:\/\/www.gaveanews.com\/index.php\/2023\/04\/20\/sem-moleza-torcida-do-flamengo-aprova-atitude-de-jorge-sampaoli-apos-vitoria-na-libertadores\/\"},\"wordCount\":245,\"commentCount\":0,\"image\":{\"@id\":\"https:\/\/www.gaveanews.com\/index.php\/2023\/04\/20\/sem-moleza-torcida-do-flamengo-aprova-atitude-de-jorge-sampaoli-apos-vitoria-na-libertadores\/#primaryimage\"},\"thumbnailUrl\":\"https:\/\/www.gaveanews.com\/wp-content\/uploads\/jorge-sampaoli-flamengo-maracana-libertadores.webp\",\"articleSection\":[\"Destaques\"],\"inLanguage\":\"pt-BR\",\"potentialAction\":[{\"@type\":\"CommentAction\",\"name\":\"Comment\",\"target\":[\"https:\/\/www.gaveanews.com\/index.php\/2023\/04\/20\/sem-moleza-torcida-do-flamengo-aprova-atitude-de-jorge-sampaoli-apos-vitoria-na-libertadores\/#respond\"]}],\"copyrightYear\":\"2023\",\"copyrightHolder\":{\"@id\":\"https:\/\/www.gaveanews.com\/#organization\"}},{\"@type\":\"WebPage\",\"@id\":\"https:\/\/www.gaveanews.com\/index.php\/2023\/04\/20\/sem-moleza-torcida-do-flamengo-aprova-atitude-de-jorge-sampaoli-apos-vitoria-na-libertadores\/\",\"url\":\"https:\/\/www.gaveanews.com\/index.php\/2023\/04\/20\/sem-moleza-torcida-do-flamengo-aprova-atitude-de-jorge-sampaoli-apos-vitoria-na-libertadores\/\",\"name\":\"Sem moleza! Torcida do Flamengo aprova atitude de Jorge Sampaoli ap\u00f3s vit\u00f3ria na Libertadores\",\"isPartOf\":{\"@id\":\"https:\/\/www.gaveanews.com\/#website\"},\"primaryImageOfPage\":{\"@id\":\"https:\/\/www.gaveanews.com\/index.php\/2023\/04\/20\/sem-moleza-torcida-do-flamengo-aprova-atitude-de-jorge-sampaoli-apos-vitoria-na-libertadores\/#primaryimage\"},\"image\":{\"@id\":\"https:\/\/www.gaveanews.com\/index.php\/2023\/04\/20\/sem-moleza-torcida-do-flamengo-aprova-atitude-de-jorge-sampaoli-apos-vitoria-na-libertadores\/#primaryimage\"},\"thumbnailUrl\":\"https:\/\/www.gaveanews.com\/wp-content\/uploads\/jorge-sampaoli-flamengo-maracana-libertadores.webp\",\"datePublished\":\"2023-04-20T19:01:45+00:00\",\"dateModified\":\"2023-04-20T19:01:49+00:00\",\"author\":{\"@id\":\"https:\/\/www.gaveanews.com\/#\/schema\/person\/2ec14f73fb96be2caf28f91afb14749d\"},\"breadcrumb\":{\"@id\":\"https:\/\/www.gaveanews.com\/index.php\/2023\/04\/20\/sem-moleza-torcida-do-flamengo-aprova-atitude-de-jorge-sampaoli-apos-vitoria-na-libertadores\/#breadcrumb\"},\"inLanguage\":\"pt-BR\",\"potentialAction\":[{\"@type\":\"ReadAction\",\"target\":[\"https:\/\/www.gaveanews.com\/index.php\/2023\/04\/20\/sem-moleza-torcida-do-flamengo-aprova-atitude-de-jorge-sampaoli-apos-vitoria-na-libertadores\/\"]}]},{\"@type\":\"ImageObject\",\"inLanguage\":\"pt-BR\",\"@id\":\"https:\/\/www.gaveanews.com\/index.php\/2023\/04\/20\/sem-moleza-torcida-do-flamengo-aprova-atitude-de-jorge-sampaoli-apos-vitoria-na-libertadores\/#primaryimage\",\"url\":\"https:\/\/www.gaveanews.com\/wp-content\/uploads\/jorge-sampaoli-flamengo-maracana-libertadores.webp\",\"contentUrl\":\"https:\/\/www.gaveanews.com\/wp-content\/uploads\/jorge-sampaoli-flamengo-maracana-libertadores.webp\",\"width\":900,\"height\":599,\"caption\":\"Sampaoli comanda o Flamengo no Maracan\u00e3 (Foto: Marcelo Cortes\/Flamengo)\"},{\"@type\":\"BreadcrumbList\",\"@id\":\"https:\/\/www.gaveanews.com\/index.php\/2023\/04\/20\/sem-moleza-torcida-do-flamengo-aprova-atitude-de-jorge-sampaoli-apos-vitoria-na-libertadores\/#breadcrumb\",\"itemListElement\":[{\"@type\":\"ListItem\",\"position\":1,\"name\":\"Home\",\"item\":\"https:\/\/www.gaveanews.com\/\"},{\"@type\":\"ListItem\",\"position\":2,\"name\":\"Sem moleza! Torcida do Flamengo aprova atitude de Jorge Sampaoli ap\u00f3s vit\u00f3ria na Libertadores\"}]},{\"@type\":\"WebSite\",\"@id\":\"https:\/\/www.gaveanews.com\/#website\",\"url\":\"https:\/\/www.gaveanews.com\/\",\"name\":\"G\u00e1vea News\",\"description\":\"Veja todas as not\u00edcias sobre o Flamengo: Contrata\u00e7\u00f5es, categorias de base, resultados das partidas, tabela de classifica\u00e7\u00e3o, pr\u00f3ximos jogos!\",\"potentialAction\":[{\"@type\":\"SearchAction\",\"target\":{\"@type\":\"EntryPoint\",\"urlTemplate\":\"https:\/\/www.gaveanews.com\/?s={search_term_string}\"},\"query-input\":{\"@type\":\"PropertyValueSpecification\",\"valueRequired\":true,\"valueName\":\"search_term_string\"}}],\"inLanguage\":\"pt-BR\"},{\"@type\":\"Person\",\"@id\":\"https:\/\/www.gaveanews.com\/#\/schema\/person\/2ec14f73fb96be2caf28f91afb14749d\",\"name\":\"Equipe G\u00e1vea News\",\"image\":{\"@type\":\"ImageObject\",\"inLanguage\":\"pt-BR\",\"@id\":\"https:\/\/www.gaveanews.com\/#\/schema\/person\/image\/\",\"url\":\"https:\/\/secure.gravatar.com\/avatar\/1e1956f1facbffd3f8fa53a326721950116b3b9dc9bd44939c01180fd4a745a9?s=96&d=mm&r=g\",\"contentUrl\":\"https:\/\/secure.gravatar.com\/avatar\/1e1956f1facbffd3f8fa53a326721950116b3b9dc9bd44939c01180fd4a745a9?s=96&d=mm&r=g\",\"caption\":\"Equipe G\u00e1vea News\"}}]}<\/script>\n<!-- \/ Yoast SEO Premium plugin. -->","yoast_head_json":{"title":"Sem moleza! Torcida do Flamengo aprova atitude de Jorge Sampaoli ap\u00f3s vit\u00f3ria na Libertadores","robots":{"index":"index","follow":"follow","max-snippet":"max-snippet:-1","max-image-preview":"max-image-preview:large","max-video-preview":"max-video-preview:-1"},"canonical":"https:\/\/www.gaveanews.com\/index.php\/2023\/04\/20\/sem-moleza-torcida-do-flamengo-aprova-atitude-de-jorge-sampaoli-apos-vitoria-na-libertadores\/","og_locale":"pt_BR","og_type":"article","og_title":"Sem moleza! Torcida do Flamengo aprova atitude de Jorge Sampaoli ap\u00f3s vit\u00f3ria na Libertadores","og_description":"O Flamengo venceu o \u00d1ublense por 2 a 0, na quarta-feira, pela segunda rodada da fase de grupos da Libertadores. Apesar de pouco tempo de trabalho, foi poss\u00edvel notar alguns movimentos que s\u00e3o caracter\u00edsticos da ideia de jogo do treinador. Diferentemente do seu antecessor, Sampaoli agiu diferente ap\u00f3s a vit\u00f3ria de ontem. Nesta quinta-feira, o [&hellip;]","og_url":"https:\/\/www.gaveanews.com\/index.php\/2023\/04\/20\/sem-moleza-torcida-do-flamengo-aprova-atitude-de-jorge-sampaoli-apos-vitoria-na-libertadores\/","og_site_name":"G\u00e1vea News","article_publisher":"https:\/\/facebook.com\/gaveaNews\/","article_published_time":"2023-04-20T19:01:45+00:00","article_modified_time":"2023-04-20T19:01:49+00:00","og_image":[{"width":900,"height":599,"url":"https:\/\/www.gaveanews.com\/wp-content\/uploads\/jorge-sampaoli-flamengo-maracana-libertadores.webp","type":"image\/jpeg"}],"author":"Equipe G\u00e1vea News","twitter_card":"summary_large_image","twitter_misc":{"Escrito por":"Equipe G\u00e1vea News","Est. tempo de leitura":"2 minutos"},"schema":{"@context":"https:\/\/schema.org","@graph":[{"@type":"NewsArticle","@id":"https:\/\/www.gaveanews.com\/index.php\/2023\/04\/20\/sem-moleza-torcida-do-flamengo-aprova-atitude-de-jorge-sampaoli-apos-vitoria-na-libertadores\/#article","isPartOf":{"@id":"https:\/\/www.gaveanews.com\/index.php\/2023\/04\/20\/sem-moleza-torcida-do-flamengo-aprova-atitude-de-jorge-sampaoli-apos-vitoria-na-libertadores\/"},"author":{"name":"Equipe G\u00e1vea News","@id":"https:\/\/www.gaveanews.com\/#\/schema\/person\/2ec14f73fb96be2caf28f91afb14749d"},"headline":"Sem moleza! Torcida do Flamengo aprova atitude de Jorge Sampaoli ap\u00f3s vit\u00f3ria na Libertadores","datePublished":"2023-04-20T19:01:45+00:00","dateModified":"2023-04-20T19:01:49+00:00","mainEntityOfPage":{"@id":"https:\/\/www.gaveanews.com\/index.php\/2023\/04\/20\/sem-moleza-torcida-do-flamengo-aprova-atitude-de-jorge-sampaoli-apos-vitoria-na-libertadores\/"},"wordCount":245,"commentCount":0,"image":{"@id":"https:\/\/www.gaveanews.com\/index.php\/2023\/04\/20\/sem-moleza-torcida-do-flamengo-aprova-atitude-de-jorge-sampaoli-apos-vitoria-na-libertadores\/#primaryimage"},"thumbnailUrl":"https:\/\/www.gaveanews.com\/wp-content\/uploads\/jorge-sampaoli-flamengo-maracana-libertadores.webp","articleSection":["Destaques"],"inLanguage":"pt-BR","potentialAction":[{"@type":"CommentAction","name":"Comment","target":["https:\/\/www.gaveanews.com\/index.php\/2023\/04\/20\/sem-moleza-torcida-do-flamengo-aprova-atitude-de-jorge-sampaoli-apos-vitoria-na-libertadores\/#respond"]}],"copyrightYear":"2023","copyrightHolder":{"@id":"https:\/\/www.gaveanews.com\/#organization"}},{"@type":"WebPage","@id":"https:\/\/www.gaveanews.com\/index.php\/2023\/04\/20\/sem-moleza-torcida-do-flamengo-aprova-atitude-de-jorge-sampaoli-apos-vitoria-na-libertadores\/","url":"https:\/\/www.gaveanews.com\/index.php\/2023\/04\/20\/sem-moleza-torcida-do-flamengo-aprova-atitude-de-jorge-sampaoli-apos-vitoria-na-libertadores\/","name":"Sem moleza! Torcida do Flamengo aprova atitude de Jorge Sampaoli ap\u00f3s vit\u00f3ria na Libertadores","isPartOf":{"@id":"https:\/\/www.gaveanews.com\/#website"},"primaryImageOfPage":{"@id":"https:\/\/www.gaveanews.com\/index.php\/2023\/04\/20\/sem-moleza-torcida-do-flamengo-aprova-atitude-de-jorge-sampaoli-apos-vitoria-na-libertadores\/#primaryimage"},"image":{"@id":"https:\/\/www.gaveanews.com\/index.php\/2023\/04\/20\/sem-moleza-torcida-do-flamengo-aprova-atitude-de-jorge-sampaoli-apos-vitoria-na-libertadores\/#primaryimage"},"thumbnailUrl":"https:\/\/www.gaveanews.com\/wp-content\/uploads\/jorge-sampaoli-flamengo-maracana-libertadores.webp","datePublished":"2023-04-20T19:01:45+00:00","dateModified":"2023-04-20T19:01:49+00:00","author":{"@id":"https:\/\/www.gaveanews.com\/#\/schema\/person\/2ec14f73fb96be2caf28f91afb14749d"},"breadcrumb":{"@id":"https:\/\/www.gaveanews.com\/index.php\/2023\/04\/20\/sem-moleza-torcida-do-flamengo-aprova-atitude-de-jorge-sampaoli-apos-vitoria-na-libertadores\/#breadcrumb"},"inLanguage":"pt-BR","potentialAction":[{"@type":"ReadAction","target":["https:\/\/www.gaveanews.com\/index.php\/2023\/04\/20\/sem-moleza-torcida-do-flamengo-aprova-atitude-de-jorge-sampaoli-apos-vitoria-na-libertadores\/"]}]},{"@type":"ImageObject","inLanguage":"pt-BR","@id":"https:\/\/www.gaveanews.com\/index.php\/2023\/04\/20\/sem-moleza-torcida-do-flamengo-aprova-atitude-de-jorge-sampaoli-apos-vitoria-na-libertadores\/#primaryimage","url":"https:\/\/www.gaveanews.com\/wp-content\/uploads\/jorge-sampaoli-flamengo-maracana-libertadores.webp","contentUrl":"https:\/\/www.gaveanews.com\/wp-content\/uploads\/jorge-sampaoli-flamengo-maracana-libertadores.webp","width":900,"height":599,"caption":"Sampaoli comanda o Flamengo no Maracan\u00e3 (Foto: Marcelo Cortes\/Flamengo)"},{"@type":"BreadcrumbList","@id":"https:\/\/www.gaveanews.com\/index.php\/2023\/04\/20\/sem-moleza-torcida-do-flamengo-aprova-atitude-de-jorge-sampaoli-apos-vitoria-na-libertadores\/#breadcrumb","itemListElement":[{"@type":"ListItem","position":1,"name":"Home","item":"https:\/\/www.gaveanews.com\/"},{"@type":"ListItem","position":2,"name":"Sem moleza! Torcida do Flamengo aprova atitude de Jorge Sampaoli ap\u00f3s vit\u00f3ria na Libertadores"}]},{"@type":"WebSite","@id":"https:\/\/www.gaveanews.com\/#website","url":"https:\/\/www.gaveanews.com\/","name":"G\u00e1vea News","description":"Veja todas as not\u00edcias sobre o Flamengo: Contrata\u00e7\u00f5es, categorias de base, resultados das partidas, tabela de classifica\u00e7\u00e3o, pr\u00f3ximos jogos!","potentialAction":[{"@type":"SearchAction","target":{"@type":"EntryPoint","urlTemplate":"https:\/\/www.gaveanews.com\/?s={search_term_string}"},"query-input":{"@type":"PropertyValueSpecification","valueRequired":true,"valueName":"search_term_string"}}],"inLanguage":"pt-BR"},{"@type":"Person","@id":"https:\/\/www.gaveanews.com\/#\/schema\/person\/2ec14f73fb96be2caf28f91afb14749d","name":"Equipe G\u00e1vea News","image":{"@type":"ImageObject","inLanguage":"pt-BR","@id":"https:\/\/www.gaveanews.com\/#\/schema\/person\/image\/","url":"https:\/\/secure.gravatar.com\/avatar\/1e1956f1facbffd3f8fa53a326721950116b3b9dc9bd44939c01180fd4a745a9?s=96&d=mm&r=g","contentUrl":"https:\/\/secure.gravatar.com\/avatar\/1e1956f1facbffd3f8fa53a326721950116b3b9dc9bd44939c01180fd4a745a9?s=96&d=mm&r=g","caption":"Equipe G\u00e1vea News"}}]}},"_links":{"self":[{"href":"https:\/\/www.gaveanews.com\/index.php\/wp-json\/wp\/v2\/posts\/97568","targetHints":{"allow":["GET"]}}],"collection":[{"href":"https:\/\/www.gaveanews.com\/index.php\/wp-json\/wp\/v2\/posts"}],"about":[{"href":"https:\/\/www.gaveanews.com\/index.php\/wp-json\/wp\/v2\/types\/post"}],"author":[{"embeddable":true,"href":"https:\/\/www.gaveanews.com\/index.php\/wp-json\/wp\/v2\/users\/1"}],"replies":[{"embeddable":true,"href":"https:\/\/www.gaveanews.com\/index.php\/wp-json\/wp\/v2\/comments?post=97568"}],"version-history":[{"count":0,"href":"https:\/\/www.gaveanews.com\/index.php\/wp-json\/wp\/v2\/posts\/97568\/revisions"}],"wp:featuredmedia":[{"embeddable":true,"href":"https:\/\/www.gaveanews.com\/index.php\/wp-json\/wp\/v2\/media\/97554"}],"wp:attachment":[{"href":"https:\/\/www.gaveanews.com\/index.php\/wp-json\/wp\/v2\/media?parent=97568"}],"wp:term":[{"taxonomy":"category","embeddable":true,"href":"https:\/\/www.gaveanews.com\/index.php\/wp-json\/wp\/v2\/categories?post=97568"},{"taxonomy":"post_tag","embeddable":true,"href":"https:\/\/www.gaveanews.com\/index.php\/wp-json\/wp\/v2\/tags?post=97568"}],"curies":[{"name":"wp","href":"https:\/\/api.w.org\/{rel}","templated":true}]}}