{"id":97683,"date":"2023-04-24T06:55:00","date_gmt":"2023-04-24T09:55:00","guid":{"rendered":"https:\/\/www.gaveanews.com\/?p=97683"},"modified":"2023-04-24T02:53:25","modified_gmt":"2023-04-24T05:53:25","slug":"apos-band-surpreender-e-anunciar-demissao-comentarista-desabafa","status":"publish","type":"post","link":"https:\/\/www.gaveanews.com\/index.php\/2023\/04\/24\/apos-band-surpreender-e-anunciar-demissao-comentarista-desabafa\/","title":{"rendered":"Ap\u00f3s Band surpreender e anunciar demiss\u00e3o, comentarista desabafa"},"content":{"rendered":"\n<p>Desligado da Band Al\u00ea Oliveira trouxe detalhes de seu desligamento da emissora no programa \u201cCancelados\u201d. Em dado momento do papo, o comentarista destacou que a forma como pensa n\u00e3o \u00e9 mais compat\u00edvel com a forma de se expressar na TV ou r\u00e1dio nos dias atuais.<\/p>\n\n\n\n<p>Conhecido pelo perfil irreverente e com brincadeiras no ar, o comentarista destacou que n\u00e3o estava criticando o modelo, mas explicitou a dificuldade para adapta\u00e7\u00e3o.<\/p>\n\n\n\n<p><em>\u2014 J\u00e1 tinha falado isso em outro momento na minha vida: a m\u00eddia tradicional, a televis\u00e3o, \u00e9 cada vez mais imposs\u00edvel para mim. N\u00e3o estou fazendo nenhum tipo de cr\u00edtica a ningu\u00e9m, talvez ao meu estilo. Mas \u00e9 meu estilo, tentei fazer algumas adapta\u00e7\u00f5es. Obviamente o meu comportamento aqui no Cancelados \u00e9 diferente da Band e da Itatiaia. N\u00e3o sou um retardado, embora pare\u00e7a<\/em>, iniciou.<\/p>\n\n\n\n<h2 class=\"wp-block-heading\" id=\"h-pego-de-surpresa\">Pego de surpresa<\/h2>\n\n\n<div class=\"wp-block-image\">\n<figure class=\"aligncenter size-large is-resized\"><img loading=\"lazy\" decoding=\"async\" src=\"https:\/\/pbs.twimg.com\/media\/FuGoIq5WIAAKFOd?format=jpg\" alt=\"\" width=\"745\" height=\"519\"\/><\/figure>\n<\/div>\n\n\n<p>Ainda no programa \u201cCancelados\u201d, o comentarista destacou como se deu o procedimento de demiss\u00e3o na emissora na Band, que o pegou de surpresa.<\/p>\n\n\n\n<p><em>\u2014 Quando cheguei para trabalhar na Band, inclusive estava com um colega nosso, que gosto muito, o Thiago Fernandes, que \u00e9 um Jorge Nicola de Gana. Ele avisou que n\u00e3o poderia ir. Eu estava atr\u00e1s de convidados para ir ao Donos da Bola de ontem. Mal sabia eu que n\u00e3o iria participar. Quando cheguei para fazer o programa, o diretor Rodrigo Scoralick me chamou: \u2018\u00d4 Al\u00ea, vem na sala do chefe aqui, ele precisa conversar com voc\u00ea\u2019. Cheguei l\u00e1, ele estava com o documento, a carta de demiss\u00e3o na m\u00e3o. Ele falou: \u2018Olha, a dire\u00e7\u00e3o n\u00e3o est\u00e1 satisfeita, acho que voc\u00ea tamb\u00e9m n\u00e3o, ent\u00e3o a gente est\u00e1 terminando nosso v\u00ednculo aqui\u2019. Perguntei: \u2018Tem algum motivo?\u2019. Ele respondeu: \u2018Ordens superiores\u2019<\/em>, explicou Al\u00ea Oliveira.<\/p>\n\n\n\n<p>Apesar do posicionamento da emissora, o comentarista fez quest\u00e3o de agradecer pelo tempo que trabalhou no canal e pela empresa o recolocar na televis\u00e3o. Por fim, Al\u00ea n\u00e3o revelou se voltar\u00e1 a trabalhar com este formato de ve\u00edculo no futuro. Ao longo de sua carreira, ele acumula passagens por Esporte Interativo, ESPN e TNT Sports.<\/p>\n\n\n\n<p>Retirado de: Torcedores<\/p>\n","protected":false},"excerpt":{"rendered":"<p>Desligado da Band Al\u00ea Oliveira trouxe detalhes de seu desligamento da emissora no programa \u201cCancelados\u201d. Em dado momento do papo, o comentarista destacou que a forma como pensa n\u00e3o \u00e9 mais compat\u00edvel com a forma de se expressar na TV ou r\u00e1dio nos dias atuais. Conhecido pelo perfil irreverente e com brincadeiras no ar, o [&hellip;]<\/p>\n","protected":false},"author":1,"featured_media":29844,"comment_status":"open","ping_status":"closed","sticky":false,"template":"","format":"standard","meta":{"footnotes":""},"categories":[1],"tags":[],"class_list":["post-97683","post","type-post","status-publish","format-standard","has-post-thumbnail","hentry","category-flamengo"],"yoast_head":"<!-- This site is optimized with the Yoast SEO Premium plugin v24.2 (Yoast SEO v26.9) - https:\/\/yoast.com\/product\/yoast-seo-premium-wordpress\/ -->\n<title>Ap\u00f3s Band surpreender e anunciar demiss\u00e3o, comentarista desabafa<\/title>\n<meta name=\"description\" content=\"O comentarista destacou que n\u00e3o estava criticando o modelo da TV aberta, mas explicitou a dificuldade para adapta\u00e7\u00e3o.\" \/>\n<meta name=\"robots\" content=\"index, follow, max-snippet:-1, max-image-preview:large, max-video-preview:-1\" \/>\n<link rel=\"canonical\" href=\"https:\/\/www.gaveanews.com\/index.php\/2023\/04\/24\/apos-band-surpreender-e-anunciar-demissao-comentarista-desabafa\/\" \/>\n<meta property=\"og:locale\" content=\"pt_BR\" \/>\n<meta property=\"og:type\" content=\"article\" \/>\n<meta property=\"og:title\" content=\"Ap\u00f3s Band surpreender e anunciar demiss\u00e3o, comentarista desabafa\" \/>\n<meta property=\"og:description\" content=\"O comentarista destacou que n\u00e3o estava criticando o modelo da TV aberta, mas explicitou a dificuldade para adapta\u00e7\u00e3o.\" \/>\n<meta property=\"og:url\" content=\"https:\/\/www.gaveanews.com\/index.php\/2023\/04\/24\/apos-band-surpreender-e-anunciar-demissao-comentarista-desabafa\/\" \/>\n<meta property=\"og:site_name\" content=\"G\u00e1vea News\" \/>\n<meta property=\"article:publisher\" content=\"https:\/\/facebook.com\/gaveaNews\/\" \/>\n<meta property=\"article:published_time\" content=\"2023-04-24T09:55:00+00:00\" \/>\n<meta property=\"og:image\" content=\"https:\/\/www.gaveanews.com\/wp-content\/uploads\/Logomarca-da-TV-da-Bandeirantes.webp\" \/>\n\t<meta property=\"og:image:width\" content=\"900\" \/>\n\t<meta property=\"og:image:height\" content=\"522\" \/>\n\t<meta property=\"og:image:type\" content=\"image\/png\" \/>\n<meta name=\"author\" content=\"Equipe G\u00e1vea News\" \/>\n<meta name=\"twitter:card\" content=\"summary_large_image\" \/>\n<meta name=\"twitter:label1\" content=\"Escrito por\" \/>\n\t<meta name=\"twitter:data1\" content=\"Equipe G\u00e1vea News\" \/>\n\t<meta name=\"twitter:label2\" content=\"Est. tempo de leitura\" \/>\n\t<meta name=\"twitter:data2\" content=\"3 minutos\" \/>\n<script type=\"application\/ld+json\" class=\"yoast-schema-graph\">{\"@context\":\"https:\/\/schema.org\",\"@graph\":[{\"@type\":\"NewsArticle\",\"@id\":\"https:\/\/www.gaveanews.com\/index.php\/2023\/04\/24\/apos-band-surpreender-e-anunciar-demissao-comentarista-desabafa\/#article\",\"isPartOf\":{\"@id\":\"https:\/\/www.gaveanews.com\/index.php\/2023\/04\/24\/apos-band-surpreender-e-anunciar-demissao-comentarista-desabafa\/\"},\"author\":{\"name\":\"Equipe G\u00e1vea News\",\"@id\":\"https:\/\/www.gaveanews.com\/#\/schema\/person\/2ec14f73fb96be2caf28f91afb14749d\"},\"headline\":\"Ap\u00f3s Band surpreender e anunciar demiss\u00e3o, comentarista desabafa\",\"datePublished\":\"2023-04-24T09:55:00+00:00\",\"mainEntityOfPage\":{\"@id\":\"https:\/\/www.gaveanews.com\/index.php\/2023\/04\/24\/apos-band-surpreender-e-anunciar-demissao-comentarista-desabafa\/\"},\"wordCount\":372,\"commentCount\":0,\"image\":{\"@id\":\"https:\/\/www.gaveanews.com\/index.php\/2023\/04\/24\/apos-band-surpreender-e-anunciar-demissao-comentarista-desabafa\/#primaryimage\"},\"thumbnailUrl\":\"https:\/\/www.gaveanews.com\/wp-content\/uploads\/Logomarca-da-TV-da-Bandeirantes.webp\",\"articleSection\":[\"Flamengo\"],\"inLanguage\":\"pt-BR\",\"potentialAction\":[{\"@type\":\"CommentAction\",\"name\":\"Comment\",\"target\":[\"https:\/\/www.gaveanews.com\/index.php\/2023\/04\/24\/apos-band-surpreender-e-anunciar-demissao-comentarista-desabafa\/#respond\"]}],\"copyrightYear\":\"2023\",\"copyrightHolder\":{\"@id\":\"https:\/\/www.gaveanews.com\/#organization\"}},{\"@type\":\"WebPage\",\"@id\":\"https:\/\/www.gaveanews.com\/index.php\/2023\/04\/24\/apos-band-surpreender-e-anunciar-demissao-comentarista-desabafa\/\",\"url\":\"https:\/\/www.gaveanews.com\/index.php\/2023\/04\/24\/apos-band-surpreender-e-anunciar-demissao-comentarista-desabafa\/\",\"name\":\"Ap\u00f3s Band surpreender e anunciar demiss\u00e3o, comentarista desabafa\",\"isPartOf\":{\"@id\":\"https:\/\/www.gaveanews.com\/#website\"},\"primaryImageOfPage\":{\"@id\":\"https:\/\/www.gaveanews.com\/index.php\/2023\/04\/24\/apos-band-surpreender-e-anunciar-demissao-comentarista-desabafa\/#primaryimage\"},\"image\":{\"@id\":\"https:\/\/www.gaveanews.com\/index.php\/2023\/04\/24\/apos-band-surpreender-e-anunciar-demissao-comentarista-desabafa\/#primaryimage\"},\"thumbnailUrl\":\"https:\/\/www.gaveanews.com\/wp-content\/uploads\/Logomarca-da-TV-da-Bandeirantes.webp\",\"datePublished\":\"2023-04-24T09:55:00+00:00\",\"author\":{\"@id\":\"https:\/\/www.gaveanews.com\/#\/schema\/person\/2ec14f73fb96be2caf28f91afb14749d\"},\"description\":\"O comentarista destacou que n\u00e3o estava criticando o modelo da TV aberta, mas explicitou a dificuldade para adapta\u00e7\u00e3o.\",\"breadcrumb\":{\"@id\":\"https:\/\/www.gaveanews.com\/index.php\/2023\/04\/24\/apos-band-surpreender-e-anunciar-demissao-comentarista-desabafa\/#breadcrumb\"},\"inLanguage\":\"pt-BR\",\"potentialAction\":[{\"@type\":\"ReadAction\",\"target\":[\"https:\/\/www.gaveanews.com\/index.php\/2023\/04\/24\/apos-band-surpreender-e-anunciar-demissao-comentarista-desabafa\/\"]}]},{\"@type\":\"ImageObject\",\"inLanguage\":\"pt-BR\",\"@id\":\"https:\/\/www.gaveanews.com\/index.php\/2023\/04\/24\/apos-band-surpreender-e-anunciar-demissao-comentarista-desabafa\/#primaryimage\",\"url\":\"https:\/\/www.gaveanews.com\/wp-content\/uploads\/Logomarca-da-TV-da-Bandeirantes.webp\",\"contentUrl\":\"https:\/\/www.gaveanews.com\/wp-content\/uploads\/Logomarca-da-TV-da-Bandeirantes.webp\",\"width\":900,\"height\":522,\"caption\":\"Logomarca da TV da Bandeirantes (Foto: Reprodu\u00e7\u00e3o\/Logo Download)\"},{\"@type\":\"BreadcrumbList\",\"@id\":\"https:\/\/www.gaveanews.com\/index.php\/2023\/04\/24\/apos-band-surpreender-e-anunciar-demissao-comentarista-desabafa\/#breadcrumb\",\"itemListElement\":[{\"@type\":\"ListItem\",\"position\":1,\"name\":\"Home\",\"item\":\"https:\/\/www.gaveanews.com\/\"},{\"@type\":\"ListItem\",\"position\":2,\"name\":\"Ap\u00f3s Band surpreender e anunciar demiss\u00e3o, comentarista desabafa\"}]},{\"@type\":\"WebSite\",\"@id\":\"https:\/\/www.gaveanews.com\/#website\",\"url\":\"https:\/\/www.gaveanews.com\/\",\"name\":\"G\u00e1vea News\",\"description\":\"Veja todas as not\u00edcias sobre o Flamengo: Contrata\u00e7\u00f5es, categorias de base, resultados das partidas, tabela de classifica\u00e7\u00e3o, pr\u00f3ximos jogos!\",\"potentialAction\":[{\"@type\":\"SearchAction\",\"target\":{\"@type\":\"EntryPoint\",\"urlTemplate\":\"https:\/\/www.gaveanews.com\/?s={search_term_string}\"},\"query-input\":{\"@type\":\"PropertyValueSpecification\",\"valueRequired\":true,\"valueName\":\"search_term_string\"}}],\"inLanguage\":\"pt-BR\"},{\"@type\":\"Person\",\"@id\":\"https:\/\/www.gaveanews.com\/#\/schema\/person\/2ec14f73fb96be2caf28f91afb14749d\",\"name\":\"Equipe G\u00e1vea News\",\"image\":{\"@type\":\"ImageObject\",\"inLanguage\":\"pt-BR\",\"@id\":\"https:\/\/www.gaveanews.com\/#\/schema\/person\/image\/\",\"url\":\"https:\/\/secure.gravatar.com\/avatar\/1e1956f1facbffd3f8fa53a326721950116b3b9dc9bd44939c01180fd4a745a9?s=96&d=mm&r=g\",\"contentUrl\":\"https:\/\/secure.gravatar.com\/avatar\/1e1956f1facbffd3f8fa53a326721950116b3b9dc9bd44939c01180fd4a745a9?s=96&d=mm&r=g\",\"caption\":\"Equipe G\u00e1vea News\"}}]}<\/script>\n<!-- \/ Yoast SEO Premium plugin. -->","yoast_head_json":{"title":"Ap\u00f3s Band surpreender e anunciar demiss\u00e3o, comentarista desabafa","description":"O comentarista destacou que n\u00e3o estava criticando o modelo da TV aberta, mas explicitou a dificuldade para adapta\u00e7\u00e3o.","robots":{"index":"index","follow":"follow","max-snippet":"max-snippet:-1","max-image-preview":"max-image-preview:large","max-video-preview":"max-video-preview:-1"},"canonical":"https:\/\/www.gaveanews.com\/index.php\/2023\/04\/24\/apos-band-surpreender-e-anunciar-demissao-comentarista-desabafa\/","og_locale":"pt_BR","og_type":"article","og_title":"Ap\u00f3s Band surpreender e anunciar demiss\u00e3o, comentarista desabafa","og_description":"O comentarista destacou que n\u00e3o estava criticando o modelo da TV aberta, mas explicitou a dificuldade para adapta\u00e7\u00e3o.","og_url":"https:\/\/www.gaveanews.com\/index.php\/2023\/04\/24\/apos-band-surpreender-e-anunciar-demissao-comentarista-desabafa\/","og_site_name":"G\u00e1vea News","article_publisher":"https:\/\/facebook.com\/gaveaNews\/","article_published_time":"2023-04-24T09:55:00+00:00","og_image":[{"width":900,"height":522,"url":"https:\/\/www.gaveanews.com\/wp-content\/uploads\/Logomarca-da-TV-da-Bandeirantes.webp","type":"image\/png"}],"author":"Equipe G\u00e1vea News","twitter_card":"summary_large_image","twitter_misc":{"Escrito por":"Equipe G\u00e1vea News","Est. tempo de leitura":"3 minutos"},"schema":{"@context":"https:\/\/schema.org","@graph":[{"@type":"NewsArticle","@id":"https:\/\/www.gaveanews.com\/index.php\/2023\/04\/24\/apos-band-surpreender-e-anunciar-demissao-comentarista-desabafa\/#article","isPartOf":{"@id":"https:\/\/www.gaveanews.com\/index.php\/2023\/04\/24\/apos-band-surpreender-e-anunciar-demissao-comentarista-desabafa\/"},"author":{"name":"Equipe G\u00e1vea News","@id":"https:\/\/www.gaveanews.com\/#\/schema\/person\/2ec14f73fb96be2caf28f91afb14749d"},"headline":"Ap\u00f3s Band surpreender e anunciar demiss\u00e3o, comentarista desabafa","datePublished":"2023-04-24T09:55:00+00:00","mainEntityOfPage":{"@id":"https:\/\/www.gaveanews.com\/index.php\/2023\/04\/24\/apos-band-surpreender-e-anunciar-demissao-comentarista-desabafa\/"},"wordCount":372,"commentCount":0,"image":{"@id":"https:\/\/www.gaveanews.com\/index.php\/2023\/04\/24\/apos-band-surpreender-e-anunciar-demissao-comentarista-desabafa\/#primaryimage"},"thumbnailUrl":"https:\/\/www.gaveanews.com\/wp-content\/uploads\/Logomarca-da-TV-da-Bandeirantes.webp","articleSection":["Flamengo"],"inLanguage":"pt-BR","potentialAction":[{"@type":"CommentAction","name":"Comment","target":["https:\/\/www.gaveanews.com\/index.php\/2023\/04\/24\/apos-band-surpreender-e-anunciar-demissao-comentarista-desabafa\/#respond"]}],"copyrightYear":"2023","copyrightHolder":{"@id":"https:\/\/www.gaveanews.com\/#organization"}},{"@type":"WebPage","@id":"https:\/\/www.gaveanews.com\/index.php\/2023\/04\/24\/apos-band-surpreender-e-anunciar-demissao-comentarista-desabafa\/","url":"https:\/\/www.gaveanews.com\/index.php\/2023\/04\/24\/apos-band-surpreender-e-anunciar-demissao-comentarista-desabafa\/","name":"Ap\u00f3s Band surpreender e anunciar demiss\u00e3o, comentarista desabafa","isPartOf":{"@id":"https:\/\/www.gaveanews.com\/#website"},"primaryImageOfPage":{"@id":"https:\/\/www.gaveanews.com\/index.php\/2023\/04\/24\/apos-band-surpreender-e-anunciar-demissao-comentarista-desabafa\/#primaryimage"},"image":{"@id":"https:\/\/www.gaveanews.com\/index.php\/2023\/04\/24\/apos-band-surpreender-e-anunciar-demissao-comentarista-desabafa\/#primaryimage"},"thumbnailUrl":"https:\/\/www.gaveanews.com\/wp-content\/uploads\/Logomarca-da-TV-da-Bandeirantes.webp","datePublished":"2023-04-24T09:55:00+00:00","author":{"@id":"https:\/\/www.gaveanews.com\/#\/schema\/person\/2ec14f73fb96be2caf28f91afb14749d"},"description":"O comentarista destacou que n\u00e3o estava criticando o modelo da TV aberta, mas explicitou a dificuldade para adapta\u00e7\u00e3o.","breadcrumb":{"@id":"https:\/\/www.gaveanews.com\/index.php\/2023\/04\/24\/apos-band-surpreender-e-anunciar-demissao-comentarista-desabafa\/#breadcrumb"},"inLanguage":"pt-BR","potentialAction":[{"@type":"ReadAction","target":["https:\/\/www.gaveanews.com\/index.php\/2023\/04\/24\/apos-band-surpreender-e-anunciar-demissao-comentarista-desabafa\/"]}]},{"@type":"ImageObject","inLanguage":"pt-BR","@id":"https:\/\/www.gaveanews.com\/index.php\/2023\/04\/24\/apos-band-surpreender-e-anunciar-demissao-comentarista-desabafa\/#primaryimage","url":"https:\/\/www.gaveanews.com\/wp-content\/uploads\/Logomarca-da-TV-da-Bandeirantes.webp","contentUrl":"https:\/\/www.gaveanews.com\/wp-content\/uploads\/Logomarca-da-TV-da-Bandeirantes.webp","width":900,"height":522,"caption":"Logomarca da TV da Bandeirantes (Foto: Reprodu\u00e7\u00e3o\/Logo Download)"},{"@type":"BreadcrumbList","@id":"https:\/\/www.gaveanews.com\/index.php\/2023\/04\/24\/apos-band-surpreender-e-anunciar-demissao-comentarista-desabafa\/#breadcrumb","itemListElement":[{"@type":"ListItem","position":1,"name":"Home","item":"https:\/\/www.gaveanews.com\/"},{"@type":"ListItem","position":2,"name":"Ap\u00f3s Band surpreender e anunciar demiss\u00e3o, comentarista desabafa"}]},{"@type":"WebSite","@id":"https:\/\/www.gaveanews.com\/#website","url":"https:\/\/www.gaveanews.com\/","name":"G\u00e1vea News","description":"Veja todas as not\u00edcias sobre o Flamengo: Contrata\u00e7\u00f5es, categorias de base, resultados das partidas, tabela de classifica\u00e7\u00e3o, pr\u00f3ximos jogos!","potentialAction":[{"@type":"SearchAction","target":{"@type":"EntryPoint","urlTemplate":"https:\/\/www.gaveanews.com\/?s={search_term_string}"},"query-input":{"@type":"PropertyValueSpecification","valueRequired":true,"valueName":"search_term_string"}}],"inLanguage":"pt-BR"},{"@type":"Person","@id":"https:\/\/www.gaveanews.com\/#\/schema\/person\/2ec14f73fb96be2caf28f91afb14749d","name":"Equipe G\u00e1vea News","image":{"@type":"ImageObject","inLanguage":"pt-BR","@id":"https:\/\/www.gaveanews.com\/#\/schema\/person\/image\/","url":"https:\/\/secure.gravatar.com\/avatar\/1e1956f1facbffd3f8fa53a326721950116b3b9dc9bd44939c01180fd4a745a9?s=96&d=mm&r=g","contentUrl":"https:\/\/secure.gravatar.com\/avatar\/1e1956f1facbffd3f8fa53a326721950116b3b9dc9bd44939c01180fd4a745a9?s=96&d=mm&r=g","caption":"Equipe G\u00e1vea News"}}]}},"_links":{"self":[{"href":"https:\/\/www.gaveanews.com\/index.php\/wp-json\/wp\/v2\/posts\/97683","targetHints":{"allow":["GET"]}}],"collection":[{"href":"https:\/\/www.gaveanews.com\/index.php\/wp-json\/wp\/v2\/posts"}],"about":[{"href":"https:\/\/www.gaveanews.com\/index.php\/wp-json\/wp\/v2\/types\/post"}],"author":[{"embeddable":true,"href":"https:\/\/www.gaveanews.com\/index.php\/wp-json\/wp\/v2\/users\/1"}],"replies":[{"embeddable":true,"href":"https:\/\/www.gaveanews.com\/index.php\/wp-json\/wp\/v2\/comments?post=97683"}],"version-history":[{"count":0,"href":"https:\/\/www.gaveanews.com\/index.php\/wp-json\/wp\/v2\/posts\/97683\/revisions"}],"wp:featuredmedia":[{"embeddable":true,"href":"https:\/\/www.gaveanews.com\/index.php\/wp-json\/wp\/v2\/media\/29844"}],"wp:attachment":[{"href":"https:\/\/www.gaveanews.com\/index.php\/wp-json\/wp\/v2\/media?parent=97683"}],"wp:term":[{"taxonomy":"category","embeddable":true,"href":"https:\/\/www.gaveanews.com\/index.php\/wp-json\/wp\/v2\/categories?post=97683"},{"taxonomy":"post_tag","embeddable":true,"href":"https:\/\/www.gaveanews.com\/index.php\/wp-json\/wp\/v2\/tags?post=97683"}],"curies":[{"name":"wp","href":"https:\/\/api.w.org\/{rel}","templated":true}]}}