{"id":97696,"date":"2023-04-24T06:50:00","date_gmt":"2023-04-24T09:50:00","guid":{"rendered":"https:\/\/www.gaveanews.com\/?p=97696"},"modified":"2023-04-24T02:52:56","modified_gmt":"2023-04-24T05:52:56","slug":"torcida-do-flamengo-reage-apos-declaracao-do-tecnico-jorge-sampaoli-rachou-o-elenco","status":"publish","type":"post","link":"https:\/\/www.gaveanews.com\/index.php\/2023\/04\/24\/torcida-do-flamengo-reage-apos-declaracao-do-tecnico-jorge-sampaoli-rachou-o-elenco\/","title":{"rendered":"Torcida do Flamengo reage ap\u00f3s declara\u00e7\u00e3o do t\u00e9cnico Jorge Sampaoli: \u201cRachou o elenco\u201d"},"content":{"rendered":"\n<p>Jorge Sampaoli n\u00e3o perdoou a falta de contund\u00eancia do Flamengo na derrota para o Internacional, pelo Brasileir\u00e3o. Na entrevista coletiva, o treinador exaltou a postura da equipe, mas que faltou efic\u00e1cia ao concluir as jogadas em gol. <\/p>\n\n\n\n<p><em>\u2014 Se tivesse convertido as chances no segundo tempo, a gente estaria falando outra coisa. Eu penso que a contund\u00eancia n\u00e3o est\u00e1 relacionado ao treinador. Est\u00e1 relacionado aos jogadores. Eu penso que, com tanto dom\u00ednio, o time tinha que concretizar mais. Faltou efic\u00e1cia no \u00faltimo toque na \u00e1rea<\/em>, declarou o t\u00e9cnico rubro-negro. <\/p>\n\n\n\n<p>Nas redes sociais, torcedores do Flamengo ficaram temerosos com as palavras de Sampaoli. Na vis\u00e3o destes, uma indireta para Gabigol e, no geral, uma declara\u00e7\u00e3o que pode deixar o clima ruim com os atletas. Por outro lado, houveram muitos que apoiaram. <\/p>\n\n\n\n<p>\u201cValeu sampa foi bom o quanto durou\u201d, disse uma torcedora. \u201cRachou o elenco\u201d, opinou outro. \u201cIsso mesmo, Sampaoli. Habla mesmo\u201d, aprovou um flamenguista. <\/p>\n\n\n\n<h2 class=\"wp-block-heading\" id=\"h-sampaoli-explica-saida-de-pedro\">Sampaoli explica sa\u00edda de Pedro<\/h2>\n\n\n\n<p>No segundo tempo, o t\u00e9cnico optou por Marinho no lugar de Pedro. A sa\u00edda do centroavante gerou muitos protestos entre os flamenguistas.<\/p>\n\n\n\n<p><em>\u2014 Eu penso que, com tanto dom\u00ednio, o time tinha que concretizar mais. Faltou efic\u00e1cia no \u00faltimo toque na \u00e1rea. A substitui\u00e7\u00e3o teve rela\u00e7\u00e3o direta com o que o time precisava: de mais volume. At\u00e9 a mudan\u00e7a do Pedro, o time estava neutro. Quando vejo que o time est\u00e1 neutro, eu tomo decis\u00f5es. Era um centroavante ou outro. E tomei a decis\u00e3o pelo Gabigol<\/em> \u2013 justificou Sampaoli.<\/p>\n\n\n\n<p><em>\u2014 Por outro lado, o argentino alfinetou a falta de contund\u00eancia para concluir em gol as jogadas. \u201cPenso que o time melhora durante o jogo. Teve muita possibilidade de fazer mais de um gol. Mas o futebol \u00e9 contund\u00eancia. Contund\u00eancia nas \u00e1reas. E a\u00ed o time perdeu um jogo onde o desenvolvimento foi melhor, mas no final n\u00e3o <\/em>\u2013 concluiu. <\/p>\n\n\n\n<h2 class=\"wp-block-heading\">Agenda do Flamengo <\/h2>\n\n\n\n<p>Pelo Brasileir\u00e3o, o time encara o Botafogo no pr\u00f3ximo domingo (30), \u00e0s 16h, no Maracan\u00e3. Antes, faz duelo decisivo com o Maring\u00e1, pela terceira fase da Copa do Brasil. Hoje, nas redes sociais, os torcedores do Flamengo criticaram a equipe e o treinador ap\u00f3s a derrota para o Internacional.<\/p>\n\n\n\n<p>Retirado de: Torcedores <\/p>\n","protected":false},"excerpt":{"rendered":"<p>Jorge Sampaoli n\u00e3o perdoou a falta de contund\u00eancia do Flamengo na derrota para o Internacional, pelo Brasileir\u00e3o. Na entrevista coletiva, o treinador exaltou a postura da equipe, mas que faltou efic\u00e1cia ao concluir as jogadas em gol. \u2014 Se tivesse convertido as chances no segundo tempo, a gente estaria falando outra coisa. Eu penso que [&hellip;]<\/p>\n","protected":false},"author":1,"featured_media":97379,"comment_status":"open","ping_status":"closed","sticky":false,"template":"","format":"standard","meta":{"footnotes":""},"categories":[1],"tags":[],"class_list":["post-97696","post","type-post","status-publish","format-standard","has-post-thumbnail","hentry","category-flamengo"],"yoast_head":"<!-- This site is optimized with the Yoast SEO Premium plugin v24.2 (Yoast SEO v26.9) - https:\/\/yoast.com\/product\/yoast-seo-premium-wordpress\/ -->\n<title>Torcida do Flamengo reage ap\u00f3s declara\u00e7\u00e3o do t\u00e9cnico Jorge Sampaoli: \u201cRachou o elenco\u201d<\/title>\n<meta name=\"robots\" content=\"index, follow, max-snippet:-1, max-image-preview:large, max-video-preview:-1\" \/>\n<link rel=\"canonical\" href=\"https:\/\/www.gaveanews.com\/index.php\/2023\/04\/24\/torcida-do-flamengo-reage-apos-declaracao-do-tecnico-jorge-sampaoli-rachou-o-elenco\/\" \/>\n<meta property=\"og:locale\" content=\"pt_BR\" \/>\n<meta property=\"og:type\" content=\"article\" \/>\n<meta property=\"og:title\" content=\"Torcida do Flamengo reage ap\u00f3s declara\u00e7\u00e3o do t\u00e9cnico Jorge Sampaoli: \u201cRachou o elenco\u201d\" \/>\n<meta property=\"og:description\" content=\"Jorge Sampaoli n\u00e3o perdoou a falta de contund\u00eancia do Flamengo na derrota para o Internacional, pelo Brasileir\u00e3o. Na entrevista coletiva, o treinador exaltou a postura da equipe, mas que faltou efic\u00e1cia ao concluir as jogadas em gol. \u2014 Se tivesse convertido as chances no segundo tempo, a gente estaria falando outra coisa. Eu penso que [&hellip;]\" \/>\n<meta property=\"og:url\" content=\"https:\/\/www.gaveanews.com\/index.php\/2023\/04\/24\/torcida-do-flamengo-reage-apos-declaracao-do-tecnico-jorge-sampaoli-rachou-o-elenco\/\" \/>\n<meta property=\"og:site_name\" content=\"G\u00e1vea News\" \/>\n<meta property=\"article:publisher\" content=\"https:\/\/facebook.com\/gaveaNews\/\" \/>\n<meta property=\"article:published_time\" content=\"2023-04-24T09:50:00+00:00\" \/>\n<meta property=\"og:image\" content=\"https:\/\/www.gaveanews.com\/wp-content\/uploads\/jogadores-jorge-sampaoli-treino-flamengo.webp\" \/>\n\t<meta property=\"og:image:width\" content=\"900\" \/>\n\t<meta property=\"og:image:height\" content=\"600\" \/>\n\t<meta property=\"og:image:type\" content=\"image\/jpeg\" \/>\n<meta name=\"author\" content=\"Equipe G\u00e1vea News\" \/>\n<meta name=\"twitter:card\" content=\"summary_large_image\" \/>\n<meta name=\"twitter:label1\" content=\"Escrito por\" \/>\n\t<meta name=\"twitter:data1\" content=\"Equipe G\u00e1vea News\" \/>\n\t<meta name=\"twitter:label2\" content=\"Est. tempo de leitura\" \/>\n\t<meta name=\"twitter:data2\" content=\"2 minutos\" \/>\n<script type=\"application\/ld+json\" class=\"yoast-schema-graph\">{\"@context\":\"https:\/\/schema.org\",\"@graph\":[{\"@type\":\"NewsArticle\",\"@id\":\"https:\/\/www.gaveanews.com\/index.php\/2023\/04\/24\/torcida-do-flamengo-reage-apos-declaracao-do-tecnico-jorge-sampaoli-rachou-o-elenco\/#article\",\"isPartOf\":{\"@id\":\"https:\/\/www.gaveanews.com\/index.php\/2023\/04\/24\/torcida-do-flamengo-reage-apos-declaracao-do-tecnico-jorge-sampaoli-rachou-o-elenco\/\"},\"author\":{\"name\":\"Equipe G\u00e1vea News\",\"@id\":\"https:\/\/www.gaveanews.com\/#\/schema\/person\/2ec14f73fb96be2caf28f91afb14749d\"},\"headline\":\"Torcida do Flamengo reage ap\u00f3s declara\u00e7\u00e3o do t\u00e9cnico Jorge Sampaoli: \u201cRachou o elenco\u201d\",\"datePublished\":\"2023-04-24T09:50:00+00:00\",\"mainEntityOfPage\":{\"@id\":\"https:\/\/www.gaveanews.com\/index.php\/2023\/04\/24\/torcida-do-flamengo-reage-apos-declaracao-do-tecnico-jorge-sampaoli-rachou-o-elenco\/\"},\"wordCount\":399,\"commentCount\":0,\"image\":{\"@id\":\"https:\/\/www.gaveanews.com\/index.php\/2023\/04\/24\/torcida-do-flamengo-reage-apos-declaracao-do-tecnico-jorge-sampaoli-rachou-o-elenco\/#primaryimage\"},\"thumbnailUrl\":\"https:\/\/www.gaveanews.com\/wp-content\/uploads\/jogadores-jorge-sampaoli-treino-flamengo.webp\",\"articleSection\":[\"Flamengo\"],\"inLanguage\":\"pt-BR\",\"potentialAction\":[{\"@type\":\"CommentAction\",\"name\":\"Comment\",\"target\":[\"https:\/\/www.gaveanews.com\/index.php\/2023\/04\/24\/torcida-do-flamengo-reage-apos-declaracao-do-tecnico-jorge-sampaoli-rachou-o-elenco\/#respond\"]}],\"copyrightYear\":\"2023\",\"copyrightHolder\":{\"@id\":\"https:\/\/www.gaveanews.com\/#organization\"}},{\"@type\":\"WebPage\",\"@id\":\"https:\/\/www.gaveanews.com\/index.php\/2023\/04\/24\/torcida-do-flamengo-reage-apos-declaracao-do-tecnico-jorge-sampaoli-rachou-o-elenco\/\",\"url\":\"https:\/\/www.gaveanews.com\/index.php\/2023\/04\/24\/torcida-do-flamengo-reage-apos-declaracao-do-tecnico-jorge-sampaoli-rachou-o-elenco\/\",\"name\":\"Torcida do Flamengo reage ap\u00f3s declara\u00e7\u00e3o do t\u00e9cnico Jorge Sampaoli: \u201cRachou o elenco\u201d\",\"isPartOf\":{\"@id\":\"https:\/\/www.gaveanews.com\/#website\"},\"primaryImageOfPage\":{\"@id\":\"https:\/\/www.gaveanews.com\/index.php\/2023\/04\/24\/torcida-do-flamengo-reage-apos-declaracao-do-tecnico-jorge-sampaoli-rachou-o-elenco\/#primaryimage\"},\"image\":{\"@id\":\"https:\/\/www.gaveanews.com\/index.php\/2023\/04\/24\/torcida-do-flamengo-reage-apos-declaracao-do-tecnico-jorge-sampaoli-rachou-o-elenco\/#primaryimage\"},\"thumbnailUrl\":\"https:\/\/www.gaveanews.com\/wp-content\/uploads\/jogadores-jorge-sampaoli-treino-flamengo.webp\",\"datePublished\":\"2023-04-24T09:50:00+00:00\",\"author\":{\"@id\":\"https:\/\/www.gaveanews.com\/#\/schema\/person\/2ec14f73fb96be2caf28f91afb14749d\"},\"breadcrumb\":{\"@id\":\"https:\/\/www.gaveanews.com\/index.php\/2023\/04\/24\/torcida-do-flamengo-reage-apos-declaracao-do-tecnico-jorge-sampaoli-rachou-o-elenco\/#breadcrumb\"},\"inLanguage\":\"pt-BR\",\"potentialAction\":[{\"@type\":\"ReadAction\",\"target\":[\"https:\/\/www.gaveanews.com\/index.php\/2023\/04\/24\/torcida-do-flamengo-reage-apos-declaracao-do-tecnico-jorge-sampaoli-rachou-o-elenco\/\"]}]},{\"@type\":\"ImageObject\",\"inLanguage\":\"pt-BR\",\"@id\":\"https:\/\/www.gaveanews.com\/index.php\/2023\/04\/24\/torcida-do-flamengo-reage-apos-declaracao-do-tecnico-jorge-sampaoli-rachou-o-elenco\/#primaryimage\",\"url\":\"https:\/\/www.gaveanews.com\/wp-content\/uploads\/jogadores-jorge-sampaoli-treino-flamengo.webp\",\"contentUrl\":\"https:\/\/www.gaveanews.com\/wp-content\/uploads\/jogadores-jorge-sampaoli-treino-flamengo.webp\",\"width\":900,\"height\":600,\"caption\":\"Jogadores do Flamengo e comiss\u00e3o t\u00e9cnica de Sampaoli em treino no Ninho do Urubu (Foto: Gilvan de Souza\/Flamengo)\"},{\"@type\":\"BreadcrumbList\",\"@id\":\"https:\/\/www.gaveanews.com\/index.php\/2023\/04\/24\/torcida-do-flamengo-reage-apos-declaracao-do-tecnico-jorge-sampaoli-rachou-o-elenco\/#breadcrumb\",\"itemListElement\":[{\"@type\":\"ListItem\",\"position\":1,\"name\":\"Home\",\"item\":\"https:\/\/www.gaveanews.com\/\"},{\"@type\":\"ListItem\",\"position\":2,\"name\":\"Torcida do Flamengo reage ap\u00f3s declara\u00e7\u00e3o do t\u00e9cnico Jorge Sampaoli: \u201cRachou o elenco\u201d\"}]},{\"@type\":\"WebSite\",\"@id\":\"https:\/\/www.gaveanews.com\/#website\",\"url\":\"https:\/\/www.gaveanews.com\/\",\"name\":\"G\u00e1vea News\",\"description\":\"Veja todas as not\u00edcias sobre o Flamengo: Contrata\u00e7\u00f5es, categorias de base, resultados das partidas, tabela de classifica\u00e7\u00e3o, pr\u00f3ximos jogos!\",\"potentialAction\":[{\"@type\":\"SearchAction\",\"target\":{\"@type\":\"EntryPoint\",\"urlTemplate\":\"https:\/\/www.gaveanews.com\/?s={search_term_string}\"},\"query-input\":{\"@type\":\"PropertyValueSpecification\",\"valueRequired\":true,\"valueName\":\"search_term_string\"}}],\"inLanguage\":\"pt-BR\"},{\"@type\":\"Person\",\"@id\":\"https:\/\/www.gaveanews.com\/#\/schema\/person\/2ec14f73fb96be2caf28f91afb14749d\",\"name\":\"Equipe G\u00e1vea News\",\"image\":{\"@type\":\"ImageObject\",\"inLanguage\":\"pt-BR\",\"@id\":\"https:\/\/www.gaveanews.com\/#\/schema\/person\/image\/\",\"url\":\"https:\/\/secure.gravatar.com\/avatar\/1e1956f1facbffd3f8fa53a326721950116b3b9dc9bd44939c01180fd4a745a9?s=96&d=mm&r=g\",\"contentUrl\":\"https:\/\/secure.gravatar.com\/avatar\/1e1956f1facbffd3f8fa53a326721950116b3b9dc9bd44939c01180fd4a745a9?s=96&d=mm&r=g\",\"caption\":\"Equipe G\u00e1vea News\"}}]}<\/script>\n<!-- \/ Yoast SEO Premium plugin. -->","yoast_head_json":{"title":"Torcida do Flamengo reage ap\u00f3s declara\u00e7\u00e3o do t\u00e9cnico Jorge Sampaoli: \u201cRachou o elenco\u201d","robots":{"index":"index","follow":"follow","max-snippet":"max-snippet:-1","max-image-preview":"max-image-preview:large","max-video-preview":"max-video-preview:-1"},"canonical":"https:\/\/www.gaveanews.com\/index.php\/2023\/04\/24\/torcida-do-flamengo-reage-apos-declaracao-do-tecnico-jorge-sampaoli-rachou-o-elenco\/","og_locale":"pt_BR","og_type":"article","og_title":"Torcida do Flamengo reage ap\u00f3s declara\u00e7\u00e3o do t\u00e9cnico Jorge Sampaoli: \u201cRachou o elenco\u201d","og_description":"Jorge Sampaoli n\u00e3o perdoou a falta de contund\u00eancia do Flamengo na derrota para o Internacional, pelo Brasileir\u00e3o. Na entrevista coletiva, o treinador exaltou a postura da equipe, mas que faltou efic\u00e1cia ao concluir as jogadas em gol. \u2014 Se tivesse convertido as chances no segundo tempo, a gente estaria falando outra coisa. Eu penso que [&hellip;]","og_url":"https:\/\/www.gaveanews.com\/index.php\/2023\/04\/24\/torcida-do-flamengo-reage-apos-declaracao-do-tecnico-jorge-sampaoli-rachou-o-elenco\/","og_site_name":"G\u00e1vea News","article_publisher":"https:\/\/facebook.com\/gaveaNews\/","article_published_time":"2023-04-24T09:50:00+00:00","og_image":[{"width":900,"height":600,"url":"https:\/\/www.gaveanews.com\/wp-content\/uploads\/jogadores-jorge-sampaoli-treino-flamengo.webp","type":"image\/jpeg"}],"author":"Equipe G\u00e1vea News","twitter_card":"summary_large_image","twitter_misc":{"Escrito por":"Equipe G\u00e1vea News","Est. tempo de leitura":"2 minutos"},"schema":{"@context":"https:\/\/schema.org","@graph":[{"@type":"NewsArticle","@id":"https:\/\/www.gaveanews.com\/index.php\/2023\/04\/24\/torcida-do-flamengo-reage-apos-declaracao-do-tecnico-jorge-sampaoli-rachou-o-elenco\/#article","isPartOf":{"@id":"https:\/\/www.gaveanews.com\/index.php\/2023\/04\/24\/torcida-do-flamengo-reage-apos-declaracao-do-tecnico-jorge-sampaoli-rachou-o-elenco\/"},"author":{"name":"Equipe G\u00e1vea News","@id":"https:\/\/www.gaveanews.com\/#\/schema\/person\/2ec14f73fb96be2caf28f91afb14749d"},"headline":"Torcida do Flamengo reage ap\u00f3s declara\u00e7\u00e3o do t\u00e9cnico Jorge Sampaoli: \u201cRachou o elenco\u201d","datePublished":"2023-04-24T09:50:00+00:00","mainEntityOfPage":{"@id":"https:\/\/www.gaveanews.com\/index.php\/2023\/04\/24\/torcida-do-flamengo-reage-apos-declaracao-do-tecnico-jorge-sampaoli-rachou-o-elenco\/"},"wordCount":399,"commentCount":0,"image":{"@id":"https:\/\/www.gaveanews.com\/index.php\/2023\/04\/24\/torcida-do-flamengo-reage-apos-declaracao-do-tecnico-jorge-sampaoli-rachou-o-elenco\/#primaryimage"},"thumbnailUrl":"https:\/\/www.gaveanews.com\/wp-content\/uploads\/jogadores-jorge-sampaoli-treino-flamengo.webp","articleSection":["Flamengo"],"inLanguage":"pt-BR","potentialAction":[{"@type":"CommentAction","name":"Comment","target":["https:\/\/www.gaveanews.com\/index.php\/2023\/04\/24\/torcida-do-flamengo-reage-apos-declaracao-do-tecnico-jorge-sampaoli-rachou-o-elenco\/#respond"]}],"copyrightYear":"2023","copyrightHolder":{"@id":"https:\/\/www.gaveanews.com\/#organization"}},{"@type":"WebPage","@id":"https:\/\/www.gaveanews.com\/index.php\/2023\/04\/24\/torcida-do-flamengo-reage-apos-declaracao-do-tecnico-jorge-sampaoli-rachou-o-elenco\/","url":"https:\/\/www.gaveanews.com\/index.php\/2023\/04\/24\/torcida-do-flamengo-reage-apos-declaracao-do-tecnico-jorge-sampaoli-rachou-o-elenco\/","name":"Torcida do Flamengo reage ap\u00f3s declara\u00e7\u00e3o do t\u00e9cnico Jorge Sampaoli: \u201cRachou o elenco\u201d","isPartOf":{"@id":"https:\/\/www.gaveanews.com\/#website"},"primaryImageOfPage":{"@id":"https:\/\/www.gaveanews.com\/index.php\/2023\/04\/24\/torcida-do-flamengo-reage-apos-declaracao-do-tecnico-jorge-sampaoli-rachou-o-elenco\/#primaryimage"},"image":{"@id":"https:\/\/www.gaveanews.com\/index.php\/2023\/04\/24\/torcida-do-flamengo-reage-apos-declaracao-do-tecnico-jorge-sampaoli-rachou-o-elenco\/#primaryimage"},"thumbnailUrl":"https:\/\/www.gaveanews.com\/wp-content\/uploads\/jogadores-jorge-sampaoli-treino-flamengo.webp","datePublished":"2023-04-24T09:50:00+00:00","author":{"@id":"https:\/\/www.gaveanews.com\/#\/schema\/person\/2ec14f73fb96be2caf28f91afb14749d"},"breadcrumb":{"@id":"https:\/\/www.gaveanews.com\/index.php\/2023\/04\/24\/torcida-do-flamengo-reage-apos-declaracao-do-tecnico-jorge-sampaoli-rachou-o-elenco\/#breadcrumb"},"inLanguage":"pt-BR","potentialAction":[{"@type":"ReadAction","target":["https:\/\/www.gaveanews.com\/index.php\/2023\/04\/24\/torcida-do-flamengo-reage-apos-declaracao-do-tecnico-jorge-sampaoli-rachou-o-elenco\/"]}]},{"@type":"ImageObject","inLanguage":"pt-BR","@id":"https:\/\/www.gaveanews.com\/index.php\/2023\/04\/24\/torcida-do-flamengo-reage-apos-declaracao-do-tecnico-jorge-sampaoli-rachou-o-elenco\/#primaryimage","url":"https:\/\/www.gaveanews.com\/wp-content\/uploads\/jogadores-jorge-sampaoli-treino-flamengo.webp","contentUrl":"https:\/\/www.gaveanews.com\/wp-content\/uploads\/jogadores-jorge-sampaoli-treino-flamengo.webp","width":900,"height":600,"caption":"Jogadores do Flamengo e comiss\u00e3o t\u00e9cnica de Sampaoli em treino no Ninho do Urubu (Foto: Gilvan de Souza\/Flamengo)"},{"@type":"BreadcrumbList","@id":"https:\/\/www.gaveanews.com\/index.php\/2023\/04\/24\/torcida-do-flamengo-reage-apos-declaracao-do-tecnico-jorge-sampaoli-rachou-o-elenco\/#breadcrumb","itemListElement":[{"@type":"ListItem","position":1,"name":"Home","item":"https:\/\/www.gaveanews.com\/"},{"@type":"ListItem","position":2,"name":"Torcida do Flamengo reage ap\u00f3s declara\u00e7\u00e3o do t\u00e9cnico Jorge Sampaoli: \u201cRachou o elenco\u201d"}]},{"@type":"WebSite","@id":"https:\/\/www.gaveanews.com\/#website","url":"https:\/\/www.gaveanews.com\/","name":"G\u00e1vea News","description":"Veja todas as not\u00edcias sobre o Flamengo: Contrata\u00e7\u00f5es, categorias de base, resultados das partidas, tabela de classifica\u00e7\u00e3o, pr\u00f3ximos jogos!","potentialAction":[{"@type":"SearchAction","target":{"@type":"EntryPoint","urlTemplate":"https:\/\/www.gaveanews.com\/?s={search_term_string}"},"query-input":{"@type":"PropertyValueSpecification","valueRequired":true,"valueName":"search_term_string"}}],"inLanguage":"pt-BR"},{"@type":"Person","@id":"https:\/\/www.gaveanews.com\/#\/schema\/person\/2ec14f73fb96be2caf28f91afb14749d","name":"Equipe G\u00e1vea News","image":{"@type":"ImageObject","inLanguage":"pt-BR","@id":"https:\/\/www.gaveanews.com\/#\/schema\/person\/image\/","url":"https:\/\/secure.gravatar.com\/avatar\/1e1956f1facbffd3f8fa53a326721950116b3b9dc9bd44939c01180fd4a745a9?s=96&d=mm&r=g","contentUrl":"https:\/\/secure.gravatar.com\/avatar\/1e1956f1facbffd3f8fa53a326721950116b3b9dc9bd44939c01180fd4a745a9?s=96&d=mm&r=g","caption":"Equipe G\u00e1vea News"}}]}},"_links":{"self":[{"href":"https:\/\/www.gaveanews.com\/index.php\/wp-json\/wp\/v2\/posts\/97696","targetHints":{"allow":["GET"]}}],"collection":[{"href":"https:\/\/www.gaveanews.com\/index.php\/wp-json\/wp\/v2\/posts"}],"about":[{"href":"https:\/\/www.gaveanews.com\/index.php\/wp-json\/wp\/v2\/types\/post"}],"author":[{"embeddable":true,"href":"https:\/\/www.gaveanews.com\/index.php\/wp-json\/wp\/v2\/users\/1"}],"replies":[{"embeddable":true,"href":"https:\/\/www.gaveanews.com\/index.php\/wp-json\/wp\/v2\/comments?post=97696"}],"version-history":[{"count":0,"href":"https:\/\/www.gaveanews.com\/index.php\/wp-json\/wp\/v2\/posts\/97696\/revisions"}],"wp:featuredmedia":[{"embeddable":true,"href":"https:\/\/www.gaveanews.com\/index.php\/wp-json\/wp\/v2\/media\/97379"}],"wp:attachment":[{"href":"https:\/\/www.gaveanews.com\/index.php\/wp-json\/wp\/v2\/media?parent=97696"}],"wp:term":[{"taxonomy":"category","embeddable":true,"href":"https:\/\/www.gaveanews.com\/index.php\/wp-json\/wp\/v2\/categories?post=97696"},{"taxonomy":"post_tag","embeddable":true,"href":"https:\/\/www.gaveanews.com\/index.php\/wp-json\/wp\/v2\/tags?post=97696"}],"curies":[{"name":"wp","href":"https:\/\/api.w.org\/{rel}","templated":true}]}}