{"id":97698,"date":"2023-04-24T07:00:00","date_gmt":"2023-04-24T10:00:00","guid":{"rendered":"https:\/\/www.gaveanews.com\/?p=97698"},"modified":"2023-04-24T02:59:17","modified_gmt":"2023-04-24T05:59:17","slug":"jornalista-cobra-a-demissao-de-meio-campista-do-flamengo-nao-da-mais-manda-embora","status":"publish","type":"post","link":"https:\/\/www.gaveanews.com\/index.php\/2023\/04\/24\/jornalista-cobra-a-demissao-de-meio-campista-do-flamengo-nao-da-mais-manda-embora\/","title":{"rendered":"Jornalista cobra a demiss\u00e3o de meio-campista do Flamengo: &#8220;N\u00e3o d\u00e1 mais. Manda embora\u201d"},"content":{"rendered":"\n<p>O Flamengo fez um bom jogo diante do Internacional, neste domingo, pelo Brasileir\u00e3o. A equipe dirigida por Jorge Sampaoli esteve perto da vit\u00f3ria, mas duas falhas defensivas custaram caro. A derrota por 2 a 1 \u00e9 a primeira sob o comando do argentino. Ap\u00f3s a partida, Renato Maur\u00edcio Prado analisou individualmente alguns atletas.<\/p>\n\n\n\n<p>Na vis\u00e3o do jornalista, Vidal n\u00e3o possui mais nenhuma condi\u00e7\u00e3o de vestir a camisa rubro-negra. A declara\u00e7\u00e3o foi dada em seu canal \u2018Ilan e Renato\u201d, no YouTube.<\/p>\n\n\n\n<p><em>\u2014 Tem jogadores que n\u00e3o d\u00e3o mais, claramente n\u00e3o d\u00e3o mais. Arturo Vidal \u00e9 brincadeira, esse cara n\u00e3o pode mais jogar no Flamengo. Chega. Chega. Ele \u00e9 um zero a esquerda. No lance do primeiro gol do Internacional, ele n\u00e3o d\u00e1 combate em ningu\u00e9m. Arturo Vidal n\u00e3o d\u00e1 mais. Manda embora<\/em>, avaliou.<\/p>\n\n\n\n<p>Vidal tem contrato v\u00e1lido at\u00e9 dezembro de 2023. Em raz\u00e3o da idade, custo alto e apresenta\u00e7\u00f5es abaixo do esperado, a tend\u00eancia \u00e9 que ele n\u00e3o permane\u00e7a no clube para a pr\u00f3xima temporada.<\/p>\n\n\n\n<h2 class=\"wp-block-heading\" id=\"h-sampaoli-explica-saida-de-pedro\">Sampaoli explica sa\u00edda de Pedro<\/h2>\n\n\n\n<p>No segundo tempo, o t\u00e9cnico optou por Marinho no lugar de Pedro. A sa\u00edda do centroavante gerou muitos protestos entre os flamenguistas. Gabigol, que n\u00e3o fazia boa partida, permaneceu em campo.<\/p>\n\n\n\n<p><em>\u2014 Eu penso que, com tanto dom\u00ednio, o time tinha que concretizar mais. Faltou efic\u00e1cia no \u00faltimo toque na \u00e1rea. A substitui\u00e7\u00e3o teve rela\u00e7\u00e3o direta com o que o time precisava: de mais volume. At\u00e9 a mudan\u00e7a do Pedro, o time estava neutro. Quando vejo que o time est\u00e1 neutro, eu tomo decis\u00f5es. Era um centroavante ou outro. E tomei a decis\u00e3o pelo Gabigol<\/em> \u2013 justificou Sampaoli.<\/p>\n\n\n\n<p>Na sa\u00edda do gramado, o zagueiro Fabr\u00edcio Bruno lamentou o resultado. <\/p>\n\n\n\n<p><em>\u2014 Fizemos um grande jogo, controle quase total. Sab\u00edamos que o Inter era um time que joga em transi\u00e7\u00e3o, conhe\u00e7o bem o Mano Menezes. Na maioria do tempo, conseguimos neutralizar, mas infelizmente foram dois lances e dois gols. Paci\u00eancia<\/em>.<\/p>\n\n\n\n<p>Retirado de: Torcedores <\/p>\n","protected":false},"excerpt":{"rendered":"<p>O Flamengo fez um bom jogo diante do Internacional, neste domingo, pelo Brasileir\u00e3o. A equipe dirigida por Jorge Sampaoli esteve perto da vit\u00f3ria, mas duas falhas defensivas custaram caro. A derrota por 2 a 1 \u00e9 a primeira sob o comando do argentino. Ap\u00f3s a partida, Renato Maur\u00edcio Prado analisou individualmente alguns atletas. Na vis\u00e3o [&hellip;]<\/p>\n","protected":false},"author":1,"featured_media":97699,"comment_status":"open","ping_status":"closed","sticky":false,"template":"","format":"standard","meta":{"footnotes":""},"categories":[1],"tags":[],"class_list":["post-97698","post","type-post","status-publish","format-standard","has-post-thumbnail","hentry","category-flamengo"],"yoast_head":"<!-- This site is optimized with the Yoast SEO Premium plugin v24.2 (Yoast SEO v26.9) - https:\/\/yoast.com\/product\/yoast-seo-premium-wordpress\/ -->\n<title>Jornalista cobra a demiss\u00e3o de meio-campista do Flamengo: &quot;N\u00e3o d\u00e1 mais. Manda embora\u201d<\/title>\n<meta name=\"robots\" content=\"index, follow, max-snippet:-1, max-image-preview:large, max-video-preview:-1\" \/>\n<link rel=\"canonical\" href=\"https:\/\/www.gaveanews.com\/index.php\/2023\/04\/24\/jornalista-cobra-a-demissao-de-meio-campista-do-flamengo-nao-da-mais-manda-embora\/\" \/>\n<meta property=\"og:locale\" content=\"pt_BR\" \/>\n<meta property=\"og:type\" content=\"article\" \/>\n<meta property=\"og:title\" content=\"Jornalista cobra a demiss\u00e3o de meio-campista do Flamengo: &quot;N\u00e3o d\u00e1 mais. Manda embora\u201d\" \/>\n<meta property=\"og:description\" content=\"O Flamengo fez um bom jogo diante do Internacional, neste domingo, pelo Brasileir\u00e3o. A equipe dirigida por Jorge Sampaoli esteve perto da vit\u00f3ria, mas duas falhas defensivas custaram caro. A derrota por 2 a 1 \u00e9 a primeira sob o comando do argentino. Ap\u00f3s a partida, Renato Maur\u00edcio Prado analisou individualmente alguns atletas. Na vis\u00e3o [&hellip;]\" \/>\n<meta property=\"og:url\" content=\"https:\/\/www.gaveanews.com\/index.php\/2023\/04\/24\/jornalista-cobra-a-demissao-de-meio-campista-do-flamengo-nao-da-mais-manda-embora\/\" \/>\n<meta property=\"og:site_name\" content=\"G\u00e1vea News\" \/>\n<meta property=\"article:publisher\" content=\"https:\/\/facebook.com\/gaveaNews\/\" \/>\n<meta property=\"article:published_time\" content=\"2023-04-24T10:00:00+00:00\" \/>\n<meta property=\"og:image\" content=\"https:\/\/www.gaveanews.com\/wp-content\/uploads\/Arturo-Vidal-em-acao-pelo-Flamengo-no-estadio-do-Maracana-durante-o-classico-contra-o-Vasco-pelo-Campeonato-Carioca-de-2023.webp\" \/>\n\t<meta property=\"og:image:width\" content=\"902\" \/>\n\t<meta property=\"og:image:height\" content=\"600\" \/>\n\t<meta property=\"og:image:type\" content=\"image\/jpeg\" \/>\n<meta name=\"author\" content=\"Equipe G\u00e1vea News\" \/>\n<meta name=\"twitter:card\" content=\"summary_large_image\" \/>\n<meta name=\"twitter:label1\" content=\"Escrito por\" \/>\n\t<meta name=\"twitter:data1\" content=\"Equipe G\u00e1vea News\" \/>\n\t<meta name=\"twitter:label2\" content=\"Est. tempo de leitura\" \/>\n\t<meta name=\"twitter:data2\" content=\"2 minutos\" \/>\n<script type=\"application\/ld+json\" class=\"yoast-schema-graph\">{\"@context\":\"https:\/\/schema.org\",\"@graph\":[{\"@type\":\"NewsArticle\",\"@id\":\"https:\/\/www.gaveanews.com\/index.php\/2023\/04\/24\/jornalista-cobra-a-demissao-de-meio-campista-do-flamengo-nao-da-mais-manda-embora\/#article\",\"isPartOf\":{\"@id\":\"https:\/\/www.gaveanews.com\/index.php\/2023\/04\/24\/jornalista-cobra-a-demissao-de-meio-campista-do-flamengo-nao-da-mais-manda-embora\/\"},\"author\":{\"name\":\"Equipe G\u00e1vea News\",\"@id\":\"https:\/\/www.gaveanews.com\/#\/schema\/person\/2ec14f73fb96be2caf28f91afb14749d\"},\"headline\":\"Jornalista cobra a demiss\u00e3o de meio-campista do Flamengo: &#8220;N\u00e3o d\u00e1 mais. Manda embora\u201d\",\"datePublished\":\"2023-04-24T10:00:00+00:00\",\"mainEntityOfPage\":{\"@id\":\"https:\/\/www.gaveanews.com\/index.php\/2023\/04\/24\/jornalista-cobra-a-demissao-de-meio-campista-do-flamengo-nao-da-mais-manda-embora\/\"},\"wordCount\":364,\"commentCount\":0,\"image\":{\"@id\":\"https:\/\/www.gaveanews.com\/index.php\/2023\/04\/24\/jornalista-cobra-a-demissao-de-meio-campista-do-flamengo-nao-da-mais-manda-embora\/#primaryimage\"},\"thumbnailUrl\":\"https:\/\/www.gaveanews.com\/wp-content\/uploads\/Arturo-Vidal-em-acao-pelo-Flamengo-no-estadio-do-Maracana-durante-o-classico-contra-o-Vasco-pelo-Campeonato-Carioca-de-2023.webp\",\"articleSection\":[\"Flamengo\"],\"inLanguage\":\"pt-BR\",\"potentialAction\":[{\"@type\":\"CommentAction\",\"name\":\"Comment\",\"target\":[\"https:\/\/www.gaveanews.com\/index.php\/2023\/04\/24\/jornalista-cobra-a-demissao-de-meio-campista-do-flamengo-nao-da-mais-manda-embora\/#respond\"]}],\"copyrightYear\":\"2023\",\"copyrightHolder\":{\"@id\":\"https:\/\/www.gaveanews.com\/#organization\"}},{\"@type\":\"WebPage\",\"@id\":\"https:\/\/www.gaveanews.com\/index.php\/2023\/04\/24\/jornalista-cobra-a-demissao-de-meio-campista-do-flamengo-nao-da-mais-manda-embora\/\",\"url\":\"https:\/\/www.gaveanews.com\/index.php\/2023\/04\/24\/jornalista-cobra-a-demissao-de-meio-campista-do-flamengo-nao-da-mais-manda-embora\/\",\"name\":\"Jornalista cobra a demiss\u00e3o de meio-campista do Flamengo: \\\"N\u00e3o d\u00e1 mais. Manda embora\u201d\",\"isPartOf\":{\"@id\":\"https:\/\/www.gaveanews.com\/#website\"},\"primaryImageOfPage\":{\"@id\":\"https:\/\/www.gaveanews.com\/index.php\/2023\/04\/24\/jornalista-cobra-a-demissao-de-meio-campista-do-flamengo-nao-da-mais-manda-embora\/#primaryimage\"},\"image\":{\"@id\":\"https:\/\/www.gaveanews.com\/index.php\/2023\/04\/24\/jornalista-cobra-a-demissao-de-meio-campista-do-flamengo-nao-da-mais-manda-embora\/#primaryimage\"},\"thumbnailUrl\":\"https:\/\/www.gaveanews.com\/wp-content\/uploads\/Arturo-Vidal-em-acao-pelo-Flamengo-no-estadio-do-Maracana-durante-o-classico-contra-o-Vasco-pelo-Campeonato-Carioca-de-2023.webp\",\"datePublished\":\"2023-04-24T10:00:00+00:00\",\"author\":{\"@id\":\"https:\/\/www.gaveanews.com\/#\/schema\/person\/2ec14f73fb96be2caf28f91afb14749d\"},\"breadcrumb\":{\"@id\":\"https:\/\/www.gaveanews.com\/index.php\/2023\/04\/24\/jornalista-cobra-a-demissao-de-meio-campista-do-flamengo-nao-da-mais-manda-embora\/#breadcrumb\"},\"inLanguage\":\"pt-BR\",\"potentialAction\":[{\"@type\":\"ReadAction\",\"target\":[\"https:\/\/www.gaveanews.com\/index.php\/2023\/04\/24\/jornalista-cobra-a-demissao-de-meio-campista-do-flamengo-nao-da-mais-manda-embora\/\"]}]},{\"@type\":\"ImageObject\",\"inLanguage\":\"pt-BR\",\"@id\":\"https:\/\/www.gaveanews.com\/index.php\/2023\/04\/24\/jornalista-cobra-a-demissao-de-meio-campista-do-flamengo-nao-da-mais-manda-embora\/#primaryimage\",\"url\":\"https:\/\/www.gaveanews.com\/wp-content\/uploads\/Arturo-Vidal-em-acao-pelo-Flamengo-no-estadio-do-Maracana-durante-o-classico-contra-o-Vasco-pelo-Campeonato-Carioca-de-2023.webp\",\"contentUrl\":\"https:\/\/www.gaveanews.com\/wp-content\/uploads\/Arturo-Vidal-em-acao-pelo-Flamengo-no-estadio-do-Maracana-durante-o-classico-contra-o-Vasco-pelo-Campeonato-Carioca-de-2023.webp\",\"width\":902,\"height\":600,\"caption\":\"Arturo Vidal em a\u00e7\u00e3o pelo Flamengo no Maracan\u00e3 durante o cl\u00e1ssico contra o Vasco (Foto: Marcelo Cortes\/Flamengo)\"},{\"@type\":\"BreadcrumbList\",\"@id\":\"https:\/\/www.gaveanews.com\/index.php\/2023\/04\/24\/jornalista-cobra-a-demissao-de-meio-campista-do-flamengo-nao-da-mais-manda-embora\/#breadcrumb\",\"itemListElement\":[{\"@type\":\"ListItem\",\"position\":1,\"name\":\"Home\",\"item\":\"https:\/\/www.gaveanews.com\/\"},{\"@type\":\"ListItem\",\"position\":2,\"name\":\"Jornalista cobra a demiss\u00e3o de meio-campista do Flamengo: &#8220;N\u00e3o d\u00e1 mais. Manda embora\u201d\"}]},{\"@type\":\"WebSite\",\"@id\":\"https:\/\/www.gaveanews.com\/#website\",\"url\":\"https:\/\/www.gaveanews.com\/\",\"name\":\"G\u00e1vea News\",\"description\":\"Veja todas as not\u00edcias sobre o Flamengo: Contrata\u00e7\u00f5es, categorias de base, resultados das partidas, tabela de classifica\u00e7\u00e3o, pr\u00f3ximos jogos!\",\"potentialAction\":[{\"@type\":\"SearchAction\",\"target\":{\"@type\":\"EntryPoint\",\"urlTemplate\":\"https:\/\/www.gaveanews.com\/?s={search_term_string}\"},\"query-input\":{\"@type\":\"PropertyValueSpecification\",\"valueRequired\":true,\"valueName\":\"search_term_string\"}}],\"inLanguage\":\"pt-BR\"},{\"@type\":\"Person\",\"@id\":\"https:\/\/www.gaveanews.com\/#\/schema\/person\/2ec14f73fb96be2caf28f91afb14749d\",\"name\":\"Equipe G\u00e1vea News\",\"image\":{\"@type\":\"ImageObject\",\"inLanguage\":\"pt-BR\",\"@id\":\"https:\/\/www.gaveanews.com\/#\/schema\/person\/image\/\",\"url\":\"https:\/\/secure.gravatar.com\/avatar\/1e1956f1facbffd3f8fa53a326721950116b3b9dc9bd44939c01180fd4a745a9?s=96&d=mm&r=g\",\"contentUrl\":\"https:\/\/secure.gravatar.com\/avatar\/1e1956f1facbffd3f8fa53a326721950116b3b9dc9bd44939c01180fd4a745a9?s=96&d=mm&r=g\",\"caption\":\"Equipe G\u00e1vea News\"}}]}<\/script>\n<!-- \/ Yoast SEO Premium plugin. -->","yoast_head_json":{"title":"Jornalista cobra a demiss\u00e3o de meio-campista do Flamengo: \"N\u00e3o d\u00e1 mais. Manda embora\u201d","robots":{"index":"index","follow":"follow","max-snippet":"max-snippet:-1","max-image-preview":"max-image-preview:large","max-video-preview":"max-video-preview:-1"},"canonical":"https:\/\/www.gaveanews.com\/index.php\/2023\/04\/24\/jornalista-cobra-a-demissao-de-meio-campista-do-flamengo-nao-da-mais-manda-embora\/","og_locale":"pt_BR","og_type":"article","og_title":"Jornalista cobra a demiss\u00e3o de meio-campista do Flamengo: \"N\u00e3o d\u00e1 mais. Manda embora\u201d","og_description":"O Flamengo fez um bom jogo diante do Internacional, neste domingo, pelo Brasileir\u00e3o. A equipe dirigida por Jorge Sampaoli esteve perto da vit\u00f3ria, mas duas falhas defensivas custaram caro. A derrota por 2 a 1 \u00e9 a primeira sob o comando do argentino. Ap\u00f3s a partida, Renato Maur\u00edcio Prado analisou individualmente alguns atletas. Na vis\u00e3o [&hellip;]","og_url":"https:\/\/www.gaveanews.com\/index.php\/2023\/04\/24\/jornalista-cobra-a-demissao-de-meio-campista-do-flamengo-nao-da-mais-manda-embora\/","og_site_name":"G\u00e1vea News","article_publisher":"https:\/\/facebook.com\/gaveaNews\/","article_published_time":"2023-04-24T10:00:00+00:00","og_image":[{"width":902,"height":600,"url":"https:\/\/www.gaveanews.com\/wp-content\/uploads\/Arturo-Vidal-em-acao-pelo-Flamengo-no-estadio-do-Maracana-durante-o-classico-contra-o-Vasco-pelo-Campeonato-Carioca-de-2023.webp","type":"image\/jpeg"}],"author":"Equipe G\u00e1vea News","twitter_card":"summary_large_image","twitter_misc":{"Escrito por":"Equipe G\u00e1vea News","Est. tempo de leitura":"2 minutos"},"schema":{"@context":"https:\/\/schema.org","@graph":[{"@type":"NewsArticle","@id":"https:\/\/www.gaveanews.com\/index.php\/2023\/04\/24\/jornalista-cobra-a-demissao-de-meio-campista-do-flamengo-nao-da-mais-manda-embora\/#article","isPartOf":{"@id":"https:\/\/www.gaveanews.com\/index.php\/2023\/04\/24\/jornalista-cobra-a-demissao-de-meio-campista-do-flamengo-nao-da-mais-manda-embora\/"},"author":{"name":"Equipe G\u00e1vea News","@id":"https:\/\/www.gaveanews.com\/#\/schema\/person\/2ec14f73fb96be2caf28f91afb14749d"},"headline":"Jornalista cobra a demiss\u00e3o de meio-campista do Flamengo: &#8220;N\u00e3o d\u00e1 mais. Manda embora\u201d","datePublished":"2023-04-24T10:00:00+00:00","mainEntityOfPage":{"@id":"https:\/\/www.gaveanews.com\/index.php\/2023\/04\/24\/jornalista-cobra-a-demissao-de-meio-campista-do-flamengo-nao-da-mais-manda-embora\/"},"wordCount":364,"commentCount":0,"image":{"@id":"https:\/\/www.gaveanews.com\/index.php\/2023\/04\/24\/jornalista-cobra-a-demissao-de-meio-campista-do-flamengo-nao-da-mais-manda-embora\/#primaryimage"},"thumbnailUrl":"https:\/\/www.gaveanews.com\/wp-content\/uploads\/Arturo-Vidal-em-acao-pelo-Flamengo-no-estadio-do-Maracana-durante-o-classico-contra-o-Vasco-pelo-Campeonato-Carioca-de-2023.webp","articleSection":["Flamengo"],"inLanguage":"pt-BR","potentialAction":[{"@type":"CommentAction","name":"Comment","target":["https:\/\/www.gaveanews.com\/index.php\/2023\/04\/24\/jornalista-cobra-a-demissao-de-meio-campista-do-flamengo-nao-da-mais-manda-embora\/#respond"]}],"copyrightYear":"2023","copyrightHolder":{"@id":"https:\/\/www.gaveanews.com\/#organization"}},{"@type":"WebPage","@id":"https:\/\/www.gaveanews.com\/index.php\/2023\/04\/24\/jornalista-cobra-a-demissao-de-meio-campista-do-flamengo-nao-da-mais-manda-embora\/","url":"https:\/\/www.gaveanews.com\/index.php\/2023\/04\/24\/jornalista-cobra-a-demissao-de-meio-campista-do-flamengo-nao-da-mais-manda-embora\/","name":"Jornalista cobra a demiss\u00e3o de meio-campista do Flamengo: \"N\u00e3o d\u00e1 mais. Manda embora\u201d","isPartOf":{"@id":"https:\/\/www.gaveanews.com\/#website"},"primaryImageOfPage":{"@id":"https:\/\/www.gaveanews.com\/index.php\/2023\/04\/24\/jornalista-cobra-a-demissao-de-meio-campista-do-flamengo-nao-da-mais-manda-embora\/#primaryimage"},"image":{"@id":"https:\/\/www.gaveanews.com\/index.php\/2023\/04\/24\/jornalista-cobra-a-demissao-de-meio-campista-do-flamengo-nao-da-mais-manda-embora\/#primaryimage"},"thumbnailUrl":"https:\/\/www.gaveanews.com\/wp-content\/uploads\/Arturo-Vidal-em-acao-pelo-Flamengo-no-estadio-do-Maracana-durante-o-classico-contra-o-Vasco-pelo-Campeonato-Carioca-de-2023.webp","datePublished":"2023-04-24T10:00:00+00:00","author":{"@id":"https:\/\/www.gaveanews.com\/#\/schema\/person\/2ec14f73fb96be2caf28f91afb14749d"},"breadcrumb":{"@id":"https:\/\/www.gaveanews.com\/index.php\/2023\/04\/24\/jornalista-cobra-a-demissao-de-meio-campista-do-flamengo-nao-da-mais-manda-embora\/#breadcrumb"},"inLanguage":"pt-BR","potentialAction":[{"@type":"ReadAction","target":["https:\/\/www.gaveanews.com\/index.php\/2023\/04\/24\/jornalista-cobra-a-demissao-de-meio-campista-do-flamengo-nao-da-mais-manda-embora\/"]}]},{"@type":"ImageObject","inLanguage":"pt-BR","@id":"https:\/\/www.gaveanews.com\/index.php\/2023\/04\/24\/jornalista-cobra-a-demissao-de-meio-campista-do-flamengo-nao-da-mais-manda-embora\/#primaryimage","url":"https:\/\/www.gaveanews.com\/wp-content\/uploads\/Arturo-Vidal-em-acao-pelo-Flamengo-no-estadio-do-Maracana-durante-o-classico-contra-o-Vasco-pelo-Campeonato-Carioca-de-2023.webp","contentUrl":"https:\/\/www.gaveanews.com\/wp-content\/uploads\/Arturo-Vidal-em-acao-pelo-Flamengo-no-estadio-do-Maracana-durante-o-classico-contra-o-Vasco-pelo-Campeonato-Carioca-de-2023.webp","width":902,"height":600,"caption":"Arturo Vidal em a\u00e7\u00e3o pelo Flamengo no Maracan\u00e3 durante o cl\u00e1ssico contra o Vasco (Foto: Marcelo Cortes\/Flamengo)"},{"@type":"BreadcrumbList","@id":"https:\/\/www.gaveanews.com\/index.php\/2023\/04\/24\/jornalista-cobra-a-demissao-de-meio-campista-do-flamengo-nao-da-mais-manda-embora\/#breadcrumb","itemListElement":[{"@type":"ListItem","position":1,"name":"Home","item":"https:\/\/www.gaveanews.com\/"},{"@type":"ListItem","position":2,"name":"Jornalista cobra a demiss\u00e3o de meio-campista do Flamengo: &#8220;N\u00e3o d\u00e1 mais. Manda embora\u201d"}]},{"@type":"WebSite","@id":"https:\/\/www.gaveanews.com\/#website","url":"https:\/\/www.gaveanews.com\/","name":"G\u00e1vea News","description":"Veja todas as not\u00edcias sobre o Flamengo: Contrata\u00e7\u00f5es, categorias de base, resultados das partidas, tabela de classifica\u00e7\u00e3o, pr\u00f3ximos jogos!","potentialAction":[{"@type":"SearchAction","target":{"@type":"EntryPoint","urlTemplate":"https:\/\/www.gaveanews.com\/?s={search_term_string}"},"query-input":{"@type":"PropertyValueSpecification","valueRequired":true,"valueName":"search_term_string"}}],"inLanguage":"pt-BR"},{"@type":"Person","@id":"https:\/\/www.gaveanews.com\/#\/schema\/person\/2ec14f73fb96be2caf28f91afb14749d","name":"Equipe G\u00e1vea News","image":{"@type":"ImageObject","inLanguage":"pt-BR","@id":"https:\/\/www.gaveanews.com\/#\/schema\/person\/image\/","url":"https:\/\/secure.gravatar.com\/avatar\/1e1956f1facbffd3f8fa53a326721950116b3b9dc9bd44939c01180fd4a745a9?s=96&d=mm&r=g","contentUrl":"https:\/\/secure.gravatar.com\/avatar\/1e1956f1facbffd3f8fa53a326721950116b3b9dc9bd44939c01180fd4a745a9?s=96&d=mm&r=g","caption":"Equipe G\u00e1vea News"}}]}},"_links":{"self":[{"href":"https:\/\/www.gaveanews.com\/index.php\/wp-json\/wp\/v2\/posts\/97698","targetHints":{"allow":["GET"]}}],"collection":[{"href":"https:\/\/www.gaveanews.com\/index.php\/wp-json\/wp\/v2\/posts"}],"about":[{"href":"https:\/\/www.gaveanews.com\/index.php\/wp-json\/wp\/v2\/types\/post"}],"author":[{"embeddable":true,"href":"https:\/\/www.gaveanews.com\/index.php\/wp-json\/wp\/v2\/users\/1"}],"replies":[{"embeddable":true,"href":"https:\/\/www.gaveanews.com\/index.php\/wp-json\/wp\/v2\/comments?post=97698"}],"version-history":[{"count":0,"href":"https:\/\/www.gaveanews.com\/index.php\/wp-json\/wp\/v2\/posts\/97698\/revisions"}],"wp:featuredmedia":[{"embeddable":true,"href":"https:\/\/www.gaveanews.com\/index.php\/wp-json\/wp\/v2\/media\/97699"}],"wp:attachment":[{"href":"https:\/\/www.gaveanews.com\/index.php\/wp-json\/wp\/v2\/media?parent=97698"}],"wp:term":[{"taxonomy":"category","embeddable":true,"href":"https:\/\/www.gaveanews.com\/index.php\/wp-json\/wp\/v2\/categories?post=97698"},{"taxonomy":"post_tag","embeddable":true,"href":"https:\/\/www.gaveanews.com\/index.php\/wp-json\/wp\/v2\/tags?post=97698"}],"curies":[{"name":"wp","href":"https:\/\/api.w.org\/{rel}","templated":true}]}}