{"id":97729,"date":"2023-04-24T15:09:02","date_gmt":"2023-04-24T18:09:02","guid":{"rendered":"https:\/\/www.gaveanews.com\/?p=97729"},"modified":"2023-04-24T15:09:05","modified_gmt":"2023-04-24T18:09:05","slug":"diego-ribas-da-sua-opiniao-sobre-a-chegada-de-jorge-sampaoli-ao-flamengo","status":"publish","type":"post","link":"https:\/\/www.gaveanews.com\/index.php\/2023\/04\/24\/diego-ribas-da-sua-opiniao-sobre-a-chegada-de-jorge-sampaoli-ao-flamengo\/","title":{"rendered":"Diego Ribas d\u00e1 sua opini\u00e3o sobre a chegada de Jorge Sampaoli ao Flamengo"},"content":{"rendered":"\n<p>Diego Ribas, ex-Flamengo e atual comentarista da Globo, analisou o momento do seu antigo clube. Diego Ribas comentou a chegada de Jorge Sampaoli ao Flamengo. O ex-meia abordou esse e outros t\u00f3picos em entrevista ao Charla Podcast.<\/p>\n\n\n\n<p>Comandar os jogadores do Flamengo \u00e9 &#8220;f\u00e1cil&#8221;. Diego Ribas rebateu acusa\u00e7\u00f5es de acomoda\u00e7\u00e3o e egos fortes no vesti\u00e1rio rubro-negro. O comentarista defendeu o car\u00e1ter dos ex-companheiros de Flamengo. Diego Ribas ainda afirmou que gosta do estilo intenso de Jorge Sampaoli, novo t\u00e9cnico do clube, e acredita que o trabalho pode dar certo.<\/p>\n\n\n\n<p><em>\u2014 (\u00c9 dif\u00edcil treinar o elenco do Flamengo?) Nunca. Pelo contr\u00e1rio, \u00e9 f\u00e1cil. Em termos de car\u00e1ter e pessoas, f\u00e1cil. Dif\u00edcil \u00e9 porque voc\u00ea vai chegar l\u00e1 e tua cobran\u00e7a vai ser &#8216;Voc\u00ea tem o melhor elenco, ent\u00e3o tem que dar resultado&#8217;. Isso \u00e9 dif\u00edcil. Todo mundo fica falando &#8216;At\u00e9 minha v\u00f3 treinava esse time e dava resultado&#8217;. (\u2026) A\u00ed come\u00e7a a desmerecer o trabalho do treinador<\/em>, declarou Diego Ribas, ao Charla Podcast.<\/p>\n\n\n\n<p><em>\u2014 N\u00f3s j\u00e1 vimos em outros clubes, no pr\u00f3prio Flamengo em momentos de dificuldade, que os jogadores est\u00e3o ali, mas se n\u00e3o souber usar n\u00e3o vai dar resultado. O que aconteceu foi isso, os treinadores que conseguiram implementar, convencer e dar resultado colheram os frutos. E os que n\u00e3o conseguiram. Agora, o elenco do Flamengo, o car\u00e1ter dos jogadores, \u00e9 excelente. (\u2026) Se tiver (algu\u00e9m acomodado), fica para tr\u00e1s<\/em>, concluiu o ex-jogador.<\/p>\n\n\n\n<p>Retirado de: UOL<\/p>\n","protected":false},"excerpt":{"rendered":"<p>Diego Ribas, ex-Flamengo e atual comentarista da Globo, analisou o momento do seu antigo clube. Diego Ribas comentou a chegada de Jorge Sampaoli ao Flamengo. O ex-meia abordou esse e outros t\u00f3picos em entrevista ao Charla Podcast. Comandar os jogadores do Flamengo \u00e9 &#8220;f\u00e1cil&#8221;. Diego Ribas rebateu acusa\u00e7\u00f5es de acomoda\u00e7\u00e3o e egos fortes no vesti\u00e1rio [&hellip;]<\/p>\n","protected":false},"author":1,"featured_media":76899,"comment_status":"open","ping_status":"closed","sticky":false,"template":"","format":"standard","meta":{"footnotes":""},"categories":[1],"tags":[],"class_list":["post-97729","post","type-post","status-publish","format-standard","has-post-thumbnail","hentry","category-flamengo"],"yoast_head":"<!-- This site is optimized with the Yoast SEO Premium plugin v24.2 (Yoast SEO v26.9) - https:\/\/yoast.com\/product\/yoast-seo-premium-wordpress\/ -->\n<title>Diego Ribas d\u00e1 sua opini\u00e3o sobre a chegada de Jorge Sampaoli ao Flamengo<\/title>\n<meta name=\"robots\" content=\"index, follow, max-snippet:-1, max-image-preview:large, max-video-preview:-1\" \/>\n<link rel=\"canonical\" href=\"https:\/\/www.gaveanews.com\/index.php\/2023\/04\/24\/diego-ribas-da-sua-opiniao-sobre-a-chegada-de-jorge-sampaoli-ao-flamengo\/\" \/>\n<meta property=\"og:locale\" content=\"pt_BR\" \/>\n<meta property=\"og:type\" content=\"article\" \/>\n<meta property=\"og:title\" content=\"Diego Ribas d\u00e1 sua opini\u00e3o sobre a chegada de Jorge Sampaoli ao Flamengo\" \/>\n<meta property=\"og:description\" content=\"Diego Ribas, ex-Flamengo e atual comentarista da Globo, analisou o momento do seu antigo clube. Diego Ribas comentou a chegada de Jorge Sampaoli ao Flamengo. O ex-meia abordou esse e outros t\u00f3picos em entrevista ao Charla Podcast. Comandar os jogadores do Flamengo \u00e9 &#8220;f\u00e1cil&#8221;. Diego Ribas rebateu acusa\u00e7\u00f5es de acomoda\u00e7\u00e3o e egos fortes no vesti\u00e1rio [&hellip;]\" \/>\n<meta property=\"og:url\" content=\"https:\/\/www.gaveanews.com\/index.php\/2023\/04\/24\/diego-ribas-da-sua-opiniao-sobre-a-chegada-de-jorge-sampaoli-ao-flamengo\/\" \/>\n<meta property=\"og:site_name\" content=\"G\u00e1vea News\" \/>\n<meta property=\"article:publisher\" content=\"https:\/\/facebook.com\/gaveaNews\/\" \/>\n<meta property=\"article:published_time\" content=\"2023-04-24T18:09:02+00:00\" \/>\n<meta property=\"article:modified_time\" content=\"2023-04-24T18:09:05+00:00\" \/>\n<meta property=\"og:image\" content=\"https:\/\/www.gaveanews.com\/wp-content\/uploads\/Diego-Ribas-em-acao-pelo-Flamengo-no-Campeonato-Carioca-2022.webp\" \/>\n\t<meta property=\"og:image:width\" content=\"800\" \/>\n\t<meta property=\"og:image:height\" content=\"532\" \/>\n\t<meta property=\"og:image:type\" content=\"image\/jpeg\" \/>\n<meta name=\"author\" content=\"Equipe G\u00e1vea News\" \/>\n<meta name=\"twitter:card\" content=\"summary_large_image\" \/>\n<meta name=\"twitter:label1\" content=\"Escrito por\" \/>\n\t<meta name=\"twitter:data1\" content=\"Equipe G\u00e1vea News\" \/>\n\t<meta name=\"twitter:label2\" content=\"Est. tempo de leitura\" \/>\n\t<meta name=\"twitter:data2\" content=\"2 minutos\" \/>\n<script type=\"application\/ld+json\" class=\"yoast-schema-graph\">{\"@context\":\"https:\/\/schema.org\",\"@graph\":[{\"@type\":\"NewsArticle\",\"@id\":\"https:\/\/www.gaveanews.com\/index.php\/2023\/04\/24\/diego-ribas-da-sua-opiniao-sobre-a-chegada-de-jorge-sampaoli-ao-flamengo\/#article\",\"isPartOf\":{\"@id\":\"https:\/\/www.gaveanews.com\/index.php\/2023\/04\/24\/diego-ribas-da-sua-opiniao-sobre-a-chegada-de-jorge-sampaoli-ao-flamengo\/\"},\"author\":{\"name\":\"Equipe G\u00e1vea News\",\"@id\":\"https:\/\/www.gaveanews.com\/#\/schema\/person\/2ec14f73fb96be2caf28f91afb14749d\"},\"headline\":\"Diego Ribas d\u00e1 sua opini\u00e3o sobre a chegada de Jorge Sampaoli ao Flamengo\",\"datePublished\":\"2023-04-24T18:09:02+00:00\",\"dateModified\":\"2023-04-24T18:09:05+00:00\",\"mainEntityOfPage\":{\"@id\":\"https:\/\/www.gaveanews.com\/index.php\/2023\/04\/24\/diego-ribas-da-sua-opiniao-sobre-a-chegada-de-jorge-sampaoli-ao-flamengo\/\"},\"wordCount\":267,\"commentCount\":0,\"image\":{\"@id\":\"https:\/\/www.gaveanews.com\/index.php\/2023\/04\/24\/diego-ribas-da-sua-opiniao-sobre-a-chegada-de-jorge-sampaoli-ao-flamengo\/#primaryimage\"},\"thumbnailUrl\":\"https:\/\/www.gaveanews.com\/wp-content\/uploads\/Diego-Ribas-em-acao-pelo-Flamengo-no-Campeonato-Carioca-2022.webp\",\"articleSection\":[\"Flamengo\"],\"inLanguage\":\"pt-BR\",\"potentialAction\":[{\"@type\":\"CommentAction\",\"name\":\"Comment\",\"target\":[\"https:\/\/www.gaveanews.com\/index.php\/2023\/04\/24\/diego-ribas-da-sua-opiniao-sobre-a-chegada-de-jorge-sampaoli-ao-flamengo\/#respond\"]}],\"copyrightYear\":\"2023\",\"copyrightHolder\":{\"@id\":\"https:\/\/www.gaveanews.com\/#organization\"}},{\"@type\":\"WebPage\",\"@id\":\"https:\/\/www.gaveanews.com\/index.php\/2023\/04\/24\/diego-ribas-da-sua-opiniao-sobre-a-chegada-de-jorge-sampaoli-ao-flamengo\/\",\"url\":\"https:\/\/www.gaveanews.com\/index.php\/2023\/04\/24\/diego-ribas-da-sua-opiniao-sobre-a-chegada-de-jorge-sampaoli-ao-flamengo\/\",\"name\":\"Diego Ribas d\u00e1 sua opini\u00e3o sobre a chegada de Jorge Sampaoli ao Flamengo\",\"isPartOf\":{\"@id\":\"https:\/\/www.gaveanews.com\/#website\"},\"primaryImageOfPage\":{\"@id\":\"https:\/\/www.gaveanews.com\/index.php\/2023\/04\/24\/diego-ribas-da-sua-opiniao-sobre-a-chegada-de-jorge-sampaoli-ao-flamengo\/#primaryimage\"},\"image\":{\"@id\":\"https:\/\/www.gaveanews.com\/index.php\/2023\/04\/24\/diego-ribas-da-sua-opiniao-sobre-a-chegada-de-jorge-sampaoli-ao-flamengo\/#primaryimage\"},\"thumbnailUrl\":\"https:\/\/www.gaveanews.com\/wp-content\/uploads\/Diego-Ribas-em-acao-pelo-Flamengo-no-Campeonato-Carioca-2022.webp\",\"datePublished\":\"2023-04-24T18:09:02+00:00\",\"dateModified\":\"2023-04-24T18:09:05+00:00\",\"author\":{\"@id\":\"https:\/\/www.gaveanews.com\/#\/schema\/person\/2ec14f73fb96be2caf28f91afb14749d\"},\"breadcrumb\":{\"@id\":\"https:\/\/www.gaveanews.com\/index.php\/2023\/04\/24\/diego-ribas-da-sua-opiniao-sobre-a-chegada-de-jorge-sampaoli-ao-flamengo\/#breadcrumb\"},\"inLanguage\":\"pt-BR\",\"potentialAction\":[{\"@type\":\"ReadAction\",\"target\":[\"https:\/\/www.gaveanews.com\/index.php\/2023\/04\/24\/diego-ribas-da-sua-opiniao-sobre-a-chegada-de-jorge-sampaoli-ao-flamengo\/\"]}]},{\"@type\":\"ImageObject\",\"inLanguage\":\"pt-BR\",\"@id\":\"https:\/\/www.gaveanews.com\/index.php\/2023\/04\/24\/diego-ribas-da-sua-opiniao-sobre-a-chegada-de-jorge-sampaoli-ao-flamengo\/#primaryimage\",\"url\":\"https:\/\/www.gaveanews.com\/wp-content\/uploads\/Diego-Ribas-em-acao-pelo-Flamengo-no-Campeonato-Carioca-2022.webp\",\"contentUrl\":\"https:\/\/www.gaveanews.com\/wp-content\/uploads\/Diego-Ribas-em-acao-pelo-Flamengo-no-Campeonato-Carioca-2022.webp\",\"width\":800,\"height\":532,\"caption\":\"Diego Ribas em a\u00e7\u00e3o pelo Flamengo no Campeonato Carioca 2022 (Foto: Marcelo Cortes\/Flamengo)\"},{\"@type\":\"BreadcrumbList\",\"@id\":\"https:\/\/www.gaveanews.com\/index.php\/2023\/04\/24\/diego-ribas-da-sua-opiniao-sobre-a-chegada-de-jorge-sampaoli-ao-flamengo\/#breadcrumb\",\"itemListElement\":[{\"@type\":\"ListItem\",\"position\":1,\"name\":\"Home\",\"item\":\"https:\/\/www.gaveanews.com\/\"},{\"@type\":\"ListItem\",\"position\":2,\"name\":\"Diego Ribas d\u00e1 sua opini\u00e3o sobre a chegada de Jorge Sampaoli ao Flamengo\"}]},{\"@type\":\"WebSite\",\"@id\":\"https:\/\/www.gaveanews.com\/#website\",\"url\":\"https:\/\/www.gaveanews.com\/\",\"name\":\"G\u00e1vea News\",\"description\":\"Veja todas as not\u00edcias sobre o Flamengo: Contrata\u00e7\u00f5es, categorias de base, resultados das partidas, tabela de classifica\u00e7\u00e3o, pr\u00f3ximos jogos!\",\"potentialAction\":[{\"@type\":\"SearchAction\",\"target\":{\"@type\":\"EntryPoint\",\"urlTemplate\":\"https:\/\/www.gaveanews.com\/?s={search_term_string}\"},\"query-input\":{\"@type\":\"PropertyValueSpecification\",\"valueRequired\":true,\"valueName\":\"search_term_string\"}}],\"inLanguage\":\"pt-BR\"},{\"@type\":\"Person\",\"@id\":\"https:\/\/www.gaveanews.com\/#\/schema\/person\/2ec14f73fb96be2caf28f91afb14749d\",\"name\":\"Equipe G\u00e1vea News\",\"image\":{\"@type\":\"ImageObject\",\"inLanguage\":\"pt-BR\",\"@id\":\"https:\/\/www.gaveanews.com\/#\/schema\/person\/image\/\",\"url\":\"https:\/\/secure.gravatar.com\/avatar\/1e1956f1facbffd3f8fa53a326721950116b3b9dc9bd44939c01180fd4a745a9?s=96&d=mm&r=g\",\"contentUrl\":\"https:\/\/secure.gravatar.com\/avatar\/1e1956f1facbffd3f8fa53a326721950116b3b9dc9bd44939c01180fd4a745a9?s=96&d=mm&r=g\",\"caption\":\"Equipe G\u00e1vea News\"}}]}<\/script>\n<!-- \/ Yoast SEO Premium plugin. -->","yoast_head_json":{"title":"Diego Ribas d\u00e1 sua opini\u00e3o sobre a chegada de Jorge Sampaoli ao Flamengo","robots":{"index":"index","follow":"follow","max-snippet":"max-snippet:-1","max-image-preview":"max-image-preview:large","max-video-preview":"max-video-preview:-1"},"canonical":"https:\/\/www.gaveanews.com\/index.php\/2023\/04\/24\/diego-ribas-da-sua-opiniao-sobre-a-chegada-de-jorge-sampaoli-ao-flamengo\/","og_locale":"pt_BR","og_type":"article","og_title":"Diego Ribas d\u00e1 sua opini\u00e3o sobre a chegada de Jorge Sampaoli ao Flamengo","og_description":"Diego Ribas, ex-Flamengo e atual comentarista da Globo, analisou o momento do seu antigo clube. Diego Ribas comentou a chegada de Jorge Sampaoli ao Flamengo. O ex-meia abordou esse e outros t\u00f3picos em entrevista ao Charla Podcast. Comandar os jogadores do Flamengo \u00e9 &#8220;f\u00e1cil&#8221;. Diego Ribas rebateu acusa\u00e7\u00f5es de acomoda\u00e7\u00e3o e egos fortes no vesti\u00e1rio [&hellip;]","og_url":"https:\/\/www.gaveanews.com\/index.php\/2023\/04\/24\/diego-ribas-da-sua-opiniao-sobre-a-chegada-de-jorge-sampaoli-ao-flamengo\/","og_site_name":"G\u00e1vea News","article_publisher":"https:\/\/facebook.com\/gaveaNews\/","article_published_time":"2023-04-24T18:09:02+00:00","article_modified_time":"2023-04-24T18:09:05+00:00","og_image":[{"width":800,"height":532,"url":"https:\/\/www.gaveanews.com\/wp-content\/uploads\/Diego-Ribas-em-acao-pelo-Flamengo-no-Campeonato-Carioca-2022.webp","type":"image\/jpeg"}],"author":"Equipe G\u00e1vea News","twitter_card":"summary_large_image","twitter_misc":{"Escrito por":"Equipe G\u00e1vea News","Est. tempo de leitura":"2 minutos"},"schema":{"@context":"https:\/\/schema.org","@graph":[{"@type":"NewsArticle","@id":"https:\/\/www.gaveanews.com\/index.php\/2023\/04\/24\/diego-ribas-da-sua-opiniao-sobre-a-chegada-de-jorge-sampaoli-ao-flamengo\/#article","isPartOf":{"@id":"https:\/\/www.gaveanews.com\/index.php\/2023\/04\/24\/diego-ribas-da-sua-opiniao-sobre-a-chegada-de-jorge-sampaoli-ao-flamengo\/"},"author":{"name":"Equipe G\u00e1vea News","@id":"https:\/\/www.gaveanews.com\/#\/schema\/person\/2ec14f73fb96be2caf28f91afb14749d"},"headline":"Diego Ribas d\u00e1 sua opini\u00e3o sobre a chegada de Jorge Sampaoli ao Flamengo","datePublished":"2023-04-24T18:09:02+00:00","dateModified":"2023-04-24T18:09:05+00:00","mainEntityOfPage":{"@id":"https:\/\/www.gaveanews.com\/index.php\/2023\/04\/24\/diego-ribas-da-sua-opiniao-sobre-a-chegada-de-jorge-sampaoli-ao-flamengo\/"},"wordCount":267,"commentCount":0,"image":{"@id":"https:\/\/www.gaveanews.com\/index.php\/2023\/04\/24\/diego-ribas-da-sua-opiniao-sobre-a-chegada-de-jorge-sampaoli-ao-flamengo\/#primaryimage"},"thumbnailUrl":"https:\/\/www.gaveanews.com\/wp-content\/uploads\/Diego-Ribas-em-acao-pelo-Flamengo-no-Campeonato-Carioca-2022.webp","articleSection":["Flamengo"],"inLanguage":"pt-BR","potentialAction":[{"@type":"CommentAction","name":"Comment","target":["https:\/\/www.gaveanews.com\/index.php\/2023\/04\/24\/diego-ribas-da-sua-opiniao-sobre-a-chegada-de-jorge-sampaoli-ao-flamengo\/#respond"]}],"copyrightYear":"2023","copyrightHolder":{"@id":"https:\/\/www.gaveanews.com\/#organization"}},{"@type":"WebPage","@id":"https:\/\/www.gaveanews.com\/index.php\/2023\/04\/24\/diego-ribas-da-sua-opiniao-sobre-a-chegada-de-jorge-sampaoli-ao-flamengo\/","url":"https:\/\/www.gaveanews.com\/index.php\/2023\/04\/24\/diego-ribas-da-sua-opiniao-sobre-a-chegada-de-jorge-sampaoli-ao-flamengo\/","name":"Diego Ribas d\u00e1 sua opini\u00e3o sobre a chegada de Jorge Sampaoli ao Flamengo","isPartOf":{"@id":"https:\/\/www.gaveanews.com\/#website"},"primaryImageOfPage":{"@id":"https:\/\/www.gaveanews.com\/index.php\/2023\/04\/24\/diego-ribas-da-sua-opiniao-sobre-a-chegada-de-jorge-sampaoli-ao-flamengo\/#primaryimage"},"image":{"@id":"https:\/\/www.gaveanews.com\/index.php\/2023\/04\/24\/diego-ribas-da-sua-opiniao-sobre-a-chegada-de-jorge-sampaoli-ao-flamengo\/#primaryimage"},"thumbnailUrl":"https:\/\/www.gaveanews.com\/wp-content\/uploads\/Diego-Ribas-em-acao-pelo-Flamengo-no-Campeonato-Carioca-2022.webp","datePublished":"2023-04-24T18:09:02+00:00","dateModified":"2023-04-24T18:09:05+00:00","author":{"@id":"https:\/\/www.gaveanews.com\/#\/schema\/person\/2ec14f73fb96be2caf28f91afb14749d"},"breadcrumb":{"@id":"https:\/\/www.gaveanews.com\/index.php\/2023\/04\/24\/diego-ribas-da-sua-opiniao-sobre-a-chegada-de-jorge-sampaoli-ao-flamengo\/#breadcrumb"},"inLanguage":"pt-BR","potentialAction":[{"@type":"ReadAction","target":["https:\/\/www.gaveanews.com\/index.php\/2023\/04\/24\/diego-ribas-da-sua-opiniao-sobre-a-chegada-de-jorge-sampaoli-ao-flamengo\/"]}]},{"@type":"ImageObject","inLanguage":"pt-BR","@id":"https:\/\/www.gaveanews.com\/index.php\/2023\/04\/24\/diego-ribas-da-sua-opiniao-sobre-a-chegada-de-jorge-sampaoli-ao-flamengo\/#primaryimage","url":"https:\/\/www.gaveanews.com\/wp-content\/uploads\/Diego-Ribas-em-acao-pelo-Flamengo-no-Campeonato-Carioca-2022.webp","contentUrl":"https:\/\/www.gaveanews.com\/wp-content\/uploads\/Diego-Ribas-em-acao-pelo-Flamengo-no-Campeonato-Carioca-2022.webp","width":800,"height":532,"caption":"Diego Ribas em a\u00e7\u00e3o pelo Flamengo no Campeonato Carioca 2022 (Foto: Marcelo Cortes\/Flamengo)"},{"@type":"BreadcrumbList","@id":"https:\/\/www.gaveanews.com\/index.php\/2023\/04\/24\/diego-ribas-da-sua-opiniao-sobre-a-chegada-de-jorge-sampaoli-ao-flamengo\/#breadcrumb","itemListElement":[{"@type":"ListItem","position":1,"name":"Home","item":"https:\/\/www.gaveanews.com\/"},{"@type":"ListItem","position":2,"name":"Diego Ribas d\u00e1 sua opini\u00e3o sobre a chegada de Jorge Sampaoli ao Flamengo"}]},{"@type":"WebSite","@id":"https:\/\/www.gaveanews.com\/#website","url":"https:\/\/www.gaveanews.com\/","name":"G\u00e1vea News","description":"Veja todas as not\u00edcias sobre o Flamengo: Contrata\u00e7\u00f5es, categorias de base, resultados das partidas, tabela de classifica\u00e7\u00e3o, pr\u00f3ximos jogos!","potentialAction":[{"@type":"SearchAction","target":{"@type":"EntryPoint","urlTemplate":"https:\/\/www.gaveanews.com\/?s={search_term_string}"},"query-input":{"@type":"PropertyValueSpecification","valueRequired":true,"valueName":"search_term_string"}}],"inLanguage":"pt-BR"},{"@type":"Person","@id":"https:\/\/www.gaveanews.com\/#\/schema\/person\/2ec14f73fb96be2caf28f91afb14749d","name":"Equipe G\u00e1vea News","image":{"@type":"ImageObject","inLanguage":"pt-BR","@id":"https:\/\/www.gaveanews.com\/#\/schema\/person\/image\/","url":"https:\/\/secure.gravatar.com\/avatar\/1e1956f1facbffd3f8fa53a326721950116b3b9dc9bd44939c01180fd4a745a9?s=96&d=mm&r=g","contentUrl":"https:\/\/secure.gravatar.com\/avatar\/1e1956f1facbffd3f8fa53a326721950116b3b9dc9bd44939c01180fd4a745a9?s=96&d=mm&r=g","caption":"Equipe G\u00e1vea News"}}]}},"_links":{"self":[{"href":"https:\/\/www.gaveanews.com\/index.php\/wp-json\/wp\/v2\/posts\/97729","targetHints":{"allow":["GET"]}}],"collection":[{"href":"https:\/\/www.gaveanews.com\/index.php\/wp-json\/wp\/v2\/posts"}],"about":[{"href":"https:\/\/www.gaveanews.com\/index.php\/wp-json\/wp\/v2\/types\/post"}],"author":[{"embeddable":true,"href":"https:\/\/www.gaveanews.com\/index.php\/wp-json\/wp\/v2\/users\/1"}],"replies":[{"embeddable":true,"href":"https:\/\/www.gaveanews.com\/index.php\/wp-json\/wp\/v2\/comments?post=97729"}],"version-history":[{"count":0,"href":"https:\/\/www.gaveanews.com\/index.php\/wp-json\/wp\/v2\/posts\/97729\/revisions"}],"wp:featuredmedia":[{"embeddable":true,"href":"https:\/\/www.gaveanews.com\/index.php\/wp-json\/wp\/v2\/media\/76899"}],"wp:attachment":[{"href":"https:\/\/www.gaveanews.com\/index.php\/wp-json\/wp\/v2\/media?parent=97729"}],"wp:term":[{"taxonomy":"category","embeddable":true,"href":"https:\/\/www.gaveanews.com\/index.php\/wp-json\/wp\/v2\/categories?post=97729"},{"taxonomy":"post_tag","embeddable":true,"href":"https:\/\/www.gaveanews.com\/index.php\/wp-json\/wp\/v2\/tags?post=97729"}],"curies":[{"name":"wp","href":"https:\/\/api.w.org\/{rel}","templated":true}]}}