{"id":97731,"date":"2023-04-24T16:12:32","date_gmt":"2023-04-24T19:12:32","guid":{"rendered":"https:\/\/www.gaveanews.com\/?p=97731"},"modified":"2023-04-24T16:12:36","modified_gmt":"2023-04-24T19:12:36","slug":"nao-vi-evolucao-nenhuma-afirma-ex-jogador-sobre-comeco-de-sampaoli-no-flamengo","status":"publish","type":"post","link":"https:\/\/www.gaveanews.com\/index.php\/2023\/04\/24\/nao-vi-evolucao-nenhuma-afirma-ex-jogador-sobre-comeco-de-sampaoli-no-flamengo\/","title":{"rendered":"&#8220;N\u00e3o vi evolu\u00e7\u00e3o nenhuma&#8221;, afirma ex-jogador sobre come\u00e7o de Sampaoli no Flamengo"},"content":{"rendered":"\n<p>O trabalho de Jorge Sampaoli no Flamengo completou uma semana no \u00faltimo domingo (23), quando o Mais Querido enfrentou o Internacional pela segunda rodada do Brasileir\u00e3o.<\/p>\n\n\n\n<p>Apesar das mudan\u00e7as t\u00e1ticas feitas pelo treinador visando a melhora do time dentro das quatro linhas, o Rubro-Negro acabou sofrendo a virada e desperdi\u00e7ou a oportunidade de pontuar no torneio nacional.<\/p>\n\n\n\n<p>O desempenho das equipes no duelo foi debatido no programa &#8220;Sele\u00e7\u00e3o SporTV&#8221; desta segunda-feira (24). Quando questionado sobre sua vis\u00e3o em rela\u00e7\u00e3o \u00e0 postura do elenco rubro-negro, o ex-jogador Richarlyson declarou que n\u00e3o viu melhora no time desde a chegada de Sampaoli.<\/p>\n\n\n\n<p><em>\u2014 N\u00e3o vi evolu\u00e7\u00e3o nenhuma. \u00c9 apenas o come\u00e7o de trabalho. Ele fez aquilo que tem em mente, principalmente na confian\u00e7a de botar jogadores que j\u00e1 trabalharam com ele. Mas, vi o Flamengo com dificuldade de entendimento, principalmente do meio para frente.<\/em><\/p>\n\n\n\n<p>Richarlyson continuou e falou sobre Pedro ter sido substitu\u00eddo no duelo. O ex-jogador relembrou a declara\u00e7\u00e3o de Sampaoli sobre os problemas dos camisas 9 e 10 jogarem juntos neste momento.<\/p>\n\n\n\n<p><em>\u2014 Gabigol e Pedro est\u00e3o tendo dificuldade de um ceder espa\u00e7o para o outro. O pr\u00f3prio Sampaoli fala da movimenta\u00e7\u00e3o, que n\u00e3o est\u00e1 gostando dos dois jogando juntos, que fica muito sem mobilidade. Ainda est\u00e3o tentando encaixar.<\/em><\/p>\n\n\n\n<p>Com quest\u00f5es a resolver e estrat\u00e9gias a alinhar, o elenco rubro-negro se reapresentou visando o confronto de quarta-feira (26), \u00e0s 21h30 (hor\u00e1rio de Bras\u00edlia), contra o Maring\u00e1 pela Copa do Brasil.<\/p>\n","protected":false},"excerpt":{"rendered":"<p>O trabalho de Jorge Sampaoli no Flamengo completou uma semana no \u00faltimo domingo (23), quando o Mais Querido enfrentou o Internacional pela segunda rodada do Brasileir\u00e3o. Apesar das mudan\u00e7as t\u00e1ticas feitas pelo treinador visando a melhora do time dentro das quatro linhas, o Rubro-Negro acabou sofrendo a virada e desperdi\u00e7ou a oportunidade de pontuar no [&hellip;]<\/p>\n","protected":false},"author":4,"featured_media":97732,"comment_status":"open","ping_status":"closed","sticky":false,"template":"","format":"standard","meta":{"footnotes":""},"categories":[1],"tags":[],"class_list":["post-97731","post","type-post","status-publish","format-standard","has-post-thumbnail","hentry","category-flamengo"],"yoast_head":"<!-- This site is optimized with the Yoast SEO Premium plugin v24.2 (Yoast SEO v26.9) - https:\/\/yoast.com\/product\/yoast-seo-premium-wordpress\/ -->\n<title>&quot;N\u00e3o vi evolu\u00e7\u00e3o nenhuma&quot;, afirma ex-jogador sobre come\u00e7o de Sampaoli no Flamengo<\/title>\n<meta name=\"robots\" content=\"index, follow, max-snippet:-1, max-image-preview:large, max-video-preview:-1\" \/>\n<link rel=\"canonical\" href=\"https:\/\/www.gaveanews.com\/index.php\/2023\/04\/24\/nao-vi-evolucao-nenhuma-afirma-ex-jogador-sobre-comeco-de-sampaoli-no-flamengo\/\" \/>\n<meta property=\"og:locale\" content=\"pt_BR\" \/>\n<meta property=\"og:type\" content=\"article\" \/>\n<meta property=\"og:title\" content=\"&quot;N\u00e3o vi evolu\u00e7\u00e3o nenhuma&quot;, afirma ex-jogador sobre come\u00e7o de Sampaoli no Flamengo\" \/>\n<meta property=\"og:description\" content=\"O trabalho de Jorge Sampaoli no Flamengo completou uma semana no \u00faltimo domingo (23), quando o Mais Querido enfrentou o Internacional pela segunda rodada do Brasileir\u00e3o. Apesar das mudan\u00e7as t\u00e1ticas feitas pelo treinador visando a melhora do time dentro das quatro linhas, o Rubro-Negro acabou sofrendo a virada e desperdi\u00e7ou a oportunidade de pontuar no [&hellip;]\" \/>\n<meta property=\"og:url\" content=\"https:\/\/www.gaveanews.com\/index.php\/2023\/04\/24\/nao-vi-evolucao-nenhuma-afirma-ex-jogador-sobre-comeco-de-sampaoli-no-flamengo\/\" \/>\n<meta property=\"og:site_name\" content=\"G\u00e1vea News\" \/>\n<meta property=\"article:publisher\" content=\"https:\/\/facebook.com\/gaveaNews\/\" \/>\n<meta property=\"article:published_time\" content=\"2023-04-24T19:12:32+00:00\" \/>\n<meta property=\"article:modified_time\" content=\"2023-04-24T19:12:36+00:00\" \/>\n<meta property=\"og:image\" content=\"https:\/\/www.gaveanews.com\/wp-content\/uploads\/internacional-flamengo-brasileirao.webp\" \/>\n\t<meta property=\"og:image:width\" content=\"696\" \/>\n\t<meta property=\"og:image:height\" content=\"464\" \/>\n\t<meta property=\"og:image:type\" content=\"image\/webp\" \/>\n<meta name=\"author\" content=\"Let\u00edcia Gerheim\" \/>\n<meta name=\"twitter:card\" content=\"summary_large_image\" \/>\n<meta name=\"twitter:label1\" content=\"Escrito por\" \/>\n\t<meta name=\"twitter:data1\" content=\"Let\u00edcia Gerheim\" \/>\n\t<meta name=\"twitter:label2\" content=\"Est. tempo de leitura\" \/>\n\t<meta name=\"twitter:data2\" content=\"2 minutos\" \/>\n<script type=\"application\/ld+json\" class=\"yoast-schema-graph\">{\"@context\":\"https:\/\/schema.org\",\"@graph\":[{\"@type\":\"NewsArticle\",\"@id\":\"https:\/\/www.gaveanews.com\/index.php\/2023\/04\/24\/nao-vi-evolucao-nenhuma-afirma-ex-jogador-sobre-comeco-de-sampaoli-no-flamengo\/#article\",\"isPartOf\":{\"@id\":\"https:\/\/www.gaveanews.com\/index.php\/2023\/04\/24\/nao-vi-evolucao-nenhuma-afirma-ex-jogador-sobre-comeco-de-sampaoli-no-flamengo\/\"},\"author\":{\"name\":\"Let\u00edcia Gerheim\",\"@id\":\"https:\/\/www.gaveanews.com\/#\/schema\/person\/714c67050b836198af2450ba1c142a67\"},\"headline\":\"&#8220;N\u00e3o vi evolu\u00e7\u00e3o nenhuma&#8221;, afirma ex-jogador sobre come\u00e7o de Sampaoli no Flamengo\",\"datePublished\":\"2023-04-24T19:12:32+00:00\",\"dateModified\":\"2023-04-24T19:12:36+00:00\",\"mainEntityOfPage\":{\"@id\":\"https:\/\/www.gaveanews.com\/index.php\/2023\/04\/24\/nao-vi-evolucao-nenhuma-afirma-ex-jogador-sobre-comeco-de-sampaoli-no-flamengo\/\"},\"wordCount\":269,\"commentCount\":0,\"image\":{\"@id\":\"https:\/\/www.gaveanews.com\/index.php\/2023\/04\/24\/nao-vi-evolucao-nenhuma-afirma-ex-jogador-sobre-comeco-de-sampaoli-no-flamengo\/#primaryimage\"},\"thumbnailUrl\":\"https:\/\/www.gaveanews.com\/wp-content\/uploads\/internacional-flamengo-brasileirao.webp\",\"articleSection\":[\"Flamengo\"],\"inLanguage\":\"pt-BR\",\"potentialAction\":[{\"@type\":\"CommentAction\",\"name\":\"Comment\",\"target\":[\"https:\/\/www.gaveanews.com\/index.php\/2023\/04\/24\/nao-vi-evolucao-nenhuma-afirma-ex-jogador-sobre-comeco-de-sampaoli-no-flamengo\/#respond\"]}],\"copyrightYear\":\"2023\",\"copyrightHolder\":{\"@id\":\"https:\/\/www.gaveanews.com\/#organization\"}},{\"@type\":\"WebPage\",\"@id\":\"https:\/\/www.gaveanews.com\/index.php\/2023\/04\/24\/nao-vi-evolucao-nenhuma-afirma-ex-jogador-sobre-comeco-de-sampaoli-no-flamengo\/\",\"url\":\"https:\/\/www.gaveanews.com\/index.php\/2023\/04\/24\/nao-vi-evolucao-nenhuma-afirma-ex-jogador-sobre-comeco-de-sampaoli-no-flamengo\/\",\"name\":\"\\\"N\u00e3o vi evolu\u00e7\u00e3o nenhuma\\\", afirma ex-jogador sobre come\u00e7o de Sampaoli no Flamengo\",\"isPartOf\":{\"@id\":\"https:\/\/www.gaveanews.com\/#website\"},\"primaryImageOfPage\":{\"@id\":\"https:\/\/www.gaveanews.com\/index.php\/2023\/04\/24\/nao-vi-evolucao-nenhuma-afirma-ex-jogador-sobre-comeco-de-sampaoli-no-flamengo\/#primaryimage\"},\"image\":{\"@id\":\"https:\/\/www.gaveanews.com\/index.php\/2023\/04\/24\/nao-vi-evolucao-nenhuma-afirma-ex-jogador-sobre-comeco-de-sampaoli-no-flamengo\/#primaryimage\"},\"thumbnailUrl\":\"https:\/\/www.gaveanews.com\/wp-content\/uploads\/internacional-flamengo-brasileirao.webp\",\"datePublished\":\"2023-04-24T19:12:32+00:00\",\"dateModified\":\"2023-04-24T19:12:36+00:00\",\"author\":{\"@id\":\"https:\/\/www.gaveanews.com\/#\/schema\/person\/714c67050b836198af2450ba1c142a67\"},\"breadcrumb\":{\"@id\":\"https:\/\/www.gaveanews.com\/index.php\/2023\/04\/24\/nao-vi-evolucao-nenhuma-afirma-ex-jogador-sobre-comeco-de-sampaoli-no-flamengo\/#breadcrumb\"},\"inLanguage\":\"pt-BR\",\"potentialAction\":[{\"@type\":\"ReadAction\",\"target\":[\"https:\/\/www.gaveanews.com\/index.php\/2023\/04\/24\/nao-vi-evolucao-nenhuma-afirma-ex-jogador-sobre-comeco-de-sampaoli-no-flamengo\/\"]}]},{\"@type\":\"ImageObject\",\"inLanguage\":\"pt-BR\",\"@id\":\"https:\/\/www.gaveanews.com\/index.php\/2023\/04\/24\/nao-vi-evolucao-nenhuma-afirma-ex-jogador-sobre-comeco-de-sampaoli-no-flamengo\/#primaryimage\",\"url\":\"https:\/\/www.gaveanews.com\/wp-content\/uploads\/internacional-flamengo-brasileirao.webp\",\"contentUrl\":\"https:\/\/www.gaveanews.com\/wp-content\/uploads\/internacional-flamengo-brasileirao.webp\",\"width\":696,\"height\":464,\"caption\":\"Santos faz defesa em duelo do Flamengo contra o Internacional (Foto: Gilvan de Souza\/Flamengo)\"},{\"@type\":\"BreadcrumbList\",\"@id\":\"https:\/\/www.gaveanews.com\/index.php\/2023\/04\/24\/nao-vi-evolucao-nenhuma-afirma-ex-jogador-sobre-comeco-de-sampaoli-no-flamengo\/#breadcrumb\",\"itemListElement\":[{\"@type\":\"ListItem\",\"position\":1,\"name\":\"Home\",\"item\":\"https:\/\/www.gaveanews.com\/\"},{\"@type\":\"ListItem\",\"position\":2,\"name\":\"&#8220;N\u00e3o vi evolu\u00e7\u00e3o nenhuma&#8221;, afirma ex-jogador sobre come\u00e7o de Sampaoli no Flamengo\"}]},{\"@type\":\"WebSite\",\"@id\":\"https:\/\/www.gaveanews.com\/#website\",\"url\":\"https:\/\/www.gaveanews.com\/\",\"name\":\"G\u00e1vea News\",\"description\":\"Veja todas as not\u00edcias sobre o Flamengo: Contrata\u00e7\u00f5es, categorias de base, resultados das partidas, tabela de classifica\u00e7\u00e3o, pr\u00f3ximos jogos!\",\"potentialAction\":[{\"@type\":\"SearchAction\",\"target\":{\"@type\":\"EntryPoint\",\"urlTemplate\":\"https:\/\/www.gaveanews.com\/?s={search_term_string}\"},\"query-input\":{\"@type\":\"PropertyValueSpecification\",\"valueRequired\":true,\"valueName\":\"search_term_string\"}}],\"inLanguage\":\"pt-BR\"},{\"@type\":\"Person\",\"@id\":\"https:\/\/www.gaveanews.com\/#\/schema\/person\/714c67050b836198af2450ba1c142a67\",\"name\":\"Let\u00edcia Gerheim\",\"image\":{\"@type\":\"ImageObject\",\"inLanguage\":\"pt-BR\",\"@id\":\"https:\/\/www.gaveanews.com\/#\/schema\/person\/image\/\",\"url\":\"https:\/\/secure.gravatar.com\/avatar\/60734739c50fcebfbac509e2a826ccd0ff405c019bc73aab9354f19ecad1dcb4?s=96&d=mm&r=g\",\"contentUrl\":\"https:\/\/secure.gravatar.com\/avatar\/60734739c50fcebfbac509e2a826ccd0ff405c019bc73aab9354f19ecad1dcb4?s=96&d=mm&r=g\",\"caption\":\"Let\u00edcia Gerheim\"}}]}<\/script>\n<!-- \/ Yoast SEO Premium plugin. -->","yoast_head_json":{"title":"\"N\u00e3o vi evolu\u00e7\u00e3o nenhuma\", afirma ex-jogador sobre come\u00e7o de Sampaoli no Flamengo","robots":{"index":"index","follow":"follow","max-snippet":"max-snippet:-1","max-image-preview":"max-image-preview:large","max-video-preview":"max-video-preview:-1"},"canonical":"https:\/\/www.gaveanews.com\/index.php\/2023\/04\/24\/nao-vi-evolucao-nenhuma-afirma-ex-jogador-sobre-comeco-de-sampaoli-no-flamengo\/","og_locale":"pt_BR","og_type":"article","og_title":"\"N\u00e3o vi evolu\u00e7\u00e3o nenhuma\", afirma ex-jogador sobre come\u00e7o de Sampaoli no Flamengo","og_description":"O trabalho de Jorge Sampaoli no Flamengo completou uma semana no \u00faltimo domingo (23), quando o Mais Querido enfrentou o Internacional pela segunda rodada do Brasileir\u00e3o. Apesar das mudan\u00e7as t\u00e1ticas feitas pelo treinador visando a melhora do time dentro das quatro linhas, o Rubro-Negro acabou sofrendo a virada e desperdi\u00e7ou a oportunidade de pontuar no [&hellip;]","og_url":"https:\/\/www.gaveanews.com\/index.php\/2023\/04\/24\/nao-vi-evolucao-nenhuma-afirma-ex-jogador-sobre-comeco-de-sampaoli-no-flamengo\/","og_site_name":"G\u00e1vea News","article_publisher":"https:\/\/facebook.com\/gaveaNews\/","article_published_time":"2023-04-24T19:12:32+00:00","article_modified_time":"2023-04-24T19:12:36+00:00","og_image":[{"width":696,"height":464,"url":"https:\/\/www.gaveanews.com\/wp-content\/uploads\/internacional-flamengo-brasileirao.webp","type":"image\/webp"}],"author":"Let\u00edcia Gerheim","twitter_card":"summary_large_image","twitter_misc":{"Escrito por":"Let\u00edcia Gerheim","Est. tempo de leitura":"2 minutos"},"schema":{"@context":"https:\/\/schema.org","@graph":[{"@type":"NewsArticle","@id":"https:\/\/www.gaveanews.com\/index.php\/2023\/04\/24\/nao-vi-evolucao-nenhuma-afirma-ex-jogador-sobre-comeco-de-sampaoli-no-flamengo\/#article","isPartOf":{"@id":"https:\/\/www.gaveanews.com\/index.php\/2023\/04\/24\/nao-vi-evolucao-nenhuma-afirma-ex-jogador-sobre-comeco-de-sampaoli-no-flamengo\/"},"author":{"name":"Let\u00edcia Gerheim","@id":"https:\/\/www.gaveanews.com\/#\/schema\/person\/714c67050b836198af2450ba1c142a67"},"headline":"&#8220;N\u00e3o vi evolu\u00e7\u00e3o nenhuma&#8221;, afirma ex-jogador sobre come\u00e7o de Sampaoli no Flamengo","datePublished":"2023-04-24T19:12:32+00:00","dateModified":"2023-04-24T19:12:36+00:00","mainEntityOfPage":{"@id":"https:\/\/www.gaveanews.com\/index.php\/2023\/04\/24\/nao-vi-evolucao-nenhuma-afirma-ex-jogador-sobre-comeco-de-sampaoli-no-flamengo\/"},"wordCount":269,"commentCount":0,"image":{"@id":"https:\/\/www.gaveanews.com\/index.php\/2023\/04\/24\/nao-vi-evolucao-nenhuma-afirma-ex-jogador-sobre-comeco-de-sampaoli-no-flamengo\/#primaryimage"},"thumbnailUrl":"https:\/\/www.gaveanews.com\/wp-content\/uploads\/internacional-flamengo-brasileirao.webp","articleSection":["Flamengo"],"inLanguage":"pt-BR","potentialAction":[{"@type":"CommentAction","name":"Comment","target":["https:\/\/www.gaveanews.com\/index.php\/2023\/04\/24\/nao-vi-evolucao-nenhuma-afirma-ex-jogador-sobre-comeco-de-sampaoli-no-flamengo\/#respond"]}],"copyrightYear":"2023","copyrightHolder":{"@id":"https:\/\/www.gaveanews.com\/#organization"}},{"@type":"WebPage","@id":"https:\/\/www.gaveanews.com\/index.php\/2023\/04\/24\/nao-vi-evolucao-nenhuma-afirma-ex-jogador-sobre-comeco-de-sampaoli-no-flamengo\/","url":"https:\/\/www.gaveanews.com\/index.php\/2023\/04\/24\/nao-vi-evolucao-nenhuma-afirma-ex-jogador-sobre-comeco-de-sampaoli-no-flamengo\/","name":"\"N\u00e3o vi evolu\u00e7\u00e3o nenhuma\", afirma ex-jogador sobre come\u00e7o de Sampaoli no Flamengo","isPartOf":{"@id":"https:\/\/www.gaveanews.com\/#website"},"primaryImageOfPage":{"@id":"https:\/\/www.gaveanews.com\/index.php\/2023\/04\/24\/nao-vi-evolucao-nenhuma-afirma-ex-jogador-sobre-comeco-de-sampaoli-no-flamengo\/#primaryimage"},"image":{"@id":"https:\/\/www.gaveanews.com\/index.php\/2023\/04\/24\/nao-vi-evolucao-nenhuma-afirma-ex-jogador-sobre-comeco-de-sampaoli-no-flamengo\/#primaryimage"},"thumbnailUrl":"https:\/\/www.gaveanews.com\/wp-content\/uploads\/internacional-flamengo-brasileirao.webp","datePublished":"2023-04-24T19:12:32+00:00","dateModified":"2023-04-24T19:12:36+00:00","author":{"@id":"https:\/\/www.gaveanews.com\/#\/schema\/person\/714c67050b836198af2450ba1c142a67"},"breadcrumb":{"@id":"https:\/\/www.gaveanews.com\/index.php\/2023\/04\/24\/nao-vi-evolucao-nenhuma-afirma-ex-jogador-sobre-comeco-de-sampaoli-no-flamengo\/#breadcrumb"},"inLanguage":"pt-BR","potentialAction":[{"@type":"ReadAction","target":["https:\/\/www.gaveanews.com\/index.php\/2023\/04\/24\/nao-vi-evolucao-nenhuma-afirma-ex-jogador-sobre-comeco-de-sampaoli-no-flamengo\/"]}]},{"@type":"ImageObject","inLanguage":"pt-BR","@id":"https:\/\/www.gaveanews.com\/index.php\/2023\/04\/24\/nao-vi-evolucao-nenhuma-afirma-ex-jogador-sobre-comeco-de-sampaoli-no-flamengo\/#primaryimage","url":"https:\/\/www.gaveanews.com\/wp-content\/uploads\/internacional-flamengo-brasileirao.webp","contentUrl":"https:\/\/www.gaveanews.com\/wp-content\/uploads\/internacional-flamengo-brasileirao.webp","width":696,"height":464,"caption":"Santos faz defesa em duelo do Flamengo contra o Internacional (Foto: Gilvan de Souza\/Flamengo)"},{"@type":"BreadcrumbList","@id":"https:\/\/www.gaveanews.com\/index.php\/2023\/04\/24\/nao-vi-evolucao-nenhuma-afirma-ex-jogador-sobre-comeco-de-sampaoli-no-flamengo\/#breadcrumb","itemListElement":[{"@type":"ListItem","position":1,"name":"Home","item":"https:\/\/www.gaveanews.com\/"},{"@type":"ListItem","position":2,"name":"&#8220;N\u00e3o vi evolu\u00e7\u00e3o nenhuma&#8221;, afirma ex-jogador sobre come\u00e7o de Sampaoli no Flamengo"}]},{"@type":"WebSite","@id":"https:\/\/www.gaveanews.com\/#website","url":"https:\/\/www.gaveanews.com\/","name":"G\u00e1vea News","description":"Veja todas as not\u00edcias sobre o Flamengo: Contrata\u00e7\u00f5es, categorias de base, resultados das partidas, tabela de classifica\u00e7\u00e3o, pr\u00f3ximos jogos!","potentialAction":[{"@type":"SearchAction","target":{"@type":"EntryPoint","urlTemplate":"https:\/\/www.gaveanews.com\/?s={search_term_string}"},"query-input":{"@type":"PropertyValueSpecification","valueRequired":true,"valueName":"search_term_string"}}],"inLanguage":"pt-BR"},{"@type":"Person","@id":"https:\/\/www.gaveanews.com\/#\/schema\/person\/714c67050b836198af2450ba1c142a67","name":"Let\u00edcia Gerheim","image":{"@type":"ImageObject","inLanguage":"pt-BR","@id":"https:\/\/www.gaveanews.com\/#\/schema\/person\/image\/","url":"https:\/\/secure.gravatar.com\/avatar\/60734739c50fcebfbac509e2a826ccd0ff405c019bc73aab9354f19ecad1dcb4?s=96&d=mm&r=g","contentUrl":"https:\/\/secure.gravatar.com\/avatar\/60734739c50fcebfbac509e2a826ccd0ff405c019bc73aab9354f19ecad1dcb4?s=96&d=mm&r=g","caption":"Let\u00edcia Gerheim"}}]}},"_links":{"self":[{"href":"https:\/\/www.gaveanews.com\/index.php\/wp-json\/wp\/v2\/posts\/97731","targetHints":{"allow":["GET"]}}],"collection":[{"href":"https:\/\/www.gaveanews.com\/index.php\/wp-json\/wp\/v2\/posts"}],"about":[{"href":"https:\/\/www.gaveanews.com\/index.php\/wp-json\/wp\/v2\/types\/post"}],"author":[{"embeddable":true,"href":"https:\/\/www.gaveanews.com\/index.php\/wp-json\/wp\/v2\/users\/4"}],"replies":[{"embeddable":true,"href":"https:\/\/www.gaveanews.com\/index.php\/wp-json\/wp\/v2\/comments?post=97731"}],"version-history":[{"count":0,"href":"https:\/\/www.gaveanews.com\/index.php\/wp-json\/wp\/v2\/posts\/97731\/revisions"}],"wp:featuredmedia":[{"embeddable":true,"href":"https:\/\/www.gaveanews.com\/index.php\/wp-json\/wp\/v2\/media\/97732"}],"wp:attachment":[{"href":"https:\/\/www.gaveanews.com\/index.php\/wp-json\/wp\/v2\/media?parent=97731"}],"wp:term":[{"taxonomy":"category","embeddable":true,"href":"https:\/\/www.gaveanews.com\/index.php\/wp-json\/wp\/v2\/categories?post=97731"},{"taxonomy":"post_tag","embeddable":true,"href":"https:\/\/www.gaveanews.com\/index.php\/wp-json\/wp\/v2\/tags?post=97731"}],"curies":[{"name":"wp","href":"https:\/\/api.w.org\/{rel}","templated":true}]}}