{"id":97773,"date":"2023-04-25T10:52:02","date_gmt":"2023-04-25T13:52:02","guid":{"rendered":"https:\/\/www.gaveanews.com\/?p=97773"},"modified":"2023-04-25T10:52:05","modified_gmt":"2023-04-25T13:52:05","slug":"lembra-dele-atacante-revelado-pelo-flamengo-pode-fechar-com-o-vasco","status":"publish","type":"post","link":"https:\/\/www.gaveanews.com\/index.php\/2023\/04\/25\/lembra-dele-atacante-revelado-pelo-flamengo-pode-fechar-com-o-vasco\/","title":{"rendered":"Lembra dele? Atacante revelado pelo Flamengo pode fechar com o Vasco"},"content":{"rendered":"\n<p>A janela de transfer\u00eancias internacionais do come\u00e7o do ano fechou h\u00e1 algumas semanas. Mas um novo per\u00edodo h\u00e1bil para contrata\u00e7\u00f5es de fora do Brasil est\u00e1 pr\u00f3ximo. Assim, os clubes brasileiros mapeiam o mercado da bola e estudam suas possibilidades.<\/p>\n\n\n\n<p>De acordo com o portal Super Vasco, o Cruzmaltino tem o nome de um atleta revelado pelas categorias de base do Flamengo como op\u00e7\u00e3o e pode repatriar o atleta. Matheus S\u00e1vio, de 25 anos, foi oferecido ao Vasco e tem possibilidade de voltar ao futebol carioca.<\/p>\n\n\n\n<p>O jogador j\u00e1 atuou com o atual t\u00e9cnico do Vasco, Maur\u00edcio Barbieri. Na ocasi\u00e3o, o atleta ainda atuava no Flamengo e chegou a ser titular em alguns jogos sob o comando do treinador em quest\u00e3o.<\/p>\n\n\n\n<p>Atualmente no Kashiwa Reysol, da primeira divis\u00e3o japonesa, Matheus S\u00e1vio n\u00e3o descarta o retorno ao Brasil. Pouco tempo atr\u00e1s, o Botafogo cogitou a contrata\u00e7\u00e3o do atleta, mas as conversas n\u00e3o avan\u00e7aram.<\/p>\n","protected":false},"excerpt":{"rendered":"<p>A janela de transfer\u00eancias internacionais do come\u00e7o do ano fechou h\u00e1 algumas semanas. Mas um novo per\u00edodo h\u00e1bil para contrata\u00e7\u00f5es de fora do Brasil est\u00e1 pr\u00f3ximo. Assim, os clubes brasileiros mapeiam o mercado da bola e estudam suas possibilidades. De acordo com o portal Super Vasco, o Cruzmaltino tem o nome de um atleta revelado [&hellip;]<\/p>\n","protected":false},"author":4,"featured_media":32791,"comment_status":"open","ping_status":"closed","sticky":false,"template":"","format":"standard","meta":{"footnotes":""},"categories":[1],"tags":[],"class_list":["post-97773","post","type-post","status-publish","format-standard","has-post-thumbnail","hentry","category-flamengo"],"yoast_head":"<!-- This site is optimized with the Yoast SEO Premium plugin v24.2 (Yoast SEO v26.9) - https:\/\/yoast.com\/product\/yoast-seo-premium-wordpress\/ -->\n<title>Lembra dele? Atacante revelado pelo Flamengo pode fechar com o Vasco<\/title>\n<meta name=\"robots\" content=\"index, follow, max-snippet:-1, max-image-preview:large, max-video-preview:-1\" \/>\n<link rel=\"canonical\" href=\"https:\/\/www.gaveanews.com\/index.php\/2023\/04\/25\/lembra-dele-atacante-revelado-pelo-flamengo-pode-fechar-com-o-vasco\/\" \/>\n<meta property=\"og:locale\" content=\"pt_BR\" \/>\n<meta property=\"og:type\" content=\"article\" \/>\n<meta property=\"og:title\" content=\"Lembra dele? Atacante revelado pelo Flamengo pode fechar com o Vasco\" \/>\n<meta property=\"og:description\" content=\"A janela de transfer\u00eancias internacionais do come\u00e7o do ano fechou h\u00e1 algumas semanas. Mas um novo per\u00edodo h\u00e1bil para contrata\u00e7\u00f5es de fora do Brasil est\u00e1 pr\u00f3ximo. Assim, os clubes brasileiros mapeiam o mercado da bola e estudam suas possibilidades. De acordo com o portal Super Vasco, o Cruzmaltino tem o nome de um atleta revelado [&hellip;]\" \/>\n<meta property=\"og:url\" content=\"https:\/\/www.gaveanews.com\/index.php\/2023\/04\/25\/lembra-dele-atacante-revelado-pelo-flamengo-pode-fechar-com-o-vasco\/\" \/>\n<meta property=\"og:site_name\" content=\"G\u00e1vea News\" \/>\n<meta property=\"article:publisher\" content=\"https:\/\/facebook.com\/gaveaNews\/\" \/>\n<meta property=\"article:published_time\" content=\"2023-04-25T13:52:02+00:00\" \/>\n<meta property=\"article:modified_time\" content=\"2023-04-25T13:52:05+00:00\" \/>\n<meta property=\"og:image\" content=\"https:\/\/www.gaveanews.com\/wp-content\/uploads\/matheus-savio-flamengo-scaled.webp\" \/>\n\t<meta property=\"og:image:width\" content=\"2560\" \/>\n\t<meta property=\"og:image:height\" content=\"1707\" \/>\n\t<meta property=\"og:image:type\" content=\"image\/jpeg\" \/>\n<meta name=\"author\" content=\"Let\u00edcia Gerheim\" \/>\n<meta name=\"twitter:card\" content=\"summary_large_image\" \/>\n<meta name=\"twitter:label1\" content=\"Escrito por\" \/>\n\t<meta name=\"twitter:data1\" content=\"Let\u00edcia Gerheim\" \/>\n\t<meta name=\"twitter:label2\" content=\"Est. tempo de leitura\" \/>\n\t<meta name=\"twitter:data2\" content=\"1 minuto\" \/>\n<script type=\"application\/ld+json\" class=\"yoast-schema-graph\">{\"@context\":\"https:\/\/schema.org\",\"@graph\":[{\"@type\":\"NewsArticle\",\"@id\":\"https:\/\/www.gaveanews.com\/index.php\/2023\/04\/25\/lembra-dele-atacante-revelado-pelo-flamengo-pode-fechar-com-o-vasco\/#article\",\"isPartOf\":{\"@id\":\"https:\/\/www.gaveanews.com\/index.php\/2023\/04\/25\/lembra-dele-atacante-revelado-pelo-flamengo-pode-fechar-com-o-vasco\/\"},\"author\":{\"name\":\"Let\u00edcia Gerheim\",\"@id\":\"https:\/\/www.gaveanews.com\/#\/schema\/person\/714c67050b836198af2450ba1c142a67\"},\"headline\":\"Lembra dele? Atacante revelado pelo Flamengo pode fechar com o Vasco\",\"datePublished\":\"2023-04-25T13:52:02+00:00\",\"dateModified\":\"2023-04-25T13:52:05+00:00\",\"mainEntityOfPage\":{\"@id\":\"https:\/\/www.gaveanews.com\/index.php\/2023\/04\/25\/lembra-dele-atacante-revelado-pelo-flamengo-pode-fechar-com-o-vasco\/\"},\"wordCount\":180,\"commentCount\":0,\"image\":{\"@id\":\"https:\/\/www.gaveanews.com\/index.php\/2023\/04\/25\/lembra-dele-atacante-revelado-pelo-flamengo-pode-fechar-com-o-vasco\/#primaryimage\"},\"thumbnailUrl\":\"https:\/\/www.gaveanews.com\/wp-content\/uploads\/matheus-savio-flamengo-scaled.webp\",\"articleSection\":[\"Flamengo\"],\"inLanguage\":\"pt-BR\",\"potentialAction\":[{\"@type\":\"CommentAction\",\"name\":\"Comment\",\"target\":[\"https:\/\/www.gaveanews.com\/index.php\/2023\/04\/25\/lembra-dele-atacante-revelado-pelo-flamengo-pode-fechar-com-o-vasco\/#respond\"]}],\"copyrightYear\":\"2023\",\"copyrightHolder\":{\"@id\":\"https:\/\/www.gaveanews.com\/#organization\"}},{\"@type\":\"WebPage\",\"@id\":\"https:\/\/www.gaveanews.com\/index.php\/2023\/04\/25\/lembra-dele-atacante-revelado-pelo-flamengo-pode-fechar-com-o-vasco\/\",\"url\":\"https:\/\/www.gaveanews.com\/index.php\/2023\/04\/25\/lembra-dele-atacante-revelado-pelo-flamengo-pode-fechar-com-o-vasco\/\",\"name\":\"Lembra dele? Atacante revelado pelo Flamengo pode fechar com o Vasco\",\"isPartOf\":{\"@id\":\"https:\/\/www.gaveanews.com\/#website\"},\"primaryImageOfPage\":{\"@id\":\"https:\/\/www.gaveanews.com\/index.php\/2023\/04\/25\/lembra-dele-atacante-revelado-pelo-flamengo-pode-fechar-com-o-vasco\/#primaryimage\"},\"image\":{\"@id\":\"https:\/\/www.gaveanews.com\/index.php\/2023\/04\/25\/lembra-dele-atacante-revelado-pelo-flamengo-pode-fechar-com-o-vasco\/#primaryimage\"},\"thumbnailUrl\":\"https:\/\/www.gaveanews.com\/wp-content\/uploads\/matheus-savio-flamengo-scaled.webp\",\"datePublished\":\"2023-04-25T13:52:02+00:00\",\"dateModified\":\"2023-04-25T13:52:05+00:00\",\"author\":{\"@id\":\"https:\/\/www.gaveanews.com\/#\/schema\/person\/714c67050b836198af2450ba1c142a67\"},\"breadcrumb\":{\"@id\":\"https:\/\/www.gaveanews.com\/index.php\/2023\/04\/25\/lembra-dele-atacante-revelado-pelo-flamengo-pode-fechar-com-o-vasco\/#breadcrumb\"},\"inLanguage\":\"pt-BR\",\"potentialAction\":[{\"@type\":\"ReadAction\",\"target\":[\"https:\/\/www.gaveanews.com\/index.php\/2023\/04\/25\/lembra-dele-atacante-revelado-pelo-flamengo-pode-fechar-com-o-vasco\/\"]}]},{\"@type\":\"ImageObject\",\"inLanguage\":\"pt-BR\",\"@id\":\"https:\/\/www.gaveanews.com\/index.php\/2023\/04\/25\/lembra-dele-atacante-revelado-pelo-flamengo-pode-fechar-com-o-vasco\/#primaryimage\",\"url\":\"https:\/\/www.gaveanews.com\/wp-content\/uploads\/matheus-savio-flamengo-scaled.webp\",\"contentUrl\":\"https:\/\/www.gaveanews.com\/wp-content\/uploads\/matheus-savio-flamengo-scaled.webp\",\"width\":2560,\"height\":1707},{\"@type\":\"BreadcrumbList\",\"@id\":\"https:\/\/www.gaveanews.com\/index.php\/2023\/04\/25\/lembra-dele-atacante-revelado-pelo-flamengo-pode-fechar-com-o-vasco\/#breadcrumb\",\"itemListElement\":[{\"@type\":\"ListItem\",\"position\":1,\"name\":\"Home\",\"item\":\"https:\/\/www.gaveanews.com\/\"},{\"@type\":\"ListItem\",\"position\":2,\"name\":\"Lembra dele? Atacante revelado pelo Flamengo pode fechar com o Vasco\"}]},{\"@type\":\"WebSite\",\"@id\":\"https:\/\/www.gaveanews.com\/#website\",\"url\":\"https:\/\/www.gaveanews.com\/\",\"name\":\"G\u00e1vea News\",\"description\":\"Veja todas as not\u00edcias sobre o Flamengo: Contrata\u00e7\u00f5es, categorias de base, resultados das partidas, tabela de classifica\u00e7\u00e3o, pr\u00f3ximos jogos!\",\"potentialAction\":[{\"@type\":\"SearchAction\",\"target\":{\"@type\":\"EntryPoint\",\"urlTemplate\":\"https:\/\/www.gaveanews.com\/?s={search_term_string}\"},\"query-input\":{\"@type\":\"PropertyValueSpecification\",\"valueRequired\":true,\"valueName\":\"search_term_string\"}}],\"inLanguage\":\"pt-BR\"},{\"@type\":\"Person\",\"@id\":\"https:\/\/www.gaveanews.com\/#\/schema\/person\/714c67050b836198af2450ba1c142a67\",\"name\":\"Let\u00edcia Gerheim\",\"image\":{\"@type\":\"ImageObject\",\"inLanguage\":\"pt-BR\",\"@id\":\"https:\/\/www.gaveanews.com\/#\/schema\/person\/image\/\",\"url\":\"https:\/\/secure.gravatar.com\/avatar\/60734739c50fcebfbac509e2a826ccd0ff405c019bc73aab9354f19ecad1dcb4?s=96&d=mm&r=g\",\"contentUrl\":\"https:\/\/secure.gravatar.com\/avatar\/60734739c50fcebfbac509e2a826ccd0ff405c019bc73aab9354f19ecad1dcb4?s=96&d=mm&r=g\",\"caption\":\"Let\u00edcia Gerheim\"}}]}<\/script>\n<!-- \/ Yoast SEO Premium plugin. -->","yoast_head_json":{"title":"Lembra dele? Atacante revelado pelo Flamengo pode fechar com o Vasco","robots":{"index":"index","follow":"follow","max-snippet":"max-snippet:-1","max-image-preview":"max-image-preview:large","max-video-preview":"max-video-preview:-1"},"canonical":"https:\/\/www.gaveanews.com\/index.php\/2023\/04\/25\/lembra-dele-atacante-revelado-pelo-flamengo-pode-fechar-com-o-vasco\/","og_locale":"pt_BR","og_type":"article","og_title":"Lembra dele? Atacante revelado pelo Flamengo pode fechar com o Vasco","og_description":"A janela de transfer\u00eancias internacionais do come\u00e7o do ano fechou h\u00e1 algumas semanas. Mas um novo per\u00edodo h\u00e1bil para contrata\u00e7\u00f5es de fora do Brasil est\u00e1 pr\u00f3ximo. Assim, os clubes brasileiros mapeiam o mercado da bola e estudam suas possibilidades. De acordo com o portal Super Vasco, o Cruzmaltino tem o nome de um atleta revelado [&hellip;]","og_url":"https:\/\/www.gaveanews.com\/index.php\/2023\/04\/25\/lembra-dele-atacante-revelado-pelo-flamengo-pode-fechar-com-o-vasco\/","og_site_name":"G\u00e1vea News","article_publisher":"https:\/\/facebook.com\/gaveaNews\/","article_published_time":"2023-04-25T13:52:02+00:00","article_modified_time":"2023-04-25T13:52:05+00:00","og_image":[{"width":2560,"height":1707,"url":"https:\/\/www.gaveanews.com\/wp-content\/uploads\/matheus-savio-flamengo-scaled.webp","type":"image\/jpeg"}],"author":"Let\u00edcia Gerheim","twitter_card":"summary_large_image","twitter_misc":{"Escrito por":"Let\u00edcia Gerheim","Est. tempo de leitura":"1 minuto"},"schema":{"@context":"https:\/\/schema.org","@graph":[{"@type":"NewsArticle","@id":"https:\/\/www.gaveanews.com\/index.php\/2023\/04\/25\/lembra-dele-atacante-revelado-pelo-flamengo-pode-fechar-com-o-vasco\/#article","isPartOf":{"@id":"https:\/\/www.gaveanews.com\/index.php\/2023\/04\/25\/lembra-dele-atacante-revelado-pelo-flamengo-pode-fechar-com-o-vasco\/"},"author":{"name":"Let\u00edcia Gerheim","@id":"https:\/\/www.gaveanews.com\/#\/schema\/person\/714c67050b836198af2450ba1c142a67"},"headline":"Lembra dele? Atacante revelado pelo Flamengo pode fechar com o Vasco","datePublished":"2023-04-25T13:52:02+00:00","dateModified":"2023-04-25T13:52:05+00:00","mainEntityOfPage":{"@id":"https:\/\/www.gaveanews.com\/index.php\/2023\/04\/25\/lembra-dele-atacante-revelado-pelo-flamengo-pode-fechar-com-o-vasco\/"},"wordCount":180,"commentCount":0,"image":{"@id":"https:\/\/www.gaveanews.com\/index.php\/2023\/04\/25\/lembra-dele-atacante-revelado-pelo-flamengo-pode-fechar-com-o-vasco\/#primaryimage"},"thumbnailUrl":"https:\/\/www.gaveanews.com\/wp-content\/uploads\/matheus-savio-flamengo-scaled.webp","articleSection":["Flamengo"],"inLanguage":"pt-BR","potentialAction":[{"@type":"CommentAction","name":"Comment","target":["https:\/\/www.gaveanews.com\/index.php\/2023\/04\/25\/lembra-dele-atacante-revelado-pelo-flamengo-pode-fechar-com-o-vasco\/#respond"]}],"copyrightYear":"2023","copyrightHolder":{"@id":"https:\/\/www.gaveanews.com\/#organization"}},{"@type":"WebPage","@id":"https:\/\/www.gaveanews.com\/index.php\/2023\/04\/25\/lembra-dele-atacante-revelado-pelo-flamengo-pode-fechar-com-o-vasco\/","url":"https:\/\/www.gaveanews.com\/index.php\/2023\/04\/25\/lembra-dele-atacante-revelado-pelo-flamengo-pode-fechar-com-o-vasco\/","name":"Lembra dele? Atacante revelado pelo Flamengo pode fechar com o Vasco","isPartOf":{"@id":"https:\/\/www.gaveanews.com\/#website"},"primaryImageOfPage":{"@id":"https:\/\/www.gaveanews.com\/index.php\/2023\/04\/25\/lembra-dele-atacante-revelado-pelo-flamengo-pode-fechar-com-o-vasco\/#primaryimage"},"image":{"@id":"https:\/\/www.gaveanews.com\/index.php\/2023\/04\/25\/lembra-dele-atacante-revelado-pelo-flamengo-pode-fechar-com-o-vasco\/#primaryimage"},"thumbnailUrl":"https:\/\/www.gaveanews.com\/wp-content\/uploads\/matheus-savio-flamengo-scaled.webp","datePublished":"2023-04-25T13:52:02+00:00","dateModified":"2023-04-25T13:52:05+00:00","author":{"@id":"https:\/\/www.gaveanews.com\/#\/schema\/person\/714c67050b836198af2450ba1c142a67"},"breadcrumb":{"@id":"https:\/\/www.gaveanews.com\/index.php\/2023\/04\/25\/lembra-dele-atacante-revelado-pelo-flamengo-pode-fechar-com-o-vasco\/#breadcrumb"},"inLanguage":"pt-BR","potentialAction":[{"@type":"ReadAction","target":["https:\/\/www.gaveanews.com\/index.php\/2023\/04\/25\/lembra-dele-atacante-revelado-pelo-flamengo-pode-fechar-com-o-vasco\/"]}]},{"@type":"ImageObject","inLanguage":"pt-BR","@id":"https:\/\/www.gaveanews.com\/index.php\/2023\/04\/25\/lembra-dele-atacante-revelado-pelo-flamengo-pode-fechar-com-o-vasco\/#primaryimage","url":"https:\/\/www.gaveanews.com\/wp-content\/uploads\/matheus-savio-flamengo-scaled.webp","contentUrl":"https:\/\/www.gaveanews.com\/wp-content\/uploads\/matheus-savio-flamengo-scaled.webp","width":2560,"height":1707},{"@type":"BreadcrumbList","@id":"https:\/\/www.gaveanews.com\/index.php\/2023\/04\/25\/lembra-dele-atacante-revelado-pelo-flamengo-pode-fechar-com-o-vasco\/#breadcrumb","itemListElement":[{"@type":"ListItem","position":1,"name":"Home","item":"https:\/\/www.gaveanews.com\/"},{"@type":"ListItem","position":2,"name":"Lembra dele? Atacante revelado pelo Flamengo pode fechar com o Vasco"}]},{"@type":"WebSite","@id":"https:\/\/www.gaveanews.com\/#website","url":"https:\/\/www.gaveanews.com\/","name":"G\u00e1vea News","description":"Veja todas as not\u00edcias sobre o Flamengo: Contrata\u00e7\u00f5es, categorias de base, resultados das partidas, tabela de classifica\u00e7\u00e3o, pr\u00f3ximos jogos!","potentialAction":[{"@type":"SearchAction","target":{"@type":"EntryPoint","urlTemplate":"https:\/\/www.gaveanews.com\/?s={search_term_string}"},"query-input":{"@type":"PropertyValueSpecification","valueRequired":true,"valueName":"search_term_string"}}],"inLanguage":"pt-BR"},{"@type":"Person","@id":"https:\/\/www.gaveanews.com\/#\/schema\/person\/714c67050b836198af2450ba1c142a67","name":"Let\u00edcia Gerheim","image":{"@type":"ImageObject","inLanguage":"pt-BR","@id":"https:\/\/www.gaveanews.com\/#\/schema\/person\/image\/","url":"https:\/\/secure.gravatar.com\/avatar\/60734739c50fcebfbac509e2a826ccd0ff405c019bc73aab9354f19ecad1dcb4?s=96&d=mm&r=g","contentUrl":"https:\/\/secure.gravatar.com\/avatar\/60734739c50fcebfbac509e2a826ccd0ff405c019bc73aab9354f19ecad1dcb4?s=96&d=mm&r=g","caption":"Let\u00edcia Gerheim"}}]}},"_links":{"self":[{"href":"https:\/\/www.gaveanews.com\/index.php\/wp-json\/wp\/v2\/posts\/97773","targetHints":{"allow":["GET"]}}],"collection":[{"href":"https:\/\/www.gaveanews.com\/index.php\/wp-json\/wp\/v2\/posts"}],"about":[{"href":"https:\/\/www.gaveanews.com\/index.php\/wp-json\/wp\/v2\/types\/post"}],"author":[{"embeddable":true,"href":"https:\/\/www.gaveanews.com\/index.php\/wp-json\/wp\/v2\/users\/4"}],"replies":[{"embeddable":true,"href":"https:\/\/www.gaveanews.com\/index.php\/wp-json\/wp\/v2\/comments?post=97773"}],"version-history":[{"count":0,"href":"https:\/\/www.gaveanews.com\/index.php\/wp-json\/wp\/v2\/posts\/97773\/revisions"}],"wp:featuredmedia":[{"embeddable":true,"href":"https:\/\/www.gaveanews.com\/index.php\/wp-json\/wp\/v2\/media\/32791"}],"wp:attachment":[{"href":"https:\/\/www.gaveanews.com\/index.php\/wp-json\/wp\/v2\/media?parent=97773"}],"wp:term":[{"taxonomy":"category","embeddable":true,"href":"https:\/\/www.gaveanews.com\/index.php\/wp-json\/wp\/v2\/categories?post=97773"},{"taxonomy":"post_tag","embeddable":true,"href":"https:\/\/www.gaveanews.com\/index.php\/wp-json\/wp\/v2\/tags?post=97773"}],"curies":[{"name":"wp","href":"https:\/\/api.w.org\/{rel}","templated":true}]}}