{"id":97790,"date":"2023-04-25T15:44:33","date_gmt":"2023-04-25T18:44:33","guid":{"rendered":"https:\/\/www.gaveanews.com\/?p=97790"},"modified":"2023-04-25T15:44:37","modified_gmt":"2023-04-25T18:44:37","slug":"veja-a-provavel-escalacao-do-flamengo-para-o-jogo-de-volta-contra-o-maringa","status":"publish","type":"post","link":"https:\/\/www.gaveanews.com\/index.php\/2023\/04\/25\/veja-a-provavel-escalacao-do-flamengo-para-o-jogo-de-volta-contra-o-maringa\/","title":{"rendered":"Veja a prov\u00e1vel escala\u00e7\u00e3o do Flamengo para o jogo de volta contra o Maring\u00e1"},"content":{"rendered":"\n<p>As prepara\u00e7\u00f5es do elenco rubro-negro para a decis\u00e3o da terceira fase da Copa do Brasil est\u00e3o pr\u00f3ximas do fim. O Flamengo chega neste segundo encontro com o Maring\u00e1 com a desvantagem de dois gols e precisando correr atr\u00e1s do resultado.<\/p>\n\n\n\n<ul class=\"wp-block-list\">\n<li><a href=\"https:\/\/www.gaveanews.com\/index.php\/2023\/04\/24\/maringa-x-flamengo-saiba-onde-assistir-o-jogo-de-volta-pela-terceira-fase-da-copa-do-brasil\/\">Saiba onde assistir Flamengo x Maring\u00e1<\/a><\/li>\n<\/ul>\n\n\n\n<p>Para o duelo, Sampaoli busca intensidade e efic\u00e1cia de seus jogadores, esperando tamb\u00e9m a evolu\u00e7\u00e3o do grupo dentro das quatro linhas. A mudan\u00e7a desta vez ser\u00e1 o retorno do esquema com tr\u00eas zagueiros.<\/p>\n\n\n\n<p>David Luiz, desfalque no jogo contra o Internacional, est\u00e1 de volta e far\u00e1 a primeira linha com L\u00e9o Pereira e Fabr\u00edcio Bruno. Pelas laterais e mais adiantados, Ayrton Lucas e Marinho devem ser titulares.<\/p>\n\n\n\n<p>Quanto ao meio-campo, Thiago Maia, Gerson e Vidal estar\u00e3o entre os onze iniciais, com o chileno um pouco mais adiantado. Por fim, Gabigol e Pedro ganham mais uma chance de atuarem lado a lado e devem ser escalados. A informa\u00e7\u00e3o \u00e9 do jornalista Ven\u00ea Casagrande.<\/p>\n\n\n\n<h2 class=\"wp-block-heading\" id=\"h-provavel-escalacao\">Prov\u00e1vel escala\u00e7\u00e3o:<\/h2>\n\n\n\n<p>Santos; Marinho, Fabr\u00edcio Bruno, David Luiz, L\u00e9o Pereira e Ayrton Lucas; Thiago Maia, Gerson e Vidal; Gabigol e Pedro.<\/p>\n\n\n\n<p>A bola rola para Flamengo e Maring\u00e1 \u00e0s 21h30 (hor\u00e1rio de Bras\u00edlia) desta quarta-feira (26), no Maracan\u00e3. <a href=\"https:\/\/www.gaveanews.com\/index.php\/2023\/04\/25\/flamengo-x-maringa-classificado-recebera-premiacao-milionaria\/\">A equipe classificada receber\u00e1 premia\u00e7\u00e3o milion\u00e1ria da CBF.<\/a><\/p>\n","protected":false},"excerpt":{"rendered":"<p>As prepara\u00e7\u00f5es do elenco rubro-negro para a decis\u00e3o da terceira fase da Copa do Brasil est\u00e3o pr\u00f3ximas do fim. O Flamengo chega neste segundo encontro com o Maring\u00e1 com a desvantagem de dois gols e precisando correr atr\u00e1s do resultado. Para o duelo, Sampaoli busca intensidade e efic\u00e1cia de seus jogadores, esperando tamb\u00e9m a evolu\u00e7\u00e3o [&hellip;]<\/p>\n","protected":false},"author":4,"featured_media":97699,"comment_status":"open","ping_status":"closed","sticky":false,"template":"","format":"standard","meta":{"footnotes":""},"categories":[1],"tags":[],"class_list":["post-97790","post","type-post","status-publish","format-standard","has-post-thumbnail","hentry","category-flamengo"],"yoast_head":"<!-- This site is optimized with the Yoast SEO Premium plugin v24.2 (Yoast SEO v26.9) - https:\/\/yoast.com\/product\/yoast-seo-premium-wordpress\/ -->\n<title>Veja a prov\u00e1vel escala\u00e7\u00e3o do Flamengo para o jogo de volta contra o Maring\u00e1<\/title>\n<meta name=\"robots\" content=\"index, follow, max-snippet:-1, max-image-preview:large, max-video-preview:-1\" \/>\n<link rel=\"canonical\" href=\"https:\/\/www.gaveanews.com\/index.php\/2023\/04\/25\/veja-a-provavel-escalacao-do-flamengo-para-o-jogo-de-volta-contra-o-maringa\/\" \/>\n<meta property=\"og:locale\" content=\"pt_BR\" \/>\n<meta property=\"og:type\" content=\"article\" \/>\n<meta property=\"og:title\" content=\"Veja a prov\u00e1vel escala\u00e7\u00e3o do Flamengo para o jogo de volta contra o Maring\u00e1\" \/>\n<meta property=\"og:description\" content=\"As prepara\u00e7\u00f5es do elenco rubro-negro para a decis\u00e3o da terceira fase da Copa do Brasil est\u00e3o pr\u00f3ximas do fim. O Flamengo chega neste segundo encontro com o Maring\u00e1 com a desvantagem de dois gols e precisando correr atr\u00e1s do resultado. Para o duelo, Sampaoli busca intensidade e efic\u00e1cia de seus jogadores, esperando tamb\u00e9m a evolu\u00e7\u00e3o [&hellip;]\" \/>\n<meta property=\"og:url\" content=\"https:\/\/www.gaveanews.com\/index.php\/2023\/04\/25\/veja-a-provavel-escalacao-do-flamengo-para-o-jogo-de-volta-contra-o-maringa\/\" \/>\n<meta property=\"og:site_name\" content=\"G\u00e1vea News\" \/>\n<meta property=\"article:publisher\" content=\"https:\/\/facebook.com\/gaveaNews\/\" \/>\n<meta property=\"article:published_time\" content=\"2023-04-25T18:44:33+00:00\" \/>\n<meta property=\"article:modified_time\" content=\"2023-04-25T18:44:37+00:00\" \/>\n<meta property=\"og:image\" content=\"https:\/\/www.gaveanews.com\/wp-content\/uploads\/Arturo-Vidal-em-acao-pelo-Flamengo-no-estadio-do-Maracana-durante-o-classico-contra-o-Vasco-pelo-Campeonato-Carioca-de-2023.webp\" \/>\n\t<meta property=\"og:image:width\" content=\"902\" \/>\n\t<meta property=\"og:image:height\" content=\"600\" \/>\n\t<meta property=\"og:image:type\" content=\"image\/jpeg\" \/>\n<meta name=\"author\" content=\"Let\u00edcia Gerheim\" \/>\n<meta name=\"twitter:card\" content=\"summary_large_image\" \/>\n<meta name=\"twitter:label1\" content=\"Escrito por\" \/>\n\t<meta name=\"twitter:data1\" content=\"Let\u00edcia Gerheim\" \/>\n\t<meta name=\"twitter:label2\" content=\"Est. tempo de leitura\" \/>\n\t<meta name=\"twitter:data2\" content=\"2 minutos\" \/>\n<script type=\"application\/ld+json\" class=\"yoast-schema-graph\">{\"@context\":\"https:\/\/schema.org\",\"@graph\":[{\"@type\":\"NewsArticle\",\"@id\":\"https:\/\/www.gaveanews.com\/index.php\/2023\/04\/25\/veja-a-provavel-escalacao-do-flamengo-para-o-jogo-de-volta-contra-o-maringa\/#article\",\"isPartOf\":{\"@id\":\"https:\/\/www.gaveanews.com\/index.php\/2023\/04\/25\/veja-a-provavel-escalacao-do-flamengo-para-o-jogo-de-volta-contra-o-maringa\/\"},\"author\":{\"name\":\"Let\u00edcia Gerheim\",\"@id\":\"https:\/\/www.gaveanews.com\/#\/schema\/person\/714c67050b836198af2450ba1c142a67\"},\"headline\":\"Veja a prov\u00e1vel escala\u00e7\u00e3o do Flamengo para o jogo de volta contra o Maring\u00e1\",\"datePublished\":\"2023-04-25T18:44:33+00:00\",\"dateModified\":\"2023-04-25T18:44:37+00:00\",\"mainEntityOfPage\":{\"@id\":\"https:\/\/www.gaveanews.com\/index.php\/2023\/04\/25\/veja-a-provavel-escalacao-do-flamengo-para-o-jogo-de-volta-contra-o-maringa\/\"},\"wordCount\":240,\"commentCount\":0,\"image\":{\"@id\":\"https:\/\/www.gaveanews.com\/index.php\/2023\/04\/25\/veja-a-provavel-escalacao-do-flamengo-para-o-jogo-de-volta-contra-o-maringa\/#primaryimage\"},\"thumbnailUrl\":\"https:\/\/www.gaveanews.com\/wp-content\/uploads\/Arturo-Vidal-em-acao-pelo-Flamengo-no-estadio-do-Maracana-durante-o-classico-contra-o-Vasco-pelo-Campeonato-Carioca-de-2023.webp\",\"articleSection\":[\"Flamengo\"],\"inLanguage\":\"pt-BR\",\"potentialAction\":[{\"@type\":\"CommentAction\",\"name\":\"Comment\",\"target\":[\"https:\/\/www.gaveanews.com\/index.php\/2023\/04\/25\/veja-a-provavel-escalacao-do-flamengo-para-o-jogo-de-volta-contra-o-maringa\/#respond\"]}],\"copyrightYear\":\"2023\",\"copyrightHolder\":{\"@id\":\"https:\/\/www.gaveanews.com\/#organization\"}},{\"@type\":\"WebPage\",\"@id\":\"https:\/\/www.gaveanews.com\/index.php\/2023\/04\/25\/veja-a-provavel-escalacao-do-flamengo-para-o-jogo-de-volta-contra-o-maringa\/\",\"url\":\"https:\/\/www.gaveanews.com\/index.php\/2023\/04\/25\/veja-a-provavel-escalacao-do-flamengo-para-o-jogo-de-volta-contra-o-maringa\/\",\"name\":\"Veja a prov\u00e1vel escala\u00e7\u00e3o do Flamengo para o jogo de volta contra o Maring\u00e1\",\"isPartOf\":{\"@id\":\"https:\/\/www.gaveanews.com\/#website\"},\"primaryImageOfPage\":{\"@id\":\"https:\/\/www.gaveanews.com\/index.php\/2023\/04\/25\/veja-a-provavel-escalacao-do-flamengo-para-o-jogo-de-volta-contra-o-maringa\/#primaryimage\"},\"image\":{\"@id\":\"https:\/\/www.gaveanews.com\/index.php\/2023\/04\/25\/veja-a-provavel-escalacao-do-flamengo-para-o-jogo-de-volta-contra-o-maringa\/#primaryimage\"},\"thumbnailUrl\":\"https:\/\/www.gaveanews.com\/wp-content\/uploads\/Arturo-Vidal-em-acao-pelo-Flamengo-no-estadio-do-Maracana-durante-o-classico-contra-o-Vasco-pelo-Campeonato-Carioca-de-2023.webp\",\"datePublished\":\"2023-04-25T18:44:33+00:00\",\"dateModified\":\"2023-04-25T18:44:37+00:00\",\"author\":{\"@id\":\"https:\/\/www.gaveanews.com\/#\/schema\/person\/714c67050b836198af2450ba1c142a67\"},\"breadcrumb\":{\"@id\":\"https:\/\/www.gaveanews.com\/index.php\/2023\/04\/25\/veja-a-provavel-escalacao-do-flamengo-para-o-jogo-de-volta-contra-o-maringa\/#breadcrumb\"},\"inLanguage\":\"pt-BR\",\"potentialAction\":[{\"@type\":\"ReadAction\",\"target\":[\"https:\/\/www.gaveanews.com\/index.php\/2023\/04\/25\/veja-a-provavel-escalacao-do-flamengo-para-o-jogo-de-volta-contra-o-maringa\/\"]}]},{\"@type\":\"ImageObject\",\"inLanguage\":\"pt-BR\",\"@id\":\"https:\/\/www.gaveanews.com\/index.php\/2023\/04\/25\/veja-a-provavel-escalacao-do-flamengo-para-o-jogo-de-volta-contra-o-maringa\/#primaryimage\",\"url\":\"https:\/\/www.gaveanews.com\/wp-content\/uploads\/Arturo-Vidal-em-acao-pelo-Flamengo-no-estadio-do-Maracana-durante-o-classico-contra-o-Vasco-pelo-Campeonato-Carioca-de-2023.webp\",\"contentUrl\":\"https:\/\/www.gaveanews.com\/wp-content\/uploads\/Arturo-Vidal-em-acao-pelo-Flamengo-no-estadio-do-Maracana-durante-o-classico-contra-o-Vasco-pelo-Campeonato-Carioca-de-2023.webp\",\"width\":902,\"height\":600,\"caption\":\"Arturo Vidal em a\u00e7\u00e3o pelo Flamengo no Maracan\u00e3 durante o cl\u00e1ssico contra o Vasco (Foto: Marcelo Cortes\/Flamengo)\"},{\"@type\":\"BreadcrumbList\",\"@id\":\"https:\/\/www.gaveanews.com\/index.php\/2023\/04\/25\/veja-a-provavel-escalacao-do-flamengo-para-o-jogo-de-volta-contra-o-maringa\/#breadcrumb\",\"itemListElement\":[{\"@type\":\"ListItem\",\"position\":1,\"name\":\"Home\",\"item\":\"https:\/\/www.gaveanews.com\/\"},{\"@type\":\"ListItem\",\"position\":2,\"name\":\"Veja a prov\u00e1vel escala\u00e7\u00e3o do Flamengo para o jogo de volta contra o Maring\u00e1\"}]},{\"@type\":\"WebSite\",\"@id\":\"https:\/\/www.gaveanews.com\/#website\",\"url\":\"https:\/\/www.gaveanews.com\/\",\"name\":\"G\u00e1vea News\",\"description\":\"Veja todas as not\u00edcias sobre o Flamengo: Contrata\u00e7\u00f5es, categorias de base, resultados das partidas, tabela de classifica\u00e7\u00e3o, pr\u00f3ximos jogos!\",\"potentialAction\":[{\"@type\":\"SearchAction\",\"target\":{\"@type\":\"EntryPoint\",\"urlTemplate\":\"https:\/\/www.gaveanews.com\/?s={search_term_string}\"},\"query-input\":{\"@type\":\"PropertyValueSpecification\",\"valueRequired\":true,\"valueName\":\"search_term_string\"}}],\"inLanguage\":\"pt-BR\"},{\"@type\":\"Person\",\"@id\":\"https:\/\/www.gaveanews.com\/#\/schema\/person\/714c67050b836198af2450ba1c142a67\",\"name\":\"Let\u00edcia Gerheim\",\"image\":{\"@type\":\"ImageObject\",\"inLanguage\":\"pt-BR\",\"@id\":\"https:\/\/www.gaveanews.com\/#\/schema\/person\/image\/\",\"url\":\"https:\/\/secure.gravatar.com\/avatar\/60734739c50fcebfbac509e2a826ccd0ff405c019bc73aab9354f19ecad1dcb4?s=96&d=mm&r=g\",\"contentUrl\":\"https:\/\/secure.gravatar.com\/avatar\/60734739c50fcebfbac509e2a826ccd0ff405c019bc73aab9354f19ecad1dcb4?s=96&d=mm&r=g\",\"caption\":\"Let\u00edcia Gerheim\"}}]}<\/script>\n<!-- \/ Yoast SEO Premium plugin. -->","yoast_head_json":{"title":"Veja a prov\u00e1vel escala\u00e7\u00e3o do Flamengo para o jogo de volta contra o Maring\u00e1","robots":{"index":"index","follow":"follow","max-snippet":"max-snippet:-1","max-image-preview":"max-image-preview:large","max-video-preview":"max-video-preview:-1"},"canonical":"https:\/\/www.gaveanews.com\/index.php\/2023\/04\/25\/veja-a-provavel-escalacao-do-flamengo-para-o-jogo-de-volta-contra-o-maringa\/","og_locale":"pt_BR","og_type":"article","og_title":"Veja a prov\u00e1vel escala\u00e7\u00e3o do Flamengo para o jogo de volta contra o Maring\u00e1","og_description":"As prepara\u00e7\u00f5es do elenco rubro-negro para a decis\u00e3o da terceira fase da Copa do Brasil est\u00e3o pr\u00f3ximas do fim. O Flamengo chega neste segundo encontro com o Maring\u00e1 com a desvantagem de dois gols e precisando correr atr\u00e1s do resultado. Para o duelo, Sampaoli busca intensidade e efic\u00e1cia de seus jogadores, esperando tamb\u00e9m a evolu\u00e7\u00e3o [&hellip;]","og_url":"https:\/\/www.gaveanews.com\/index.php\/2023\/04\/25\/veja-a-provavel-escalacao-do-flamengo-para-o-jogo-de-volta-contra-o-maringa\/","og_site_name":"G\u00e1vea News","article_publisher":"https:\/\/facebook.com\/gaveaNews\/","article_published_time":"2023-04-25T18:44:33+00:00","article_modified_time":"2023-04-25T18:44:37+00:00","og_image":[{"width":902,"height":600,"url":"https:\/\/www.gaveanews.com\/wp-content\/uploads\/Arturo-Vidal-em-acao-pelo-Flamengo-no-estadio-do-Maracana-durante-o-classico-contra-o-Vasco-pelo-Campeonato-Carioca-de-2023.webp","type":"image\/jpeg"}],"author":"Let\u00edcia Gerheim","twitter_card":"summary_large_image","twitter_misc":{"Escrito por":"Let\u00edcia Gerheim","Est. tempo de leitura":"2 minutos"},"schema":{"@context":"https:\/\/schema.org","@graph":[{"@type":"NewsArticle","@id":"https:\/\/www.gaveanews.com\/index.php\/2023\/04\/25\/veja-a-provavel-escalacao-do-flamengo-para-o-jogo-de-volta-contra-o-maringa\/#article","isPartOf":{"@id":"https:\/\/www.gaveanews.com\/index.php\/2023\/04\/25\/veja-a-provavel-escalacao-do-flamengo-para-o-jogo-de-volta-contra-o-maringa\/"},"author":{"name":"Let\u00edcia Gerheim","@id":"https:\/\/www.gaveanews.com\/#\/schema\/person\/714c67050b836198af2450ba1c142a67"},"headline":"Veja a prov\u00e1vel escala\u00e7\u00e3o do Flamengo para o jogo de volta contra o Maring\u00e1","datePublished":"2023-04-25T18:44:33+00:00","dateModified":"2023-04-25T18:44:37+00:00","mainEntityOfPage":{"@id":"https:\/\/www.gaveanews.com\/index.php\/2023\/04\/25\/veja-a-provavel-escalacao-do-flamengo-para-o-jogo-de-volta-contra-o-maringa\/"},"wordCount":240,"commentCount":0,"image":{"@id":"https:\/\/www.gaveanews.com\/index.php\/2023\/04\/25\/veja-a-provavel-escalacao-do-flamengo-para-o-jogo-de-volta-contra-o-maringa\/#primaryimage"},"thumbnailUrl":"https:\/\/www.gaveanews.com\/wp-content\/uploads\/Arturo-Vidal-em-acao-pelo-Flamengo-no-estadio-do-Maracana-durante-o-classico-contra-o-Vasco-pelo-Campeonato-Carioca-de-2023.webp","articleSection":["Flamengo"],"inLanguage":"pt-BR","potentialAction":[{"@type":"CommentAction","name":"Comment","target":["https:\/\/www.gaveanews.com\/index.php\/2023\/04\/25\/veja-a-provavel-escalacao-do-flamengo-para-o-jogo-de-volta-contra-o-maringa\/#respond"]}],"copyrightYear":"2023","copyrightHolder":{"@id":"https:\/\/www.gaveanews.com\/#organization"}},{"@type":"WebPage","@id":"https:\/\/www.gaveanews.com\/index.php\/2023\/04\/25\/veja-a-provavel-escalacao-do-flamengo-para-o-jogo-de-volta-contra-o-maringa\/","url":"https:\/\/www.gaveanews.com\/index.php\/2023\/04\/25\/veja-a-provavel-escalacao-do-flamengo-para-o-jogo-de-volta-contra-o-maringa\/","name":"Veja a prov\u00e1vel escala\u00e7\u00e3o do Flamengo para o jogo de volta contra o Maring\u00e1","isPartOf":{"@id":"https:\/\/www.gaveanews.com\/#website"},"primaryImageOfPage":{"@id":"https:\/\/www.gaveanews.com\/index.php\/2023\/04\/25\/veja-a-provavel-escalacao-do-flamengo-para-o-jogo-de-volta-contra-o-maringa\/#primaryimage"},"image":{"@id":"https:\/\/www.gaveanews.com\/index.php\/2023\/04\/25\/veja-a-provavel-escalacao-do-flamengo-para-o-jogo-de-volta-contra-o-maringa\/#primaryimage"},"thumbnailUrl":"https:\/\/www.gaveanews.com\/wp-content\/uploads\/Arturo-Vidal-em-acao-pelo-Flamengo-no-estadio-do-Maracana-durante-o-classico-contra-o-Vasco-pelo-Campeonato-Carioca-de-2023.webp","datePublished":"2023-04-25T18:44:33+00:00","dateModified":"2023-04-25T18:44:37+00:00","author":{"@id":"https:\/\/www.gaveanews.com\/#\/schema\/person\/714c67050b836198af2450ba1c142a67"},"breadcrumb":{"@id":"https:\/\/www.gaveanews.com\/index.php\/2023\/04\/25\/veja-a-provavel-escalacao-do-flamengo-para-o-jogo-de-volta-contra-o-maringa\/#breadcrumb"},"inLanguage":"pt-BR","potentialAction":[{"@type":"ReadAction","target":["https:\/\/www.gaveanews.com\/index.php\/2023\/04\/25\/veja-a-provavel-escalacao-do-flamengo-para-o-jogo-de-volta-contra-o-maringa\/"]}]},{"@type":"ImageObject","inLanguage":"pt-BR","@id":"https:\/\/www.gaveanews.com\/index.php\/2023\/04\/25\/veja-a-provavel-escalacao-do-flamengo-para-o-jogo-de-volta-contra-o-maringa\/#primaryimage","url":"https:\/\/www.gaveanews.com\/wp-content\/uploads\/Arturo-Vidal-em-acao-pelo-Flamengo-no-estadio-do-Maracana-durante-o-classico-contra-o-Vasco-pelo-Campeonato-Carioca-de-2023.webp","contentUrl":"https:\/\/www.gaveanews.com\/wp-content\/uploads\/Arturo-Vidal-em-acao-pelo-Flamengo-no-estadio-do-Maracana-durante-o-classico-contra-o-Vasco-pelo-Campeonato-Carioca-de-2023.webp","width":902,"height":600,"caption":"Arturo Vidal em a\u00e7\u00e3o pelo Flamengo no Maracan\u00e3 durante o cl\u00e1ssico contra o Vasco (Foto: Marcelo Cortes\/Flamengo)"},{"@type":"BreadcrumbList","@id":"https:\/\/www.gaveanews.com\/index.php\/2023\/04\/25\/veja-a-provavel-escalacao-do-flamengo-para-o-jogo-de-volta-contra-o-maringa\/#breadcrumb","itemListElement":[{"@type":"ListItem","position":1,"name":"Home","item":"https:\/\/www.gaveanews.com\/"},{"@type":"ListItem","position":2,"name":"Veja a prov\u00e1vel escala\u00e7\u00e3o do Flamengo para o jogo de volta contra o Maring\u00e1"}]},{"@type":"WebSite","@id":"https:\/\/www.gaveanews.com\/#website","url":"https:\/\/www.gaveanews.com\/","name":"G\u00e1vea News","description":"Veja todas as not\u00edcias sobre o Flamengo: Contrata\u00e7\u00f5es, categorias de base, resultados das partidas, tabela de classifica\u00e7\u00e3o, pr\u00f3ximos jogos!","potentialAction":[{"@type":"SearchAction","target":{"@type":"EntryPoint","urlTemplate":"https:\/\/www.gaveanews.com\/?s={search_term_string}"},"query-input":{"@type":"PropertyValueSpecification","valueRequired":true,"valueName":"search_term_string"}}],"inLanguage":"pt-BR"},{"@type":"Person","@id":"https:\/\/www.gaveanews.com\/#\/schema\/person\/714c67050b836198af2450ba1c142a67","name":"Let\u00edcia Gerheim","image":{"@type":"ImageObject","inLanguage":"pt-BR","@id":"https:\/\/www.gaveanews.com\/#\/schema\/person\/image\/","url":"https:\/\/secure.gravatar.com\/avatar\/60734739c50fcebfbac509e2a826ccd0ff405c019bc73aab9354f19ecad1dcb4?s=96&d=mm&r=g","contentUrl":"https:\/\/secure.gravatar.com\/avatar\/60734739c50fcebfbac509e2a826ccd0ff405c019bc73aab9354f19ecad1dcb4?s=96&d=mm&r=g","caption":"Let\u00edcia Gerheim"}}]}},"_links":{"self":[{"href":"https:\/\/www.gaveanews.com\/index.php\/wp-json\/wp\/v2\/posts\/97790","targetHints":{"allow":["GET"]}}],"collection":[{"href":"https:\/\/www.gaveanews.com\/index.php\/wp-json\/wp\/v2\/posts"}],"about":[{"href":"https:\/\/www.gaveanews.com\/index.php\/wp-json\/wp\/v2\/types\/post"}],"author":[{"embeddable":true,"href":"https:\/\/www.gaveanews.com\/index.php\/wp-json\/wp\/v2\/users\/4"}],"replies":[{"embeddable":true,"href":"https:\/\/www.gaveanews.com\/index.php\/wp-json\/wp\/v2\/comments?post=97790"}],"version-history":[{"count":0,"href":"https:\/\/www.gaveanews.com\/index.php\/wp-json\/wp\/v2\/posts\/97790\/revisions"}],"wp:featuredmedia":[{"embeddable":true,"href":"https:\/\/www.gaveanews.com\/index.php\/wp-json\/wp\/v2\/media\/97699"}],"wp:attachment":[{"href":"https:\/\/www.gaveanews.com\/index.php\/wp-json\/wp\/v2\/media?parent=97790"}],"wp:term":[{"taxonomy":"category","embeddable":true,"href":"https:\/\/www.gaveanews.com\/index.php\/wp-json\/wp\/v2\/categories?post=97790"},{"taxonomy":"post_tag","embeddable":true,"href":"https:\/\/www.gaveanews.com\/index.php\/wp-json\/wp\/v2\/tags?post=97790"}],"curies":[{"name":"wp","href":"https:\/\/api.w.org\/{rel}","templated":true}]}}