{"id":97805,"date":"2023-04-25T21:24:45","date_gmt":"2023-04-26T00:24:45","guid":{"rendered":"https:\/\/www.gaveanews.com\/?p=97805"},"modified":"2023-04-26T04:25:30","modified_gmt":"2023-04-26T07:25:30","slug":"jorge-sampaoli-pede-a-diretoria-do-flamengo-para-contratar-seu-primeiro-reforco","status":"publish","type":"post","link":"https:\/\/www.gaveanews.com\/index.php\/2023\/04\/25\/jorge-sampaoli-pede-a-diretoria-do-flamengo-para-contratar-seu-primeiro-reforco\/","title":{"rendered":"Jorge Sampaoli pede a diretoria do Flamengo para contratar seu primeiro refor\u00e7o"},"content":{"rendered":"\n<p>O t\u00e9cnico Jorge Sampaoli mal chegou ao Flamengo e j\u00e1 fez a sua primeira requisi\u00e7\u00e3o de refor\u00e7o \u00e0 diretoria do clube. Segundo informa\u00e7\u00f5es exclusivas do jornalista Cristian Camino, da TNT Sports Argentina, o nome da vez no Rubro-Negro \u00e9 o de Nahuel Barrios, do San Lorenzo, da Argentina.<\/p>\n\n\n\n<p>O meia-atacante de 24 anos de idade \u00e9 um dos destaques da equipe de Almagro nas \u00faltimas temporadas e encanta ao treinador argentino, que fez o pedido expresso \u00e0 dire\u00e7\u00e3o rubro-negra pela sua chegada. Barrios \u00e9 titular absoluto do San Lorenzo na temporada, com um gol marcado e duas assist\u00eancias em 15 partidas disputadas at\u00e9 aqui.<\/p>\n\n\n\n<p>Revelado pelo pr\u00f3prio San Lorenzo, em 2017, Nahuel Barrios ainda atuou por Defensa y Justicia e Central de C\u00f3rdoba, ambos argentinos, por empr\u00e9stimo.<\/p>\n\n\n<div class=\"wp-block-image\">\n<figure class=\"aligncenter size-large\"><img decoding=\"async\" src=\"https:\/\/tntsports.com.br\/__export\/1682461738409\/sites\/esporteinterativo\/img\/2023\/04\/25\/gettyimages-1252119169.jpg_554688468.webp\" alt=\"\"\/><figcaption class=\"wp-element-caption\">Nahuel Barrios <\/figcaption><\/figure>\n<\/div>\n\n\n<p>Retirado de: TNT Sports<\/p>\n","protected":false},"excerpt":{"rendered":"<p>O t\u00e9cnico Jorge Sampaoli mal chegou ao Flamengo e j\u00e1 fez a sua primeira requisi\u00e7\u00e3o de refor\u00e7o \u00e0 diretoria do clube. Segundo informa\u00e7\u00f5es exclusivas do jornalista Cristian Camino, da TNT Sports Argentina, o nome da vez no Rubro-Negro \u00e9 o de Nahuel Barrios, do San Lorenzo, da Argentina. O meia-atacante de 24 anos de idade [&hellip;]<\/p>\n","protected":false},"author":1,"featured_media":97377,"comment_status":"open","ping_status":"closed","sticky":false,"template":"","format":"standard","meta":{"footnotes":""},"categories":[48],"tags":[],"class_list":["post-97805","post","type-post","status-publish","format-standard","has-post-thumbnail","hentry","category-negociacoes"],"yoast_head":"<!-- This site is optimized with the Yoast SEO Premium plugin v24.2 (Yoast SEO v26.9) - https:\/\/yoast.com\/product\/yoast-seo-premium-wordpress\/ -->\n<title>Jorge Sampaoli pede a diretoria do Flamengo para contratar seu primeiro refor\u00e7o<\/title>\n<meta name=\"robots\" content=\"index, follow, max-snippet:-1, max-image-preview:large, max-video-preview:-1\" \/>\n<link rel=\"canonical\" href=\"https:\/\/www.gaveanews.com\/index.php\/2023\/04\/25\/jorge-sampaoli-pede-a-diretoria-do-flamengo-para-contratar-seu-primeiro-reforco\/\" \/>\n<meta property=\"og:locale\" content=\"pt_BR\" \/>\n<meta property=\"og:type\" content=\"article\" \/>\n<meta property=\"og:title\" content=\"Jorge Sampaoli pede a diretoria do Flamengo para contratar seu primeiro refor\u00e7o\" \/>\n<meta property=\"og:description\" content=\"O t\u00e9cnico Jorge Sampaoli mal chegou ao Flamengo e j\u00e1 fez a sua primeira requisi\u00e7\u00e3o de refor\u00e7o \u00e0 diretoria do clube. Segundo informa\u00e7\u00f5es exclusivas do jornalista Cristian Camino, da TNT Sports Argentina, o nome da vez no Rubro-Negro \u00e9 o de Nahuel Barrios, do San Lorenzo, da Argentina. O meia-atacante de 24 anos de idade [&hellip;]\" \/>\n<meta property=\"og:url\" content=\"https:\/\/www.gaveanews.com\/index.php\/2023\/04\/25\/jorge-sampaoli-pede-a-diretoria-do-flamengo-para-contratar-seu-primeiro-reforco\/\" \/>\n<meta property=\"og:site_name\" content=\"G\u00e1vea News\" \/>\n<meta property=\"article:publisher\" content=\"https:\/\/facebook.com\/gaveaNews\/\" \/>\n<meta property=\"article:published_time\" content=\"2023-04-26T00:24:45+00:00\" \/>\n<meta property=\"article:modified_time\" content=\"2023-04-26T07:25:30+00:00\" \/>\n<meta property=\"og:image\" content=\"https:\/\/www.gaveanews.com\/wp-content\/uploads\/jorge-sampaoli-treino-flamengo.webp\" \/>\n\t<meta property=\"og:image:width\" content=\"900\" \/>\n\t<meta property=\"og:image:height\" content=\"600\" \/>\n\t<meta property=\"og:image:type\" content=\"image\/jpeg\" \/>\n<meta name=\"author\" content=\"Equipe G\u00e1vea News\" \/>\n<meta name=\"twitter:card\" content=\"summary_large_image\" \/>\n<meta name=\"twitter:label1\" content=\"Escrito por\" \/>\n\t<meta name=\"twitter:data1\" content=\"Equipe G\u00e1vea News\" \/>\n\t<meta name=\"twitter:label2\" content=\"Est. tempo de leitura\" \/>\n\t<meta name=\"twitter:data2\" content=\"1 minuto\" \/>\n<script type=\"application\/ld+json\" class=\"yoast-schema-graph\">{\"@context\":\"https:\/\/schema.org\",\"@graph\":[{\"@type\":\"NewsArticle\",\"@id\":\"https:\/\/www.gaveanews.com\/index.php\/2023\/04\/25\/jorge-sampaoli-pede-a-diretoria-do-flamengo-para-contratar-seu-primeiro-reforco\/#article\",\"isPartOf\":{\"@id\":\"https:\/\/www.gaveanews.com\/index.php\/2023\/04\/25\/jorge-sampaoli-pede-a-diretoria-do-flamengo-para-contratar-seu-primeiro-reforco\/\"},\"author\":{\"name\":\"Equipe G\u00e1vea News\",\"@id\":\"https:\/\/www.gaveanews.com\/#\/schema\/person\/2ec14f73fb96be2caf28f91afb14749d\"},\"headline\":\"Jorge Sampaoli pede a diretoria do Flamengo para contratar seu primeiro refor\u00e7o\",\"datePublished\":\"2023-04-26T00:24:45+00:00\",\"dateModified\":\"2023-04-26T07:25:30+00:00\",\"mainEntityOfPage\":{\"@id\":\"https:\/\/www.gaveanews.com\/index.php\/2023\/04\/25\/jorge-sampaoli-pede-a-diretoria-do-flamengo-para-contratar-seu-primeiro-reforco\/\"},\"wordCount\":147,\"commentCount\":0,\"image\":{\"@id\":\"https:\/\/www.gaveanews.com\/index.php\/2023\/04\/25\/jorge-sampaoli-pede-a-diretoria-do-flamengo-para-contratar-seu-primeiro-reforco\/#primaryimage\"},\"thumbnailUrl\":\"https:\/\/www.gaveanews.com\/wp-content\/uploads\/jorge-sampaoli-treino-flamengo.webp\",\"articleSection\":[\"Negocia\u00e7\u00f5es\"],\"inLanguage\":\"pt-BR\",\"potentialAction\":[{\"@type\":\"CommentAction\",\"name\":\"Comment\",\"target\":[\"https:\/\/www.gaveanews.com\/index.php\/2023\/04\/25\/jorge-sampaoli-pede-a-diretoria-do-flamengo-para-contratar-seu-primeiro-reforco\/#respond\"]}],\"copyrightYear\":\"2023\",\"copyrightHolder\":{\"@id\":\"https:\/\/www.gaveanews.com\/#organization\"}},{\"@type\":\"WebPage\",\"@id\":\"https:\/\/www.gaveanews.com\/index.php\/2023\/04\/25\/jorge-sampaoli-pede-a-diretoria-do-flamengo-para-contratar-seu-primeiro-reforco\/\",\"url\":\"https:\/\/www.gaveanews.com\/index.php\/2023\/04\/25\/jorge-sampaoli-pede-a-diretoria-do-flamengo-para-contratar-seu-primeiro-reforco\/\",\"name\":\"Jorge Sampaoli pede a diretoria do Flamengo para contratar seu primeiro refor\u00e7o\",\"isPartOf\":{\"@id\":\"https:\/\/www.gaveanews.com\/#website\"},\"primaryImageOfPage\":{\"@id\":\"https:\/\/www.gaveanews.com\/index.php\/2023\/04\/25\/jorge-sampaoli-pede-a-diretoria-do-flamengo-para-contratar-seu-primeiro-reforco\/#primaryimage\"},\"image\":{\"@id\":\"https:\/\/www.gaveanews.com\/index.php\/2023\/04\/25\/jorge-sampaoli-pede-a-diretoria-do-flamengo-para-contratar-seu-primeiro-reforco\/#primaryimage\"},\"thumbnailUrl\":\"https:\/\/www.gaveanews.com\/wp-content\/uploads\/jorge-sampaoli-treino-flamengo.webp\",\"datePublished\":\"2023-04-26T00:24:45+00:00\",\"dateModified\":\"2023-04-26T07:25:30+00:00\",\"author\":{\"@id\":\"https:\/\/www.gaveanews.com\/#\/schema\/person\/2ec14f73fb96be2caf28f91afb14749d\"},\"breadcrumb\":{\"@id\":\"https:\/\/www.gaveanews.com\/index.php\/2023\/04\/25\/jorge-sampaoli-pede-a-diretoria-do-flamengo-para-contratar-seu-primeiro-reforco\/#breadcrumb\"},\"inLanguage\":\"pt-BR\",\"potentialAction\":[{\"@type\":\"ReadAction\",\"target\":[\"https:\/\/www.gaveanews.com\/index.php\/2023\/04\/25\/jorge-sampaoli-pede-a-diretoria-do-flamengo-para-contratar-seu-primeiro-reforco\/\"]}]},{\"@type\":\"ImageObject\",\"inLanguage\":\"pt-BR\",\"@id\":\"https:\/\/www.gaveanews.com\/index.php\/2023\/04\/25\/jorge-sampaoli-pede-a-diretoria-do-flamengo-para-contratar-seu-primeiro-reforco\/#primaryimage\",\"url\":\"https:\/\/www.gaveanews.com\/wp-content\/uploads\/jorge-sampaoli-treino-flamengo.webp\",\"contentUrl\":\"https:\/\/www.gaveanews.com\/wp-content\/uploads\/jorge-sampaoli-treino-flamengo.webp\",\"width\":900,\"height\":600,\"caption\":\"Jorge Sampaoli em treino do Flamengo (Foto: Gilvan de Souza\/Flamengo)\"},{\"@type\":\"BreadcrumbList\",\"@id\":\"https:\/\/www.gaveanews.com\/index.php\/2023\/04\/25\/jorge-sampaoli-pede-a-diretoria-do-flamengo-para-contratar-seu-primeiro-reforco\/#breadcrumb\",\"itemListElement\":[{\"@type\":\"ListItem\",\"position\":1,\"name\":\"Home\",\"item\":\"https:\/\/www.gaveanews.com\/\"},{\"@type\":\"ListItem\",\"position\":2,\"name\":\"Jorge Sampaoli pede a diretoria do Flamengo para contratar seu primeiro refor\u00e7o\"}]},{\"@type\":\"WebSite\",\"@id\":\"https:\/\/www.gaveanews.com\/#website\",\"url\":\"https:\/\/www.gaveanews.com\/\",\"name\":\"G\u00e1vea News\",\"description\":\"Veja todas as not\u00edcias sobre o Flamengo: Contrata\u00e7\u00f5es, categorias de base, resultados das partidas, tabela de classifica\u00e7\u00e3o, pr\u00f3ximos jogos!\",\"potentialAction\":[{\"@type\":\"SearchAction\",\"target\":{\"@type\":\"EntryPoint\",\"urlTemplate\":\"https:\/\/www.gaveanews.com\/?s={search_term_string}\"},\"query-input\":{\"@type\":\"PropertyValueSpecification\",\"valueRequired\":true,\"valueName\":\"search_term_string\"}}],\"inLanguage\":\"pt-BR\"},{\"@type\":\"Person\",\"@id\":\"https:\/\/www.gaveanews.com\/#\/schema\/person\/2ec14f73fb96be2caf28f91afb14749d\",\"name\":\"Equipe G\u00e1vea News\",\"image\":{\"@type\":\"ImageObject\",\"inLanguage\":\"pt-BR\",\"@id\":\"https:\/\/www.gaveanews.com\/#\/schema\/person\/image\/\",\"url\":\"https:\/\/secure.gravatar.com\/avatar\/1e1956f1facbffd3f8fa53a326721950116b3b9dc9bd44939c01180fd4a745a9?s=96&d=mm&r=g\",\"contentUrl\":\"https:\/\/secure.gravatar.com\/avatar\/1e1956f1facbffd3f8fa53a326721950116b3b9dc9bd44939c01180fd4a745a9?s=96&d=mm&r=g\",\"caption\":\"Equipe G\u00e1vea News\"}}]}<\/script>\n<!-- \/ Yoast SEO Premium plugin. -->","yoast_head_json":{"title":"Jorge Sampaoli pede a diretoria do Flamengo para contratar seu primeiro refor\u00e7o","robots":{"index":"index","follow":"follow","max-snippet":"max-snippet:-1","max-image-preview":"max-image-preview:large","max-video-preview":"max-video-preview:-1"},"canonical":"https:\/\/www.gaveanews.com\/index.php\/2023\/04\/25\/jorge-sampaoli-pede-a-diretoria-do-flamengo-para-contratar-seu-primeiro-reforco\/","og_locale":"pt_BR","og_type":"article","og_title":"Jorge Sampaoli pede a diretoria do Flamengo para contratar seu primeiro refor\u00e7o","og_description":"O t\u00e9cnico Jorge Sampaoli mal chegou ao Flamengo e j\u00e1 fez a sua primeira requisi\u00e7\u00e3o de refor\u00e7o \u00e0 diretoria do clube. Segundo informa\u00e7\u00f5es exclusivas do jornalista Cristian Camino, da TNT Sports Argentina, o nome da vez no Rubro-Negro \u00e9 o de Nahuel Barrios, do San Lorenzo, da Argentina. O meia-atacante de 24 anos de idade [&hellip;]","og_url":"https:\/\/www.gaveanews.com\/index.php\/2023\/04\/25\/jorge-sampaoli-pede-a-diretoria-do-flamengo-para-contratar-seu-primeiro-reforco\/","og_site_name":"G\u00e1vea News","article_publisher":"https:\/\/facebook.com\/gaveaNews\/","article_published_time":"2023-04-26T00:24:45+00:00","article_modified_time":"2023-04-26T07:25:30+00:00","og_image":[{"width":900,"height":600,"url":"https:\/\/www.gaveanews.com\/wp-content\/uploads\/jorge-sampaoli-treino-flamengo.webp","type":"image\/jpeg"}],"author":"Equipe G\u00e1vea News","twitter_card":"summary_large_image","twitter_misc":{"Escrito por":"Equipe G\u00e1vea News","Est. tempo de leitura":"1 minuto"},"schema":{"@context":"https:\/\/schema.org","@graph":[{"@type":"NewsArticle","@id":"https:\/\/www.gaveanews.com\/index.php\/2023\/04\/25\/jorge-sampaoli-pede-a-diretoria-do-flamengo-para-contratar-seu-primeiro-reforco\/#article","isPartOf":{"@id":"https:\/\/www.gaveanews.com\/index.php\/2023\/04\/25\/jorge-sampaoli-pede-a-diretoria-do-flamengo-para-contratar-seu-primeiro-reforco\/"},"author":{"name":"Equipe G\u00e1vea News","@id":"https:\/\/www.gaveanews.com\/#\/schema\/person\/2ec14f73fb96be2caf28f91afb14749d"},"headline":"Jorge Sampaoli pede a diretoria do Flamengo para contratar seu primeiro refor\u00e7o","datePublished":"2023-04-26T00:24:45+00:00","dateModified":"2023-04-26T07:25:30+00:00","mainEntityOfPage":{"@id":"https:\/\/www.gaveanews.com\/index.php\/2023\/04\/25\/jorge-sampaoli-pede-a-diretoria-do-flamengo-para-contratar-seu-primeiro-reforco\/"},"wordCount":147,"commentCount":0,"image":{"@id":"https:\/\/www.gaveanews.com\/index.php\/2023\/04\/25\/jorge-sampaoli-pede-a-diretoria-do-flamengo-para-contratar-seu-primeiro-reforco\/#primaryimage"},"thumbnailUrl":"https:\/\/www.gaveanews.com\/wp-content\/uploads\/jorge-sampaoli-treino-flamengo.webp","articleSection":["Negocia\u00e7\u00f5es"],"inLanguage":"pt-BR","potentialAction":[{"@type":"CommentAction","name":"Comment","target":["https:\/\/www.gaveanews.com\/index.php\/2023\/04\/25\/jorge-sampaoli-pede-a-diretoria-do-flamengo-para-contratar-seu-primeiro-reforco\/#respond"]}],"copyrightYear":"2023","copyrightHolder":{"@id":"https:\/\/www.gaveanews.com\/#organization"}},{"@type":"WebPage","@id":"https:\/\/www.gaveanews.com\/index.php\/2023\/04\/25\/jorge-sampaoli-pede-a-diretoria-do-flamengo-para-contratar-seu-primeiro-reforco\/","url":"https:\/\/www.gaveanews.com\/index.php\/2023\/04\/25\/jorge-sampaoli-pede-a-diretoria-do-flamengo-para-contratar-seu-primeiro-reforco\/","name":"Jorge Sampaoli pede a diretoria do Flamengo para contratar seu primeiro refor\u00e7o","isPartOf":{"@id":"https:\/\/www.gaveanews.com\/#website"},"primaryImageOfPage":{"@id":"https:\/\/www.gaveanews.com\/index.php\/2023\/04\/25\/jorge-sampaoli-pede-a-diretoria-do-flamengo-para-contratar-seu-primeiro-reforco\/#primaryimage"},"image":{"@id":"https:\/\/www.gaveanews.com\/index.php\/2023\/04\/25\/jorge-sampaoli-pede-a-diretoria-do-flamengo-para-contratar-seu-primeiro-reforco\/#primaryimage"},"thumbnailUrl":"https:\/\/www.gaveanews.com\/wp-content\/uploads\/jorge-sampaoli-treino-flamengo.webp","datePublished":"2023-04-26T00:24:45+00:00","dateModified":"2023-04-26T07:25:30+00:00","author":{"@id":"https:\/\/www.gaveanews.com\/#\/schema\/person\/2ec14f73fb96be2caf28f91afb14749d"},"breadcrumb":{"@id":"https:\/\/www.gaveanews.com\/index.php\/2023\/04\/25\/jorge-sampaoli-pede-a-diretoria-do-flamengo-para-contratar-seu-primeiro-reforco\/#breadcrumb"},"inLanguage":"pt-BR","potentialAction":[{"@type":"ReadAction","target":["https:\/\/www.gaveanews.com\/index.php\/2023\/04\/25\/jorge-sampaoli-pede-a-diretoria-do-flamengo-para-contratar-seu-primeiro-reforco\/"]}]},{"@type":"ImageObject","inLanguage":"pt-BR","@id":"https:\/\/www.gaveanews.com\/index.php\/2023\/04\/25\/jorge-sampaoli-pede-a-diretoria-do-flamengo-para-contratar-seu-primeiro-reforco\/#primaryimage","url":"https:\/\/www.gaveanews.com\/wp-content\/uploads\/jorge-sampaoli-treino-flamengo.webp","contentUrl":"https:\/\/www.gaveanews.com\/wp-content\/uploads\/jorge-sampaoli-treino-flamengo.webp","width":900,"height":600,"caption":"Jorge Sampaoli em treino do Flamengo (Foto: Gilvan de Souza\/Flamengo)"},{"@type":"BreadcrumbList","@id":"https:\/\/www.gaveanews.com\/index.php\/2023\/04\/25\/jorge-sampaoli-pede-a-diretoria-do-flamengo-para-contratar-seu-primeiro-reforco\/#breadcrumb","itemListElement":[{"@type":"ListItem","position":1,"name":"Home","item":"https:\/\/www.gaveanews.com\/"},{"@type":"ListItem","position":2,"name":"Jorge Sampaoli pede a diretoria do Flamengo para contratar seu primeiro refor\u00e7o"}]},{"@type":"WebSite","@id":"https:\/\/www.gaveanews.com\/#website","url":"https:\/\/www.gaveanews.com\/","name":"G\u00e1vea News","description":"Veja todas as not\u00edcias sobre o Flamengo: Contrata\u00e7\u00f5es, categorias de base, resultados das partidas, tabela de classifica\u00e7\u00e3o, pr\u00f3ximos jogos!","potentialAction":[{"@type":"SearchAction","target":{"@type":"EntryPoint","urlTemplate":"https:\/\/www.gaveanews.com\/?s={search_term_string}"},"query-input":{"@type":"PropertyValueSpecification","valueRequired":true,"valueName":"search_term_string"}}],"inLanguage":"pt-BR"},{"@type":"Person","@id":"https:\/\/www.gaveanews.com\/#\/schema\/person\/2ec14f73fb96be2caf28f91afb14749d","name":"Equipe G\u00e1vea News","image":{"@type":"ImageObject","inLanguage":"pt-BR","@id":"https:\/\/www.gaveanews.com\/#\/schema\/person\/image\/","url":"https:\/\/secure.gravatar.com\/avatar\/1e1956f1facbffd3f8fa53a326721950116b3b9dc9bd44939c01180fd4a745a9?s=96&d=mm&r=g","contentUrl":"https:\/\/secure.gravatar.com\/avatar\/1e1956f1facbffd3f8fa53a326721950116b3b9dc9bd44939c01180fd4a745a9?s=96&d=mm&r=g","caption":"Equipe G\u00e1vea News"}}]}},"_links":{"self":[{"href":"https:\/\/www.gaveanews.com\/index.php\/wp-json\/wp\/v2\/posts\/97805","targetHints":{"allow":["GET"]}}],"collection":[{"href":"https:\/\/www.gaveanews.com\/index.php\/wp-json\/wp\/v2\/posts"}],"about":[{"href":"https:\/\/www.gaveanews.com\/index.php\/wp-json\/wp\/v2\/types\/post"}],"author":[{"embeddable":true,"href":"https:\/\/www.gaveanews.com\/index.php\/wp-json\/wp\/v2\/users\/1"}],"replies":[{"embeddable":true,"href":"https:\/\/www.gaveanews.com\/index.php\/wp-json\/wp\/v2\/comments?post=97805"}],"version-history":[{"count":0,"href":"https:\/\/www.gaveanews.com\/index.php\/wp-json\/wp\/v2\/posts\/97805\/revisions"}],"wp:featuredmedia":[{"embeddable":true,"href":"https:\/\/www.gaveanews.com\/index.php\/wp-json\/wp\/v2\/media\/97377"}],"wp:attachment":[{"href":"https:\/\/www.gaveanews.com\/index.php\/wp-json\/wp\/v2\/media?parent=97805"}],"wp:term":[{"taxonomy":"category","embeddable":true,"href":"https:\/\/www.gaveanews.com\/index.php\/wp-json\/wp\/v2\/categories?post=97805"},{"taxonomy":"post_tag","embeddable":true,"href":"https:\/\/www.gaveanews.com\/index.php\/wp-json\/wp\/v2\/tags?post=97805"}],"curies":[{"name":"wp","href":"https:\/\/api.w.org\/{rel}","templated":true}]}}