{"id":97818,"date":"2023-04-26T01:48:33","date_gmt":"2023-04-26T04:48:33","guid":{"rendered":"https:\/\/www.gaveanews.com\/?p=97818"},"modified":"2023-04-26T01:48:36","modified_gmt":"2023-04-26T04:48:36","slug":"alem-de-carlo-ancelotti-do-real-madrid-cbf-esta-com-mais-3-treinadores-na-mira","status":"publish","type":"post","link":"https:\/\/www.gaveanews.com\/index.php\/2023\/04\/26\/alem-de-carlo-ancelotti-do-real-madrid-cbf-esta-com-mais-3-treinadores-na-mira\/","title":{"rendered":"Al\u00e9m de Carlo Ancelotti, do Real Madrid, CBF est\u00e1 com mais 3 treinadores na mira"},"content":{"rendered":"\n<p>A CBF tem como prazo limite para fechar ou n\u00e3o a contrata\u00e7\u00e3o do t\u00e9cnico Carlo Ancelotti, do Real Madrid, o meio de maio, mais ou menos em um m\u00eas. Neste cen\u00e1rio, a diretoria da confedera\u00e7\u00e3o analisa outros nomes como plano B que poderiam assumir o cargo caso a negocia\u00e7\u00e3o com o italiano n\u00e3o der certo.<\/p>\n\n\n\n<p>A prefer\u00eancia da CBF sempre foi por um treinador estrangeiro top de linha na Europa. Mas, sem Ancelotti, as alternativas s\u00e3o escassas no momento de t\u00e9cnicos indiscut\u00edveis. Jos\u00e9 Mourinho, que era uma op\u00e7\u00e3o, parece dif\u00edcil e tem um perfil mais defensivo.<\/p>\n\n\n\n<p>Assim, o presidente Ednaldo Rodrigues tem levantado informa\u00e7\u00f5es sobre nomes mais conhecidos do ambiente do futebol brasileiro. Entre eles, est\u00e3o Fernando Diniz, do Fluminense, Abel Ferreira, do Palmeiras, e Jorge Jesus, do Fenerbah\u00e7e. N\u00e3o significa que s\u00e3o as \u00fanicas op\u00e7\u00f5es, n\u00e3o houve nenhum contato, mas s\u00e3o mais vi\u00e1veis.<\/p>\n\n\n\n<p>Dos tr\u00eas, Diniz atrai Ednaldo por conta do futebol vistoso do Fluminense. Ednaldo j\u00e1 definiu que quer um t\u00e9cnico ofensivo, com a cara do Brasil. N\u00e3o h\u00e1 inc\u00f4modo nenhum no dirigente no fato de Diniz ainda n\u00e3o ter ganho grandes t\u00edtulos &#8211; venceu o Carioca.<\/p>\n\n\n\n<p>Outra op\u00e7\u00e3o ofensiva seria Jorge Jesus pelo trabalho com o Flamengo em 2019. A CBF j\u00e1 sondou o clube rubro-negro sobre se tentaria de fato a volta do treinador quando Jorge Sampaoli foi contratado. Mas, no clube carioca, as refer\u00eancias a Jesus n\u00e3o s\u00e3o as melhores em termos de compromisso.<\/p>\n\n\n\n<p>No caso de Abel Ferreira, a CBF n\u00e3o tem mais resist\u00eancia agora pelo temperamento do treinador, o que j\u00e1 foi uma quest\u00e3o no in\u00edcio. Ednaldo Rodrigues n\u00e3o v\u00ea como um problema.<\/p>\n\n\n\n<p>O presidente da CBF ainda n\u00e3o decidiu qual seria a alternativa escolhida no caso de n\u00e3o dar certo a conversa com Ancelotti.<\/p>\n\n\n\n<p>Retirado de: UOL<\/p>\n","protected":false},"excerpt":{"rendered":"<p>A CBF tem como prazo limite para fechar ou n\u00e3o a contrata\u00e7\u00e3o do t\u00e9cnico Carlo Ancelotti, do Real Madrid, o meio de maio, mais ou menos em um m\u00eas. Neste cen\u00e1rio, a diretoria da confedera\u00e7\u00e3o analisa outros nomes como plano B que poderiam assumir o cargo caso a negocia\u00e7\u00e3o com o italiano n\u00e3o der certo. [&hellip;]<\/p>\n","protected":false},"author":1,"featured_media":16271,"comment_status":"open","ping_status":"closed","sticky":false,"template":"","format":"standard","meta":{"footnotes":""},"categories":[1],"tags":[],"class_list":["post-97818","post","type-post","status-publish","format-standard","has-post-thumbnail","hentry","category-flamengo"],"yoast_head":"<!-- This site is optimized with the Yoast SEO Premium plugin v24.2 (Yoast SEO v26.9) - https:\/\/yoast.com\/product\/yoast-seo-premium-wordpress\/ -->\n<title>Al\u00e9m de Carlo Ancelotti, do Real Madrid, CBF est\u00e1 com mais 3 treinadores na mira<\/title>\n<meta name=\"robots\" content=\"index, follow, max-snippet:-1, max-image-preview:large, max-video-preview:-1\" \/>\n<link rel=\"canonical\" href=\"https:\/\/www.gaveanews.com\/index.php\/2023\/04\/26\/alem-de-carlo-ancelotti-do-real-madrid-cbf-esta-com-mais-3-treinadores-na-mira\/\" \/>\n<meta property=\"og:locale\" content=\"pt_BR\" \/>\n<meta property=\"og:type\" content=\"article\" \/>\n<meta property=\"og:title\" content=\"Al\u00e9m de Carlo Ancelotti, do Real Madrid, CBF est\u00e1 com mais 3 treinadores na mira\" \/>\n<meta property=\"og:description\" content=\"A CBF tem como prazo limite para fechar ou n\u00e3o a contrata\u00e7\u00e3o do t\u00e9cnico Carlo Ancelotti, do Real Madrid, o meio de maio, mais ou menos em um m\u00eas. Neste cen\u00e1rio, a diretoria da confedera\u00e7\u00e3o analisa outros nomes como plano B que poderiam assumir o cargo caso a negocia\u00e7\u00e3o com o italiano n\u00e3o der certo. [&hellip;]\" \/>\n<meta property=\"og:url\" content=\"https:\/\/www.gaveanews.com\/index.php\/2023\/04\/26\/alem-de-carlo-ancelotti-do-real-madrid-cbf-esta-com-mais-3-treinadores-na-mira\/\" \/>\n<meta property=\"og:site_name\" content=\"G\u00e1vea News\" \/>\n<meta property=\"article:publisher\" content=\"https:\/\/facebook.com\/gaveaNews\/\" \/>\n<meta property=\"article:published_time\" content=\"2023-04-26T04:48:33+00:00\" \/>\n<meta property=\"article:modified_time\" content=\"2023-04-26T04:48:36+00:00\" \/>\n<meta property=\"og:image\" content=\"https:\/\/www.gaveanews.com\/wp-content\/uploads\/2019\/02\/Sede-da-CBF-no-Rio-de-Janeiro.webp\" \/>\n\t<meta property=\"og:image:width\" content=\"690\" \/>\n\t<meta property=\"og:image:height\" content=\"518\" \/>\n\t<meta property=\"og:image:type\" content=\"image\/jpeg\" \/>\n<meta name=\"author\" content=\"Equipe G\u00e1vea News\" \/>\n<meta name=\"twitter:card\" content=\"summary_large_image\" \/>\n<meta name=\"twitter:label1\" content=\"Escrito por\" \/>\n\t<meta name=\"twitter:data1\" content=\"Equipe G\u00e1vea News\" \/>\n\t<meta name=\"twitter:label2\" content=\"Est. tempo de leitura\" \/>\n\t<meta name=\"twitter:data2\" content=\"2 minutos\" \/>\n<script type=\"application\/ld+json\" class=\"yoast-schema-graph\">{\"@context\":\"https:\/\/schema.org\",\"@graph\":[{\"@type\":\"NewsArticle\",\"@id\":\"https:\/\/www.gaveanews.com\/index.php\/2023\/04\/26\/alem-de-carlo-ancelotti-do-real-madrid-cbf-esta-com-mais-3-treinadores-na-mira\/#article\",\"isPartOf\":{\"@id\":\"https:\/\/www.gaveanews.com\/index.php\/2023\/04\/26\/alem-de-carlo-ancelotti-do-real-madrid-cbf-esta-com-mais-3-treinadores-na-mira\/\"},\"author\":{\"name\":\"Equipe G\u00e1vea News\",\"@id\":\"https:\/\/www.gaveanews.com\/#\/schema\/person\/2ec14f73fb96be2caf28f91afb14749d\"},\"headline\":\"Al\u00e9m de Carlo Ancelotti, do Real Madrid, CBF est\u00e1 com mais 3 treinadores na mira\",\"datePublished\":\"2023-04-26T04:48:33+00:00\",\"dateModified\":\"2023-04-26T04:48:36+00:00\",\"mainEntityOfPage\":{\"@id\":\"https:\/\/www.gaveanews.com\/index.php\/2023\/04\/26\/alem-de-carlo-ancelotti-do-real-madrid-cbf-esta-com-mais-3-treinadores-na-mira\/\"},\"wordCount\":349,\"commentCount\":0,\"image\":{\"@id\":\"https:\/\/www.gaveanews.com\/index.php\/2023\/04\/26\/alem-de-carlo-ancelotti-do-real-madrid-cbf-esta-com-mais-3-treinadores-na-mira\/#primaryimage\"},\"thumbnailUrl\":\"https:\/\/www.gaveanews.com\/wp-content\/uploads\/2019\/02\/Sede-da-CBF-no-Rio-de-Janeiro.webp\",\"articleSection\":[\"Flamengo\"],\"inLanguage\":\"pt-BR\",\"potentialAction\":[{\"@type\":\"CommentAction\",\"name\":\"Comment\",\"target\":[\"https:\/\/www.gaveanews.com\/index.php\/2023\/04\/26\/alem-de-carlo-ancelotti-do-real-madrid-cbf-esta-com-mais-3-treinadores-na-mira\/#respond\"]}],\"copyrightYear\":\"2023\",\"copyrightHolder\":{\"@id\":\"https:\/\/www.gaveanews.com\/#organization\"}},{\"@type\":\"WebPage\",\"@id\":\"https:\/\/www.gaveanews.com\/index.php\/2023\/04\/26\/alem-de-carlo-ancelotti-do-real-madrid-cbf-esta-com-mais-3-treinadores-na-mira\/\",\"url\":\"https:\/\/www.gaveanews.com\/index.php\/2023\/04\/26\/alem-de-carlo-ancelotti-do-real-madrid-cbf-esta-com-mais-3-treinadores-na-mira\/\",\"name\":\"Al\u00e9m de Carlo Ancelotti, do Real Madrid, CBF est\u00e1 com mais 3 treinadores na mira\",\"isPartOf\":{\"@id\":\"https:\/\/www.gaveanews.com\/#website\"},\"primaryImageOfPage\":{\"@id\":\"https:\/\/www.gaveanews.com\/index.php\/2023\/04\/26\/alem-de-carlo-ancelotti-do-real-madrid-cbf-esta-com-mais-3-treinadores-na-mira\/#primaryimage\"},\"image\":{\"@id\":\"https:\/\/www.gaveanews.com\/index.php\/2023\/04\/26\/alem-de-carlo-ancelotti-do-real-madrid-cbf-esta-com-mais-3-treinadores-na-mira\/#primaryimage\"},\"thumbnailUrl\":\"https:\/\/www.gaveanews.com\/wp-content\/uploads\/2019\/02\/Sede-da-CBF-no-Rio-de-Janeiro.webp\",\"datePublished\":\"2023-04-26T04:48:33+00:00\",\"dateModified\":\"2023-04-26T04:48:36+00:00\",\"author\":{\"@id\":\"https:\/\/www.gaveanews.com\/#\/schema\/person\/2ec14f73fb96be2caf28f91afb14749d\"},\"breadcrumb\":{\"@id\":\"https:\/\/www.gaveanews.com\/index.php\/2023\/04\/26\/alem-de-carlo-ancelotti-do-real-madrid-cbf-esta-com-mais-3-treinadores-na-mira\/#breadcrumb\"},\"inLanguage\":\"pt-BR\",\"potentialAction\":[{\"@type\":\"ReadAction\",\"target\":[\"https:\/\/www.gaveanews.com\/index.php\/2023\/04\/26\/alem-de-carlo-ancelotti-do-real-madrid-cbf-esta-com-mais-3-treinadores-na-mira\/\"]}]},{\"@type\":\"ImageObject\",\"inLanguage\":\"pt-BR\",\"@id\":\"https:\/\/www.gaveanews.com\/index.php\/2023\/04\/26\/alem-de-carlo-ancelotti-do-real-madrid-cbf-esta-com-mais-3-treinadores-na-mira\/#primaryimage\",\"url\":\"https:\/\/www.gaveanews.com\/wp-content\/uploads\/2019\/02\/Sede-da-CBF-no-Rio-de-Janeiro.webp\",\"contentUrl\":\"https:\/\/www.gaveanews.com\/wp-content\/uploads\/2019\/02\/Sede-da-CBF-no-Rio-de-Janeiro.webp\",\"width\":690,\"height\":518,\"caption\":\"Sede da CBF no Rio de Janeiro (Foto: Cah\u00ea Mota\/Globo Esporte)\"},{\"@type\":\"BreadcrumbList\",\"@id\":\"https:\/\/www.gaveanews.com\/index.php\/2023\/04\/26\/alem-de-carlo-ancelotti-do-real-madrid-cbf-esta-com-mais-3-treinadores-na-mira\/#breadcrumb\",\"itemListElement\":[{\"@type\":\"ListItem\",\"position\":1,\"name\":\"Home\",\"item\":\"https:\/\/www.gaveanews.com\/\"},{\"@type\":\"ListItem\",\"position\":2,\"name\":\"Al\u00e9m de Carlo Ancelotti, do Real Madrid, CBF est\u00e1 com mais 3 treinadores na mira\"}]},{\"@type\":\"WebSite\",\"@id\":\"https:\/\/www.gaveanews.com\/#website\",\"url\":\"https:\/\/www.gaveanews.com\/\",\"name\":\"G\u00e1vea News\",\"description\":\"Veja todas as not\u00edcias sobre o Flamengo: Contrata\u00e7\u00f5es, categorias de base, resultados das partidas, tabela de classifica\u00e7\u00e3o, pr\u00f3ximos jogos!\",\"potentialAction\":[{\"@type\":\"SearchAction\",\"target\":{\"@type\":\"EntryPoint\",\"urlTemplate\":\"https:\/\/www.gaveanews.com\/?s={search_term_string}\"},\"query-input\":{\"@type\":\"PropertyValueSpecification\",\"valueRequired\":true,\"valueName\":\"search_term_string\"}}],\"inLanguage\":\"pt-BR\"},{\"@type\":\"Person\",\"@id\":\"https:\/\/www.gaveanews.com\/#\/schema\/person\/2ec14f73fb96be2caf28f91afb14749d\",\"name\":\"Equipe G\u00e1vea News\",\"image\":{\"@type\":\"ImageObject\",\"inLanguage\":\"pt-BR\",\"@id\":\"https:\/\/www.gaveanews.com\/#\/schema\/person\/image\/\",\"url\":\"https:\/\/secure.gravatar.com\/avatar\/1e1956f1facbffd3f8fa53a326721950116b3b9dc9bd44939c01180fd4a745a9?s=96&d=mm&r=g\",\"contentUrl\":\"https:\/\/secure.gravatar.com\/avatar\/1e1956f1facbffd3f8fa53a326721950116b3b9dc9bd44939c01180fd4a745a9?s=96&d=mm&r=g\",\"caption\":\"Equipe G\u00e1vea News\"}}]}<\/script>\n<!-- \/ Yoast SEO Premium plugin. -->","yoast_head_json":{"title":"Al\u00e9m de Carlo Ancelotti, do Real Madrid, CBF est\u00e1 com mais 3 treinadores na mira","robots":{"index":"index","follow":"follow","max-snippet":"max-snippet:-1","max-image-preview":"max-image-preview:large","max-video-preview":"max-video-preview:-1"},"canonical":"https:\/\/www.gaveanews.com\/index.php\/2023\/04\/26\/alem-de-carlo-ancelotti-do-real-madrid-cbf-esta-com-mais-3-treinadores-na-mira\/","og_locale":"pt_BR","og_type":"article","og_title":"Al\u00e9m de Carlo Ancelotti, do Real Madrid, CBF est\u00e1 com mais 3 treinadores na mira","og_description":"A CBF tem como prazo limite para fechar ou n\u00e3o a contrata\u00e7\u00e3o do t\u00e9cnico Carlo Ancelotti, do Real Madrid, o meio de maio, mais ou menos em um m\u00eas. Neste cen\u00e1rio, a diretoria da confedera\u00e7\u00e3o analisa outros nomes como plano B que poderiam assumir o cargo caso a negocia\u00e7\u00e3o com o italiano n\u00e3o der certo. [&hellip;]","og_url":"https:\/\/www.gaveanews.com\/index.php\/2023\/04\/26\/alem-de-carlo-ancelotti-do-real-madrid-cbf-esta-com-mais-3-treinadores-na-mira\/","og_site_name":"G\u00e1vea News","article_publisher":"https:\/\/facebook.com\/gaveaNews\/","article_published_time":"2023-04-26T04:48:33+00:00","article_modified_time":"2023-04-26T04:48:36+00:00","og_image":[{"width":690,"height":518,"url":"https:\/\/www.gaveanews.com\/wp-content\/uploads\/2019\/02\/Sede-da-CBF-no-Rio-de-Janeiro.webp","type":"image\/jpeg"}],"author":"Equipe G\u00e1vea News","twitter_card":"summary_large_image","twitter_misc":{"Escrito por":"Equipe G\u00e1vea News","Est. tempo de leitura":"2 minutos"},"schema":{"@context":"https:\/\/schema.org","@graph":[{"@type":"NewsArticle","@id":"https:\/\/www.gaveanews.com\/index.php\/2023\/04\/26\/alem-de-carlo-ancelotti-do-real-madrid-cbf-esta-com-mais-3-treinadores-na-mira\/#article","isPartOf":{"@id":"https:\/\/www.gaveanews.com\/index.php\/2023\/04\/26\/alem-de-carlo-ancelotti-do-real-madrid-cbf-esta-com-mais-3-treinadores-na-mira\/"},"author":{"name":"Equipe G\u00e1vea News","@id":"https:\/\/www.gaveanews.com\/#\/schema\/person\/2ec14f73fb96be2caf28f91afb14749d"},"headline":"Al\u00e9m de Carlo Ancelotti, do Real Madrid, CBF est\u00e1 com mais 3 treinadores na mira","datePublished":"2023-04-26T04:48:33+00:00","dateModified":"2023-04-26T04:48:36+00:00","mainEntityOfPage":{"@id":"https:\/\/www.gaveanews.com\/index.php\/2023\/04\/26\/alem-de-carlo-ancelotti-do-real-madrid-cbf-esta-com-mais-3-treinadores-na-mira\/"},"wordCount":349,"commentCount":0,"image":{"@id":"https:\/\/www.gaveanews.com\/index.php\/2023\/04\/26\/alem-de-carlo-ancelotti-do-real-madrid-cbf-esta-com-mais-3-treinadores-na-mira\/#primaryimage"},"thumbnailUrl":"https:\/\/www.gaveanews.com\/wp-content\/uploads\/2019\/02\/Sede-da-CBF-no-Rio-de-Janeiro.webp","articleSection":["Flamengo"],"inLanguage":"pt-BR","potentialAction":[{"@type":"CommentAction","name":"Comment","target":["https:\/\/www.gaveanews.com\/index.php\/2023\/04\/26\/alem-de-carlo-ancelotti-do-real-madrid-cbf-esta-com-mais-3-treinadores-na-mira\/#respond"]}],"copyrightYear":"2023","copyrightHolder":{"@id":"https:\/\/www.gaveanews.com\/#organization"}},{"@type":"WebPage","@id":"https:\/\/www.gaveanews.com\/index.php\/2023\/04\/26\/alem-de-carlo-ancelotti-do-real-madrid-cbf-esta-com-mais-3-treinadores-na-mira\/","url":"https:\/\/www.gaveanews.com\/index.php\/2023\/04\/26\/alem-de-carlo-ancelotti-do-real-madrid-cbf-esta-com-mais-3-treinadores-na-mira\/","name":"Al\u00e9m de Carlo Ancelotti, do Real Madrid, CBF est\u00e1 com mais 3 treinadores na mira","isPartOf":{"@id":"https:\/\/www.gaveanews.com\/#website"},"primaryImageOfPage":{"@id":"https:\/\/www.gaveanews.com\/index.php\/2023\/04\/26\/alem-de-carlo-ancelotti-do-real-madrid-cbf-esta-com-mais-3-treinadores-na-mira\/#primaryimage"},"image":{"@id":"https:\/\/www.gaveanews.com\/index.php\/2023\/04\/26\/alem-de-carlo-ancelotti-do-real-madrid-cbf-esta-com-mais-3-treinadores-na-mira\/#primaryimage"},"thumbnailUrl":"https:\/\/www.gaveanews.com\/wp-content\/uploads\/2019\/02\/Sede-da-CBF-no-Rio-de-Janeiro.webp","datePublished":"2023-04-26T04:48:33+00:00","dateModified":"2023-04-26T04:48:36+00:00","author":{"@id":"https:\/\/www.gaveanews.com\/#\/schema\/person\/2ec14f73fb96be2caf28f91afb14749d"},"breadcrumb":{"@id":"https:\/\/www.gaveanews.com\/index.php\/2023\/04\/26\/alem-de-carlo-ancelotti-do-real-madrid-cbf-esta-com-mais-3-treinadores-na-mira\/#breadcrumb"},"inLanguage":"pt-BR","potentialAction":[{"@type":"ReadAction","target":["https:\/\/www.gaveanews.com\/index.php\/2023\/04\/26\/alem-de-carlo-ancelotti-do-real-madrid-cbf-esta-com-mais-3-treinadores-na-mira\/"]}]},{"@type":"ImageObject","inLanguage":"pt-BR","@id":"https:\/\/www.gaveanews.com\/index.php\/2023\/04\/26\/alem-de-carlo-ancelotti-do-real-madrid-cbf-esta-com-mais-3-treinadores-na-mira\/#primaryimage","url":"https:\/\/www.gaveanews.com\/wp-content\/uploads\/2019\/02\/Sede-da-CBF-no-Rio-de-Janeiro.webp","contentUrl":"https:\/\/www.gaveanews.com\/wp-content\/uploads\/2019\/02\/Sede-da-CBF-no-Rio-de-Janeiro.webp","width":690,"height":518,"caption":"Sede da CBF no Rio de Janeiro (Foto: Cah\u00ea Mota\/Globo Esporte)"},{"@type":"BreadcrumbList","@id":"https:\/\/www.gaveanews.com\/index.php\/2023\/04\/26\/alem-de-carlo-ancelotti-do-real-madrid-cbf-esta-com-mais-3-treinadores-na-mira\/#breadcrumb","itemListElement":[{"@type":"ListItem","position":1,"name":"Home","item":"https:\/\/www.gaveanews.com\/"},{"@type":"ListItem","position":2,"name":"Al\u00e9m de Carlo Ancelotti, do Real Madrid, CBF est\u00e1 com mais 3 treinadores na mira"}]},{"@type":"WebSite","@id":"https:\/\/www.gaveanews.com\/#website","url":"https:\/\/www.gaveanews.com\/","name":"G\u00e1vea News","description":"Veja todas as not\u00edcias sobre o Flamengo: Contrata\u00e7\u00f5es, categorias de base, resultados das partidas, tabela de classifica\u00e7\u00e3o, pr\u00f3ximos jogos!","potentialAction":[{"@type":"SearchAction","target":{"@type":"EntryPoint","urlTemplate":"https:\/\/www.gaveanews.com\/?s={search_term_string}"},"query-input":{"@type":"PropertyValueSpecification","valueRequired":true,"valueName":"search_term_string"}}],"inLanguage":"pt-BR"},{"@type":"Person","@id":"https:\/\/www.gaveanews.com\/#\/schema\/person\/2ec14f73fb96be2caf28f91afb14749d","name":"Equipe G\u00e1vea News","image":{"@type":"ImageObject","inLanguage":"pt-BR","@id":"https:\/\/www.gaveanews.com\/#\/schema\/person\/image\/","url":"https:\/\/secure.gravatar.com\/avatar\/1e1956f1facbffd3f8fa53a326721950116b3b9dc9bd44939c01180fd4a745a9?s=96&d=mm&r=g","contentUrl":"https:\/\/secure.gravatar.com\/avatar\/1e1956f1facbffd3f8fa53a326721950116b3b9dc9bd44939c01180fd4a745a9?s=96&d=mm&r=g","caption":"Equipe G\u00e1vea News"}}]}},"_links":{"self":[{"href":"https:\/\/www.gaveanews.com\/index.php\/wp-json\/wp\/v2\/posts\/97818","targetHints":{"allow":["GET"]}}],"collection":[{"href":"https:\/\/www.gaveanews.com\/index.php\/wp-json\/wp\/v2\/posts"}],"about":[{"href":"https:\/\/www.gaveanews.com\/index.php\/wp-json\/wp\/v2\/types\/post"}],"author":[{"embeddable":true,"href":"https:\/\/www.gaveanews.com\/index.php\/wp-json\/wp\/v2\/users\/1"}],"replies":[{"embeddable":true,"href":"https:\/\/www.gaveanews.com\/index.php\/wp-json\/wp\/v2\/comments?post=97818"}],"version-history":[{"count":0,"href":"https:\/\/www.gaveanews.com\/index.php\/wp-json\/wp\/v2\/posts\/97818\/revisions"}],"wp:featuredmedia":[{"embeddable":true,"href":"https:\/\/www.gaveanews.com\/index.php\/wp-json\/wp\/v2\/media\/16271"}],"wp:attachment":[{"href":"https:\/\/www.gaveanews.com\/index.php\/wp-json\/wp\/v2\/media?parent=97818"}],"wp:term":[{"taxonomy":"category","embeddable":true,"href":"https:\/\/www.gaveanews.com\/index.php\/wp-json\/wp\/v2\/categories?post=97818"},{"taxonomy":"post_tag","embeddable":true,"href":"https:\/\/www.gaveanews.com\/index.php\/wp-json\/wp\/v2\/tags?post=97818"}],"curies":[{"name":"wp","href":"https:\/\/api.w.org\/{rel}","templated":true}]}}