{"id":97820,"date":"2023-04-26T01:52:18","date_gmt":"2023-04-26T04:52:18","guid":{"rendered":"https:\/\/www.gaveanews.com\/?p=97820"},"modified":"2023-04-26T01:52:21","modified_gmt":"2023-04-26T04:52:21","slug":"apos-jogo-do-real-madrid-vinicius-junior-faz-publicacao-ironica-no-twitter","status":"publish","type":"post","link":"https:\/\/www.gaveanews.com\/index.php\/2023\/04\/26\/apos-jogo-do-real-madrid-vinicius-junior-faz-publicacao-ironica-no-twitter\/","title":{"rendered":"Ap\u00f3s jogo do Real Madrid, Vin\u00edcius J\u00fanior faz publica\u00e7\u00e3o ir\u00f4nica no Twitter"},"content":{"rendered":"\n<p>Pouco depois de marcar seu gol na derrota por 4 a 2 do Real Madrid para o Girona, pela 31\u00aa rodada do Campeonato Espanhol, Vinicius Junior protagonizou um momento de discuss\u00e3o com um jogador advers\u00e1rio, aos 35 minutos do primeiro tempo.<\/p>\n\n\n\n<p>Ele disputou com Bueno pela ponta esquerda, caiu pedindo falta e viu o camisa 22 do Girona chutar a bola contra seu corpo. O \u00e1rbitro marcou apenas lateral no lance, e o brasileiro discutiu de forma veemente com o rival \u2014 recebendo cart\u00e3o amarelo em seguida.<\/p>\n\n\n\n<p>Durante a discuss\u00e3o, e ouvindo a torcida local fazer barulho, Vini Jr n\u00e3o se intimidou e&nbsp;provocou mostrando o patch de campe\u00e3o mundial que est\u00e1 no uniforme do Real Madrid.<\/p>\n\n\n\n<p>Depois da partida, o atacante brasileiro foi \u00e0s redes sociais para compartilhar uma mensagem ironizando o fato de ter recebido cart\u00e3o amarelo no lance com Bueno, que n\u00e3o foi punido pela arbitragem.\u00a0<strong>Veja abaixo:<\/strong><\/p>\n\n\n\n<figure class=\"wp-block-embed is-type-rich is-provider-twitter wp-block-embed-twitter\"><div class=\"wp-block-embed__wrapper\">\n<blockquote class=\"twitter-tweet\" data-width=\"550\" data-dnt=\"true\"><p lang=\"tl\" dir=\"ltr\">\ud83d\ude05 Laliga \ud83d\ude05 <a href=\"https:\/\/t.co\/yS5RFIAQtd\">https:\/\/t.co\/yS5RFIAQtd<\/a><\/p>&mdash; Vini Jr. (@vinijr) <a href=\"https:\/\/twitter.com\/vinijr\/status\/1650966770461581315?ref_src=twsrc%5Etfw\">April 25, 2023<\/a><\/blockquote><script async src=\"https:\/\/platform.twitter.com\/widgets.js\" charset=\"utf-8\"><\/script>\n<\/div><\/figure>\n\n\n\n<p>Vini marcou seu 10\u00ba gol no Campeonato Espanhol, onde ainda tem sete assist\u00eancias. Ele foi eleito o melhor jogador do \u00faltimo Mundial de Clubes, conquistado pelo Real Madrid sobre o Al-Hilal, em fevereiro.<\/p>\n\n\n\n<figure class=\"wp-block-image size-large is-resized\"><img loading=\"lazy\" decoding=\"async\" src=\"https:\/\/s2.glbimg.com\/baNfsaN4ul0cAwTPUccrtn0Qj9o=\/0x0:3000x1999\/984x0\/smart\/filters:strip_icc()\/i.s3.glbimg.com\/v1\/AUTH_bc8228b6673f488aa253bbcb03c80ec5\/internal_photos\/bs\/2023\/v\/o\/1EBgo2RtWVeEddWPNwzQ\/vini-junior1-afp.webp\" alt=\"\" width=\"840\" height=\"560\"\/><figcaption class=\"wp-element-caption\">Vinicius Junior e jogador do Girona se desentendem (Foto: AFP)<\/figcaption><\/figure>\n\n\n\n<p>O jovem brasileiro ainda deu assist\u00eancia para o gol de Lucas V\u00e1zquez, o segundo do Real Madrid na partida. Ele agora tem 22 gols e 17 assist\u00eancias na temporada.<\/p>\n\n\n\n<p>Retirado de: Globo Esporte<\/p>\n","protected":false},"excerpt":{"rendered":"<p>Pouco depois de marcar seu gol na derrota por 4 a 2 do Real Madrid para o Girona, pela 31\u00aa rodada do Campeonato Espanhol, Vinicius Junior protagonizou um momento de discuss\u00e3o com um jogador advers\u00e1rio, aos 35 minutos do primeiro tempo. Ele disputou com Bueno pela ponta esquerda, caiu pedindo falta e viu o camisa [&hellip;]<\/p>\n","protected":false},"author":1,"featured_media":93584,"comment_status":"open","ping_status":"closed","sticky":false,"template":"","format":"standard","meta":{"footnotes":""},"categories":[1],"tags":[],"class_list":["post-97820","post","type-post","status-publish","format-standard","has-post-thumbnail","hentry","category-flamengo"],"yoast_head":"<!-- This site is optimized with the Yoast SEO Premium plugin v24.2 (Yoast SEO v26.9) - https:\/\/yoast.com\/product\/yoast-seo-premium-wordpress\/ -->\n<title>Ap\u00f3s jogo do Real Madrid, Vin\u00edcius J\u00fanior faz publica\u00e7\u00e3o ir\u00f4nica no Twitter<\/title>\n<meta name=\"robots\" content=\"index, follow, max-snippet:-1, max-image-preview:large, max-video-preview:-1\" \/>\n<link rel=\"canonical\" href=\"https:\/\/www.gaveanews.com\/index.php\/2023\/04\/26\/apos-jogo-do-real-madrid-vinicius-junior-faz-publicacao-ironica-no-twitter\/\" \/>\n<meta property=\"og:locale\" content=\"pt_BR\" \/>\n<meta property=\"og:type\" content=\"article\" \/>\n<meta property=\"og:title\" content=\"Ap\u00f3s jogo do Real Madrid, Vin\u00edcius J\u00fanior faz publica\u00e7\u00e3o ir\u00f4nica no Twitter\" \/>\n<meta property=\"og:description\" content=\"Pouco depois de marcar seu gol na derrota por 4 a 2 do Real Madrid para o Girona, pela 31\u00aa rodada do Campeonato Espanhol, Vinicius Junior protagonizou um momento de discuss\u00e3o com um jogador advers\u00e1rio, aos 35 minutos do primeiro tempo. Ele disputou com Bueno pela ponta esquerda, caiu pedindo falta e viu o camisa [&hellip;]\" \/>\n<meta property=\"og:url\" content=\"https:\/\/www.gaveanews.com\/index.php\/2023\/04\/26\/apos-jogo-do-real-madrid-vinicius-junior-faz-publicacao-ironica-no-twitter\/\" \/>\n<meta property=\"og:site_name\" content=\"G\u00e1vea News\" \/>\n<meta property=\"article:publisher\" content=\"https:\/\/facebook.com\/gaveaNews\/\" \/>\n<meta property=\"article:published_time\" content=\"2023-04-26T04:52:18+00:00\" \/>\n<meta property=\"article:modified_time\" content=\"2023-04-26T04:52:21+00:00\" \/>\n<meta property=\"og:image\" content=\"https:\/\/www.gaveanews.com\/wp-content\/uploads\/real-madrid-vinicius-junior.webp\" \/>\n\t<meta property=\"og:image:width\" content=\"846\" \/>\n\t<meta property=\"og:image:height\" content=\"564\" \/>\n\t<meta property=\"og:image:type\" content=\"image\/webp\" \/>\n<meta name=\"author\" content=\"Equipe G\u00e1vea News\" \/>\n<meta name=\"twitter:card\" content=\"summary_large_image\" \/>\n<meta name=\"twitter:label1\" content=\"Escrito por\" \/>\n\t<meta name=\"twitter:data1\" content=\"Equipe G\u00e1vea News\" \/>\n\t<meta name=\"twitter:label2\" content=\"Est. tempo de leitura\" \/>\n\t<meta name=\"twitter:data2\" content=\"2 minutos\" \/>\n<script type=\"application\/ld+json\" class=\"yoast-schema-graph\">{\"@context\":\"https:\/\/schema.org\",\"@graph\":[{\"@type\":\"NewsArticle\",\"@id\":\"https:\/\/www.gaveanews.com\/index.php\/2023\/04\/26\/apos-jogo-do-real-madrid-vinicius-junior-faz-publicacao-ironica-no-twitter\/#article\",\"isPartOf\":{\"@id\":\"https:\/\/www.gaveanews.com\/index.php\/2023\/04\/26\/apos-jogo-do-real-madrid-vinicius-junior-faz-publicacao-ironica-no-twitter\/\"},\"author\":{\"name\":\"Equipe G\u00e1vea News\",\"@id\":\"https:\/\/www.gaveanews.com\/#\/schema\/person\/2ec14f73fb96be2caf28f91afb14749d\"},\"headline\":\"Ap\u00f3s jogo do Real Madrid, Vin\u00edcius J\u00fanior faz publica\u00e7\u00e3o ir\u00f4nica no Twitter\",\"datePublished\":\"2023-04-26T04:52:18+00:00\",\"dateModified\":\"2023-04-26T04:52:21+00:00\",\"mainEntityOfPage\":{\"@id\":\"https:\/\/www.gaveanews.com\/index.php\/2023\/04\/26\/apos-jogo-do-real-madrid-vinicius-junior-faz-publicacao-ironica-no-twitter\/\"},\"wordCount\":253,\"commentCount\":0,\"image\":{\"@id\":\"https:\/\/www.gaveanews.com\/index.php\/2023\/04\/26\/apos-jogo-do-real-madrid-vinicius-junior-faz-publicacao-ironica-no-twitter\/#primaryimage\"},\"thumbnailUrl\":\"https:\/\/www.gaveanews.com\/wp-content\/uploads\/real-madrid-vinicius-junior.webp\",\"articleSection\":[\"Flamengo\"],\"inLanguage\":\"pt-BR\",\"potentialAction\":[{\"@type\":\"CommentAction\",\"name\":\"Comment\",\"target\":[\"https:\/\/www.gaveanews.com\/index.php\/2023\/04\/26\/apos-jogo-do-real-madrid-vinicius-junior-faz-publicacao-ironica-no-twitter\/#respond\"]}],\"copyrightYear\":\"2023\",\"copyrightHolder\":{\"@id\":\"https:\/\/www.gaveanews.com\/#organization\"}},{\"@type\":\"WebPage\",\"@id\":\"https:\/\/www.gaveanews.com\/index.php\/2023\/04\/26\/apos-jogo-do-real-madrid-vinicius-junior-faz-publicacao-ironica-no-twitter\/\",\"url\":\"https:\/\/www.gaveanews.com\/index.php\/2023\/04\/26\/apos-jogo-do-real-madrid-vinicius-junior-faz-publicacao-ironica-no-twitter\/\",\"name\":\"Ap\u00f3s jogo do Real Madrid, Vin\u00edcius J\u00fanior faz publica\u00e7\u00e3o ir\u00f4nica no Twitter\",\"isPartOf\":{\"@id\":\"https:\/\/www.gaveanews.com\/#website\"},\"primaryImageOfPage\":{\"@id\":\"https:\/\/www.gaveanews.com\/index.php\/2023\/04\/26\/apos-jogo-do-real-madrid-vinicius-junior-faz-publicacao-ironica-no-twitter\/#primaryimage\"},\"image\":{\"@id\":\"https:\/\/www.gaveanews.com\/index.php\/2023\/04\/26\/apos-jogo-do-real-madrid-vinicius-junior-faz-publicacao-ironica-no-twitter\/#primaryimage\"},\"thumbnailUrl\":\"https:\/\/www.gaveanews.com\/wp-content\/uploads\/real-madrid-vinicius-junior.webp\",\"datePublished\":\"2023-04-26T04:52:18+00:00\",\"dateModified\":\"2023-04-26T04:52:21+00:00\",\"author\":{\"@id\":\"https:\/\/www.gaveanews.com\/#\/schema\/person\/2ec14f73fb96be2caf28f91afb14749d\"},\"breadcrumb\":{\"@id\":\"https:\/\/www.gaveanews.com\/index.php\/2023\/04\/26\/apos-jogo-do-real-madrid-vinicius-junior-faz-publicacao-ironica-no-twitter\/#breadcrumb\"},\"inLanguage\":\"pt-BR\",\"potentialAction\":[{\"@type\":\"ReadAction\",\"target\":[\"https:\/\/www.gaveanews.com\/index.php\/2023\/04\/26\/apos-jogo-do-real-madrid-vinicius-junior-faz-publicacao-ironica-no-twitter\/\"]}]},{\"@type\":\"ImageObject\",\"inLanguage\":\"pt-BR\",\"@id\":\"https:\/\/www.gaveanews.com\/index.php\/2023\/04\/26\/apos-jogo-do-real-madrid-vinicius-junior-faz-publicacao-ironica-no-twitter\/#primaryimage\",\"url\":\"https:\/\/www.gaveanews.com\/wp-content\/uploads\/real-madrid-vinicius-junior.webp\",\"contentUrl\":\"https:\/\/www.gaveanews.com\/wp-content\/uploads\/real-madrid-vinicius-junior.webp\",\"width\":846,\"height\":564,\"caption\":\"Vin\u00edcius J\u00fanior em a\u00e7\u00e3o pelo Real Madrid contra o Atl\u00e9tico de Madrid (Foto: JAVIER SORIANO\/AFP)\"},{\"@type\":\"BreadcrumbList\",\"@id\":\"https:\/\/www.gaveanews.com\/index.php\/2023\/04\/26\/apos-jogo-do-real-madrid-vinicius-junior-faz-publicacao-ironica-no-twitter\/#breadcrumb\",\"itemListElement\":[{\"@type\":\"ListItem\",\"position\":1,\"name\":\"Home\",\"item\":\"https:\/\/www.gaveanews.com\/\"},{\"@type\":\"ListItem\",\"position\":2,\"name\":\"Ap\u00f3s jogo do Real Madrid, Vin\u00edcius J\u00fanior faz publica\u00e7\u00e3o ir\u00f4nica no Twitter\"}]},{\"@type\":\"WebSite\",\"@id\":\"https:\/\/www.gaveanews.com\/#website\",\"url\":\"https:\/\/www.gaveanews.com\/\",\"name\":\"G\u00e1vea News\",\"description\":\"Veja todas as not\u00edcias sobre o Flamengo: Contrata\u00e7\u00f5es, categorias de base, resultados das partidas, tabela de classifica\u00e7\u00e3o, pr\u00f3ximos jogos!\",\"potentialAction\":[{\"@type\":\"SearchAction\",\"target\":{\"@type\":\"EntryPoint\",\"urlTemplate\":\"https:\/\/www.gaveanews.com\/?s={search_term_string}\"},\"query-input\":{\"@type\":\"PropertyValueSpecification\",\"valueRequired\":true,\"valueName\":\"search_term_string\"}}],\"inLanguage\":\"pt-BR\"},{\"@type\":\"Person\",\"@id\":\"https:\/\/www.gaveanews.com\/#\/schema\/person\/2ec14f73fb96be2caf28f91afb14749d\",\"name\":\"Equipe G\u00e1vea News\",\"image\":{\"@type\":\"ImageObject\",\"inLanguage\":\"pt-BR\",\"@id\":\"https:\/\/www.gaveanews.com\/#\/schema\/person\/image\/\",\"url\":\"https:\/\/secure.gravatar.com\/avatar\/1e1956f1facbffd3f8fa53a326721950116b3b9dc9bd44939c01180fd4a745a9?s=96&d=mm&r=g\",\"contentUrl\":\"https:\/\/secure.gravatar.com\/avatar\/1e1956f1facbffd3f8fa53a326721950116b3b9dc9bd44939c01180fd4a745a9?s=96&d=mm&r=g\",\"caption\":\"Equipe G\u00e1vea News\"}}]}<\/script>\n<!-- \/ Yoast SEO Premium plugin. -->","yoast_head_json":{"title":"Ap\u00f3s jogo do Real Madrid, Vin\u00edcius J\u00fanior faz publica\u00e7\u00e3o ir\u00f4nica no Twitter","robots":{"index":"index","follow":"follow","max-snippet":"max-snippet:-1","max-image-preview":"max-image-preview:large","max-video-preview":"max-video-preview:-1"},"canonical":"https:\/\/www.gaveanews.com\/index.php\/2023\/04\/26\/apos-jogo-do-real-madrid-vinicius-junior-faz-publicacao-ironica-no-twitter\/","og_locale":"pt_BR","og_type":"article","og_title":"Ap\u00f3s jogo do Real Madrid, Vin\u00edcius J\u00fanior faz publica\u00e7\u00e3o ir\u00f4nica no Twitter","og_description":"Pouco depois de marcar seu gol na derrota por 4 a 2 do Real Madrid para o Girona, pela 31\u00aa rodada do Campeonato Espanhol, Vinicius Junior protagonizou um momento de discuss\u00e3o com um jogador advers\u00e1rio, aos 35 minutos do primeiro tempo. Ele disputou com Bueno pela ponta esquerda, caiu pedindo falta e viu o camisa [&hellip;]","og_url":"https:\/\/www.gaveanews.com\/index.php\/2023\/04\/26\/apos-jogo-do-real-madrid-vinicius-junior-faz-publicacao-ironica-no-twitter\/","og_site_name":"G\u00e1vea News","article_publisher":"https:\/\/facebook.com\/gaveaNews\/","article_published_time":"2023-04-26T04:52:18+00:00","article_modified_time":"2023-04-26T04:52:21+00:00","og_image":[{"width":846,"height":564,"url":"https:\/\/www.gaveanews.com\/wp-content\/uploads\/real-madrid-vinicius-junior.webp","type":"image\/webp"}],"author":"Equipe G\u00e1vea News","twitter_card":"summary_large_image","twitter_misc":{"Escrito por":"Equipe G\u00e1vea News","Est. tempo de leitura":"2 minutos"},"schema":{"@context":"https:\/\/schema.org","@graph":[{"@type":"NewsArticle","@id":"https:\/\/www.gaveanews.com\/index.php\/2023\/04\/26\/apos-jogo-do-real-madrid-vinicius-junior-faz-publicacao-ironica-no-twitter\/#article","isPartOf":{"@id":"https:\/\/www.gaveanews.com\/index.php\/2023\/04\/26\/apos-jogo-do-real-madrid-vinicius-junior-faz-publicacao-ironica-no-twitter\/"},"author":{"name":"Equipe G\u00e1vea News","@id":"https:\/\/www.gaveanews.com\/#\/schema\/person\/2ec14f73fb96be2caf28f91afb14749d"},"headline":"Ap\u00f3s jogo do Real Madrid, Vin\u00edcius J\u00fanior faz publica\u00e7\u00e3o ir\u00f4nica no Twitter","datePublished":"2023-04-26T04:52:18+00:00","dateModified":"2023-04-26T04:52:21+00:00","mainEntityOfPage":{"@id":"https:\/\/www.gaveanews.com\/index.php\/2023\/04\/26\/apos-jogo-do-real-madrid-vinicius-junior-faz-publicacao-ironica-no-twitter\/"},"wordCount":253,"commentCount":0,"image":{"@id":"https:\/\/www.gaveanews.com\/index.php\/2023\/04\/26\/apos-jogo-do-real-madrid-vinicius-junior-faz-publicacao-ironica-no-twitter\/#primaryimage"},"thumbnailUrl":"https:\/\/www.gaveanews.com\/wp-content\/uploads\/real-madrid-vinicius-junior.webp","articleSection":["Flamengo"],"inLanguage":"pt-BR","potentialAction":[{"@type":"CommentAction","name":"Comment","target":["https:\/\/www.gaveanews.com\/index.php\/2023\/04\/26\/apos-jogo-do-real-madrid-vinicius-junior-faz-publicacao-ironica-no-twitter\/#respond"]}],"copyrightYear":"2023","copyrightHolder":{"@id":"https:\/\/www.gaveanews.com\/#organization"}},{"@type":"WebPage","@id":"https:\/\/www.gaveanews.com\/index.php\/2023\/04\/26\/apos-jogo-do-real-madrid-vinicius-junior-faz-publicacao-ironica-no-twitter\/","url":"https:\/\/www.gaveanews.com\/index.php\/2023\/04\/26\/apos-jogo-do-real-madrid-vinicius-junior-faz-publicacao-ironica-no-twitter\/","name":"Ap\u00f3s jogo do Real Madrid, Vin\u00edcius J\u00fanior faz publica\u00e7\u00e3o ir\u00f4nica no Twitter","isPartOf":{"@id":"https:\/\/www.gaveanews.com\/#website"},"primaryImageOfPage":{"@id":"https:\/\/www.gaveanews.com\/index.php\/2023\/04\/26\/apos-jogo-do-real-madrid-vinicius-junior-faz-publicacao-ironica-no-twitter\/#primaryimage"},"image":{"@id":"https:\/\/www.gaveanews.com\/index.php\/2023\/04\/26\/apos-jogo-do-real-madrid-vinicius-junior-faz-publicacao-ironica-no-twitter\/#primaryimage"},"thumbnailUrl":"https:\/\/www.gaveanews.com\/wp-content\/uploads\/real-madrid-vinicius-junior.webp","datePublished":"2023-04-26T04:52:18+00:00","dateModified":"2023-04-26T04:52:21+00:00","author":{"@id":"https:\/\/www.gaveanews.com\/#\/schema\/person\/2ec14f73fb96be2caf28f91afb14749d"},"breadcrumb":{"@id":"https:\/\/www.gaveanews.com\/index.php\/2023\/04\/26\/apos-jogo-do-real-madrid-vinicius-junior-faz-publicacao-ironica-no-twitter\/#breadcrumb"},"inLanguage":"pt-BR","potentialAction":[{"@type":"ReadAction","target":["https:\/\/www.gaveanews.com\/index.php\/2023\/04\/26\/apos-jogo-do-real-madrid-vinicius-junior-faz-publicacao-ironica-no-twitter\/"]}]},{"@type":"ImageObject","inLanguage":"pt-BR","@id":"https:\/\/www.gaveanews.com\/index.php\/2023\/04\/26\/apos-jogo-do-real-madrid-vinicius-junior-faz-publicacao-ironica-no-twitter\/#primaryimage","url":"https:\/\/www.gaveanews.com\/wp-content\/uploads\/real-madrid-vinicius-junior.webp","contentUrl":"https:\/\/www.gaveanews.com\/wp-content\/uploads\/real-madrid-vinicius-junior.webp","width":846,"height":564,"caption":"Vin\u00edcius J\u00fanior em a\u00e7\u00e3o pelo Real Madrid contra o Atl\u00e9tico de Madrid (Foto: JAVIER SORIANO\/AFP)"},{"@type":"BreadcrumbList","@id":"https:\/\/www.gaveanews.com\/index.php\/2023\/04\/26\/apos-jogo-do-real-madrid-vinicius-junior-faz-publicacao-ironica-no-twitter\/#breadcrumb","itemListElement":[{"@type":"ListItem","position":1,"name":"Home","item":"https:\/\/www.gaveanews.com\/"},{"@type":"ListItem","position":2,"name":"Ap\u00f3s jogo do Real Madrid, Vin\u00edcius J\u00fanior faz publica\u00e7\u00e3o ir\u00f4nica no Twitter"}]},{"@type":"WebSite","@id":"https:\/\/www.gaveanews.com\/#website","url":"https:\/\/www.gaveanews.com\/","name":"G\u00e1vea News","description":"Veja todas as not\u00edcias sobre o Flamengo: Contrata\u00e7\u00f5es, categorias de base, resultados das partidas, tabela de classifica\u00e7\u00e3o, pr\u00f3ximos jogos!","potentialAction":[{"@type":"SearchAction","target":{"@type":"EntryPoint","urlTemplate":"https:\/\/www.gaveanews.com\/?s={search_term_string}"},"query-input":{"@type":"PropertyValueSpecification","valueRequired":true,"valueName":"search_term_string"}}],"inLanguage":"pt-BR"},{"@type":"Person","@id":"https:\/\/www.gaveanews.com\/#\/schema\/person\/2ec14f73fb96be2caf28f91afb14749d","name":"Equipe G\u00e1vea News","image":{"@type":"ImageObject","inLanguage":"pt-BR","@id":"https:\/\/www.gaveanews.com\/#\/schema\/person\/image\/","url":"https:\/\/secure.gravatar.com\/avatar\/1e1956f1facbffd3f8fa53a326721950116b3b9dc9bd44939c01180fd4a745a9?s=96&d=mm&r=g","contentUrl":"https:\/\/secure.gravatar.com\/avatar\/1e1956f1facbffd3f8fa53a326721950116b3b9dc9bd44939c01180fd4a745a9?s=96&d=mm&r=g","caption":"Equipe G\u00e1vea News"}}]}},"_links":{"self":[{"href":"https:\/\/www.gaveanews.com\/index.php\/wp-json\/wp\/v2\/posts\/97820","targetHints":{"allow":["GET"]}}],"collection":[{"href":"https:\/\/www.gaveanews.com\/index.php\/wp-json\/wp\/v2\/posts"}],"about":[{"href":"https:\/\/www.gaveanews.com\/index.php\/wp-json\/wp\/v2\/types\/post"}],"author":[{"embeddable":true,"href":"https:\/\/www.gaveanews.com\/index.php\/wp-json\/wp\/v2\/users\/1"}],"replies":[{"embeddable":true,"href":"https:\/\/www.gaveanews.com\/index.php\/wp-json\/wp\/v2\/comments?post=97820"}],"version-history":[{"count":0,"href":"https:\/\/www.gaveanews.com\/index.php\/wp-json\/wp\/v2\/posts\/97820\/revisions"}],"wp:featuredmedia":[{"embeddable":true,"href":"https:\/\/www.gaveanews.com\/index.php\/wp-json\/wp\/v2\/media\/93584"}],"wp:attachment":[{"href":"https:\/\/www.gaveanews.com\/index.php\/wp-json\/wp\/v2\/media?parent=97820"}],"wp:term":[{"taxonomy":"category","embeddable":true,"href":"https:\/\/www.gaveanews.com\/index.php\/wp-json\/wp\/v2\/categories?post=97820"},{"taxonomy":"post_tag","embeddable":true,"href":"https:\/\/www.gaveanews.com\/index.php\/wp-json\/wp\/v2\/tags?post=97820"}],"curies":[{"name":"wp","href":"https:\/\/api.w.org\/{rel}","templated":true}]}}