{"id":97830,"date":"2023-04-26T08:31:25","date_gmt":"2023-04-26T11:31:25","guid":{"rendered":"https:\/\/www.gaveanews.com\/?p=97830"},"modified":"2023-04-26T08:31:28","modified_gmt":"2023-04-26T11:31:28","slug":"diferentemente-de-quando-estava-no-atletico-mg-e-no-santos-jorge-sampaoli-toma-atitude-para-ficar-mais-proximo-da-torcida-do-flamengo","status":"publish","type":"post","link":"https:\/\/www.gaveanews.com\/index.php\/2023\/04\/26\/diferentemente-de-quando-estava-no-atletico-mg-e-no-santos-jorge-sampaoli-toma-atitude-para-ficar-mais-proximo-da-torcida-do-flamengo\/","title":{"rendered":"Diferentemente de quando estava no Atl\u00e9tico-MG e no Santos, Jorge Sampaoli toma atitude para ficar mais pr\u00f3ximo da torcida do Flamengo"},"content":{"rendered":"\n<p>Para poder se aproximar da torcida do Flamengo, o t\u00e9cnico Jorge Sampaoli contratou um professor particular de portugu\u00eas. Mas, a curiosidade \u00e9 que o argentino j\u00e1 trabalhou no Brasil recentemente em duas oportunidades, mas em ambas n\u00e3o fez quest\u00e3o de aprender a l\u00edngua portuguesa.<\/p>\n\n\n\n<p>O primeiro trabalho foi no Santos, onde disputou todo 2019 e foi vice campe\u00e3o Brasileiro. No ano seguinte, foi contratado pelo Galo, em mar\u00e7o, sendo o treinador por todo o restante da temporada, que terminou em fevereiro de 2021. Ou seja, mais de dois anos consecutivos no Brasil, sempre falando apenas em espanhol.<\/p>\n\n\n\n<p>Agora, em menos de onze dias como treinador no Flamengo, Sampaoli j\u00e1 contratou um professor particular da l\u00edngua portuguesa. Segundo a informa\u00e7\u00e3o do \u201cO Dia\u201d, o objetivo \u00e9, de fato, se conectar ainda mais com a imensa torcida rubro-negra.<\/p>\n\n\n\n<p>Retirado de: Di\u00e1rio do Fla<\/p>\n","protected":false},"excerpt":{"rendered":"<p>Para poder se aproximar da torcida do Flamengo, o t\u00e9cnico Jorge Sampaoli contratou um professor particular de portugu\u00eas. Mas, a curiosidade \u00e9 que o argentino j\u00e1 trabalhou no Brasil recentemente em duas oportunidades, mas em ambas n\u00e3o fez quest\u00e3o de aprender a l\u00edngua portuguesa. O primeiro trabalho foi no Santos, onde disputou todo 2019 e [&hellip;]<\/p>\n","protected":false},"author":1,"featured_media":97554,"comment_status":"open","ping_status":"closed","sticky":false,"template":"","format":"standard","meta":{"footnotes":""},"categories":[1],"tags":[],"class_list":["post-97830","post","type-post","status-publish","format-standard","has-post-thumbnail","hentry","category-flamengo"],"yoast_head":"<!-- This site is optimized with the Yoast SEO Premium plugin v24.2 (Yoast SEO v26.9) - https:\/\/yoast.com\/product\/yoast-seo-premium-wordpress\/ -->\n<title>Diferentemente de quando estava no Atl\u00e9tico-MG e no Santos, Jorge Sampaoli toma atitude para ficar mais pr\u00f3ximo da torcida do Flamengo<\/title>\n<meta name=\"robots\" content=\"index, follow, max-snippet:-1, max-image-preview:large, max-video-preview:-1\" \/>\n<link rel=\"canonical\" href=\"https:\/\/www.gaveanews.com\/index.php\/2023\/04\/26\/diferentemente-de-quando-estava-no-atletico-mg-e-no-santos-jorge-sampaoli-toma-atitude-para-ficar-mais-proximo-da-torcida-do-flamengo\/\" \/>\n<meta property=\"og:locale\" content=\"pt_BR\" \/>\n<meta property=\"og:type\" content=\"article\" \/>\n<meta property=\"og:title\" content=\"Diferentemente de quando estava no Atl\u00e9tico-MG e no Santos, Jorge Sampaoli toma atitude para ficar mais pr\u00f3ximo da torcida do Flamengo\" \/>\n<meta property=\"og:description\" content=\"Para poder se aproximar da torcida do Flamengo, o t\u00e9cnico Jorge Sampaoli contratou um professor particular de portugu\u00eas. Mas, a curiosidade \u00e9 que o argentino j\u00e1 trabalhou no Brasil recentemente em duas oportunidades, mas em ambas n\u00e3o fez quest\u00e3o de aprender a l\u00edngua portuguesa. O primeiro trabalho foi no Santos, onde disputou todo 2019 e [&hellip;]\" \/>\n<meta property=\"og:url\" content=\"https:\/\/www.gaveanews.com\/index.php\/2023\/04\/26\/diferentemente-de-quando-estava-no-atletico-mg-e-no-santos-jorge-sampaoli-toma-atitude-para-ficar-mais-proximo-da-torcida-do-flamengo\/\" \/>\n<meta property=\"og:site_name\" content=\"G\u00e1vea News\" \/>\n<meta property=\"article:publisher\" content=\"https:\/\/facebook.com\/gaveaNews\/\" \/>\n<meta property=\"article:published_time\" content=\"2023-04-26T11:31:25+00:00\" \/>\n<meta property=\"article:modified_time\" content=\"2023-04-26T11:31:28+00:00\" \/>\n<meta property=\"og:image\" content=\"https:\/\/www.gaveanews.com\/wp-content\/uploads\/jorge-sampaoli-flamengo-maracana-libertadores.webp\" \/>\n\t<meta property=\"og:image:width\" content=\"900\" \/>\n\t<meta property=\"og:image:height\" content=\"599\" \/>\n\t<meta property=\"og:image:type\" content=\"image\/jpeg\" \/>\n<meta name=\"author\" content=\"Equipe G\u00e1vea News\" \/>\n<meta name=\"twitter:card\" content=\"summary_large_image\" \/>\n<meta name=\"twitter:label1\" content=\"Escrito por\" \/>\n\t<meta name=\"twitter:data1\" content=\"Equipe G\u00e1vea News\" \/>\n\t<meta name=\"twitter:label2\" content=\"Est. tempo de leitura\" \/>\n\t<meta name=\"twitter:data2\" content=\"1 minuto\" \/>\n<script type=\"application\/ld+json\" class=\"yoast-schema-graph\">{\"@context\":\"https:\/\/schema.org\",\"@graph\":[{\"@type\":\"NewsArticle\",\"@id\":\"https:\/\/www.gaveanews.com\/index.php\/2023\/04\/26\/diferentemente-de-quando-estava-no-atletico-mg-e-no-santos-jorge-sampaoli-toma-atitude-para-ficar-mais-proximo-da-torcida-do-flamengo\/#article\",\"isPartOf\":{\"@id\":\"https:\/\/www.gaveanews.com\/index.php\/2023\/04\/26\/diferentemente-de-quando-estava-no-atletico-mg-e-no-santos-jorge-sampaoli-toma-atitude-para-ficar-mais-proximo-da-torcida-do-flamengo\/\"},\"author\":{\"name\":\"Equipe G\u00e1vea News\",\"@id\":\"https:\/\/www.gaveanews.com\/#\/schema\/person\/2ec14f73fb96be2caf28f91afb14749d\"},\"headline\":\"Diferentemente de quando estava no Atl\u00e9tico-MG e no Santos, Jorge Sampaoli toma atitude para ficar mais pr\u00f3ximo da torcida do Flamengo\",\"datePublished\":\"2023-04-26T11:31:25+00:00\",\"dateModified\":\"2023-04-26T11:31:28+00:00\",\"mainEntityOfPage\":{\"@id\":\"https:\/\/www.gaveanews.com\/index.php\/2023\/04\/26\/diferentemente-de-quando-estava-no-atletico-mg-e-no-santos-jorge-sampaoli-toma-atitude-para-ficar-mais-proximo-da-torcida-do-flamengo\/\"},\"wordCount\":170,\"commentCount\":0,\"image\":{\"@id\":\"https:\/\/www.gaveanews.com\/index.php\/2023\/04\/26\/diferentemente-de-quando-estava-no-atletico-mg-e-no-santos-jorge-sampaoli-toma-atitude-para-ficar-mais-proximo-da-torcida-do-flamengo\/#primaryimage\"},\"thumbnailUrl\":\"https:\/\/www.gaveanews.com\/wp-content\/uploads\/jorge-sampaoli-flamengo-maracana-libertadores.webp\",\"articleSection\":[\"Flamengo\"],\"inLanguage\":\"pt-BR\",\"potentialAction\":[{\"@type\":\"CommentAction\",\"name\":\"Comment\",\"target\":[\"https:\/\/www.gaveanews.com\/index.php\/2023\/04\/26\/diferentemente-de-quando-estava-no-atletico-mg-e-no-santos-jorge-sampaoli-toma-atitude-para-ficar-mais-proximo-da-torcida-do-flamengo\/#respond\"]}],\"copyrightYear\":\"2023\",\"copyrightHolder\":{\"@id\":\"https:\/\/www.gaveanews.com\/#organization\"}},{\"@type\":\"WebPage\",\"@id\":\"https:\/\/www.gaveanews.com\/index.php\/2023\/04\/26\/diferentemente-de-quando-estava-no-atletico-mg-e-no-santos-jorge-sampaoli-toma-atitude-para-ficar-mais-proximo-da-torcida-do-flamengo\/\",\"url\":\"https:\/\/www.gaveanews.com\/index.php\/2023\/04\/26\/diferentemente-de-quando-estava-no-atletico-mg-e-no-santos-jorge-sampaoli-toma-atitude-para-ficar-mais-proximo-da-torcida-do-flamengo\/\",\"name\":\"Diferentemente de quando estava no Atl\u00e9tico-MG e no Santos, Jorge Sampaoli toma atitude para ficar mais pr\u00f3ximo da torcida do Flamengo\",\"isPartOf\":{\"@id\":\"https:\/\/www.gaveanews.com\/#website\"},\"primaryImageOfPage\":{\"@id\":\"https:\/\/www.gaveanews.com\/index.php\/2023\/04\/26\/diferentemente-de-quando-estava-no-atletico-mg-e-no-santos-jorge-sampaoli-toma-atitude-para-ficar-mais-proximo-da-torcida-do-flamengo\/#primaryimage\"},\"image\":{\"@id\":\"https:\/\/www.gaveanews.com\/index.php\/2023\/04\/26\/diferentemente-de-quando-estava-no-atletico-mg-e-no-santos-jorge-sampaoli-toma-atitude-para-ficar-mais-proximo-da-torcida-do-flamengo\/#primaryimage\"},\"thumbnailUrl\":\"https:\/\/www.gaveanews.com\/wp-content\/uploads\/jorge-sampaoli-flamengo-maracana-libertadores.webp\",\"datePublished\":\"2023-04-26T11:31:25+00:00\",\"dateModified\":\"2023-04-26T11:31:28+00:00\",\"author\":{\"@id\":\"https:\/\/www.gaveanews.com\/#\/schema\/person\/2ec14f73fb96be2caf28f91afb14749d\"},\"breadcrumb\":{\"@id\":\"https:\/\/www.gaveanews.com\/index.php\/2023\/04\/26\/diferentemente-de-quando-estava-no-atletico-mg-e-no-santos-jorge-sampaoli-toma-atitude-para-ficar-mais-proximo-da-torcida-do-flamengo\/#breadcrumb\"},\"inLanguage\":\"pt-BR\",\"potentialAction\":[{\"@type\":\"ReadAction\",\"target\":[\"https:\/\/www.gaveanews.com\/index.php\/2023\/04\/26\/diferentemente-de-quando-estava-no-atletico-mg-e-no-santos-jorge-sampaoli-toma-atitude-para-ficar-mais-proximo-da-torcida-do-flamengo\/\"]}]},{\"@type\":\"ImageObject\",\"inLanguage\":\"pt-BR\",\"@id\":\"https:\/\/www.gaveanews.com\/index.php\/2023\/04\/26\/diferentemente-de-quando-estava-no-atletico-mg-e-no-santos-jorge-sampaoli-toma-atitude-para-ficar-mais-proximo-da-torcida-do-flamengo\/#primaryimage\",\"url\":\"https:\/\/www.gaveanews.com\/wp-content\/uploads\/jorge-sampaoli-flamengo-maracana-libertadores.webp\",\"contentUrl\":\"https:\/\/www.gaveanews.com\/wp-content\/uploads\/jorge-sampaoli-flamengo-maracana-libertadores.webp\",\"width\":900,\"height\":599,\"caption\":\"Sampaoli comanda o Flamengo no Maracan\u00e3 (Foto: Marcelo Cortes\/Flamengo)\"},{\"@type\":\"BreadcrumbList\",\"@id\":\"https:\/\/www.gaveanews.com\/index.php\/2023\/04\/26\/diferentemente-de-quando-estava-no-atletico-mg-e-no-santos-jorge-sampaoli-toma-atitude-para-ficar-mais-proximo-da-torcida-do-flamengo\/#breadcrumb\",\"itemListElement\":[{\"@type\":\"ListItem\",\"position\":1,\"name\":\"Home\",\"item\":\"https:\/\/www.gaveanews.com\/\"},{\"@type\":\"ListItem\",\"position\":2,\"name\":\"Diferentemente de quando estava no Atl\u00e9tico-MG e no Santos, Jorge Sampaoli toma atitude para ficar mais pr\u00f3ximo da torcida do Flamengo\"}]},{\"@type\":\"WebSite\",\"@id\":\"https:\/\/www.gaveanews.com\/#website\",\"url\":\"https:\/\/www.gaveanews.com\/\",\"name\":\"G\u00e1vea News\",\"description\":\"Veja todas as not\u00edcias sobre o Flamengo: Contrata\u00e7\u00f5es, categorias de base, resultados das partidas, tabela de classifica\u00e7\u00e3o, pr\u00f3ximos jogos!\",\"potentialAction\":[{\"@type\":\"SearchAction\",\"target\":{\"@type\":\"EntryPoint\",\"urlTemplate\":\"https:\/\/www.gaveanews.com\/?s={search_term_string}\"},\"query-input\":{\"@type\":\"PropertyValueSpecification\",\"valueRequired\":true,\"valueName\":\"search_term_string\"}}],\"inLanguage\":\"pt-BR\"},{\"@type\":\"Person\",\"@id\":\"https:\/\/www.gaveanews.com\/#\/schema\/person\/2ec14f73fb96be2caf28f91afb14749d\",\"name\":\"Equipe G\u00e1vea News\",\"image\":{\"@type\":\"ImageObject\",\"inLanguage\":\"pt-BR\",\"@id\":\"https:\/\/www.gaveanews.com\/#\/schema\/person\/image\/\",\"url\":\"https:\/\/secure.gravatar.com\/avatar\/1e1956f1facbffd3f8fa53a326721950116b3b9dc9bd44939c01180fd4a745a9?s=96&d=mm&r=g\",\"contentUrl\":\"https:\/\/secure.gravatar.com\/avatar\/1e1956f1facbffd3f8fa53a326721950116b3b9dc9bd44939c01180fd4a745a9?s=96&d=mm&r=g\",\"caption\":\"Equipe G\u00e1vea News\"}}]}<\/script>\n<!-- \/ Yoast SEO Premium plugin. -->","yoast_head_json":{"title":"Diferentemente de quando estava no Atl\u00e9tico-MG e no Santos, Jorge Sampaoli toma atitude para ficar mais pr\u00f3ximo da torcida do Flamengo","robots":{"index":"index","follow":"follow","max-snippet":"max-snippet:-1","max-image-preview":"max-image-preview:large","max-video-preview":"max-video-preview:-1"},"canonical":"https:\/\/www.gaveanews.com\/index.php\/2023\/04\/26\/diferentemente-de-quando-estava-no-atletico-mg-e-no-santos-jorge-sampaoli-toma-atitude-para-ficar-mais-proximo-da-torcida-do-flamengo\/","og_locale":"pt_BR","og_type":"article","og_title":"Diferentemente de quando estava no Atl\u00e9tico-MG e no Santos, Jorge Sampaoli toma atitude para ficar mais pr\u00f3ximo da torcida do Flamengo","og_description":"Para poder se aproximar da torcida do Flamengo, o t\u00e9cnico Jorge Sampaoli contratou um professor particular de portugu\u00eas. Mas, a curiosidade \u00e9 que o argentino j\u00e1 trabalhou no Brasil recentemente em duas oportunidades, mas em ambas n\u00e3o fez quest\u00e3o de aprender a l\u00edngua portuguesa. O primeiro trabalho foi no Santos, onde disputou todo 2019 e [&hellip;]","og_url":"https:\/\/www.gaveanews.com\/index.php\/2023\/04\/26\/diferentemente-de-quando-estava-no-atletico-mg-e-no-santos-jorge-sampaoli-toma-atitude-para-ficar-mais-proximo-da-torcida-do-flamengo\/","og_site_name":"G\u00e1vea News","article_publisher":"https:\/\/facebook.com\/gaveaNews\/","article_published_time":"2023-04-26T11:31:25+00:00","article_modified_time":"2023-04-26T11:31:28+00:00","og_image":[{"width":900,"height":599,"url":"https:\/\/www.gaveanews.com\/wp-content\/uploads\/jorge-sampaoli-flamengo-maracana-libertadores.webp","type":"image\/jpeg"}],"author":"Equipe G\u00e1vea News","twitter_card":"summary_large_image","twitter_misc":{"Escrito por":"Equipe G\u00e1vea News","Est. tempo de leitura":"1 minuto"},"schema":{"@context":"https:\/\/schema.org","@graph":[{"@type":"NewsArticle","@id":"https:\/\/www.gaveanews.com\/index.php\/2023\/04\/26\/diferentemente-de-quando-estava-no-atletico-mg-e-no-santos-jorge-sampaoli-toma-atitude-para-ficar-mais-proximo-da-torcida-do-flamengo\/#article","isPartOf":{"@id":"https:\/\/www.gaveanews.com\/index.php\/2023\/04\/26\/diferentemente-de-quando-estava-no-atletico-mg-e-no-santos-jorge-sampaoli-toma-atitude-para-ficar-mais-proximo-da-torcida-do-flamengo\/"},"author":{"name":"Equipe G\u00e1vea News","@id":"https:\/\/www.gaveanews.com\/#\/schema\/person\/2ec14f73fb96be2caf28f91afb14749d"},"headline":"Diferentemente de quando estava no Atl\u00e9tico-MG e no Santos, Jorge Sampaoli toma atitude para ficar mais pr\u00f3ximo da torcida do Flamengo","datePublished":"2023-04-26T11:31:25+00:00","dateModified":"2023-04-26T11:31:28+00:00","mainEntityOfPage":{"@id":"https:\/\/www.gaveanews.com\/index.php\/2023\/04\/26\/diferentemente-de-quando-estava-no-atletico-mg-e-no-santos-jorge-sampaoli-toma-atitude-para-ficar-mais-proximo-da-torcida-do-flamengo\/"},"wordCount":170,"commentCount":0,"image":{"@id":"https:\/\/www.gaveanews.com\/index.php\/2023\/04\/26\/diferentemente-de-quando-estava-no-atletico-mg-e-no-santos-jorge-sampaoli-toma-atitude-para-ficar-mais-proximo-da-torcida-do-flamengo\/#primaryimage"},"thumbnailUrl":"https:\/\/www.gaveanews.com\/wp-content\/uploads\/jorge-sampaoli-flamengo-maracana-libertadores.webp","articleSection":["Flamengo"],"inLanguage":"pt-BR","potentialAction":[{"@type":"CommentAction","name":"Comment","target":["https:\/\/www.gaveanews.com\/index.php\/2023\/04\/26\/diferentemente-de-quando-estava-no-atletico-mg-e-no-santos-jorge-sampaoli-toma-atitude-para-ficar-mais-proximo-da-torcida-do-flamengo\/#respond"]}],"copyrightYear":"2023","copyrightHolder":{"@id":"https:\/\/www.gaveanews.com\/#organization"}},{"@type":"WebPage","@id":"https:\/\/www.gaveanews.com\/index.php\/2023\/04\/26\/diferentemente-de-quando-estava-no-atletico-mg-e-no-santos-jorge-sampaoli-toma-atitude-para-ficar-mais-proximo-da-torcida-do-flamengo\/","url":"https:\/\/www.gaveanews.com\/index.php\/2023\/04\/26\/diferentemente-de-quando-estava-no-atletico-mg-e-no-santos-jorge-sampaoli-toma-atitude-para-ficar-mais-proximo-da-torcida-do-flamengo\/","name":"Diferentemente de quando estava no Atl\u00e9tico-MG e no Santos, Jorge Sampaoli toma atitude para ficar mais pr\u00f3ximo da torcida do Flamengo","isPartOf":{"@id":"https:\/\/www.gaveanews.com\/#website"},"primaryImageOfPage":{"@id":"https:\/\/www.gaveanews.com\/index.php\/2023\/04\/26\/diferentemente-de-quando-estava-no-atletico-mg-e-no-santos-jorge-sampaoli-toma-atitude-para-ficar-mais-proximo-da-torcida-do-flamengo\/#primaryimage"},"image":{"@id":"https:\/\/www.gaveanews.com\/index.php\/2023\/04\/26\/diferentemente-de-quando-estava-no-atletico-mg-e-no-santos-jorge-sampaoli-toma-atitude-para-ficar-mais-proximo-da-torcida-do-flamengo\/#primaryimage"},"thumbnailUrl":"https:\/\/www.gaveanews.com\/wp-content\/uploads\/jorge-sampaoli-flamengo-maracana-libertadores.webp","datePublished":"2023-04-26T11:31:25+00:00","dateModified":"2023-04-26T11:31:28+00:00","author":{"@id":"https:\/\/www.gaveanews.com\/#\/schema\/person\/2ec14f73fb96be2caf28f91afb14749d"},"breadcrumb":{"@id":"https:\/\/www.gaveanews.com\/index.php\/2023\/04\/26\/diferentemente-de-quando-estava-no-atletico-mg-e-no-santos-jorge-sampaoli-toma-atitude-para-ficar-mais-proximo-da-torcida-do-flamengo\/#breadcrumb"},"inLanguage":"pt-BR","potentialAction":[{"@type":"ReadAction","target":["https:\/\/www.gaveanews.com\/index.php\/2023\/04\/26\/diferentemente-de-quando-estava-no-atletico-mg-e-no-santos-jorge-sampaoli-toma-atitude-para-ficar-mais-proximo-da-torcida-do-flamengo\/"]}]},{"@type":"ImageObject","inLanguage":"pt-BR","@id":"https:\/\/www.gaveanews.com\/index.php\/2023\/04\/26\/diferentemente-de-quando-estava-no-atletico-mg-e-no-santos-jorge-sampaoli-toma-atitude-para-ficar-mais-proximo-da-torcida-do-flamengo\/#primaryimage","url":"https:\/\/www.gaveanews.com\/wp-content\/uploads\/jorge-sampaoli-flamengo-maracana-libertadores.webp","contentUrl":"https:\/\/www.gaveanews.com\/wp-content\/uploads\/jorge-sampaoli-flamengo-maracana-libertadores.webp","width":900,"height":599,"caption":"Sampaoli comanda o Flamengo no Maracan\u00e3 (Foto: Marcelo Cortes\/Flamengo)"},{"@type":"BreadcrumbList","@id":"https:\/\/www.gaveanews.com\/index.php\/2023\/04\/26\/diferentemente-de-quando-estava-no-atletico-mg-e-no-santos-jorge-sampaoli-toma-atitude-para-ficar-mais-proximo-da-torcida-do-flamengo\/#breadcrumb","itemListElement":[{"@type":"ListItem","position":1,"name":"Home","item":"https:\/\/www.gaveanews.com\/"},{"@type":"ListItem","position":2,"name":"Diferentemente de quando estava no Atl\u00e9tico-MG e no Santos, Jorge Sampaoli toma atitude para ficar mais pr\u00f3ximo da torcida do Flamengo"}]},{"@type":"WebSite","@id":"https:\/\/www.gaveanews.com\/#website","url":"https:\/\/www.gaveanews.com\/","name":"G\u00e1vea News","description":"Veja todas as not\u00edcias sobre o Flamengo: Contrata\u00e7\u00f5es, categorias de base, resultados das partidas, tabela de classifica\u00e7\u00e3o, pr\u00f3ximos jogos!","potentialAction":[{"@type":"SearchAction","target":{"@type":"EntryPoint","urlTemplate":"https:\/\/www.gaveanews.com\/?s={search_term_string}"},"query-input":{"@type":"PropertyValueSpecification","valueRequired":true,"valueName":"search_term_string"}}],"inLanguage":"pt-BR"},{"@type":"Person","@id":"https:\/\/www.gaveanews.com\/#\/schema\/person\/2ec14f73fb96be2caf28f91afb14749d","name":"Equipe G\u00e1vea News","image":{"@type":"ImageObject","inLanguage":"pt-BR","@id":"https:\/\/www.gaveanews.com\/#\/schema\/person\/image\/","url":"https:\/\/secure.gravatar.com\/avatar\/1e1956f1facbffd3f8fa53a326721950116b3b9dc9bd44939c01180fd4a745a9?s=96&d=mm&r=g","contentUrl":"https:\/\/secure.gravatar.com\/avatar\/1e1956f1facbffd3f8fa53a326721950116b3b9dc9bd44939c01180fd4a745a9?s=96&d=mm&r=g","caption":"Equipe G\u00e1vea News"}}]}},"_links":{"self":[{"href":"https:\/\/www.gaveanews.com\/index.php\/wp-json\/wp\/v2\/posts\/97830","targetHints":{"allow":["GET"]}}],"collection":[{"href":"https:\/\/www.gaveanews.com\/index.php\/wp-json\/wp\/v2\/posts"}],"about":[{"href":"https:\/\/www.gaveanews.com\/index.php\/wp-json\/wp\/v2\/types\/post"}],"author":[{"embeddable":true,"href":"https:\/\/www.gaveanews.com\/index.php\/wp-json\/wp\/v2\/users\/1"}],"replies":[{"embeddable":true,"href":"https:\/\/www.gaveanews.com\/index.php\/wp-json\/wp\/v2\/comments?post=97830"}],"version-history":[{"count":0,"href":"https:\/\/www.gaveanews.com\/index.php\/wp-json\/wp\/v2\/posts\/97830\/revisions"}],"wp:featuredmedia":[{"embeddable":true,"href":"https:\/\/www.gaveanews.com\/index.php\/wp-json\/wp\/v2\/media\/97554"}],"wp:attachment":[{"href":"https:\/\/www.gaveanews.com\/index.php\/wp-json\/wp\/v2\/media?parent=97830"}],"wp:term":[{"taxonomy":"category","embeddable":true,"href":"https:\/\/www.gaveanews.com\/index.php\/wp-json\/wp\/v2\/categories?post=97830"},{"taxonomy":"post_tag","embeddable":true,"href":"https:\/\/www.gaveanews.com\/index.php\/wp-json\/wp\/v2\/tags?post=97830"}],"curies":[{"name":"wp","href":"https:\/\/api.w.org\/{rel}","templated":true}]}}