{"id":97841,"date":"2023-04-26T11:08:27","date_gmt":"2023-04-26T14:08:27","guid":{"rendered":"https:\/\/www.gaveanews.com\/?p=97841"},"modified":"2023-04-26T11:08:36","modified_gmt":"2023-04-26T14:08:36","slug":"treinador-do-flamengo-jorge-sampaoli-pode-quebrar-marca-de-dois-anos","status":"publish","type":"post","link":"https:\/\/www.gaveanews.com\/index.php\/2023\/04\/26\/treinador-do-flamengo-jorge-sampaoli-pode-quebrar-marca-de-dois-anos\/","title":{"rendered":"Treinador do Flamengo, Jorge Sampaoli pode quebrar marca de dois anos"},"content":{"rendered":"\n<p>Precisando reverter uma situa\u00e7\u00e3o adversa deixada pelo ex-t\u00e9cnico V\u00edtor Pereira, o Flamengo entra em campo nesta quarta-feira (26) para buscar a classifica\u00e7\u00e3o \u00e0s oitavas da Copa do Brasil contra o Maring\u00e1.<\/p>\n\n\n\n<p>No jogo de ida, sob comando do interino M\u00e1rio Jorge, a equipe rubro-negra demonstrou bastante apatia e falta de concentra\u00e7\u00e3o na derrota por 2 a 0 para um clube da quarta divis\u00e3o do Brasileir\u00e3o.<\/p>\n\n\n\n<p>O resultado adverso criou um clima de decis\u00e3o para o jogo de volta no Maracan\u00e3, onde o atual t\u00e9cnico Jorge Sampaoli dever\u00e1 quebrar uma marca pessoal de dois anos ao repetir a mesma escala\u00e7\u00e3o.<\/p>\n\n\n\n<p>Conhecido por adotar diferentes escala\u00e7\u00f5es titulares nos jogos, o treinador argentino deve manter a base nos primeiros jogos, mesmo retornando ao sistema de tr\u00eas zagueiros. Por isso, a tend\u00eancia \u00e9 repetir a mesma escala\u00e7\u00e3o titular que atuou na derrota contra o Internacional.<\/p>\n\n\n\n<p>Sampaoli n\u00e3o repete escala\u00e7\u00f5es de suas equipes desde os jogos contra Nantes e Brest na Ligue 1, enquanto esteve treinando o Olympique de Marselha. Na passagem mais recente pelo Sevilla, o t\u00e9cnico argentino n\u00e3o repetiu nenhuma escala\u00e7\u00e3o pela equipe de La Liga.<\/p>\n\n\n\n<p>No entanto, a marca pode acabar permanecendo caso Sampaoli opte por escalar um zagueiro no lugar de Wesley, optando por David Luiz ou Rodrigo Caio. No ataque, Marinho seguir\u00e1 na vaga de Everton Ribeiro.<\/p>\n\n\n\n<p>Flamengo x Remo ser\u00e1 disputado nesta quarta-feira (26), a partir das 21h30 pelo hor\u00e1rio de Bras\u00edlia, com transmiss\u00e3o exclusiva do Amazon Prime Video.<\/p>\n\n\n\n<p>Retirado de: Torcedores <\/p>\n","protected":false},"excerpt":{"rendered":"<p>Precisando reverter uma situa\u00e7\u00e3o adversa deixada pelo ex-t\u00e9cnico V\u00edtor Pereira, o Flamengo entra em campo nesta quarta-feira (26) para buscar a classifica\u00e7\u00e3o \u00e0s oitavas da Copa do Brasil contra o Maring\u00e1. No jogo de ida, sob comando do interino M\u00e1rio Jorge, a equipe rubro-negra demonstrou bastante apatia e falta de concentra\u00e7\u00e3o na derrota por 2 [&hellip;]<\/p>\n","protected":false},"author":1,"featured_media":97686,"comment_status":"open","ping_status":"closed","sticky":false,"template":"","format":"standard","meta":{"footnotes":""},"categories":[1],"tags":[],"class_list":["post-97841","post","type-post","status-publish","format-standard","has-post-thumbnail","hentry","category-flamengo"],"yoast_head":"<!-- This site is optimized with the Yoast SEO Premium plugin v24.2 (Yoast SEO v26.9) - https:\/\/yoast.com\/product\/yoast-seo-premium-wordpress\/ -->\n<title>Treinador do Flamengo, Jorge Sampaoli pode quebrar marca de dois anos<\/title>\n<meta name=\"robots\" content=\"index, follow, max-snippet:-1, max-image-preview:large, max-video-preview:-1\" \/>\n<link rel=\"canonical\" href=\"https:\/\/www.gaveanews.com\/index.php\/2023\/04\/26\/treinador-do-flamengo-jorge-sampaoli-pode-quebrar-marca-de-dois-anos\/\" \/>\n<meta property=\"og:locale\" content=\"pt_BR\" \/>\n<meta property=\"og:type\" content=\"article\" \/>\n<meta property=\"og:title\" content=\"Treinador do Flamengo, Jorge Sampaoli pode quebrar marca de dois anos\" \/>\n<meta property=\"og:description\" content=\"Precisando reverter uma situa\u00e7\u00e3o adversa deixada pelo ex-t\u00e9cnico V\u00edtor Pereira, o Flamengo entra em campo nesta quarta-feira (26) para buscar a classifica\u00e7\u00e3o \u00e0s oitavas da Copa do Brasil contra o Maring\u00e1. No jogo de ida, sob comando do interino M\u00e1rio Jorge, a equipe rubro-negra demonstrou bastante apatia e falta de concentra\u00e7\u00e3o na derrota por 2 [&hellip;]\" \/>\n<meta property=\"og:url\" content=\"https:\/\/www.gaveanews.com\/index.php\/2023\/04\/26\/treinador-do-flamengo-jorge-sampaoli-pode-quebrar-marca-de-dois-anos\/\" \/>\n<meta property=\"og:site_name\" content=\"G\u00e1vea News\" \/>\n<meta property=\"article:publisher\" content=\"https:\/\/facebook.com\/gaveaNews\/\" \/>\n<meta property=\"article:published_time\" content=\"2023-04-26T14:08:27+00:00\" \/>\n<meta property=\"article:modified_time\" content=\"2023-04-26T14:08:36+00:00\" \/>\n<meta property=\"og:image\" content=\"https:\/\/www.gaveanews.com\/wp-content\/uploads\/Jorge-Sampaoli-durante-o-jogo-entre-Flamengo-e-Internacional-pela-segunda-rodada-do-Brasileirao-de-2023.webp\" \/>\n\t<meta property=\"og:image:width\" content=\"1200\" \/>\n\t<meta property=\"og:image:height\" content=\"750\" \/>\n\t<meta property=\"og:image:type\" content=\"image\/webp\" \/>\n<meta name=\"author\" content=\"Equipe G\u00e1vea News\" \/>\n<meta name=\"twitter:card\" content=\"summary_large_image\" \/>\n<meta name=\"twitter:label1\" content=\"Escrito por\" \/>\n\t<meta name=\"twitter:data1\" content=\"Equipe G\u00e1vea News\" \/>\n\t<meta name=\"twitter:label2\" content=\"Est. tempo de leitura\" \/>\n\t<meta name=\"twitter:data2\" content=\"2 minutos\" \/>\n<script type=\"application\/ld+json\" class=\"yoast-schema-graph\">{\"@context\":\"https:\/\/schema.org\",\"@graph\":[{\"@type\":\"NewsArticle\",\"@id\":\"https:\/\/www.gaveanews.com\/index.php\/2023\/04\/26\/treinador-do-flamengo-jorge-sampaoli-pode-quebrar-marca-de-dois-anos\/#article\",\"isPartOf\":{\"@id\":\"https:\/\/www.gaveanews.com\/index.php\/2023\/04\/26\/treinador-do-flamengo-jorge-sampaoli-pode-quebrar-marca-de-dois-anos\/\"},\"author\":{\"name\":\"Equipe G\u00e1vea News\",\"@id\":\"https:\/\/www.gaveanews.com\/#\/schema\/person\/2ec14f73fb96be2caf28f91afb14749d\"},\"headline\":\"Treinador do Flamengo, Jorge Sampaoli pode quebrar marca de dois anos\",\"datePublished\":\"2023-04-26T14:08:27+00:00\",\"dateModified\":\"2023-04-26T14:08:36+00:00\",\"mainEntityOfPage\":{\"@id\":\"https:\/\/www.gaveanews.com\/index.php\/2023\/04\/26\/treinador-do-flamengo-jorge-sampaoli-pode-quebrar-marca-de-dois-anos\/\"},\"wordCount\":271,\"commentCount\":0,\"image\":{\"@id\":\"https:\/\/www.gaveanews.com\/index.php\/2023\/04\/26\/treinador-do-flamengo-jorge-sampaoli-pode-quebrar-marca-de-dois-anos\/#primaryimage\"},\"thumbnailUrl\":\"https:\/\/www.gaveanews.com\/wp-content\/uploads\/Jorge-Sampaoli-durante-o-jogo-entre-Flamengo-e-Internacional-pela-segunda-rodada-do-Brasileirao-de-2023.webp\",\"articleSection\":[\"Flamengo\"],\"inLanguage\":\"pt-BR\",\"potentialAction\":[{\"@type\":\"CommentAction\",\"name\":\"Comment\",\"target\":[\"https:\/\/www.gaveanews.com\/index.php\/2023\/04\/26\/treinador-do-flamengo-jorge-sampaoli-pode-quebrar-marca-de-dois-anos\/#respond\"]}],\"copyrightYear\":\"2023\",\"copyrightHolder\":{\"@id\":\"https:\/\/www.gaveanews.com\/#organization\"}},{\"@type\":\"WebPage\",\"@id\":\"https:\/\/www.gaveanews.com\/index.php\/2023\/04\/26\/treinador-do-flamengo-jorge-sampaoli-pode-quebrar-marca-de-dois-anos\/\",\"url\":\"https:\/\/www.gaveanews.com\/index.php\/2023\/04\/26\/treinador-do-flamengo-jorge-sampaoli-pode-quebrar-marca-de-dois-anos\/\",\"name\":\"Treinador do Flamengo, Jorge Sampaoli pode quebrar marca de dois anos\",\"isPartOf\":{\"@id\":\"https:\/\/www.gaveanews.com\/#website\"},\"primaryImageOfPage\":{\"@id\":\"https:\/\/www.gaveanews.com\/index.php\/2023\/04\/26\/treinador-do-flamengo-jorge-sampaoli-pode-quebrar-marca-de-dois-anos\/#primaryimage\"},\"image\":{\"@id\":\"https:\/\/www.gaveanews.com\/index.php\/2023\/04\/26\/treinador-do-flamengo-jorge-sampaoli-pode-quebrar-marca-de-dois-anos\/#primaryimage\"},\"thumbnailUrl\":\"https:\/\/www.gaveanews.com\/wp-content\/uploads\/Jorge-Sampaoli-durante-o-jogo-entre-Flamengo-e-Internacional-pela-segunda-rodada-do-Brasileirao-de-2023.webp\",\"datePublished\":\"2023-04-26T14:08:27+00:00\",\"dateModified\":\"2023-04-26T14:08:36+00:00\",\"author\":{\"@id\":\"https:\/\/www.gaveanews.com\/#\/schema\/person\/2ec14f73fb96be2caf28f91afb14749d\"},\"breadcrumb\":{\"@id\":\"https:\/\/www.gaveanews.com\/index.php\/2023\/04\/26\/treinador-do-flamengo-jorge-sampaoli-pode-quebrar-marca-de-dois-anos\/#breadcrumb\"},\"inLanguage\":\"pt-BR\",\"potentialAction\":[{\"@type\":\"ReadAction\",\"target\":[\"https:\/\/www.gaveanews.com\/index.php\/2023\/04\/26\/treinador-do-flamengo-jorge-sampaoli-pode-quebrar-marca-de-dois-anos\/\"]}]},{\"@type\":\"ImageObject\",\"inLanguage\":\"pt-BR\",\"@id\":\"https:\/\/www.gaveanews.com\/index.php\/2023\/04\/26\/treinador-do-flamengo-jorge-sampaoli-pode-quebrar-marca-de-dois-anos\/#primaryimage\",\"url\":\"https:\/\/www.gaveanews.com\/wp-content\/uploads\/Jorge-Sampaoli-durante-o-jogo-entre-Flamengo-e-Internacional-pela-segunda-rodada-do-Brasileirao-de-2023.webp\",\"contentUrl\":\"https:\/\/www.gaveanews.com\/wp-content\/uploads\/Jorge-Sampaoli-durante-o-jogo-entre-Flamengo-e-Internacional-pela-segunda-rodada-do-Brasileirao-de-2023.webp\",\"width\":1200,\"height\":750,\"caption\":\"Jorge Sampaoli durante o jogo entre Flamengo e Internacional pela segunda rodada do Brasileir\u00e3o de 2023 (Foto: Gilvan de Souza\/Flamengo)\"},{\"@type\":\"BreadcrumbList\",\"@id\":\"https:\/\/www.gaveanews.com\/index.php\/2023\/04\/26\/treinador-do-flamengo-jorge-sampaoli-pode-quebrar-marca-de-dois-anos\/#breadcrumb\",\"itemListElement\":[{\"@type\":\"ListItem\",\"position\":1,\"name\":\"Home\",\"item\":\"https:\/\/www.gaveanews.com\/\"},{\"@type\":\"ListItem\",\"position\":2,\"name\":\"Treinador do Flamengo, Jorge Sampaoli pode quebrar marca de dois anos\"}]},{\"@type\":\"WebSite\",\"@id\":\"https:\/\/www.gaveanews.com\/#website\",\"url\":\"https:\/\/www.gaveanews.com\/\",\"name\":\"G\u00e1vea News\",\"description\":\"Veja todas as not\u00edcias sobre o Flamengo: Contrata\u00e7\u00f5es, categorias de base, resultados das partidas, tabela de classifica\u00e7\u00e3o, pr\u00f3ximos jogos!\",\"potentialAction\":[{\"@type\":\"SearchAction\",\"target\":{\"@type\":\"EntryPoint\",\"urlTemplate\":\"https:\/\/www.gaveanews.com\/?s={search_term_string}\"},\"query-input\":{\"@type\":\"PropertyValueSpecification\",\"valueRequired\":true,\"valueName\":\"search_term_string\"}}],\"inLanguage\":\"pt-BR\"},{\"@type\":\"Person\",\"@id\":\"https:\/\/www.gaveanews.com\/#\/schema\/person\/2ec14f73fb96be2caf28f91afb14749d\",\"name\":\"Equipe G\u00e1vea News\",\"image\":{\"@type\":\"ImageObject\",\"inLanguage\":\"pt-BR\",\"@id\":\"https:\/\/www.gaveanews.com\/#\/schema\/person\/image\/\",\"url\":\"https:\/\/secure.gravatar.com\/avatar\/1e1956f1facbffd3f8fa53a326721950116b3b9dc9bd44939c01180fd4a745a9?s=96&d=mm&r=g\",\"contentUrl\":\"https:\/\/secure.gravatar.com\/avatar\/1e1956f1facbffd3f8fa53a326721950116b3b9dc9bd44939c01180fd4a745a9?s=96&d=mm&r=g\",\"caption\":\"Equipe G\u00e1vea News\"}}]}<\/script>\n<!-- \/ Yoast SEO Premium plugin. -->","yoast_head_json":{"title":"Treinador do Flamengo, Jorge Sampaoli pode quebrar marca de dois anos","robots":{"index":"index","follow":"follow","max-snippet":"max-snippet:-1","max-image-preview":"max-image-preview:large","max-video-preview":"max-video-preview:-1"},"canonical":"https:\/\/www.gaveanews.com\/index.php\/2023\/04\/26\/treinador-do-flamengo-jorge-sampaoli-pode-quebrar-marca-de-dois-anos\/","og_locale":"pt_BR","og_type":"article","og_title":"Treinador do Flamengo, Jorge Sampaoli pode quebrar marca de dois anos","og_description":"Precisando reverter uma situa\u00e7\u00e3o adversa deixada pelo ex-t\u00e9cnico V\u00edtor Pereira, o Flamengo entra em campo nesta quarta-feira (26) para buscar a classifica\u00e7\u00e3o \u00e0s oitavas da Copa do Brasil contra o Maring\u00e1. No jogo de ida, sob comando do interino M\u00e1rio Jorge, a equipe rubro-negra demonstrou bastante apatia e falta de concentra\u00e7\u00e3o na derrota por 2 [&hellip;]","og_url":"https:\/\/www.gaveanews.com\/index.php\/2023\/04\/26\/treinador-do-flamengo-jorge-sampaoli-pode-quebrar-marca-de-dois-anos\/","og_site_name":"G\u00e1vea News","article_publisher":"https:\/\/facebook.com\/gaveaNews\/","article_published_time":"2023-04-26T14:08:27+00:00","article_modified_time":"2023-04-26T14:08:36+00:00","og_image":[{"width":1200,"height":750,"url":"https:\/\/www.gaveanews.com\/wp-content\/uploads\/Jorge-Sampaoli-durante-o-jogo-entre-Flamengo-e-Internacional-pela-segunda-rodada-do-Brasileirao-de-2023.webp","type":"image\/webp"}],"author":"Equipe G\u00e1vea News","twitter_card":"summary_large_image","twitter_misc":{"Escrito por":"Equipe G\u00e1vea News","Est. tempo de leitura":"2 minutos"},"schema":{"@context":"https:\/\/schema.org","@graph":[{"@type":"NewsArticle","@id":"https:\/\/www.gaveanews.com\/index.php\/2023\/04\/26\/treinador-do-flamengo-jorge-sampaoli-pode-quebrar-marca-de-dois-anos\/#article","isPartOf":{"@id":"https:\/\/www.gaveanews.com\/index.php\/2023\/04\/26\/treinador-do-flamengo-jorge-sampaoli-pode-quebrar-marca-de-dois-anos\/"},"author":{"name":"Equipe G\u00e1vea News","@id":"https:\/\/www.gaveanews.com\/#\/schema\/person\/2ec14f73fb96be2caf28f91afb14749d"},"headline":"Treinador do Flamengo, Jorge Sampaoli pode quebrar marca de dois anos","datePublished":"2023-04-26T14:08:27+00:00","dateModified":"2023-04-26T14:08:36+00:00","mainEntityOfPage":{"@id":"https:\/\/www.gaveanews.com\/index.php\/2023\/04\/26\/treinador-do-flamengo-jorge-sampaoli-pode-quebrar-marca-de-dois-anos\/"},"wordCount":271,"commentCount":0,"image":{"@id":"https:\/\/www.gaveanews.com\/index.php\/2023\/04\/26\/treinador-do-flamengo-jorge-sampaoli-pode-quebrar-marca-de-dois-anos\/#primaryimage"},"thumbnailUrl":"https:\/\/www.gaveanews.com\/wp-content\/uploads\/Jorge-Sampaoli-durante-o-jogo-entre-Flamengo-e-Internacional-pela-segunda-rodada-do-Brasileirao-de-2023.webp","articleSection":["Flamengo"],"inLanguage":"pt-BR","potentialAction":[{"@type":"CommentAction","name":"Comment","target":["https:\/\/www.gaveanews.com\/index.php\/2023\/04\/26\/treinador-do-flamengo-jorge-sampaoli-pode-quebrar-marca-de-dois-anos\/#respond"]}],"copyrightYear":"2023","copyrightHolder":{"@id":"https:\/\/www.gaveanews.com\/#organization"}},{"@type":"WebPage","@id":"https:\/\/www.gaveanews.com\/index.php\/2023\/04\/26\/treinador-do-flamengo-jorge-sampaoli-pode-quebrar-marca-de-dois-anos\/","url":"https:\/\/www.gaveanews.com\/index.php\/2023\/04\/26\/treinador-do-flamengo-jorge-sampaoli-pode-quebrar-marca-de-dois-anos\/","name":"Treinador do Flamengo, Jorge Sampaoli pode quebrar marca de dois anos","isPartOf":{"@id":"https:\/\/www.gaveanews.com\/#website"},"primaryImageOfPage":{"@id":"https:\/\/www.gaveanews.com\/index.php\/2023\/04\/26\/treinador-do-flamengo-jorge-sampaoli-pode-quebrar-marca-de-dois-anos\/#primaryimage"},"image":{"@id":"https:\/\/www.gaveanews.com\/index.php\/2023\/04\/26\/treinador-do-flamengo-jorge-sampaoli-pode-quebrar-marca-de-dois-anos\/#primaryimage"},"thumbnailUrl":"https:\/\/www.gaveanews.com\/wp-content\/uploads\/Jorge-Sampaoli-durante-o-jogo-entre-Flamengo-e-Internacional-pela-segunda-rodada-do-Brasileirao-de-2023.webp","datePublished":"2023-04-26T14:08:27+00:00","dateModified":"2023-04-26T14:08:36+00:00","author":{"@id":"https:\/\/www.gaveanews.com\/#\/schema\/person\/2ec14f73fb96be2caf28f91afb14749d"},"breadcrumb":{"@id":"https:\/\/www.gaveanews.com\/index.php\/2023\/04\/26\/treinador-do-flamengo-jorge-sampaoli-pode-quebrar-marca-de-dois-anos\/#breadcrumb"},"inLanguage":"pt-BR","potentialAction":[{"@type":"ReadAction","target":["https:\/\/www.gaveanews.com\/index.php\/2023\/04\/26\/treinador-do-flamengo-jorge-sampaoli-pode-quebrar-marca-de-dois-anos\/"]}]},{"@type":"ImageObject","inLanguage":"pt-BR","@id":"https:\/\/www.gaveanews.com\/index.php\/2023\/04\/26\/treinador-do-flamengo-jorge-sampaoli-pode-quebrar-marca-de-dois-anos\/#primaryimage","url":"https:\/\/www.gaveanews.com\/wp-content\/uploads\/Jorge-Sampaoli-durante-o-jogo-entre-Flamengo-e-Internacional-pela-segunda-rodada-do-Brasileirao-de-2023.webp","contentUrl":"https:\/\/www.gaveanews.com\/wp-content\/uploads\/Jorge-Sampaoli-durante-o-jogo-entre-Flamengo-e-Internacional-pela-segunda-rodada-do-Brasileirao-de-2023.webp","width":1200,"height":750,"caption":"Jorge Sampaoli durante o jogo entre Flamengo e Internacional pela segunda rodada do Brasileir\u00e3o de 2023 (Foto: Gilvan de Souza\/Flamengo)"},{"@type":"BreadcrumbList","@id":"https:\/\/www.gaveanews.com\/index.php\/2023\/04\/26\/treinador-do-flamengo-jorge-sampaoli-pode-quebrar-marca-de-dois-anos\/#breadcrumb","itemListElement":[{"@type":"ListItem","position":1,"name":"Home","item":"https:\/\/www.gaveanews.com\/"},{"@type":"ListItem","position":2,"name":"Treinador do Flamengo, Jorge Sampaoli pode quebrar marca de dois anos"}]},{"@type":"WebSite","@id":"https:\/\/www.gaveanews.com\/#website","url":"https:\/\/www.gaveanews.com\/","name":"G\u00e1vea News","description":"Veja todas as not\u00edcias sobre o Flamengo: Contrata\u00e7\u00f5es, categorias de base, resultados das partidas, tabela de classifica\u00e7\u00e3o, pr\u00f3ximos jogos!","potentialAction":[{"@type":"SearchAction","target":{"@type":"EntryPoint","urlTemplate":"https:\/\/www.gaveanews.com\/?s={search_term_string}"},"query-input":{"@type":"PropertyValueSpecification","valueRequired":true,"valueName":"search_term_string"}}],"inLanguage":"pt-BR"},{"@type":"Person","@id":"https:\/\/www.gaveanews.com\/#\/schema\/person\/2ec14f73fb96be2caf28f91afb14749d","name":"Equipe G\u00e1vea News","image":{"@type":"ImageObject","inLanguage":"pt-BR","@id":"https:\/\/www.gaveanews.com\/#\/schema\/person\/image\/","url":"https:\/\/secure.gravatar.com\/avatar\/1e1956f1facbffd3f8fa53a326721950116b3b9dc9bd44939c01180fd4a745a9?s=96&d=mm&r=g","contentUrl":"https:\/\/secure.gravatar.com\/avatar\/1e1956f1facbffd3f8fa53a326721950116b3b9dc9bd44939c01180fd4a745a9?s=96&d=mm&r=g","caption":"Equipe G\u00e1vea News"}}]}},"_links":{"self":[{"href":"https:\/\/www.gaveanews.com\/index.php\/wp-json\/wp\/v2\/posts\/97841","targetHints":{"allow":["GET"]}}],"collection":[{"href":"https:\/\/www.gaveanews.com\/index.php\/wp-json\/wp\/v2\/posts"}],"about":[{"href":"https:\/\/www.gaveanews.com\/index.php\/wp-json\/wp\/v2\/types\/post"}],"author":[{"embeddable":true,"href":"https:\/\/www.gaveanews.com\/index.php\/wp-json\/wp\/v2\/users\/1"}],"replies":[{"embeddable":true,"href":"https:\/\/www.gaveanews.com\/index.php\/wp-json\/wp\/v2\/comments?post=97841"}],"version-history":[{"count":0,"href":"https:\/\/www.gaveanews.com\/index.php\/wp-json\/wp\/v2\/posts\/97841\/revisions"}],"wp:featuredmedia":[{"embeddable":true,"href":"https:\/\/www.gaveanews.com\/index.php\/wp-json\/wp\/v2\/media\/97686"}],"wp:attachment":[{"href":"https:\/\/www.gaveanews.com\/index.php\/wp-json\/wp\/v2\/media?parent=97841"}],"wp:term":[{"taxonomy":"category","embeddable":true,"href":"https:\/\/www.gaveanews.com\/index.php\/wp-json\/wp\/v2\/categories?post=97841"},{"taxonomy":"post_tag","embeddable":true,"href":"https:\/\/www.gaveanews.com\/index.php\/wp-json\/wp\/v2\/tags?post=97841"}],"curies":[{"name":"wp","href":"https:\/\/api.w.org\/{rel}","templated":true}]}}