{"id":97866,"date":"2023-04-26T13:43:03","date_gmt":"2023-04-26T16:43:03","guid":{"rendered":"https:\/\/www.gaveanews.com\/?p=97866"},"modified":"2023-04-26T13:43:05","modified_gmt":"2023-04-26T16:43:05","slug":"apos-declaracao-polemica-de-jornalista-arturo-vidal-publica-foto-ao-lado-de-gabigol-e-forma-fisica-do-atacante-impressiona","status":"publish","type":"post","link":"https:\/\/www.gaveanews.com\/index.php\/2023\/04\/26\/apos-declaracao-polemica-de-jornalista-arturo-vidal-publica-foto-ao-lado-de-gabigol-e-forma-fisica-do-atacante-impressiona\/","title":{"rendered":"Ap\u00f3s declara\u00e7\u00e3o pol\u00eamica de jornalista, Arturo Vidal publica foto ao lado de Gabigol, e forma f\u00edsica do atacante impressiona"},"content":{"rendered":"\n<p>Com o Flamengo j\u00e1 tendo perdido cinco t\u00edtulos no ano e Gabigol balan\u00e7ando as redes rivais com menos frequ\u00eancia do que nas \u00faltimas temporadas, boatos se criaram na torcida rubro-negra de que o atacante estaria acima do peso. Tal situa\u00e7\u00e3o ganhou ainda mais repercuss\u00e3o devido a declara\u00e7\u00e3o do jornalista Renato Mauricio Prado: <\/p>\n\n\n\n<p><em>\u2014 Era para ter sa\u00eddo o Gabigol (no jogo contra o Inter), e n\u00e3o o Pedro, que est\u00e1 numa forma muito melhor. O Gabigol est\u00e1 roli\u00e7o, est\u00e1 lento nos reflexos, est\u00e1 precisando entrar em forma, coisa que ele n\u00e3o fez at\u00e9 hoje, parece que ainda est\u00e1 naquelas f\u00e9rias que o Flamengo come\u00e7ou depois da Libertadores. Eu acho que o Gabigol at\u00e9 agora est\u00e1 de f\u00e9rias, porque ele est\u00e1 longe de estar em forma f\u00edsica e t\u00e9cnica<\/em>, afirmou Renato.<\/p>\n\n\n\n<p>Isso, por\u00e9m, foi completamente descartado nesta quarta-feira (26). Em uma postagem atrav\u00e9s dos stories do Instagram de Arturo Vidal, tanto o chileno como o brasileiro aparecem sem camisa, e a forma f\u00edsica dos dois impressiona.<\/p>\n\n\n\n<figure class=\"wp-block-image size-large\"><img decoding=\"async\" src=\"https:\/\/pbs.twimg.com\/media\/FupmGYUWwAUt5uH?format=jpg\" alt=\"\"\/><\/figure>\n\n\n\n<p>Na postagem, o meia ainda diz que eles est\u00e3o prontos, provavelmente se referindo ao jogo contra o Maring\u00e1, pela terceira fase de Copa do Brasil, em que o Rubro-Negro precisa reverter uma desvantagem de dois gols, constru\u00edda no primeiro jogo.<\/p>\n\n\n\n<p>Adaptado de: ESPN<\/p>\n","protected":false},"excerpt":{"rendered":"<p>Com o Flamengo j\u00e1 tendo perdido cinco t\u00edtulos no ano e Gabigol balan\u00e7ando as redes rivais com menos frequ\u00eancia do que nas \u00faltimas temporadas, boatos se criaram na torcida rubro-negra de que o atacante estaria acima do peso. Tal situa\u00e7\u00e3o ganhou ainda mais repercuss\u00e3o devido a declara\u00e7\u00e3o do jornalista Renato Mauricio Prado: \u2014 Era para [&hellip;]<\/p>\n","protected":false},"author":1,"featured_media":96750,"comment_status":"open","ping_status":"closed","sticky":false,"template":"","format":"standard","meta":{"footnotes":""},"categories":[1],"tags":[],"class_list":["post-97866","post","type-post","status-publish","format-standard","has-post-thumbnail","hentry","category-flamengo"],"yoast_head":"<!-- This site is optimized with the Yoast SEO Premium plugin v24.2 (Yoast SEO v26.9) - https:\/\/yoast.com\/product\/yoast-seo-premium-wordpress\/ -->\n<title>Ap\u00f3s declara\u00e7\u00e3o pol\u00eamica de jornalista, Arturo Vidal publica foto ao lado de Gabigol, e forma f\u00edsica do atacante impressiona<\/title>\n<meta name=\"robots\" content=\"index, follow, max-snippet:-1, max-image-preview:large, max-video-preview:-1\" \/>\n<link rel=\"canonical\" href=\"https:\/\/www.gaveanews.com\/index.php\/2023\/04\/26\/apos-declaracao-polemica-de-jornalista-arturo-vidal-publica-foto-ao-lado-de-gabigol-e-forma-fisica-do-atacante-impressiona\/\" \/>\n<meta property=\"og:locale\" content=\"pt_BR\" \/>\n<meta property=\"og:type\" content=\"article\" \/>\n<meta property=\"og:title\" content=\"Ap\u00f3s declara\u00e7\u00e3o pol\u00eamica de jornalista, Arturo Vidal publica foto ao lado de Gabigol, e forma f\u00edsica do atacante impressiona\" \/>\n<meta property=\"og:description\" content=\"Com o Flamengo j\u00e1 tendo perdido cinco t\u00edtulos no ano e Gabigol balan\u00e7ando as redes rivais com menos frequ\u00eancia do que nas \u00faltimas temporadas, boatos se criaram na torcida rubro-negra de que o atacante estaria acima do peso. Tal situa\u00e7\u00e3o ganhou ainda mais repercuss\u00e3o devido a declara\u00e7\u00e3o do jornalista Renato Mauricio Prado: \u2014 Era para [&hellip;]\" \/>\n<meta property=\"og:url\" content=\"https:\/\/www.gaveanews.com\/index.php\/2023\/04\/26\/apos-declaracao-polemica-de-jornalista-arturo-vidal-publica-foto-ao-lado-de-gabigol-e-forma-fisica-do-atacante-impressiona\/\" \/>\n<meta property=\"og:site_name\" content=\"G\u00e1vea News\" \/>\n<meta property=\"article:publisher\" content=\"https:\/\/facebook.com\/gaveaNews\/\" \/>\n<meta property=\"article:published_time\" content=\"2023-04-26T16:43:03+00:00\" \/>\n<meta property=\"article:modified_time\" content=\"2023-04-26T16:43:05+00:00\" \/>\n<meta property=\"og:image\" content=\"https:\/\/www.gaveanews.com\/wp-content\/uploads\/gabigol-flamengo-aucas-libertadores.webp\" \/>\n\t<meta property=\"og:image:width\" content=\"900\" \/>\n\t<meta property=\"og:image:height\" content=\"599\" \/>\n\t<meta property=\"og:image:type\" content=\"image\/jpeg\" \/>\n<meta name=\"author\" content=\"Equipe G\u00e1vea News\" \/>\n<meta name=\"twitter:card\" content=\"summary_large_image\" \/>\n<meta name=\"twitter:label1\" content=\"Escrito por\" \/>\n\t<meta name=\"twitter:data1\" content=\"Equipe G\u00e1vea News\" \/>\n\t<meta name=\"twitter:label2\" content=\"Est. tempo de leitura\" \/>\n\t<meta name=\"twitter:data2\" content=\"2 minutos\" \/>\n<script type=\"application\/ld+json\" class=\"yoast-schema-graph\">{\"@context\":\"https:\/\/schema.org\",\"@graph\":[{\"@type\":\"NewsArticle\",\"@id\":\"https:\/\/www.gaveanews.com\/index.php\/2023\/04\/26\/apos-declaracao-polemica-de-jornalista-arturo-vidal-publica-foto-ao-lado-de-gabigol-e-forma-fisica-do-atacante-impressiona\/#article\",\"isPartOf\":{\"@id\":\"https:\/\/www.gaveanews.com\/index.php\/2023\/04\/26\/apos-declaracao-polemica-de-jornalista-arturo-vidal-publica-foto-ao-lado-de-gabigol-e-forma-fisica-do-atacante-impressiona\/\"},\"author\":{\"name\":\"Equipe G\u00e1vea News\",\"@id\":\"https:\/\/www.gaveanews.com\/#\/schema\/person\/2ec14f73fb96be2caf28f91afb14749d\"},\"headline\":\"Ap\u00f3s declara\u00e7\u00e3o pol\u00eamica de jornalista, Arturo Vidal publica foto ao lado de Gabigol, e forma f\u00edsica do atacante impressiona\",\"datePublished\":\"2023-04-26T16:43:03+00:00\",\"dateModified\":\"2023-04-26T16:43:05+00:00\",\"mainEntityOfPage\":{\"@id\":\"https:\/\/www.gaveanews.com\/index.php\/2023\/04\/26\/apos-declaracao-polemica-de-jornalista-arturo-vidal-publica-foto-ao-lado-de-gabigol-e-forma-fisica-do-atacante-impressiona\/\"},\"wordCount\":249,\"commentCount\":0,\"image\":{\"@id\":\"https:\/\/www.gaveanews.com\/index.php\/2023\/04\/26\/apos-declaracao-polemica-de-jornalista-arturo-vidal-publica-foto-ao-lado-de-gabigol-e-forma-fisica-do-atacante-impressiona\/#primaryimage\"},\"thumbnailUrl\":\"https:\/\/www.gaveanews.com\/wp-content\/uploads\/gabigol-flamengo-aucas-libertadores.webp\",\"articleSection\":[\"Flamengo\"],\"inLanguage\":\"pt-BR\",\"potentialAction\":[{\"@type\":\"CommentAction\",\"name\":\"Comment\",\"target\":[\"https:\/\/www.gaveanews.com\/index.php\/2023\/04\/26\/apos-declaracao-polemica-de-jornalista-arturo-vidal-publica-foto-ao-lado-de-gabigol-e-forma-fisica-do-atacante-impressiona\/#respond\"]}],\"copyrightYear\":\"2023\",\"copyrightHolder\":{\"@id\":\"https:\/\/www.gaveanews.com\/#organization\"}},{\"@type\":\"WebPage\",\"@id\":\"https:\/\/www.gaveanews.com\/index.php\/2023\/04\/26\/apos-declaracao-polemica-de-jornalista-arturo-vidal-publica-foto-ao-lado-de-gabigol-e-forma-fisica-do-atacante-impressiona\/\",\"url\":\"https:\/\/www.gaveanews.com\/index.php\/2023\/04\/26\/apos-declaracao-polemica-de-jornalista-arturo-vidal-publica-foto-ao-lado-de-gabigol-e-forma-fisica-do-atacante-impressiona\/\",\"name\":\"Ap\u00f3s declara\u00e7\u00e3o pol\u00eamica de jornalista, Arturo Vidal publica foto ao lado de Gabigol, e forma f\u00edsica do atacante impressiona\",\"isPartOf\":{\"@id\":\"https:\/\/www.gaveanews.com\/#website\"},\"primaryImageOfPage\":{\"@id\":\"https:\/\/www.gaveanews.com\/index.php\/2023\/04\/26\/apos-declaracao-polemica-de-jornalista-arturo-vidal-publica-foto-ao-lado-de-gabigol-e-forma-fisica-do-atacante-impressiona\/#primaryimage\"},\"image\":{\"@id\":\"https:\/\/www.gaveanews.com\/index.php\/2023\/04\/26\/apos-declaracao-polemica-de-jornalista-arturo-vidal-publica-foto-ao-lado-de-gabigol-e-forma-fisica-do-atacante-impressiona\/#primaryimage\"},\"thumbnailUrl\":\"https:\/\/www.gaveanews.com\/wp-content\/uploads\/gabigol-flamengo-aucas-libertadores.webp\",\"datePublished\":\"2023-04-26T16:43:03+00:00\",\"dateModified\":\"2023-04-26T16:43:05+00:00\",\"author\":{\"@id\":\"https:\/\/www.gaveanews.com\/#\/schema\/person\/2ec14f73fb96be2caf28f91afb14749d\"},\"breadcrumb\":{\"@id\":\"https:\/\/www.gaveanews.com\/index.php\/2023\/04\/26\/apos-declaracao-polemica-de-jornalista-arturo-vidal-publica-foto-ao-lado-de-gabigol-e-forma-fisica-do-atacante-impressiona\/#breadcrumb\"},\"inLanguage\":\"pt-BR\",\"potentialAction\":[{\"@type\":\"ReadAction\",\"target\":[\"https:\/\/www.gaveanews.com\/index.php\/2023\/04\/26\/apos-declaracao-polemica-de-jornalista-arturo-vidal-publica-foto-ao-lado-de-gabigol-e-forma-fisica-do-atacante-impressiona\/\"]}]},{\"@type\":\"ImageObject\",\"inLanguage\":\"pt-BR\",\"@id\":\"https:\/\/www.gaveanews.com\/index.php\/2023\/04\/26\/apos-declaracao-polemica-de-jornalista-arturo-vidal-publica-foto-ao-lado-de-gabigol-e-forma-fisica-do-atacante-impressiona\/#primaryimage\",\"url\":\"https:\/\/www.gaveanews.com\/wp-content\/uploads\/gabigol-flamengo-aucas-libertadores.webp\",\"contentUrl\":\"https:\/\/www.gaveanews.com\/wp-content\/uploads\/gabigol-flamengo-aucas-libertadores.webp\",\"width\":900,\"height\":599,\"caption\":\"Gabigol em a\u00e7\u00e3o pelo Flamengo contra o Aucas na Libertadores (Foto: Marcelo Cortes\/Flamengo )\"},{\"@type\":\"BreadcrumbList\",\"@id\":\"https:\/\/www.gaveanews.com\/index.php\/2023\/04\/26\/apos-declaracao-polemica-de-jornalista-arturo-vidal-publica-foto-ao-lado-de-gabigol-e-forma-fisica-do-atacante-impressiona\/#breadcrumb\",\"itemListElement\":[{\"@type\":\"ListItem\",\"position\":1,\"name\":\"Home\",\"item\":\"https:\/\/www.gaveanews.com\/\"},{\"@type\":\"ListItem\",\"position\":2,\"name\":\"Ap\u00f3s declara\u00e7\u00e3o pol\u00eamica de jornalista, Arturo Vidal publica foto ao lado de Gabigol, e forma f\u00edsica do atacante impressiona\"}]},{\"@type\":\"WebSite\",\"@id\":\"https:\/\/www.gaveanews.com\/#website\",\"url\":\"https:\/\/www.gaveanews.com\/\",\"name\":\"G\u00e1vea News\",\"description\":\"Veja todas as not\u00edcias sobre o Flamengo: Contrata\u00e7\u00f5es, categorias de base, resultados das partidas, tabela de classifica\u00e7\u00e3o, pr\u00f3ximos jogos!\",\"potentialAction\":[{\"@type\":\"SearchAction\",\"target\":{\"@type\":\"EntryPoint\",\"urlTemplate\":\"https:\/\/www.gaveanews.com\/?s={search_term_string}\"},\"query-input\":{\"@type\":\"PropertyValueSpecification\",\"valueRequired\":true,\"valueName\":\"search_term_string\"}}],\"inLanguage\":\"pt-BR\"},{\"@type\":\"Person\",\"@id\":\"https:\/\/www.gaveanews.com\/#\/schema\/person\/2ec14f73fb96be2caf28f91afb14749d\",\"name\":\"Equipe G\u00e1vea News\",\"image\":{\"@type\":\"ImageObject\",\"inLanguage\":\"pt-BR\",\"@id\":\"https:\/\/www.gaveanews.com\/#\/schema\/person\/image\/\",\"url\":\"https:\/\/secure.gravatar.com\/avatar\/1e1956f1facbffd3f8fa53a326721950116b3b9dc9bd44939c01180fd4a745a9?s=96&d=mm&r=g\",\"contentUrl\":\"https:\/\/secure.gravatar.com\/avatar\/1e1956f1facbffd3f8fa53a326721950116b3b9dc9bd44939c01180fd4a745a9?s=96&d=mm&r=g\",\"caption\":\"Equipe G\u00e1vea News\"}}]}<\/script>\n<!-- \/ Yoast SEO Premium plugin. -->","yoast_head_json":{"title":"Ap\u00f3s declara\u00e7\u00e3o pol\u00eamica de jornalista, Arturo Vidal publica foto ao lado de Gabigol, e forma f\u00edsica do atacante impressiona","robots":{"index":"index","follow":"follow","max-snippet":"max-snippet:-1","max-image-preview":"max-image-preview:large","max-video-preview":"max-video-preview:-1"},"canonical":"https:\/\/www.gaveanews.com\/index.php\/2023\/04\/26\/apos-declaracao-polemica-de-jornalista-arturo-vidal-publica-foto-ao-lado-de-gabigol-e-forma-fisica-do-atacante-impressiona\/","og_locale":"pt_BR","og_type":"article","og_title":"Ap\u00f3s declara\u00e7\u00e3o pol\u00eamica de jornalista, Arturo Vidal publica foto ao lado de Gabigol, e forma f\u00edsica do atacante impressiona","og_description":"Com o Flamengo j\u00e1 tendo perdido cinco t\u00edtulos no ano e Gabigol balan\u00e7ando as redes rivais com menos frequ\u00eancia do que nas \u00faltimas temporadas, boatos se criaram na torcida rubro-negra de que o atacante estaria acima do peso. Tal situa\u00e7\u00e3o ganhou ainda mais repercuss\u00e3o devido a declara\u00e7\u00e3o do jornalista Renato Mauricio Prado: \u2014 Era para [&hellip;]","og_url":"https:\/\/www.gaveanews.com\/index.php\/2023\/04\/26\/apos-declaracao-polemica-de-jornalista-arturo-vidal-publica-foto-ao-lado-de-gabigol-e-forma-fisica-do-atacante-impressiona\/","og_site_name":"G\u00e1vea News","article_publisher":"https:\/\/facebook.com\/gaveaNews\/","article_published_time":"2023-04-26T16:43:03+00:00","article_modified_time":"2023-04-26T16:43:05+00:00","og_image":[{"width":900,"height":599,"url":"https:\/\/www.gaveanews.com\/wp-content\/uploads\/gabigol-flamengo-aucas-libertadores.webp","type":"image\/jpeg"}],"author":"Equipe G\u00e1vea News","twitter_card":"summary_large_image","twitter_misc":{"Escrito por":"Equipe G\u00e1vea News","Est. tempo de leitura":"2 minutos"},"schema":{"@context":"https:\/\/schema.org","@graph":[{"@type":"NewsArticle","@id":"https:\/\/www.gaveanews.com\/index.php\/2023\/04\/26\/apos-declaracao-polemica-de-jornalista-arturo-vidal-publica-foto-ao-lado-de-gabigol-e-forma-fisica-do-atacante-impressiona\/#article","isPartOf":{"@id":"https:\/\/www.gaveanews.com\/index.php\/2023\/04\/26\/apos-declaracao-polemica-de-jornalista-arturo-vidal-publica-foto-ao-lado-de-gabigol-e-forma-fisica-do-atacante-impressiona\/"},"author":{"name":"Equipe G\u00e1vea News","@id":"https:\/\/www.gaveanews.com\/#\/schema\/person\/2ec14f73fb96be2caf28f91afb14749d"},"headline":"Ap\u00f3s declara\u00e7\u00e3o pol\u00eamica de jornalista, Arturo Vidal publica foto ao lado de Gabigol, e forma f\u00edsica do atacante impressiona","datePublished":"2023-04-26T16:43:03+00:00","dateModified":"2023-04-26T16:43:05+00:00","mainEntityOfPage":{"@id":"https:\/\/www.gaveanews.com\/index.php\/2023\/04\/26\/apos-declaracao-polemica-de-jornalista-arturo-vidal-publica-foto-ao-lado-de-gabigol-e-forma-fisica-do-atacante-impressiona\/"},"wordCount":249,"commentCount":0,"image":{"@id":"https:\/\/www.gaveanews.com\/index.php\/2023\/04\/26\/apos-declaracao-polemica-de-jornalista-arturo-vidal-publica-foto-ao-lado-de-gabigol-e-forma-fisica-do-atacante-impressiona\/#primaryimage"},"thumbnailUrl":"https:\/\/www.gaveanews.com\/wp-content\/uploads\/gabigol-flamengo-aucas-libertadores.webp","articleSection":["Flamengo"],"inLanguage":"pt-BR","potentialAction":[{"@type":"CommentAction","name":"Comment","target":["https:\/\/www.gaveanews.com\/index.php\/2023\/04\/26\/apos-declaracao-polemica-de-jornalista-arturo-vidal-publica-foto-ao-lado-de-gabigol-e-forma-fisica-do-atacante-impressiona\/#respond"]}],"copyrightYear":"2023","copyrightHolder":{"@id":"https:\/\/www.gaveanews.com\/#organization"}},{"@type":"WebPage","@id":"https:\/\/www.gaveanews.com\/index.php\/2023\/04\/26\/apos-declaracao-polemica-de-jornalista-arturo-vidal-publica-foto-ao-lado-de-gabigol-e-forma-fisica-do-atacante-impressiona\/","url":"https:\/\/www.gaveanews.com\/index.php\/2023\/04\/26\/apos-declaracao-polemica-de-jornalista-arturo-vidal-publica-foto-ao-lado-de-gabigol-e-forma-fisica-do-atacante-impressiona\/","name":"Ap\u00f3s declara\u00e7\u00e3o pol\u00eamica de jornalista, Arturo Vidal publica foto ao lado de Gabigol, e forma f\u00edsica do atacante impressiona","isPartOf":{"@id":"https:\/\/www.gaveanews.com\/#website"},"primaryImageOfPage":{"@id":"https:\/\/www.gaveanews.com\/index.php\/2023\/04\/26\/apos-declaracao-polemica-de-jornalista-arturo-vidal-publica-foto-ao-lado-de-gabigol-e-forma-fisica-do-atacante-impressiona\/#primaryimage"},"image":{"@id":"https:\/\/www.gaveanews.com\/index.php\/2023\/04\/26\/apos-declaracao-polemica-de-jornalista-arturo-vidal-publica-foto-ao-lado-de-gabigol-e-forma-fisica-do-atacante-impressiona\/#primaryimage"},"thumbnailUrl":"https:\/\/www.gaveanews.com\/wp-content\/uploads\/gabigol-flamengo-aucas-libertadores.webp","datePublished":"2023-04-26T16:43:03+00:00","dateModified":"2023-04-26T16:43:05+00:00","author":{"@id":"https:\/\/www.gaveanews.com\/#\/schema\/person\/2ec14f73fb96be2caf28f91afb14749d"},"breadcrumb":{"@id":"https:\/\/www.gaveanews.com\/index.php\/2023\/04\/26\/apos-declaracao-polemica-de-jornalista-arturo-vidal-publica-foto-ao-lado-de-gabigol-e-forma-fisica-do-atacante-impressiona\/#breadcrumb"},"inLanguage":"pt-BR","potentialAction":[{"@type":"ReadAction","target":["https:\/\/www.gaveanews.com\/index.php\/2023\/04\/26\/apos-declaracao-polemica-de-jornalista-arturo-vidal-publica-foto-ao-lado-de-gabigol-e-forma-fisica-do-atacante-impressiona\/"]}]},{"@type":"ImageObject","inLanguage":"pt-BR","@id":"https:\/\/www.gaveanews.com\/index.php\/2023\/04\/26\/apos-declaracao-polemica-de-jornalista-arturo-vidal-publica-foto-ao-lado-de-gabigol-e-forma-fisica-do-atacante-impressiona\/#primaryimage","url":"https:\/\/www.gaveanews.com\/wp-content\/uploads\/gabigol-flamengo-aucas-libertadores.webp","contentUrl":"https:\/\/www.gaveanews.com\/wp-content\/uploads\/gabigol-flamengo-aucas-libertadores.webp","width":900,"height":599,"caption":"Gabigol em a\u00e7\u00e3o pelo Flamengo contra o Aucas na Libertadores (Foto: Marcelo Cortes\/Flamengo )"},{"@type":"BreadcrumbList","@id":"https:\/\/www.gaveanews.com\/index.php\/2023\/04\/26\/apos-declaracao-polemica-de-jornalista-arturo-vidal-publica-foto-ao-lado-de-gabigol-e-forma-fisica-do-atacante-impressiona\/#breadcrumb","itemListElement":[{"@type":"ListItem","position":1,"name":"Home","item":"https:\/\/www.gaveanews.com\/"},{"@type":"ListItem","position":2,"name":"Ap\u00f3s declara\u00e7\u00e3o pol\u00eamica de jornalista, Arturo Vidal publica foto ao lado de Gabigol, e forma f\u00edsica do atacante impressiona"}]},{"@type":"WebSite","@id":"https:\/\/www.gaveanews.com\/#website","url":"https:\/\/www.gaveanews.com\/","name":"G\u00e1vea News","description":"Veja todas as not\u00edcias sobre o Flamengo: Contrata\u00e7\u00f5es, categorias de base, resultados das partidas, tabela de classifica\u00e7\u00e3o, pr\u00f3ximos jogos!","potentialAction":[{"@type":"SearchAction","target":{"@type":"EntryPoint","urlTemplate":"https:\/\/www.gaveanews.com\/?s={search_term_string}"},"query-input":{"@type":"PropertyValueSpecification","valueRequired":true,"valueName":"search_term_string"}}],"inLanguage":"pt-BR"},{"@type":"Person","@id":"https:\/\/www.gaveanews.com\/#\/schema\/person\/2ec14f73fb96be2caf28f91afb14749d","name":"Equipe G\u00e1vea News","image":{"@type":"ImageObject","inLanguage":"pt-BR","@id":"https:\/\/www.gaveanews.com\/#\/schema\/person\/image\/","url":"https:\/\/secure.gravatar.com\/avatar\/1e1956f1facbffd3f8fa53a326721950116b3b9dc9bd44939c01180fd4a745a9?s=96&d=mm&r=g","contentUrl":"https:\/\/secure.gravatar.com\/avatar\/1e1956f1facbffd3f8fa53a326721950116b3b9dc9bd44939c01180fd4a745a9?s=96&d=mm&r=g","caption":"Equipe G\u00e1vea News"}}]}},"_links":{"self":[{"href":"https:\/\/www.gaveanews.com\/index.php\/wp-json\/wp\/v2\/posts\/97866","targetHints":{"allow":["GET"]}}],"collection":[{"href":"https:\/\/www.gaveanews.com\/index.php\/wp-json\/wp\/v2\/posts"}],"about":[{"href":"https:\/\/www.gaveanews.com\/index.php\/wp-json\/wp\/v2\/types\/post"}],"author":[{"embeddable":true,"href":"https:\/\/www.gaveanews.com\/index.php\/wp-json\/wp\/v2\/users\/1"}],"replies":[{"embeddable":true,"href":"https:\/\/www.gaveanews.com\/index.php\/wp-json\/wp\/v2\/comments?post=97866"}],"version-history":[{"count":0,"href":"https:\/\/www.gaveanews.com\/index.php\/wp-json\/wp\/v2\/posts\/97866\/revisions"}],"wp:featuredmedia":[{"embeddable":true,"href":"https:\/\/www.gaveanews.com\/index.php\/wp-json\/wp\/v2\/media\/96750"}],"wp:attachment":[{"href":"https:\/\/www.gaveanews.com\/index.php\/wp-json\/wp\/v2\/media?parent=97866"}],"wp:term":[{"taxonomy":"category","embeddable":true,"href":"https:\/\/www.gaveanews.com\/index.php\/wp-json\/wp\/v2\/categories?post=97866"},{"taxonomy":"post_tag","embeddable":true,"href":"https:\/\/www.gaveanews.com\/index.php\/wp-json\/wp\/v2\/tags?post=97866"}],"curies":[{"name":"wp","href":"https:\/\/api.w.org\/{rel}","templated":true}]}}