{"id":97878,"date":"2023-04-26T16:26:23","date_gmt":"2023-04-26T19:26:23","guid":{"rendered":"https:\/\/www.gaveanews.com\/?p=97878"},"modified":"2023-04-26T16:31:19","modified_gmt":"2023-04-26T19:31:19","slug":"flamengo-contrata-atacante-que-se-destacou-durante-campeonato-na-italia","status":"publish","type":"post","link":"https:\/\/www.gaveanews.com\/index.php\/2023\/04\/26\/flamengo-contrata-atacante-que-se-destacou-durante-campeonato-na-italia\/","title":{"rendered":"Flamengo contrata atacante que se destacou durante campeonato na It\u00e1lia"},"content":{"rendered":"\n<p>Com profissionais de scout espalhados por diferentes regi\u00f5es do mundo, o Flamengo faz aposta num jogador do continente africano. O atacante nigeriano Shola, de 18 anos, foi contratado para o sub-20 do Rubro-Negro e chega por empr\u00e9stimo v\u00e1lido por uma temporada, com op\u00e7\u00e3o de compra ao final do v\u00ednculo.<\/p>\n\n\n\n<p>Jogador do Remo Stars, da Nig\u00e9ria, Shola foi observado pela primeira vez pelo Flamengo durante a disputa da Viarregio Cup 2022, tradicional torneio de base realizado anualmente na regi\u00e3o da Toscana, na It\u00e1lia, desde 1949.<\/p>\n\n\n\n<p>Na edi\u00e7\u00e3o do ano passado da Viarregio Cup, disputada exclusivamente por atletas sub-18, Shola foi um dos grandes destaques individuais e figura fundamental para a chegada de sua equipe \u00e0 final da competi\u00e7\u00e3o.<\/p>\n\n\n<div class=\"wp-block-image\">\n<figure class=\"aligncenter size-large\"><img decoding=\"async\" src=\"https:\/\/s2.glbimg.com\/kAH6_8n376epkL9_mJwWxPzQLoc=\/0x0:1024x768\/984x0\/smart\/filters:strip_icc()\/i.s3.glbimg.com\/v1\/AUTH_bc8228b6673f488aa253bbcb03c80ec5\/internal_photos\/bs\/2023\/l\/J\/EZfsokScK5UOlw9f0jxA\/shola.webp\" alt=\"\"\/><figcaption class=\"wp-element-caption\">Nigeriano Shola \u00e9 o novo refor\u00e7o do Flamengo (Foto: The Creative Championship)<\/figcaption><\/figure>\n<\/div>\n\n\n<p>Ap\u00f3s a observa\u00e7\u00e3o na It\u00e1lia, o Flamengo concluiu a capta\u00e7\u00e3o enviando um scout \u00e0 Nig\u00e9ria para v\u00ea-lo novamente e aprov\u00e1-lo na sequ\u00eancia.<\/p>\n\n\n\n<p>Com visto de trabalho regularizado, Shola chega ao Rio de Janeiro nesta quinta-feira para assinar contrato com o Flamengo. As empresas TGC Sports Management e Websoccer fizeram a negocia\u00e7\u00e3o com o Rubro-Negro.<\/p>\n\n\n\n<figure class=\"wp-block-image size-large\"><img decoding=\"async\" src=\"https:\/\/pbs.twimg.com\/media\/FuqfSLKWABMn0jD?format=jpg\" alt=\"\"\/><\/figure>\n\n\n\n<p>Nascido em 22 de fevereiro de 2005 em Ifaki, na Nig\u00e9ria, Ogundana Shola Elijah, o Shola, tamb\u00e9m foi observado pelo Palmeiras. Em 2002, a Viarregio Cup revelou outro nigeriano de sucesso, o ex-atacante Oba Oba Martins. Ele fez tr\u00eas gols naquela edi\u00e7\u00e3o e foi protagonista na decis\u00e3o que apontou a Internazionale de Mil\u00e3o campe\u00e3 contra o Torino.<\/p>\n\n\n\n<figure class=\"wp-block-image size-large\"><img decoding=\"async\" src=\"https:\/\/pbs.twimg.com\/media\/FuqfSLKWAAQPcGB?format=jpg\" alt=\"\"\/><\/figure>\n\n\n\n<h2 class=\"wp-block-heading\" id=\"h-africa-um-mercado-a-ser-consolidado-pelo-flamengo\">\u00c1frica: um mercado a ser consolidado pelo\u00a0Flamengo<\/h2>\n\n\n\n<p>De acordo com o vice-presidente de futebol de base do\u00a0Flamengo, V\u00edtor Zanelli, n\u00e3o se trata de &#8220;aventura&#8221; e sim de um processo de abertura de um novo mercado para se fazer capta\u00e7\u00e3o de jovens promessas.<\/p>\n\n\n\n<p><em>\u2014 (Shola) Ele j\u00e1 vem com contrato assinado. Acreditamos no potencial desse mercado Da mesma forma que temos todo o mercado brasileiro e sul-americano mapeado, come\u00e7amos a mapear o mercado africano. Temos que ter a vis\u00e3o de mercado e de retorno esportivo. Nosso objetivo \u00e9 dar t\u00edtulos e lucro.<\/em><\/p>\n\n\n\n<p><em>\u2014 N\u00e3o estamos buscando uma aventura da \u00c1frica, estamos montando com calma um projeto para consolidar esse mercado como mais um com potencial de capta\u00e7\u00e3o. Estamos consolidando um processo cont\u00ednuo de avalia\u00e7\u00e3o dos atletas de l\u00e1. Vai ser mais um bra\u00e7o de onde costumamos trabalhar <\/em>&#8211; conta Zanelli.<\/p>\n\n\n\n<p>O Flamengo ainda tateia o mercado da \u00c1frica para o entendimento de quest\u00f5es burocr\u00e1ticas, mas n\u00e3o \u00e9 de hoje que observa jogadores no continente.<\/p>\n\n\n\n<p><em>\u2014 J\u00e1 estamos h\u00e1 um bom tempo estudando e acompanhando o mercado africano. L\u00e1 no in\u00edcio de 2020, a gente j\u00e1 estava trazendo um africano para fazer um per\u00edodo de avalia\u00e7\u00e3o. N\u00e3o veio porque foi no in\u00edcio na pandemia. Tivemos que desmarcar, mas n\u00e3o deu por causa da idade. Estamos fazendo um trabalho para conhecer esse mercado, quem s\u00e3o as pe\u00e7as e para saber como eles trabalham em rela\u00e7\u00e3o \u00e0 sa\u00edda das pe\u00e7as. N\u00e3o \u00e9 uma coisa simples, tem toda quest\u00e3o de tr\u00e2mite e documenta\u00e7\u00e3o.<\/em><\/p>\n\n\n\n<p>Retirado de: Globo Esporte<\/p>\n","protected":false},"excerpt":{"rendered":"<p>Com profissionais de scout espalhados por diferentes regi\u00f5es do mundo, o Flamengo faz aposta num jogador do continente africano. O atacante nigeriano Shola, de 18 anos, foi contratado para o sub-20 do Rubro-Negro e chega por empr\u00e9stimo v\u00e1lido por uma temporada, com op\u00e7\u00e3o de compra ao final do v\u00ednculo. Jogador do Remo Stars, da Nig\u00e9ria, [&hellip;]<\/p>\n","protected":false},"author":1,"featured_media":85562,"comment_status":"open","ping_status":"closed","sticky":false,"template":"","format":"standard","meta":{"footnotes":""},"categories":[1],"tags":[],"class_list":["post-97878","post","type-post","status-publish","format-standard","has-post-thumbnail","hentry","category-flamengo"],"yoast_head":"<!-- This site is optimized with the Yoast SEO Premium plugin v24.2 (Yoast SEO v26.9) - https:\/\/yoast.com\/product\/yoast-seo-premium-wordpress\/ -->\n<title>Flamengo contrata atacante que se destacou durante campeonato na It\u00e1lia<\/title>\n<meta name=\"robots\" content=\"index, follow, max-snippet:-1, max-image-preview:large, max-video-preview:-1\" \/>\n<link rel=\"canonical\" href=\"https:\/\/www.gaveanews.com\/index.php\/2023\/04\/26\/flamengo-contrata-atacante-que-se-destacou-durante-campeonato-na-italia\/\" \/>\n<meta property=\"og:locale\" content=\"pt_BR\" \/>\n<meta property=\"og:type\" content=\"article\" \/>\n<meta property=\"og:title\" content=\"Flamengo contrata atacante que se destacou durante campeonato na It\u00e1lia\" \/>\n<meta property=\"og:description\" content=\"Com profissionais de scout espalhados por diferentes regi\u00f5es do mundo, o Flamengo faz aposta num jogador do continente africano. O atacante nigeriano Shola, de 18 anos, foi contratado para o sub-20 do Rubro-Negro e chega por empr\u00e9stimo v\u00e1lido por uma temporada, com op\u00e7\u00e3o de compra ao final do v\u00ednculo. Jogador do Remo Stars, da Nig\u00e9ria, [&hellip;]\" \/>\n<meta property=\"og:url\" content=\"https:\/\/www.gaveanews.com\/index.php\/2023\/04\/26\/flamengo-contrata-atacante-que-se-destacou-durante-campeonato-na-italia\/\" \/>\n<meta property=\"og:site_name\" content=\"G\u00e1vea News\" \/>\n<meta property=\"article:publisher\" content=\"https:\/\/facebook.com\/gaveaNews\/\" \/>\n<meta property=\"article:published_time\" content=\"2023-04-26T19:26:23+00:00\" \/>\n<meta property=\"article:modified_time\" content=\"2023-04-26T19:31:19+00:00\" \/>\n<meta property=\"og:image\" content=\"https:\/\/www.gaveanews.com\/wp-content\/uploads\/Marcos-Braz-em-entrevista-no-CT-do-Flamengo-1.webp\" \/>\n\t<meta property=\"og:image:width\" content=\"799\" \/>\n\t<meta property=\"og:image:height\" content=\"533\" \/>\n\t<meta property=\"og:image:type\" content=\"image\/jpeg\" \/>\n<meta name=\"author\" content=\"Equipe G\u00e1vea News\" \/>\n<meta name=\"twitter:card\" content=\"summary_large_image\" \/>\n<meta name=\"twitter:label1\" content=\"Escrito por\" \/>\n\t<meta name=\"twitter:data1\" content=\"Equipe G\u00e1vea News\" \/>\n\t<meta name=\"twitter:label2\" content=\"Est. tempo de leitura\" \/>\n\t<meta name=\"twitter:data2\" content=\"4 minutos\" \/>\n<script type=\"application\/ld+json\" class=\"yoast-schema-graph\">{\"@context\":\"https:\/\/schema.org\",\"@graph\":[{\"@type\":\"NewsArticle\",\"@id\":\"https:\/\/www.gaveanews.com\/index.php\/2023\/04\/26\/flamengo-contrata-atacante-que-se-destacou-durante-campeonato-na-italia\/#article\",\"isPartOf\":{\"@id\":\"https:\/\/www.gaveanews.com\/index.php\/2023\/04\/26\/flamengo-contrata-atacante-que-se-destacou-durante-campeonato-na-italia\/\"},\"author\":{\"name\":\"Equipe G\u00e1vea News\",\"@id\":\"https:\/\/www.gaveanews.com\/#\/schema\/person\/2ec14f73fb96be2caf28f91afb14749d\"},\"headline\":\"Flamengo contrata atacante que se destacou durante campeonato na It\u00e1lia\",\"datePublished\":\"2023-04-26T19:26:23+00:00\",\"dateModified\":\"2023-04-26T19:31:19+00:00\",\"mainEntityOfPage\":{\"@id\":\"https:\/\/www.gaveanews.com\/index.php\/2023\/04\/26\/flamengo-contrata-atacante-que-se-destacou-durante-campeonato-na-italia\/\"},\"wordCount\":543,\"commentCount\":0,\"image\":{\"@id\":\"https:\/\/www.gaveanews.com\/index.php\/2023\/04\/26\/flamengo-contrata-atacante-que-se-destacou-durante-campeonato-na-italia\/#primaryimage\"},\"thumbnailUrl\":\"https:\/\/www.gaveanews.com\/wp-content\/uploads\/Marcos-Braz-em-entrevista-no-CT-do-Flamengo-1.webp\",\"articleSection\":[\"Flamengo\"],\"inLanguage\":\"pt-BR\",\"potentialAction\":[{\"@type\":\"CommentAction\",\"name\":\"Comment\",\"target\":[\"https:\/\/www.gaveanews.com\/index.php\/2023\/04\/26\/flamengo-contrata-atacante-que-se-destacou-durante-campeonato-na-italia\/#respond\"]}],\"copyrightYear\":\"2023\",\"copyrightHolder\":{\"@id\":\"https:\/\/www.gaveanews.com\/#organization\"}},{\"@type\":\"WebPage\",\"@id\":\"https:\/\/www.gaveanews.com\/index.php\/2023\/04\/26\/flamengo-contrata-atacante-que-se-destacou-durante-campeonato-na-italia\/\",\"url\":\"https:\/\/www.gaveanews.com\/index.php\/2023\/04\/26\/flamengo-contrata-atacante-que-se-destacou-durante-campeonato-na-italia\/\",\"name\":\"Flamengo contrata atacante que se destacou durante campeonato na It\u00e1lia\",\"isPartOf\":{\"@id\":\"https:\/\/www.gaveanews.com\/#website\"},\"primaryImageOfPage\":{\"@id\":\"https:\/\/www.gaveanews.com\/index.php\/2023\/04\/26\/flamengo-contrata-atacante-que-se-destacou-durante-campeonato-na-italia\/#primaryimage\"},\"image\":{\"@id\":\"https:\/\/www.gaveanews.com\/index.php\/2023\/04\/26\/flamengo-contrata-atacante-que-se-destacou-durante-campeonato-na-italia\/#primaryimage\"},\"thumbnailUrl\":\"https:\/\/www.gaveanews.com\/wp-content\/uploads\/Marcos-Braz-em-entrevista-no-CT-do-Flamengo-1.webp\",\"datePublished\":\"2023-04-26T19:26:23+00:00\",\"dateModified\":\"2023-04-26T19:31:19+00:00\",\"author\":{\"@id\":\"https:\/\/www.gaveanews.com\/#\/schema\/person\/2ec14f73fb96be2caf28f91afb14749d\"},\"breadcrumb\":{\"@id\":\"https:\/\/www.gaveanews.com\/index.php\/2023\/04\/26\/flamengo-contrata-atacante-que-se-destacou-durante-campeonato-na-italia\/#breadcrumb\"},\"inLanguage\":\"pt-BR\",\"potentialAction\":[{\"@type\":\"ReadAction\",\"target\":[\"https:\/\/www.gaveanews.com\/index.php\/2023\/04\/26\/flamengo-contrata-atacante-que-se-destacou-durante-campeonato-na-italia\/\"]}]},{\"@type\":\"ImageObject\",\"inLanguage\":\"pt-BR\",\"@id\":\"https:\/\/www.gaveanews.com\/index.php\/2023\/04\/26\/flamengo-contrata-atacante-que-se-destacou-durante-campeonato-na-italia\/#primaryimage\",\"url\":\"https:\/\/www.gaveanews.com\/wp-content\/uploads\/Marcos-Braz-em-entrevista-no-CT-do-Flamengo-1.webp\",\"contentUrl\":\"https:\/\/www.gaveanews.com\/wp-content\/uploads\/Marcos-Braz-em-entrevista-no-CT-do-Flamengo-1.webp\",\"width\":799,\"height\":533,\"caption\":\"Marcos Braz em entrevista no CT do Flamengo (Foto: Gilvan de Souza\/Flamengo)\"},{\"@type\":\"BreadcrumbList\",\"@id\":\"https:\/\/www.gaveanews.com\/index.php\/2023\/04\/26\/flamengo-contrata-atacante-que-se-destacou-durante-campeonato-na-italia\/#breadcrumb\",\"itemListElement\":[{\"@type\":\"ListItem\",\"position\":1,\"name\":\"Home\",\"item\":\"https:\/\/www.gaveanews.com\/\"},{\"@type\":\"ListItem\",\"position\":2,\"name\":\"Flamengo contrata atacante que se destacou durante campeonato na It\u00e1lia\"}]},{\"@type\":\"WebSite\",\"@id\":\"https:\/\/www.gaveanews.com\/#website\",\"url\":\"https:\/\/www.gaveanews.com\/\",\"name\":\"G\u00e1vea News\",\"description\":\"Veja todas as not\u00edcias sobre o Flamengo: Contrata\u00e7\u00f5es, categorias de base, resultados das partidas, tabela de classifica\u00e7\u00e3o, pr\u00f3ximos jogos!\",\"potentialAction\":[{\"@type\":\"SearchAction\",\"target\":{\"@type\":\"EntryPoint\",\"urlTemplate\":\"https:\/\/www.gaveanews.com\/?s={search_term_string}\"},\"query-input\":{\"@type\":\"PropertyValueSpecification\",\"valueRequired\":true,\"valueName\":\"search_term_string\"}}],\"inLanguage\":\"pt-BR\"},{\"@type\":\"Person\",\"@id\":\"https:\/\/www.gaveanews.com\/#\/schema\/person\/2ec14f73fb96be2caf28f91afb14749d\",\"name\":\"Equipe G\u00e1vea News\",\"image\":{\"@type\":\"ImageObject\",\"inLanguage\":\"pt-BR\",\"@id\":\"https:\/\/www.gaveanews.com\/#\/schema\/person\/image\/\",\"url\":\"https:\/\/secure.gravatar.com\/avatar\/1e1956f1facbffd3f8fa53a326721950116b3b9dc9bd44939c01180fd4a745a9?s=96&d=mm&r=g\",\"contentUrl\":\"https:\/\/secure.gravatar.com\/avatar\/1e1956f1facbffd3f8fa53a326721950116b3b9dc9bd44939c01180fd4a745a9?s=96&d=mm&r=g\",\"caption\":\"Equipe G\u00e1vea News\"}}]}<\/script>\n<!-- \/ Yoast SEO Premium plugin. -->","yoast_head_json":{"title":"Flamengo contrata atacante que se destacou durante campeonato na It\u00e1lia","robots":{"index":"index","follow":"follow","max-snippet":"max-snippet:-1","max-image-preview":"max-image-preview:large","max-video-preview":"max-video-preview:-1"},"canonical":"https:\/\/www.gaveanews.com\/index.php\/2023\/04\/26\/flamengo-contrata-atacante-que-se-destacou-durante-campeonato-na-italia\/","og_locale":"pt_BR","og_type":"article","og_title":"Flamengo contrata atacante que se destacou durante campeonato na It\u00e1lia","og_description":"Com profissionais de scout espalhados por diferentes regi\u00f5es do mundo, o Flamengo faz aposta num jogador do continente africano. O atacante nigeriano Shola, de 18 anos, foi contratado para o sub-20 do Rubro-Negro e chega por empr\u00e9stimo v\u00e1lido por uma temporada, com op\u00e7\u00e3o de compra ao final do v\u00ednculo. Jogador do Remo Stars, da Nig\u00e9ria, [&hellip;]","og_url":"https:\/\/www.gaveanews.com\/index.php\/2023\/04\/26\/flamengo-contrata-atacante-que-se-destacou-durante-campeonato-na-italia\/","og_site_name":"G\u00e1vea News","article_publisher":"https:\/\/facebook.com\/gaveaNews\/","article_published_time":"2023-04-26T19:26:23+00:00","article_modified_time":"2023-04-26T19:31:19+00:00","og_image":[{"width":799,"height":533,"url":"https:\/\/www.gaveanews.com\/wp-content\/uploads\/Marcos-Braz-em-entrevista-no-CT-do-Flamengo-1.webp","type":"image\/jpeg"}],"author":"Equipe G\u00e1vea News","twitter_card":"summary_large_image","twitter_misc":{"Escrito por":"Equipe G\u00e1vea News","Est. tempo de leitura":"4 minutos"},"schema":{"@context":"https:\/\/schema.org","@graph":[{"@type":"NewsArticle","@id":"https:\/\/www.gaveanews.com\/index.php\/2023\/04\/26\/flamengo-contrata-atacante-que-se-destacou-durante-campeonato-na-italia\/#article","isPartOf":{"@id":"https:\/\/www.gaveanews.com\/index.php\/2023\/04\/26\/flamengo-contrata-atacante-que-se-destacou-durante-campeonato-na-italia\/"},"author":{"name":"Equipe G\u00e1vea News","@id":"https:\/\/www.gaveanews.com\/#\/schema\/person\/2ec14f73fb96be2caf28f91afb14749d"},"headline":"Flamengo contrata atacante que se destacou durante campeonato na It\u00e1lia","datePublished":"2023-04-26T19:26:23+00:00","dateModified":"2023-04-26T19:31:19+00:00","mainEntityOfPage":{"@id":"https:\/\/www.gaveanews.com\/index.php\/2023\/04\/26\/flamengo-contrata-atacante-que-se-destacou-durante-campeonato-na-italia\/"},"wordCount":543,"commentCount":0,"image":{"@id":"https:\/\/www.gaveanews.com\/index.php\/2023\/04\/26\/flamengo-contrata-atacante-que-se-destacou-durante-campeonato-na-italia\/#primaryimage"},"thumbnailUrl":"https:\/\/www.gaveanews.com\/wp-content\/uploads\/Marcos-Braz-em-entrevista-no-CT-do-Flamengo-1.webp","articleSection":["Flamengo"],"inLanguage":"pt-BR","potentialAction":[{"@type":"CommentAction","name":"Comment","target":["https:\/\/www.gaveanews.com\/index.php\/2023\/04\/26\/flamengo-contrata-atacante-que-se-destacou-durante-campeonato-na-italia\/#respond"]}],"copyrightYear":"2023","copyrightHolder":{"@id":"https:\/\/www.gaveanews.com\/#organization"}},{"@type":"WebPage","@id":"https:\/\/www.gaveanews.com\/index.php\/2023\/04\/26\/flamengo-contrata-atacante-que-se-destacou-durante-campeonato-na-italia\/","url":"https:\/\/www.gaveanews.com\/index.php\/2023\/04\/26\/flamengo-contrata-atacante-que-se-destacou-durante-campeonato-na-italia\/","name":"Flamengo contrata atacante que se destacou durante campeonato na It\u00e1lia","isPartOf":{"@id":"https:\/\/www.gaveanews.com\/#website"},"primaryImageOfPage":{"@id":"https:\/\/www.gaveanews.com\/index.php\/2023\/04\/26\/flamengo-contrata-atacante-que-se-destacou-durante-campeonato-na-italia\/#primaryimage"},"image":{"@id":"https:\/\/www.gaveanews.com\/index.php\/2023\/04\/26\/flamengo-contrata-atacante-que-se-destacou-durante-campeonato-na-italia\/#primaryimage"},"thumbnailUrl":"https:\/\/www.gaveanews.com\/wp-content\/uploads\/Marcos-Braz-em-entrevista-no-CT-do-Flamengo-1.webp","datePublished":"2023-04-26T19:26:23+00:00","dateModified":"2023-04-26T19:31:19+00:00","author":{"@id":"https:\/\/www.gaveanews.com\/#\/schema\/person\/2ec14f73fb96be2caf28f91afb14749d"},"breadcrumb":{"@id":"https:\/\/www.gaveanews.com\/index.php\/2023\/04\/26\/flamengo-contrata-atacante-que-se-destacou-durante-campeonato-na-italia\/#breadcrumb"},"inLanguage":"pt-BR","potentialAction":[{"@type":"ReadAction","target":["https:\/\/www.gaveanews.com\/index.php\/2023\/04\/26\/flamengo-contrata-atacante-que-se-destacou-durante-campeonato-na-italia\/"]}]},{"@type":"ImageObject","inLanguage":"pt-BR","@id":"https:\/\/www.gaveanews.com\/index.php\/2023\/04\/26\/flamengo-contrata-atacante-que-se-destacou-durante-campeonato-na-italia\/#primaryimage","url":"https:\/\/www.gaveanews.com\/wp-content\/uploads\/Marcos-Braz-em-entrevista-no-CT-do-Flamengo-1.webp","contentUrl":"https:\/\/www.gaveanews.com\/wp-content\/uploads\/Marcos-Braz-em-entrevista-no-CT-do-Flamengo-1.webp","width":799,"height":533,"caption":"Marcos Braz em entrevista no CT do Flamengo (Foto: Gilvan de Souza\/Flamengo)"},{"@type":"BreadcrumbList","@id":"https:\/\/www.gaveanews.com\/index.php\/2023\/04\/26\/flamengo-contrata-atacante-que-se-destacou-durante-campeonato-na-italia\/#breadcrumb","itemListElement":[{"@type":"ListItem","position":1,"name":"Home","item":"https:\/\/www.gaveanews.com\/"},{"@type":"ListItem","position":2,"name":"Flamengo contrata atacante que se destacou durante campeonato na It\u00e1lia"}]},{"@type":"WebSite","@id":"https:\/\/www.gaveanews.com\/#website","url":"https:\/\/www.gaveanews.com\/","name":"G\u00e1vea News","description":"Veja todas as not\u00edcias sobre o Flamengo: Contrata\u00e7\u00f5es, categorias de base, resultados das partidas, tabela de classifica\u00e7\u00e3o, pr\u00f3ximos jogos!","potentialAction":[{"@type":"SearchAction","target":{"@type":"EntryPoint","urlTemplate":"https:\/\/www.gaveanews.com\/?s={search_term_string}"},"query-input":{"@type":"PropertyValueSpecification","valueRequired":true,"valueName":"search_term_string"}}],"inLanguage":"pt-BR"},{"@type":"Person","@id":"https:\/\/www.gaveanews.com\/#\/schema\/person\/2ec14f73fb96be2caf28f91afb14749d","name":"Equipe G\u00e1vea News","image":{"@type":"ImageObject","inLanguage":"pt-BR","@id":"https:\/\/www.gaveanews.com\/#\/schema\/person\/image\/","url":"https:\/\/secure.gravatar.com\/avatar\/1e1956f1facbffd3f8fa53a326721950116b3b9dc9bd44939c01180fd4a745a9?s=96&d=mm&r=g","contentUrl":"https:\/\/secure.gravatar.com\/avatar\/1e1956f1facbffd3f8fa53a326721950116b3b9dc9bd44939c01180fd4a745a9?s=96&d=mm&r=g","caption":"Equipe G\u00e1vea News"}}]}},"_links":{"self":[{"href":"https:\/\/www.gaveanews.com\/index.php\/wp-json\/wp\/v2\/posts\/97878","targetHints":{"allow":["GET"]}}],"collection":[{"href":"https:\/\/www.gaveanews.com\/index.php\/wp-json\/wp\/v2\/posts"}],"about":[{"href":"https:\/\/www.gaveanews.com\/index.php\/wp-json\/wp\/v2\/types\/post"}],"author":[{"embeddable":true,"href":"https:\/\/www.gaveanews.com\/index.php\/wp-json\/wp\/v2\/users\/1"}],"replies":[{"embeddable":true,"href":"https:\/\/www.gaveanews.com\/index.php\/wp-json\/wp\/v2\/comments?post=97878"}],"version-history":[{"count":0,"href":"https:\/\/www.gaveanews.com\/index.php\/wp-json\/wp\/v2\/posts\/97878\/revisions"}],"wp:featuredmedia":[{"embeddable":true,"href":"https:\/\/www.gaveanews.com\/index.php\/wp-json\/wp\/v2\/media\/85562"}],"wp:attachment":[{"href":"https:\/\/www.gaveanews.com\/index.php\/wp-json\/wp\/v2\/media?parent=97878"}],"wp:term":[{"taxonomy":"category","embeddable":true,"href":"https:\/\/www.gaveanews.com\/index.php\/wp-json\/wp\/v2\/categories?post=97878"},{"taxonomy":"post_tag","embeddable":true,"href":"https:\/\/www.gaveanews.com\/index.php\/wp-json\/wp\/v2\/tags?post=97878"}],"curies":[{"name":"wp","href":"https:\/\/api.w.org\/{rel}","templated":true}]}}