{"id":97901,"date":"2023-04-26T23:57:52","date_gmt":"2023-04-27T02:57:52","guid":{"rendered":"https:\/\/www.gaveanews.com\/?p=97901"},"modified":"2023-04-26T23:58:04","modified_gmt":"2023-04-27T02:58:04","slug":"santos-wesley-fabricio-bruno-david-luiz-ayrton-lucas-thiago-maia-gerson-everton-ribeiro-everton-cebolinha-gabigol-pedro-leo-pereira-vidal-marinho-victor-hugo-e-matheus-goncalves-as-nota","status":"publish","type":"post","link":"https:\/\/www.gaveanews.com\/index.php\/2023\/04\/26\/santos-wesley-fabricio-bruno-david-luiz-ayrton-lucas-thiago-maia-gerson-everton-ribeiro-everton-cebolinha-gabigol-pedro-leo-pereira-vidal-marinho-victor-hugo-e-matheus-goncalves-as-nota\/","title":{"rendered":"Santos, Wesley, Fabr\u00edcio Bruno, David Luiz, Ayrton Lucas, Thiago Maia, Gerson, Everton Ribeiro, Everton Cebolinha, Gabigol, Pedro, L\u00e9o Pereira, Vidal, Marinho, Victor Hugo e Matheus Gon\u00e7alves: as notas dos jogadores do Flamengo"},"content":{"rendered":"\n<p>Na noite desta quarta-feira (26 de abril), o Flamengo disputou a segunda partida da terceira fase da Copa do Brasil de 2023. O time da G\u00e1vea, enfrentou o Maring\u00e1 e n\u00e3o tomou conhecimento do advers\u00e1rio. No total, 10 gols foram marcados. O placar final do confronto foi: Flamengo 8&#215;2 Maring\u00e1. Diante deste contexto, veja abaixo as notas dos jogadores flamenguistas segundo o portal Globo Esporte:<\/p>\n\n\n\n<h2 class=\"wp-block-heading\" id=\"h-santos\">Santos<\/h2>\n\n\n\n<p>N\u00e3o teve culpa nos gols e praticamente n\u00e3o foi exigido. <strong>Nota: 6,0.<\/strong><\/p>\n\n\n\n<h2 class=\"wp-block-heading\">Wesley<\/h2>\n\n\n\n<p>Dominou o lado direito e fez boas tabelas com Everton Ribeiro. Desperdi\u00e7ou um gol no primeiro tempo.\u00a0<strong>Nota: 6,5.<\/strong><\/p>\n\n\n\n<h2 class=\"wp-block-heading\">Fabr\u00edcio Bruno<\/h2>\n\n\n\n<p>Fez boa partida, mas deu bobeira no gol contra. Se apresentou com passes para quebrar a linha pelo lado direito.\u00a0<strong>Nota: 5,5.<\/strong><\/p>\n\n\n\n<h2 class=\"wp-block-heading\">David Luiz<\/h2>\n\n\n\n<p>Mostrou que ainda precisa de ritmo de jogo.\u00a0<strong>Nota: 5,0.<\/strong><\/p>\n\n\n\n<h2 class=\"wp-block-heading\">Ayrton Lucas<\/h2>\n\n\n\n<p>Boas arrancadas no corredor esquerdo e atento na defesa.\u00a0<strong>Nota: 6,0.<\/strong><\/p>\n\n\n\n<h2 class=\"wp-block-heading\">Thiago Maia<\/h2>\n\n\n\n<p>Bem posicionado para marcar logo aos dois minutos. Mais ligado defensivamente do que nos \u00faltimos jogos, fez boas coberturas dos laterais, mas pode melhorar na constru\u00e7\u00e3o do jogo.\u00a0<strong>Nota: 6,0.<\/strong><\/p>\n\n\n\n<h2 class=\"wp-block-heading\">Gerson<\/h2>\n\n\n\n<p>Excelente jogo, dominou o meio e apareceu nos espa\u00e7os vazios para criar. Foi coroado com o gol j\u00e1 nos acr\u00e9scimos do primeiro tempo. Deixou o gramado ovacionado pela torcida ap\u00f3s assist\u00eancia para Pedro.\u00a0<strong>Nota: 8,0.<\/strong><\/p>\n\n\n\n<h2 class=\"wp-block-heading\">Everton Ribeiro<\/h2>\n\n\n\n<p>Movimentou o lado direito. Deu um belo chute para a defesa do goleiro do Maring\u00e1. Revezou com o Gerson para ser o homem do \u00faltimo passe.\u00a0<strong>Nota: 6,5.<\/strong><\/p>\n\n\n\n<h2 class=\"wp-block-heading\">Everton Cebolinha<\/h2>\n\n\n\n<p>Duas assist\u00eancias e boa movimenta\u00e7\u00e3o no lado esquerdo. Trabalhou com Gerson e Ayrton Lucas em alguns momentos. Marcou o quinto gol ap\u00f3s uma linda jogada individual.\u00a0<strong>Nota: 7,0.<\/strong><\/p>\n\n\n\n<h2 class=\"wp-block-heading\">Gabigol<\/h2>\n\n\n\n<p>Atento ao jogo, participativo e concentrado. Marcou de p\u00eanalti, deu uma assist\u00eancia para Cebolinha e criou outras jogadas. Em noite de outro artilheiro, teve o papel de abrir o caminho do gol.\u00a0<strong>Nota: 7,0.<\/strong><\/p>\n\n\n\n<h2 class=\"wp-block-heading\">Pedro<\/h2>\n\n\n\n<p>Apesar do n\u00edvel do advers\u00e1rio, fez uma partida hist\u00f3rica pelos quatro gols marcados. Fez \u00f3timo jogo n\u00e3o s\u00f3 pelo placar, mas tamb\u00e9m pela contribui\u00e7\u00e3o t\u00e1tica e t\u00e9cnica para equipe.\u00a0<strong>Nota: 8,5.<\/strong><\/p>\n\n\n\n<h2 class=\"wp-block-heading\">L\u00e9o Pereira<\/h2>\n\n\n\n<p>Entrou para dar g\u00e1s \u00e0 defesa e teve pouco trabalho.\u00a0<strong>Nota 6,0.<\/strong><\/p>\n\n\n\n<h2 class=\"wp-block-heading\">Vidal<\/h2>\n\n\n\n<p>Participou bem ofensivamente. Deu assist\u00eancia para um dos gols de Pedro. Entrou bem no segundo tempo.\u00a0<strong>Nota 6,5.<\/strong><\/p>\n\n\n\n<h2 class=\"wp-block-heading\">Marinho<\/h2>\n\n\n\n<p>Correu bastante no corredor direito e fez boas jogadas. Aproveitou o tempo em campo.\u00a0<strong>Nota 6,5.<\/strong><\/p>\n\n\n\n<h2 class=\"wp-block-heading\">Victor Hugo<\/h2>\n\n\n\n<p>Fez uma boa jogada, apesar de ter pedido uma chance de frente para o gol.\u00a0<strong>Nota: 6,0.<\/strong><\/p>\n\n\n\n<h2 class=\"wp-block-heading\">Matheus Gon\u00e7alves <\/h2>\n\n\n\n<p>Sem nota.<\/p>\n","protected":false},"excerpt":{"rendered":"<p>Na noite desta quarta-feira (26 de abril), o Flamengo disputou a segunda partida da terceira fase da Copa do Brasil de 2023. O time da G\u00e1vea, enfrentou o Maring\u00e1 e n\u00e3o tomou conhecimento do advers\u00e1rio. No total, 10 gols foram marcados. O placar final do confronto foi: Flamengo 8&#215;2 Maring\u00e1. Diante deste contexto, veja abaixo [&hellip;]<\/p>\n","protected":false},"author":2,"featured_media":97548,"comment_status":"open","ping_status":"closed","sticky":false,"template":"","format":"standard","meta":{"footnotes":""},"categories":[1],"tags":[],"class_list":["post-97901","post","type-post","status-publish","format-standard","has-post-thumbnail","hentry","category-flamengo"],"yoast_head":"<!-- This site is optimized with the Yoast SEO Premium plugin v24.2 (Yoast SEO v26.9) - https:\/\/yoast.com\/product\/yoast-seo-premium-wordpress\/ -->\n<title>Santos, Wesley, Fabr\u00edcio Bruno, David Luiz, Ayrton Lucas, Thiago Maia, Gerson, Everton Ribeiro, Everton Cebolinha, Gabigol, Pedro, L\u00e9o Pereira, Vidal, Marinho, Victor Hugo e Matheus Gon\u00e7alves: as notas dos jogadores do Flamengo<\/title>\n<meta name=\"robots\" content=\"index, follow, max-snippet:-1, max-image-preview:large, max-video-preview:-1\" \/>\n<link rel=\"canonical\" href=\"https:\/\/www.gaveanews.com\/index.php\/2023\/04\/26\/santos-wesley-fabricio-bruno-david-luiz-ayrton-lucas-thiago-maia-gerson-everton-ribeiro-everton-cebolinha-gabigol-pedro-leo-pereira-vidal-marinho-victor-hugo-e-matheus-goncalves-as-nota\/\" \/>\n<meta property=\"og:locale\" content=\"pt_BR\" \/>\n<meta property=\"og:type\" content=\"article\" \/>\n<meta property=\"og:title\" content=\"Santos, Wesley, Fabr\u00edcio Bruno, David Luiz, Ayrton Lucas, Thiago Maia, Gerson, Everton Ribeiro, Everton Cebolinha, Gabigol, Pedro, L\u00e9o Pereira, Vidal, Marinho, Victor Hugo e Matheus Gon\u00e7alves: as notas dos jogadores do Flamengo\" \/>\n<meta property=\"og:description\" content=\"Na noite desta quarta-feira (26 de abril), o Flamengo disputou a segunda partida da terceira fase da Copa do Brasil de 2023. O time da G\u00e1vea, enfrentou o Maring\u00e1 e n\u00e3o tomou conhecimento do advers\u00e1rio. No total, 10 gols foram marcados. O placar final do confronto foi: Flamengo 8&#215;2 Maring\u00e1. Diante deste contexto, veja abaixo [&hellip;]\" \/>\n<meta property=\"og:url\" content=\"https:\/\/www.gaveanews.com\/index.php\/2023\/04\/26\/santos-wesley-fabricio-bruno-david-luiz-ayrton-lucas-thiago-maia-gerson-everton-ribeiro-everton-cebolinha-gabigol-pedro-leo-pereira-vidal-marinho-victor-hugo-e-matheus-goncalves-as-nota\/\" \/>\n<meta property=\"og:site_name\" content=\"G\u00e1vea News\" \/>\n<meta property=\"article:publisher\" content=\"https:\/\/facebook.com\/gaveaNews\/\" \/>\n<meta property=\"article:published_time\" content=\"2023-04-27T02:57:52+00:00\" \/>\n<meta property=\"article:modified_time\" content=\"2023-04-27T02:58:04+00:00\" \/>\n<meta property=\"og:image\" content=\"https:\/\/www.gaveanews.com\/wp-content\/uploads\/pedro-gol-flamengo-libertadores.webp\" \/>\n\t<meta property=\"og:image:width\" content=\"900\" \/>\n\t<meta property=\"og:image:height\" content=\"599\" \/>\n\t<meta property=\"og:image:type\" content=\"image\/jpeg\" \/>\n<meta name=\"author\" content=\"Hugo Nogueira\" \/>\n<meta name=\"twitter:card\" content=\"summary_large_image\" \/>\n<meta name=\"twitter:label1\" content=\"Escrito por\" \/>\n\t<meta name=\"twitter:data1\" content=\"Hugo Nogueira\" \/>\n\t<meta name=\"twitter:label2\" content=\"Est. tempo de leitura\" \/>\n\t<meta name=\"twitter:data2\" content=\"3 minutos\" \/>\n<script type=\"application\/ld+json\" class=\"yoast-schema-graph\">{\"@context\":\"https:\/\/schema.org\",\"@graph\":[{\"@type\":\"NewsArticle\",\"@id\":\"https:\/\/www.gaveanews.com\/index.php\/2023\/04\/26\/santos-wesley-fabricio-bruno-david-luiz-ayrton-lucas-thiago-maia-gerson-everton-ribeiro-everton-cebolinha-gabigol-pedro-leo-pereira-vidal-marinho-victor-hugo-e-matheus-goncalves-as-nota\/#article\",\"isPartOf\":{\"@id\":\"https:\/\/www.gaveanews.com\/index.php\/2023\/04\/26\/santos-wesley-fabricio-bruno-david-luiz-ayrton-lucas-thiago-maia-gerson-everton-ribeiro-everton-cebolinha-gabigol-pedro-leo-pereira-vidal-marinho-victor-hugo-e-matheus-goncalves-as-nota\/\"},\"author\":{\"name\":\"Hugo Nogueira\",\"@id\":\"https:\/\/www.gaveanews.com\/#\/schema\/person\/3a0372021fabaeec4e7e4242cfa27841\"},\"headline\":\"Santos, Wesley, Fabr\u00edcio Bruno, David Luiz, Ayrton Lucas, Thiago Maia, Gerson, Everton Ribeiro, Everton Cebolinha, Gabigol, Pedro, L\u00e9o Pereira, Vidal, Marinho, Victor Hugo e Matheus Gon\u00e7alves: as notas dos jogadores do Flamengo\",\"datePublished\":\"2023-04-27T02:57:52+00:00\",\"dateModified\":\"2023-04-27T02:58:04+00:00\",\"mainEntityOfPage\":{\"@id\":\"https:\/\/www.gaveanews.com\/index.php\/2023\/04\/26\/santos-wesley-fabricio-bruno-david-luiz-ayrton-lucas-thiago-maia-gerson-everton-ribeiro-everton-cebolinha-gabigol-pedro-leo-pereira-vidal-marinho-victor-hugo-e-matheus-goncalves-as-nota\/\"},\"wordCount\":460,\"commentCount\":0,\"image\":{\"@id\":\"https:\/\/www.gaveanews.com\/index.php\/2023\/04\/26\/santos-wesley-fabricio-bruno-david-luiz-ayrton-lucas-thiago-maia-gerson-everton-ribeiro-everton-cebolinha-gabigol-pedro-leo-pereira-vidal-marinho-victor-hugo-e-matheus-goncalves-as-nota\/#primaryimage\"},\"thumbnailUrl\":\"https:\/\/www.gaveanews.com\/wp-content\/uploads\/pedro-gol-flamengo-libertadores.webp\",\"articleSection\":[\"Flamengo\"],\"inLanguage\":\"pt-BR\",\"potentialAction\":[{\"@type\":\"CommentAction\",\"name\":\"Comment\",\"target\":[\"https:\/\/www.gaveanews.com\/index.php\/2023\/04\/26\/santos-wesley-fabricio-bruno-david-luiz-ayrton-lucas-thiago-maia-gerson-everton-ribeiro-everton-cebolinha-gabigol-pedro-leo-pereira-vidal-marinho-victor-hugo-e-matheus-goncalves-as-nota\/#respond\"]}],\"copyrightYear\":\"2023\",\"copyrightHolder\":{\"@id\":\"https:\/\/www.gaveanews.com\/#organization\"}},{\"@type\":\"WebPage\",\"@id\":\"https:\/\/www.gaveanews.com\/index.php\/2023\/04\/26\/santos-wesley-fabricio-bruno-david-luiz-ayrton-lucas-thiago-maia-gerson-everton-ribeiro-everton-cebolinha-gabigol-pedro-leo-pereira-vidal-marinho-victor-hugo-e-matheus-goncalves-as-nota\/\",\"url\":\"https:\/\/www.gaveanews.com\/index.php\/2023\/04\/26\/santos-wesley-fabricio-bruno-david-luiz-ayrton-lucas-thiago-maia-gerson-everton-ribeiro-everton-cebolinha-gabigol-pedro-leo-pereira-vidal-marinho-victor-hugo-e-matheus-goncalves-as-nota\/\",\"name\":\"Santos, Wesley, Fabr\u00edcio Bruno, David Luiz, Ayrton Lucas, Thiago Maia, Gerson, Everton Ribeiro, Everton Cebolinha, Gabigol, Pedro, L\u00e9o Pereira, Vidal, Marinho, Victor Hugo e Matheus Gon\u00e7alves: as notas dos jogadores do Flamengo\",\"isPartOf\":{\"@id\":\"https:\/\/www.gaveanews.com\/#website\"},\"primaryImageOfPage\":{\"@id\":\"https:\/\/www.gaveanews.com\/index.php\/2023\/04\/26\/santos-wesley-fabricio-bruno-david-luiz-ayrton-lucas-thiago-maia-gerson-everton-ribeiro-everton-cebolinha-gabigol-pedro-leo-pereira-vidal-marinho-victor-hugo-e-matheus-goncalves-as-nota\/#primaryimage\"},\"image\":{\"@id\":\"https:\/\/www.gaveanews.com\/index.php\/2023\/04\/26\/santos-wesley-fabricio-bruno-david-luiz-ayrton-lucas-thiago-maia-gerson-everton-ribeiro-everton-cebolinha-gabigol-pedro-leo-pereira-vidal-marinho-victor-hugo-e-matheus-goncalves-as-nota\/#primaryimage\"},\"thumbnailUrl\":\"https:\/\/www.gaveanews.com\/wp-content\/uploads\/pedro-gol-flamengo-libertadores.webp\",\"datePublished\":\"2023-04-27T02:57:52+00:00\",\"dateModified\":\"2023-04-27T02:58:04+00:00\",\"author\":{\"@id\":\"https:\/\/www.gaveanews.com\/#\/schema\/person\/3a0372021fabaeec4e7e4242cfa27841\"},\"breadcrumb\":{\"@id\":\"https:\/\/www.gaveanews.com\/index.php\/2023\/04\/26\/santos-wesley-fabricio-bruno-david-luiz-ayrton-lucas-thiago-maia-gerson-everton-ribeiro-everton-cebolinha-gabigol-pedro-leo-pereira-vidal-marinho-victor-hugo-e-matheus-goncalves-as-nota\/#breadcrumb\"},\"inLanguage\":\"pt-BR\",\"potentialAction\":[{\"@type\":\"ReadAction\",\"target\":[\"https:\/\/www.gaveanews.com\/index.php\/2023\/04\/26\/santos-wesley-fabricio-bruno-david-luiz-ayrton-lucas-thiago-maia-gerson-everton-ribeiro-everton-cebolinha-gabigol-pedro-leo-pereira-vidal-marinho-victor-hugo-e-matheus-goncalves-as-nota\/\"]}]},{\"@type\":\"ImageObject\",\"inLanguage\":\"pt-BR\",\"@id\":\"https:\/\/www.gaveanews.com\/index.php\/2023\/04\/26\/santos-wesley-fabricio-bruno-david-luiz-ayrton-lucas-thiago-maia-gerson-everton-ribeiro-everton-cebolinha-gabigol-pedro-leo-pereira-vidal-marinho-victor-hugo-e-matheus-goncalves-as-nota\/#primaryimage\",\"url\":\"https:\/\/www.gaveanews.com\/wp-content\/uploads\/pedro-gol-flamengo-libertadores.webp\",\"contentUrl\":\"https:\/\/www.gaveanews.com\/wp-content\/uploads\/pedro-gol-flamengo-libertadores.webp\",\"width\":900,\"height\":599,\"caption\":\"Pedro marca gol pelo Flamengo na Libertadores (Foto: Reprodu\u00e7\u00e3o\/Flamengo)\"},{\"@type\":\"BreadcrumbList\",\"@id\":\"https:\/\/www.gaveanews.com\/index.php\/2023\/04\/26\/santos-wesley-fabricio-bruno-david-luiz-ayrton-lucas-thiago-maia-gerson-everton-ribeiro-everton-cebolinha-gabigol-pedro-leo-pereira-vidal-marinho-victor-hugo-e-matheus-goncalves-as-nota\/#breadcrumb\",\"itemListElement\":[{\"@type\":\"ListItem\",\"position\":1,\"name\":\"Home\",\"item\":\"https:\/\/www.gaveanews.com\/\"},{\"@type\":\"ListItem\",\"position\":2,\"name\":\"Santos, Wesley, Fabr\u00edcio Bruno, David Luiz, Ayrton Lucas, Thiago Maia, Gerson, Everton Ribeiro, Everton Cebolinha, Gabigol, Pedro, L\u00e9o Pereira, Vidal, Marinho, Victor Hugo e Matheus Gon\u00e7alves: as notas dos jogadores do Flamengo\"}]},{\"@type\":\"WebSite\",\"@id\":\"https:\/\/www.gaveanews.com\/#website\",\"url\":\"https:\/\/www.gaveanews.com\/\",\"name\":\"G\u00e1vea News\",\"description\":\"Veja todas as not\u00edcias sobre o Flamengo: Contrata\u00e7\u00f5es, categorias de base, resultados das partidas, tabela de classifica\u00e7\u00e3o, pr\u00f3ximos jogos!\",\"potentialAction\":[{\"@type\":\"SearchAction\",\"target\":{\"@type\":\"EntryPoint\",\"urlTemplate\":\"https:\/\/www.gaveanews.com\/?s={search_term_string}\"},\"query-input\":{\"@type\":\"PropertyValueSpecification\",\"valueRequired\":true,\"valueName\":\"search_term_string\"}}],\"inLanguage\":\"pt-BR\"},{\"@type\":\"Person\",\"@id\":\"https:\/\/www.gaveanews.com\/#\/schema\/person\/3a0372021fabaeec4e7e4242cfa27841\",\"name\":\"Hugo Nogueira\",\"image\":{\"@type\":\"ImageObject\",\"inLanguage\":\"pt-BR\",\"@id\":\"https:\/\/www.gaveanews.com\/#\/schema\/person\/image\/\",\"url\":\"https:\/\/secure.gravatar.com\/avatar\/0cdd89f3b47bb55926c08eee2db992845cfdd53f84c9fdd47a49d89b3cd40c0a?s=96&d=mm&r=g\",\"contentUrl\":\"https:\/\/secure.gravatar.com\/avatar\/0cdd89f3b47bb55926c08eee2db992845cfdd53f84c9fdd47a49d89b3cd40c0a?s=96&d=mm&r=g\",\"caption\":\"Hugo Nogueira\"}}]}<\/script>\n<!-- \/ Yoast SEO Premium plugin. -->","yoast_head_json":{"title":"Santos, Wesley, Fabr\u00edcio Bruno, David Luiz, Ayrton Lucas, Thiago Maia, Gerson, Everton Ribeiro, Everton Cebolinha, Gabigol, Pedro, L\u00e9o Pereira, Vidal, Marinho, Victor Hugo e Matheus Gon\u00e7alves: as notas dos jogadores do Flamengo","robots":{"index":"index","follow":"follow","max-snippet":"max-snippet:-1","max-image-preview":"max-image-preview:large","max-video-preview":"max-video-preview:-1"},"canonical":"https:\/\/www.gaveanews.com\/index.php\/2023\/04\/26\/santos-wesley-fabricio-bruno-david-luiz-ayrton-lucas-thiago-maia-gerson-everton-ribeiro-everton-cebolinha-gabigol-pedro-leo-pereira-vidal-marinho-victor-hugo-e-matheus-goncalves-as-nota\/","og_locale":"pt_BR","og_type":"article","og_title":"Santos, Wesley, Fabr\u00edcio Bruno, David Luiz, Ayrton Lucas, Thiago Maia, Gerson, Everton Ribeiro, Everton Cebolinha, Gabigol, Pedro, L\u00e9o Pereira, Vidal, Marinho, Victor Hugo e Matheus Gon\u00e7alves: as notas dos jogadores do Flamengo","og_description":"Na noite desta quarta-feira (26 de abril), o Flamengo disputou a segunda partida da terceira fase da Copa do Brasil de 2023. O time da G\u00e1vea, enfrentou o Maring\u00e1 e n\u00e3o tomou conhecimento do advers\u00e1rio. No total, 10 gols foram marcados. O placar final do confronto foi: Flamengo 8&#215;2 Maring\u00e1. Diante deste contexto, veja abaixo [&hellip;]","og_url":"https:\/\/www.gaveanews.com\/index.php\/2023\/04\/26\/santos-wesley-fabricio-bruno-david-luiz-ayrton-lucas-thiago-maia-gerson-everton-ribeiro-everton-cebolinha-gabigol-pedro-leo-pereira-vidal-marinho-victor-hugo-e-matheus-goncalves-as-nota\/","og_site_name":"G\u00e1vea News","article_publisher":"https:\/\/facebook.com\/gaveaNews\/","article_published_time":"2023-04-27T02:57:52+00:00","article_modified_time":"2023-04-27T02:58:04+00:00","og_image":[{"width":900,"height":599,"url":"https:\/\/www.gaveanews.com\/wp-content\/uploads\/pedro-gol-flamengo-libertadores.webp","type":"image\/jpeg"}],"author":"Hugo Nogueira","twitter_card":"summary_large_image","twitter_misc":{"Escrito por":"Hugo Nogueira","Est. tempo de leitura":"3 minutos"},"schema":{"@context":"https:\/\/schema.org","@graph":[{"@type":"NewsArticle","@id":"https:\/\/www.gaveanews.com\/index.php\/2023\/04\/26\/santos-wesley-fabricio-bruno-david-luiz-ayrton-lucas-thiago-maia-gerson-everton-ribeiro-everton-cebolinha-gabigol-pedro-leo-pereira-vidal-marinho-victor-hugo-e-matheus-goncalves-as-nota\/#article","isPartOf":{"@id":"https:\/\/www.gaveanews.com\/index.php\/2023\/04\/26\/santos-wesley-fabricio-bruno-david-luiz-ayrton-lucas-thiago-maia-gerson-everton-ribeiro-everton-cebolinha-gabigol-pedro-leo-pereira-vidal-marinho-victor-hugo-e-matheus-goncalves-as-nota\/"},"author":{"name":"Hugo Nogueira","@id":"https:\/\/www.gaveanews.com\/#\/schema\/person\/3a0372021fabaeec4e7e4242cfa27841"},"headline":"Santos, Wesley, Fabr\u00edcio Bruno, David Luiz, Ayrton Lucas, Thiago Maia, Gerson, Everton Ribeiro, Everton Cebolinha, Gabigol, Pedro, L\u00e9o Pereira, Vidal, Marinho, Victor Hugo e Matheus Gon\u00e7alves: as notas dos jogadores do Flamengo","datePublished":"2023-04-27T02:57:52+00:00","dateModified":"2023-04-27T02:58:04+00:00","mainEntityOfPage":{"@id":"https:\/\/www.gaveanews.com\/index.php\/2023\/04\/26\/santos-wesley-fabricio-bruno-david-luiz-ayrton-lucas-thiago-maia-gerson-everton-ribeiro-everton-cebolinha-gabigol-pedro-leo-pereira-vidal-marinho-victor-hugo-e-matheus-goncalves-as-nota\/"},"wordCount":460,"commentCount":0,"image":{"@id":"https:\/\/www.gaveanews.com\/index.php\/2023\/04\/26\/santos-wesley-fabricio-bruno-david-luiz-ayrton-lucas-thiago-maia-gerson-everton-ribeiro-everton-cebolinha-gabigol-pedro-leo-pereira-vidal-marinho-victor-hugo-e-matheus-goncalves-as-nota\/#primaryimage"},"thumbnailUrl":"https:\/\/www.gaveanews.com\/wp-content\/uploads\/pedro-gol-flamengo-libertadores.webp","articleSection":["Flamengo"],"inLanguage":"pt-BR","potentialAction":[{"@type":"CommentAction","name":"Comment","target":["https:\/\/www.gaveanews.com\/index.php\/2023\/04\/26\/santos-wesley-fabricio-bruno-david-luiz-ayrton-lucas-thiago-maia-gerson-everton-ribeiro-everton-cebolinha-gabigol-pedro-leo-pereira-vidal-marinho-victor-hugo-e-matheus-goncalves-as-nota\/#respond"]}],"copyrightYear":"2023","copyrightHolder":{"@id":"https:\/\/www.gaveanews.com\/#organization"}},{"@type":"WebPage","@id":"https:\/\/www.gaveanews.com\/index.php\/2023\/04\/26\/santos-wesley-fabricio-bruno-david-luiz-ayrton-lucas-thiago-maia-gerson-everton-ribeiro-everton-cebolinha-gabigol-pedro-leo-pereira-vidal-marinho-victor-hugo-e-matheus-goncalves-as-nota\/","url":"https:\/\/www.gaveanews.com\/index.php\/2023\/04\/26\/santos-wesley-fabricio-bruno-david-luiz-ayrton-lucas-thiago-maia-gerson-everton-ribeiro-everton-cebolinha-gabigol-pedro-leo-pereira-vidal-marinho-victor-hugo-e-matheus-goncalves-as-nota\/","name":"Santos, Wesley, Fabr\u00edcio Bruno, David Luiz, Ayrton Lucas, Thiago Maia, Gerson, Everton Ribeiro, Everton Cebolinha, Gabigol, Pedro, L\u00e9o Pereira, Vidal, Marinho, Victor Hugo e Matheus Gon\u00e7alves: as notas dos jogadores do Flamengo","isPartOf":{"@id":"https:\/\/www.gaveanews.com\/#website"},"primaryImageOfPage":{"@id":"https:\/\/www.gaveanews.com\/index.php\/2023\/04\/26\/santos-wesley-fabricio-bruno-david-luiz-ayrton-lucas-thiago-maia-gerson-everton-ribeiro-everton-cebolinha-gabigol-pedro-leo-pereira-vidal-marinho-victor-hugo-e-matheus-goncalves-as-nota\/#primaryimage"},"image":{"@id":"https:\/\/www.gaveanews.com\/index.php\/2023\/04\/26\/santos-wesley-fabricio-bruno-david-luiz-ayrton-lucas-thiago-maia-gerson-everton-ribeiro-everton-cebolinha-gabigol-pedro-leo-pereira-vidal-marinho-victor-hugo-e-matheus-goncalves-as-nota\/#primaryimage"},"thumbnailUrl":"https:\/\/www.gaveanews.com\/wp-content\/uploads\/pedro-gol-flamengo-libertadores.webp","datePublished":"2023-04-27T02:57:52+00:00","dateModified":"2023-04-27T02:58:04+00:00","author":{"@id":"https:\/\/www.gaveanews.com\/#\/schema\/person\/3a0372021fabaeec4e7e4242cfa27841"},"breadcrumb":{"@id":"https:\/\/www.gaveanews.com\/index.php\/2023\/04\/26\/santos-wesley-fabricio-bruno-david-luiz-ayrton-lucas-thiago-maia-gerson-everton-ribeiro-everton-cebolinha-gabigol-pedro-leo-pereira-vidal-marinho-victor-hugo-e-matheus-goncalves-as-nota\/#breadcrumb"},"inLanguage":"pt-BR","potentialAction":[{"@type":"ReadAction","target":["https:\/\/www.gaveanews.com\/index.php\/2023\/04\/26\/santos-wesley-fabricio-bruno-david-luiz-ayrton-lucas-thiago-maia-gerson-everton-ribeiro-everton-cebolinha-gabigol-pedro-leo-pereira-vidal-marinho-victor-hugo-e-matheus-goncalves-as-nota\/"]}]},{"@type":"ImageObject","inLanguage":"pt-BR","@id":"https:\/\/www.gaveanews.com\/index.php\/2023\/04\/26\/santos-wesley-fabricio-bruno-david-luiz-ayrton-lucas-thiago-maia-gerson-everton-ribeiro-everton-cebolinha-gabigol-pedro-leo-pereira-vidal-marinho-victor-hugo-e-matheus-goncalves-as-nota\/#primaryimage","url":"https:\/\/www.gaveanews.com\/wp-content\/uploads\/pedro-gol-flamengo-libertadores.webp","contentUrl":"https:\/\/www.gaveanews.com\/wp-content\/uploads\/pedro-gol-flamengo-libertadores.webp","width":900,"height":599,"caption":"Pedro marca gol pelo Flamengo na Libertadores (Foto: Reprodu\u00e7\u00e3o\/Flamengo)"},{"@type":"BreadcrumbList","@id":"https:\/\/www.gaveanews.com\/index.php\/2023\/04\/26\/santos-wesley-fabricio-bruno-david-luiz-ayrton-lucas-thiago-maia-gerson-everton-ribeiro-everton-cebolinha-gabigol-pedro-leo-pereira-vidal-marinho-victor-hugo-e-matheus-goncalves-as-nota\/#breadcrumb","itemListElement":[{"@type":"ListItem","position":1,"name":"Home","item":"https:\/\/www.gaveanews.com\/"},{"@type":"ListItem","position":2,"name":"Santos, Wesley, Fabr\u00edcio Bruno, David Luiz, Ayrton Lucas, Thiago Maia, Gerson, Everton Ribeiro, Everton Cebolinha, Gabigol, Pedro, L\u00e9o Pereira, Vidal, Marinho, Victor Hugo e Matheus Gon\u00e7alves: as notas dos jogadores do Flamengo"}]},{"@type":"WebSite","@id":"https:\/\/www.gaveanews.com\/#website","url":"https:\/\/www.gaveanews.com\/","name":"G\u00e1vea News","description":"Veja todas as not\u00edcias sobre o Flamengo: Contrata\u00e7\u00f5es, categorias de base, resultados das partidas, tabela de classifica\u00e7\u00e3o, pr\u00f3ximos jogos!","potentialAction":[{"@type":"SearchAction","target":{"@type":"EntryPoint","urlTemplate":"https:\/\/www.gaveanews.com\/?s={search_term_string}"},"query-input":{"@type":"PropertyValueSpecification","valueRequired":true,"valueName":"search_term_string"}}],"inLanguage":"pt-BR"},{"@type":"Person","@id":"https:\/\/www.gaveanews.com\/#\/schema\/person\/3a0372021fabaeec4e7e4242cfa27841","name":"Hugo Nogueira","image":{"@type":"ImageObject","inLanguage":"pt-BR","@id":"https:\/\/www.gaveanews.com\/#\/schema\/person\/image\/","url":"https:\/\/secure.gravatar.com\/avatar\/0cdd89f3b47bb55926c08eee2db992845cfdd53f84c9fdd47a49d89b3cd40c0a?s=96&d=mm&r=g","contentUrl":"https:\/\/secure.gravatar.com\/avatar\/0cdd89f3b47bb55926c08eee2db992845cfdd53f84c9fdd47a49d89b3cd40c0a?s=96&d=mm&r=g","caption":"Hugo Nogueira"}}]}},"_links":{"self":[{"href":"https:\/\/www.gaveanews.com\/index.php\/wp-json\/wp\/v2\/posts\/97901","targetHints":{"allow":["GET"]}}],"collection":[{"href":"https:\/\/www.gaveanews.com\/index.php\/wp-json\/wp\/v2\/posts"}],"about":[{"href":"https:\/\/www.gaveanews.com\/index.php\/wp-json\/wp\/v2\/types\/post"}],"author":[{"embeddable":true,"href":"https:\/\/www.gaveanews.com\/index.php\/wp-json\/wp\/v2\/users\/2"}],"replies":[{"embeddable":true,"href":"https:\/\/www.gaveanews.com\/index.php\/wp-json\/wp\/v2\/comments?post=97901"}],"version-history":[{"count":0,"href":"https:\/\/www.gaveanews.com\/index.php\/wp-json\/wp\/v2\/posts\/97901\/revisions"}],"wp:featuredmedia":[{"embeddable":true,"href":"https:\/\/www.gaveanews.com\/index.php\/wp-json\/wp\/v2\/media\/97548"}],"wp:attachment":[{"href":"https:\/\/www.gaveanews.com\/index.php\/wp-json\/wp\/v2\/media?parent=97901"}],"wp:term":[{"taxonomy":"category","embeddable":true,"href":"https:\/\/www.gaveanews.com\/index.php\/wp-json\/wp\/v2\/categories?post=97901"},{"taxonomy":"post_tag","embeddable":true,"href":"https:\/\/www.gaveanews.com\/index.php\/wp-json\/wp\/v2\/tags?post=97901"}],"curies":[{"name":"wp","href":"https:\/\/api.w.org\/{rel}","templated":true}]}}