{"id":97915,"date":"2023-04-27T07:36:42","date_gmt":"2023-04-27T10:36:42","guid":{"rendered":"https:\/\/www.gaveanews.com\/?p=97915"},"modified":"2024-01-26T22:38:22","modified_gmt":"2024-01-27T01:38:22","slug":"david-luiz-o-menino-que-se-recusou-a-cair","status":"publish","type":"post","link":"https:\/\/www.gaveanews.com\/index.php\/2023\/04\/27\/david-luiz-o-menino-que-se-recusou-a-cair\/","title":{"rendered":"David Luiz, o menino que se recusou a cair"},"content":{"rendered":"\n<p>Um dos jogadores mais vitoriosos do futebol mundial, com 24 trof\u00e9us conquistados em sua carreira profissional, David Luiz, xerife do Flamengo, precisou batalhar para realizar seu sonho de ser um atleta profissional.<\/p>\n\n\n\n<p>Se hoje o xerife do Flamengo, campe\u00e3o da Libertadores e da Copa do Brasil pelo clube em 2022, \u00e9 um nome consolidado como um dos maiores zagueiros da sua gera\u00e7\u00e3o, os seus primeiros passos no futebol tiveram que ser firmes para n\u00e3o se deixar cair.<\/p>\n\n\n\n<p>Nascido em Diadema em 22 de abril de 1987, o beque, um dos poucos jogadores do mundo a ter conquistado a Champions League e a Libertadores, foi mandado embora da base do S\u00e3o Paulo aos 14 anos por ser considerado &#8220;muito baixo&#8221; para sua idade.<\/p>\n\n\n\n<p>Hoje com impressionantes 1,89m, o jogador foi convidado para fazer um teste nas categorias de base do Vit\u00f3ria e se mudou para Salvador, onde passou a morar no alojamento do rubro-negro baiano.<\/p>\n\n\n<div class=\"wp-block-image\">\n<figure class=\"aligncenter size-large\"><img decoding=\"async\" src=\"https:\/\/i.pinimg.com\/originals\/65\/9c\/94\/659c944aefd243c4f5b04eb02fd50b1f.webp\" alt=\"\"\/><figcaption class=\"wp-element-caption\">David Luiz enquanto jogador do vit\u00f3ria<\/figcaption><\/figure>\n<\/div>\n\n\n<p>A princ\u00edpio um volante de marca\u00e7\u00e3o, David teve sua dispensa cogitada pelo clube. Longe dos pais e com o futuro incerto no futebol, o jovem pensou em desistir da carreira e voltar para Diadema. Por um acaso, ou como muitos chamam, por puro destino, David precisou ser deslocado para a zaga ap\u00f3s a les\u00e3o de um colega de equipe e nunca mais saiu da posi\u00e7\u00e3o.<\/p>\n\n\n\n<p><em>\u2014 Certa vez, estava no banco e um titular se machucou. O t\u00e9cnico perguntou se eu jogava de zagueiro. Respondi que jogava em qualquer posi\u00e7\u00e3o. Fiz um excelente campeonato na zaga, e o Arthurzinho, que era o treinador do profissional, me deu a oportunidade de treinar no time de cima<\/em>, contou em entrevista ao Globo Esporte.<\/p>\n\n\n\n<p>Titular absoluto no time que conquistou o acesso para a S\u00e9rie B do Brasileiro em 2006, David quase se transferiu para o Anderlecht da B\u00e9lgica, o que n\u00e3o ocorreu por conta de uma derrota por 6 a 0 para o Crici\u00fama na S\u00e9rie C daquele ano.<\/p>\n\n\n\n<p>O infort\u00fanio novamente se mostrou como obra do destino quando, ap\u00f3s tr\u00eas meses, chegou uma proposta do Benfica para que o jogador enfim se transferisse para o futebol europeu.<\/p>\n\n\n\n<h2 class=\"wp-block-heading\" id=\"h-o-tour-pela-europa\">O tour pela Europa<\/h2>\n\n\n<div class=\"wp-block-image\">\n<figure class=\"aligncenter size-large\"><img decoding=\"async\" src=\"https:\/\/ogimg.infoglobo.com.br\/in\/25180419-4be-992\/FT1086A\/760\/DavidLuiz1-Thumbnail.webp\" alt=\"\"\/><figcaption class=\"wp-element-caption\">David Luiz vibra ap\u00f3s marcar gol pelo Benfica<\/figcaption><\/figure>\n<\/div>\n\n\n<p>Em sua estreia, o zagueiro voltou a se ver em uma posi\u00e7\u00e3o dif\u00edcil. Colocado em campo aos 36 minutos do 2\u00ba tempo, em jogo no qual o Benfica vencia o PSG por 1 a 0 pela Ta\u00e7a da Uefa, David viu uma reviravolta no placar que 4 minutos depois j\u00e1 marcava 2 a 1 para a equipe francesa. Humildemente, David reconheceu que os dois gols foram por falhas dele.<\/p>\n\n\n\n<p>&#8220;Nossa, vou voltar para o Brasil amanh\u00e3&#8221;, pensou.\u00a0<\/p>\n\n\n\n<p>Por\u00e9m, incumbido mais uma vez de dar a volta por cima, David Luiz foi escalado para o jogo seguinte e conquistou a titularidade absoluta do Benfica, onde passou 5 temporadas e conquistou um Campeonato Portugu\u00eas e duas Ta\u00e7as da Liga.<\/p>\n\n\n\n<p>Suas grandes atua\u00e7\u00f5es pelo time de Lisboa chamaram a aten\u00e7\u00e3o dos principais clubes do mundo. Real Madrid, Manchester United e Manchester City se interessaram pelo jogador, mas foi o Chelsea que arrematou sua transfer\u00eancia por \u00a3 21,3 milh\u00f5es (R$ 57 milh\u00f5es \u00e0 \u00e9poca).<\/p>\n\n\n<div class=\"wp-block-image\">\n<figure class=\"aligncenter size-large\"><img decoding=\"async\" src=\"https:\/\/cdn.conmebol.com\/wp-content\/uploads\/2014\/08\/david.webp\" alt=\"\"\/><figcaption class=\"wp-element-caption\">David Luiz durante a sua coletiva de apresenta\u00e7\u00e3o no PSG<\/figcaption><\/figure>\n<\/div>\n\n\n<p>Na equipe inglesa, David viveu uma das suas principais conquistas. Logo na sua temporada de estreia, David conquistou a Liga dos Campe\u00f5es da Uefa ap\u00f3s decis\u00e3o por p\u00eanaltis contra o Manchester United, onde converteu uma das cobran\u00e7as.<\/p>\n\n\n\n<p>Pelo time de Londres, David ainda foi campe\u00e3o da Liga Europa em 12\/13 e posteriormente, ap\u00f3s retornar do PSG, para onde se transferiu em 14\/15, conquistou a Premier League de 16\/17, a Copa da Inglaterra de 17\/18 e uma nova Liga Europa em 18\/19.<\/p>\n\n\n\n<p>Anunciado pelo PSG em maio de 2014, David Luiz precisou fazer mais uma vez o que tanto aprendeu: manter-se de p\u00e9.&nbsp;<\/p>\n\n\n\n<h2 class=\"wp-block-heading\">A queda e a reden\u00e7\u00e3o<\/h2>\n\n\n\n<p>O orgulho destinado a poucos de vestir a camisa da sele\u00e7\u00e3o brasileira em uma Copa do Mundo virou vergonha ao participar do fat\u00eddico 7&#215;1 sofrido para a sele\u00e7\u00e3o da Alemanha em pleno Mineir\u00e3o. Considerado um dos piores em campo naquela partida, David, \u00e0 \u00e9poca com 27 anos, saiu da Copa em baixa mas deu a volta por cima ao continuar sua carreira de sucesso na Europa e posteriormente na Am\u00e9rica do Sul.<\/p>\n\n\n\n<p>Ainda fora do Brasil, onde movimentou \u00a3118 Milh\u00f5es em transfer\u00eancias, David conquistou 2 Campeonatos Franceses, 2 Copas da Fran\u00e7a, 2 Copas da Liga Francesa e 2 Supercopas\u00a0da Fran\u00e7a pelo PSG, onde fez uma dupla afinada com o tamb\u00e9m brasileiro, e seu parceiro de sele\u00e7\u00e3o, Thiago Silva.<\/p>\n\n\n\n<p>Antes de se transferir para o Flamengo, o &#8220;cabeleira&#8221; jogou tamb\u00e9m pelo Arsenal, onde tamb\u00e9m levantou trof\u00e9us: A Copa da Inglaterra de 19\/20 e a Supercopa de 2020.<\/p>\n\n\n<div class=\"wp-block-image\">\n<figure class=\"aligncenter size-large\"><img decoding=\"async\" src=\"https:\/\/futebolbahiano.org\/wp-content\/uploads\/2019\/08\/futebolbahiano.org-zagueiro-revelado-no-vitoria-deixa-o-chelsea-e-e-anunciado-pelo-arsenal-david-luiz-1200x675.webp\" alt=\"\"\/><figcaption class=\"wp-element-caption\">David Luiz com a camisa do Arsenal<\/figcaption><\/figure>\n<\/div>\n\n\n<p>Pela Sele\u00e7\u00e3o Brasileira foram 57 jogos e o t\u00edtulo da Copa das Confedera\u00e7\u00f5es de 2013. E, no campo individual, diversas l\u00e1ureas como a presen\u00e7a na equipe do ano da FIFPRO em 2014, nos onze melhores da Premier League de 16-17 e na Sele\u00e7\u00e3o da Copa Libertadores de 2022.<\/p>\n\n\n\n<p>Ap\u00f3s 14 anos fora do pa\u00eds, o zagueiro retornou para o Brasil para assinar com o Flamengo, onde foi vice-campe\u00e3o da Libertadores de 2021 e campe\u00e3o da mesma competi\u00e7\u00e3o em 2022, dez dias ap\u00f3s ter conquistado a Copa do Brasil.<\/p>\n\n\n\n<p>O zagueiro j\u00e1 fez 72 jogos com a camisa do rubro-negro carioca e \u00e9 visto com um dos l\u00edderes da equipe do t\u00e9cnico Jorge Sampaoli na luta pela conquista do Campeonato Brasileiro de 2023, t\u00edtulo ainda in\u00e9dito e que pode ser a cereja do bolo de uma carreira t\u00e3o vitoriosa.<\/p>\n","protected":false},"excerpt":{"rendered":"<p>Um dos jogadores mais vitoriosos do futebol mundial, com 24 trof\u00e9us conquistados em sua carreira profissional, David Luiz, xerife do Flamengo, precisou batalhar para realizar seu sonho de ser um atleta profissional. Se hoje o xerife do Flamengo, campe\u00e3o da Libertadores e da Copa do Brasil pelo clube em 2022, \u00e9 um nome consolidado como [&hellip;]<\/p>\n","protected":false},"author":9,"featured_media":94143,"comment_status":"open","ping_status":"closed","sticky":false,"template":"","format":"standard","meta":{"footnotes":""},"categories":[1],"tags":[],"class_list":["post-97915","post","type-post","status-publish","format-standard","has-post-thumbnail","hentry","category-flamengo"],"yoast_head":"<!-- This site is optimized with the Yoast SEO Premium plugin v24.2 (Yoast SEO v26.9) - https:\/\/yoast.com\/product\/yoast-seo-premium-wordpress\/ -->\n<title>David Luiz, o menino que se recusou a cair<\/title>\n<meta name=\"description\" content=\"Um dos jogadores mais vitoriosos do futebol mundial, David Luiz precisou batalhar para realizar seu sonho de ser um atleta profissional\" \/>\n<meta name=\"robots\" content=\"index, follow, max-snippet:-1, max-image-preview:large, max-video-preview:-1\" \/>\n<link rel=\"canonical\" href=\"https:\/\/www.gaveanews.com\/index.php\/2023\/04\/27\/david-luiz-o-menino-que-se-recusou-a-cair\/\" \/>\n<meta property=\"og:locale\" content=\"pt_BR\" \/>\n<meta property=\"og:type\" content=\"article\" \/>\n<meta property=\"og:title\" content=\"David Luiz, o menino que se recusou a cair\" \/>\n<meta property=\"og:description\" content=\"Um dos jogadores mais vitoriosos do futebol mundial, David Luiz precisou batalhar para realizar seu sonho de ser um atleta profissional\" \/>\n<meta property=\"og:url\" content=\"https:\/\/www.gaveanews.com\/index.php\/2023\/04\/27\/david-luiz-o-menino-que-se-recusou-a-cair\/\" \/>\n<meta property=\"og:site_name\" content=\"G\u00e1vea News\" \/>\n<meta property=\"article:publisher\" content=\"https:\/\/facebook.com\/gaveaNews\/\" \/>\n<meta property=\"article:published_time\" content=\"2023-04-27T10:36:42+00:00\" \/>\n<meta property=\"article:modified_time\" content=\"2024-01-27T01:38:22+00:00\" \/>\n<meta property=\"og:image\" content=\"https:\/\/www.gaveanews.com\/wp-content\/uploads\/David-Luiz-Flamengo.webp\" \/>\n\t<meta property=\"og:image:width\" content=\"768\" \/>\n\t<meta property=\"og:image:height\" content=\"505\" \/>\n\t<meta property=\"og:image:type\" content=\"image\/webp\" \/>\n<meta name=\"author\" content=\"Fernando Valverde\" \/>\n<meta name=\"twitter:card\" content=\"summary_large_image\" \/>\n<meta name=\"twitter:label1\" content=\"Escrito por\" \/>\n\t<meta name=\"twitter:data1\" content=\"Fernando Valverde\" \/>\n\t<meta name=\"twitter:label2\" content=\"Est. tempo de leitura\" \/>\n\t<meta name=\"twitter:data2\" content=\"7 minutos\" \/>\n<script type=\"application\/ld+json\" class=\"yoast-schema-graph\">{\"@context\":\"https:\/\/schema.org\",\"@graph\":[{\"@type\":\"NewsArticle\",\"@id\":\"https:\/\/www.gaveanews.com\/index.php\/2023\/04\/27\/david-luiz-o-menino-que-se-recusou-a-cair\/#article\",\"isPartOf\":{\"@id\":\"https:\/\/www.gaveanews.com\/index.php\/2023\/04\/27\/david-luiz-o-menino-que-se-recusou-a-cair\/\"},\"author\":{\"name\":\"Fernando Valverde\",\"@id\":\"https:\/\/www.gaveanews.com\/#\/schema\/person\/f40c483c288bd7aceb7f8bdcfd50732e\"},\"headline\":\"David Luiz, o menino que se recusou a cair\",\"datePublished\":\"2023-04-27T10:36:42+00:00\",\"dateModified\":\"2024-01-27T01:38:22+00:00\",\"mainEntityOfPage\":{\"@id\":\"https:\/\/www.gaveanews.com\/index.php\/2023\/04\/27\/david-luiz-o-menino-que-se-recusou-a-cair\/\"},\"wordCount\":974,\"commentCount\":0,\"image\":{\"@id\":\"https:\/\/www.gaveanews.com\/index.php\/2023\/04\/27\/david-luiz-o-menino-que-se-recusou-a-cair\/#primaryimage\"},\"thumbnailUrl\":\"https:\/\/www.gaveanews.com\/wp-content\/uploads\/David-Luiz-Flamengo.webp\",\"articleSection\":[\"Flamengo\"],\"inLanguage\":\"pt-BR\",\"potentialAction\":[{\"@type\":\"CommentAction\",\"name\":\"Comment\",\"target\":[\"https:\/\/www.gaveanews.com\/index.php\/2023\/04\/27\/david-luiz-o-menino-que-se-recusou-a-cair\/#respond\"]}],\"copyrightYear\":\"2023\",\"copyrightHolder\":{\"@id\":\"https:\/\/www.gaveanews.com\/#organization\"}},{\"@type\":\"WebPage\",\"@id\":\"https:\/\/www.gaveanews.com\/index.php\/2023\/04\/27\/david-luiz-o-menino-que-se-recusou-a-cair\/\",\"url\":\"https:\/\/www.gaveanews.com\/index.php\/2023\/04\/27\/david-luiz-o-menino-que-se-recusou-a-cair\/\",\"name\":\"David Luiz, o menino que se recusou a cair\",\"isPartOf\":{\"@id\":\"https:\/\/www.gaveanews.com\/#website\"},\"primaryImageOfPage\":{\"@id\":\"https:\/\/www.gaveanews.com\/index.php\/2023\/04\/27\/david-luiz-o-menino-que-se-recusou-a-cair\/#primaryimage\"},\"image\":{\"@id\":\"https:\/\/www.gaveanews.com\/index.php\/2023\/04\/27\/david-luiz-o-menino-que-se-recusou-a-cair\/#primaryimage\"},\"thumbnailUrl\":\"https:\/\/www.gaveanews.com\/wp-content\/uploads\/David-Luiz-Flamengo.webp\",\"datePublished\":\"2023-04-27T10:36:42+00:00\",\"dateModified\":\"2024-01-27T01:38:22+00:00\",\"author\":{\"@id\":\"https:\/\/www.gaveanews.com\/#\/schema\/person\/f40c483c288bd7aceb7f8bdcfd50732e\"},\"description\":\"Um dos jogadores mais vitoriosos do futebol mundial, David Luiz precisou batalhar para realizar seu sonho de ser um atleta profissional\",\"breadcrumb\":{\"@id\":\"https:\/\/www.gaveanews.com\/index.php\/2023\/04\/27\/david-luiz-o-menino-que-se-recusou-a-cair\/#breadcrumb\"},\"inLanguage\":\"pt-BR\",\"potentialAction\":[{\"@type\":\"ReadAction\",\"target\":[\"https:\/\/www.gaveanews.com\/index.php\/2023\/04\/27\/david-luiz-o-menino-que-se-recusou-a-cair\/\"]}]},{\"@type\":\"ImageObject\",\"inLanguage\":\"pt-BR\",\"@id\":\"https:\/\/www.gaveanews.com\/index.php\/2023\/04\/27\/david-luiz-o-menino-que-se-recusou-a-cair\/#primaryimage\",\"url\":\"https:\/\/www.gaveanews.com\/wp-content\/uploads\/David-Luiz-Flamengo.webp\",\"contentUrl\":\"https:\/\/www.gaveanews.com\/wp-content\/uploads\/David-Luiz-Flamengo.webp\",\"width\":768,\"height\":505,\"caption\":\"David Luiz em a\u00e7\u00e3o pelo Flamengo (Foto: Imago Images\/Fotoarena)\"},{\"@type\":\"BreadcrumbList\",\"@id\":\"https:\/\/www.gaveanews.com\/index.php\/2023\/04\/27\/david-luiz-o-menino-que-se-recusou-a-cair\/#breadcrumb\",\"itemListElement\":[{\"@type\":\"ListItem\",\"position\":1,\"name\":\"Home\",\"item\":\"https:\/\/www.gaveanews.com\/\"},{\"@type\":\"ListItem\",\"position\":2,\"name\":\"David Luiz, o menino que se recusou a cair\"}]},{\"@type\":\"WebSite\",\"@id\":\"https:\/\/www.gaveanews.com\/#website\",\"url\":\"https:\/\/www.gaveanews.com\/\",\"name\":\"G\u00e1vea News\",\"description\":\"Veja todas as not\u00edcias sobre o Flamengo: Contrata\u00e7\u00f5es, categorias de base, resultados das partidas, tabela de classifica\u00e7\u00e3o, pr\u00f3ximos jogos!\",\"potentialAction\":[{\"@type\":\"SearchAction\",\"target\":{\"@type\":\"EntryPoint\",\"urlTemplate\":\"https:\/\/www.gaveanews.com\/?s={search_term_string}\"},\"query-input\":{\"@type\":\"PropertyValueSpecification\",\"valueRequired\":true,\"valueName\":\"search_term_string\"}}],\"inLanguage\":\"pt-BR\"},{\"@type\":\"Person\",\"@id\":\"https:\/\/www.gaveanews.com\/#\/schema\/person\/f40c483c288bd7aceb7f8bdcfd50732e\",\"name\":\"Fernando Valverde\",\"image\":{\"@type\":\"ImageObject\",\"inLanguage\":\"pt-BR\",\"@id\":\"https:\/\/www.gaveanews.com\/#\/schema\/person\/image\/\",\"url\":\"https:\/\/secure.gravatar.com\/avatar\/9d964b50db87d28da132d15fadf05759afda1b18c0e572867247361815ea7946?s=96&d=mm&r=g\",\"contentUrl\":\"https:\/\/secure.gravatar.com\/avatar\/9d964b50db87d28da132d15fadf05759afda1b18c0e572867247361815ea7946?s=96&d=mm&r=g\",\"caption\":\"Fernando Valverde\"}}]}<\/script>\n<!-- \/ Yoast SEO Premium plugin. -->","yoast_head_json":{"title":"David Luiz, o menino que se recusou a cair","description":"Um dos jogadores mais vitoriosos do futebol mundial, David Luiz precisou batalhar para realizar seu sonho de ser um atleta profissional","robots":{"index":"index","follow":"follow","max-snippet":"max-snippet:-1","max-image-preview":"max-image-preview:large","max-video-preview":"max-video-preview:-1"},"canonical":"https:\/\/www.gaveanews.com\/index.php\/2023\/04\/27\/david-luiz-o-menino-que-se-recusou-a-cair\/","og_locale":"pt_BR","og_type":"article","og_title":"David Luiz, o menino que se recusou a cair","og_description":"Um dos jogadores mais vitoriosos do futebol mundial, David Luiz precisou batalhar para realizar seu sonho de ser um atleta profissional","og_url":"https:\/\/www.gaveanews.com\/index.php\/2023\/04\/27\/david-luiz-o-menino-que-se-recusou-a-cair\/","og_site_name":"G\u00e1vea News","article_publisher":"https:\/\/facebook.com\/gaveaNews\/","article_published_time":"2023-04-27T10:36:42+00:00","article_modified_time":"2024-01-27T01:38:22+00:00","og_image":[{"width":768,"height":505,"url":"https:\/\/www.gaveanews.com\/wp-content\/uploads\/David-Luiz-Flamengo.webp","type":"image\/webp"}],"author":"Fernando Valverde","twitter_card":"summary_large_image","twitter_misc":{"Escrito por":"Fernando Valverde","Est. tempo de leitura":"7 minutos"},"schema":{"@context":"https:\/\/schema.org","@graph":[{"@type":"NewsArticle","@id":"https:\/\/www.gaveanews.com\/index.php\/2023\/04\/27\/david-luiz-o-menino-que-se-recusou-a-cair\/#article","isPartOf":{"@id":"https:\/\/www.gaveanews.com\/index.php\/2023\/04\/27\/david-luiz-o-menino-que-se-recusou-a-cair\/"},"author":{"name":"Fernando Valverde","@id":"https:\/\/www.gaveanews.com\/#\/schema\/person\/f40c483c288bd7aceb7f8bdcfd50732e"},"headline":"David Luiz, o menino que se recusou a cair","datePublished":"2023-04-27T10:36:42+00:00","dateModified":"2024-01-27T01:38:22+00:00","mainEntityOfPage":{"@id":"https:\/\/www.gaveanews.com\/index.php\/2023\/04\/27\/david-luiz-o-menino-que-se-recusou-a-cair\/"},"wordCount":974,"commentCount":0,"image":{"@id":"https:\/\/www.gaveanews.com\/index.php\/2023\/04\/27\/david-luiz-o-menino-que-se-recusou-a-cair\/#primaryimage"},"thumbnailUrl":"https:\/\/www.gaveanews.com\/wp-content\/uploads\/David-Luiz-Flamengo.webp","articleSection":["Flamengo"],"inLanguage":"pt-BR","potentialAction":[{"@type":"CommentAction","name":"Comment","target":["https:\/\/www.gaveanews.com\/index.php\/2023\/04\/27\/david-luiz-o-menino-que-se-recusou-a-cair\/#respond"]}],"copyrightYear":"2023","copyrightHolder":{"@id":"https:\/\/www.gaveanews.com\/#organization"}},{"@type":"WebPage","@id":"https:\/\/www.gaveanews.com\/index.php\/2023\/04\/27\/david-luiz-o-menino-que-se-recusou-a-cair\/","url":"https:\/\/www.gaveanews.com\/index.php\/2023\/04\/27\/david-luiz-o-menino-que-se-recusou-a-cair\/","name":"David Luiz, o menino que se recusou a cair","isPartOf":{"@id":"https:\/\/www.gaveanews.com\/#website"},"primaryImageOfPage":{"@id":"https:\/\/www.gaveanews.com\/index.php\/2023\/04\/27\/david-luiz-o-menino-que-se-recusou-a-cair\/#primaryimage"},"image":{"@id":"https:\/\/www.gaveanews.com\/index.php\/2023\/04\/27\/david-luiz-o-menino-que-se-recusou-a-cair\/#primaryimage"},"thumbnailUrl":"https:\/\/www.gaveanews.com\/wp-content\/uploads\/David-Luiz-Flamengo.webp","datePublished":"2023-04-27T10:36:42+00:00","dateModified":"2024-01-27T01:38:22+00:00","author":{"@id":"https:\/\/www.gaveanews.com\/#\/schema\/person\/f40c483c288bd7aceb7f8bdcfd50732e"},"description":"Um dos jogadores mais vitoriosos do futebol mundial, David Luiz precisou batalhar para realizar seu sonho de ser um atleta profissional","breadcrumb":{"@id":"https:\/\/www.gaveanews.com\/index.php\/2023\/04\/27\/david-luiz-o-menino-que-se-recusou-a-cair\/#breadcrumb"},"inLanguage":"pt-BR","potentialAction":[{"@type":"ReadAction","target":["https:\/\/www.gaveanews.com\/index.php\/2023\/04\/27\/david-luiz-o-menino-que-se-recusou-a-cair\/"]}]},{"@type":"ImageObject","inLanguage":"pt-BR","@id":"https:\/\/www.gaveanews.com\/index.php\/2023\/04\/27\/david-luiz-o-menino-que-se-recusou-a-cair\/#primaryimage","url":"https:\/\/www.gaveanews.com\/wp-content\/uploads\/David-Luiz-Flamengo.webp","contentUrl":"https:\/\/www.gaveanews.com\/wp-content\/uploads\/David-Luiz-Flamengo.webp","width":768,"height":505,"caption":"David Luiz em a\u00e7\u00e3o pelo Flamengo (Foto: Imago Images\/Fotoarena)"},{"@type":"BreadcrumbList","@id":"https:\/\/www.gaveanews.com\/index.php\/2023\/04\/27\/david-luiz-o-menino-que-se-recusou-a-cair\/#breadcrumb","itemListElement":[{"@type":"ListItem","position":1,"name":"Home","item":"https:\/\/www.gaveanews.com\/"},{"@type":"ListItem","position":2,"name":"David Luiz, o menino que se recusou a cair"}]},{"@type":"WebSite","@id":"https:\/\/www.gaveanews.com\/#website","url":"https:\/\/www.gaveanews.com\/","name":"G\u00e1vea News","description":"Veja todas as not\u00edcias sobre o Flamengo: Contrata\u00e7\u00f5es, categorias de base, resultados das partidas, tabela de classifica\u00e7\u00e3o, pr\u00f3ximos jogos!","potentialAction":[{"@type":"SearchAction","target":{"@type":"EntryPoint","urlTemplate":"https:\/\/www.gaveanews.com\/?s={search_term_string}"},"query-input":{"@type":"PropertyValueSpecification","valueRequired":true,"valueName":"search_term_string"}}],"inLanguage":"pt-BR"},{"@type":"Person","@id":"https:\/\/www.gaveanews.com\/#\/schema\/person\/f40c483c288bd7aceb7f8bdcfd50732e","name":"Fernando Valverde","image":{"@type":"ImageObject","inLanguage":"pt-BR","@id":"https:\/\/www.gaveanews.com\/#\/schema\/person\/image\/","url":"https:\/\/secure.gravatar.com\/avatar\/9d964b50db87d28da132d15fadf05759afda1b18c0e572867247361815ea7946?s=96&d=mm&r=g","contentUrl":"https:\/\/secure.gravatar.com\/avatar\/9d964b50db87d28da132d15fadf05759afda1b18c0e572867247361815ea7946?s=96&d=mm&r=g","caption":"Fernando Valverde"}}]}},"_links":{"self":[{"href":"https:\/\/www.gaveanews.com\/index.php\/wp-json\/wp\/v2\/posts\/97915","targetHints":{"allow":["GET"]}}],"collection":[{"href":"https:\/\/www.gaveanews.com\/index.php\/wp-json\/wp\/v2\/posts"}],"about":[{"href":"https:\/\/www.gaveanews.com\/index.php\/wp-json\/wp\/v2\/types\/post"}],"author":[{"embeddable":true,"href":"https:\/\/www.gaveanews.com\/index.php\/wp-json\/wp\/v2\/users\/9"}],"replies":[{"embeddable":true,"href":"https:\/\/www.gaveanews.com\/index.php\/wp-json\/wp\/v2\/comments?post=97915"}],"version-history":[{"count":0,"href":"https:\/\/www.gaveanews.com\/index.php\/wp-json\/wp\/v2\/posts\/97915\/revisions"}],"wp:featuredmedia":[{"embeddable":true,"href":"https:\/\/www.gaveanews.com\/index.php\/wp-json\/wp\/v2\/media\/94143"}],"wp:attachment":[{"href":"https:\/\/www.gaveanews.com\/index.php\/wp-json\/wp\/v2\/media?parent=97915"}],"wp:term":[{"taxonomy":"category","embeddable":true,"href":"https:\/\/www.gaveanews.com\/index.php\/wp-json\/wp\/v2\/categories?post=97915"},{"taxonomy":"post_tag","embeddable":true,"href":"https:\/\/www.gaveanews.com\/index.php\/wp-json\/wp\/v2\/tags?post=97915"}],"curies":[{"name":"wp","href":"https:\/\/api.w.org\/{rel}","templated":true}]}}