{"id":97923,"date":"2023-04-27T07:56:24","date_gmt":"2023-04-27T10:56:24","guid":{"rendered":"https:\/\/www.gaveanews.com\/?p=97923"},"modified":"2023-04-27T08:22:09","modified_gmt":"2023-04-27T11:22:09","slug":"jorge-sampaoli-da-declaracao-contundente-sobre-as-situacoes-de-pedro-e-gabigol-no-flamengo","status":"publish","type":"post","link":"https:\/\/www.gaveanews.com\/index.php\/2023\/04\/27\/jorge-sampaoli-da-declaracao-contundente-sobre-as-situacoes-de-pedro-e-gabigol-no-flamengo\/","title":{"rendered":"Jorge Sampaoli d\u00e1 declara\u00e7\u00e3o contundente sobre as situa\u00e7\u00f5es de Pedro e Gabigol no Flamengo"},"content":{"rendered":"\n<p>O Flamengo venceu e classificou na Copa do Brasil, na noite desta quarta-feira, no Maracan\u00e3, ap\u00f3s reverter o placar sofrido no primeiro jogo contra o Maring\u00e1 e convenceu aplicando 8\u00d72 na terceira fase da Copa do Brasil. Com isso, a equipe vem melhorando aos poucos ap\u00f3s a chegada de Sampaoli que comentou sobre um assunto deliciado ap\u00f3s o duelo. Pedro e Gabigol, dois dos principais atletas do Rubro-Negro.<\/p>\n\n\n\n<p>Ap\u00f3s Vitor Pereira n\u00e3o conseguir encaixar os atacantes no esquema t\u00e1tico no in\u00edcio do ano, tendo em vista que em diversos jogos no ano de 2023, jogava um ou outro. Por\u00e9m, no ano passado, Dorival J\u00fanior colocou a dupla para atuar e conquistou: Libertadores da Am\u00e9rica e Copa do Brasil. Desta forma, o novo comandante do Flamengo, Jorge Sampaoli, foi contundente e disse que a responsabilidade por esta quest\u00e3o pertence ao treinador da equipe.<\/p>\n\n\n\n<p><em>\u2014 N\u00e3o somente hoje, mas contra o Inter, Gabigol fez um grande jogo. Com certeza ele ter\u00e1 que dar certo junto de Pedro. \u00c9 uma responsabilidade para o treinador para fazer com que essa dupla de ataque, por meio de gols, [d\u00ea] muitos pontos para o clube<\/em>, comentou o treinador em entrevista coletiva.<\/p>\n\n\n\n<p>No duelo contra o Maring\u00e1, os dois marcaram gols. Pedro colocou 4 bolas na rede, enquanto Gabigol deixou sua marca apenas uma vez, de p\u00eanalti. Desta forma, o t\u00e9cnico argentino promete usar a dupla no ataque e espera um grande desempenho de ambos.<\/p>\n\n\n\n<p>Retirado de: Mercado do Futebol<\/p>\n","protected":false},"excerpt":{"rendered":"<p>O Flamengo venceu e classificou na Copa do Brasil, na noite desta quarta-feira, no Maracan\u00e3, ap\u00f3s reverter o placar sofrido no primeiro jogo contra o Maring\u00e1 e convenceu aplicando 8\u00d72 na terceira fase da Copa do Brasil. Com isso, a equipe vem melhorando aos poucos ap\u00f3s a chegada de Sampaoli que comentou sobre um assunto [&hellip;]<\/p>\n","protected":false},"author":1,"featured_media":88458,"comment_status":"open","ping_status":"closed","sticky":false,"template":"","format":"standard","meta":{"footnotes":""},"categories":[1],"tags":[],"class_list":["post-97923","post","type-post","status-publish","format-standard","has-post-thumbnail","hentry","category-flamengo"],"yoast_head":"<!-- This site is optimized with the Yoast SEO Premium plugin v24.2 (Yoast SEO v26.9) - https:\/\/yoast.com\/product\/yoast-seo-premium-wordpress\/ -->\n<title>Jorge Sampaoli d\u00e1 declara\u00e7\u00e3o contundente sobre as situa\u00e7\u00f5es de Pedro e Gabigol no Flamengo<\/title>\n<meta name=\"robots\" content=\"index, follow, max-snippet:-1, max-image-preview:large, max-video-preview:-1\" \/>\n<link rel=\"canonical\" href=\"https:\/\/www.gaveanews.com\/index.php\/2023\/04\/27\/jorge-sampaoli-da-declaracao-contundente-sobre-as-situacoes-de-pedro-e-gabigol-no-flamengo\/\" \/>\n<meta property=\"og:locale\" content=\"pt_BR\" \/>\n<meta property=\"og:type\" content=\"article\" \/>\n<meta property=\"og:title\" content=\"Jorge Sampaoli d\u00e1 declara\u00e7\u00e3o contundente sobre as situa\u00e7\u00f5es de Pedro e Gabigol no Flamengo\" \/>\n<meta property=\"og:description\" content=\"O Flamengo venceu e classificou na Copa do Brasil, na noite desta quarta-feira, no Maracan\u00e3, ap\u00f3s reverter o placar sofrido no primeiro jogo contra o Maring\u00e1 e convenceu aplicando 8\u00d72 na terceira fase da Copa do Brasil. Com isso, a equipe vem melhorando aos poucos ap\u00f3s a chegada de Sampaoli que comentou sobre um assunto [&hellip;]\" \/>\n<meta property=\"og:url\" content=\"https:\/\/www.gaveanews.com\/index.php\/2023\/04\/27\/jorge-sampaoli-da-declaracao-contundente-sobre-as-situacoes-de-pedro-e-gabigol-no-flamengo\/\" \/>\n<meta property=\"og:site_name\" content=\"G\u00e1vea News\" \/>\n<meta property=\"article:publisher\" content=\"https:\/\/facebook.com\/gaveaNews\/\" \/>\n<meta property=\"article:published_time\" content=\"2023-04-27T10:56:24+00:00\" \/>\n<meta property=\"article:modified_time\" content=\"2023-04-27T11:22:09+00:00\" \/>\n<meta property=\"og:image\" content=\"https:\/\/www.gaveanews.com\/wp-content\/uploads\/Pedro-e-Gabigol-1.webp\" \/>\n\t<meta property=\"og:image:width\" content=\"799\" \/>\n\t<meta property=\"og:image:height\" content=\"533\" \/>\n\t<meta property=\"og:image:type\" content=\"image\/jpeg\" \/>\n<meta name=\"author\" content=\"Equipe G\u00e1vea News\" \/>\n<meta name=\"twitter:card\" content=\"summary_large_image\" \/>\n<meta name=\"twitter:label1\" content=\"Escrito por\" \/>\n\t<meta name=\"twitter:data1\" content=\"Equipe G\u00e1vea News\" \/>\n\t<meta name=\"twitter:label2\" content=\"Est. tempo de leitura\" \/>\n\t<meta name=\"twitter:data2\" content=\"2 minutos\" \/>\n<script type=\"application\/ld+json\" class=\"yoast-schema-graph\">{\"@context\":\"https:\/\/schema.org\",\"@graph\":[{\"@type\":\"NewsArticle\",\"@id\":\"https:\/\/www.gaveanews.com\/index.php\/2023\/04\/27\/jorge-sampaoli-da-declaracao-contundente-sobre-as-situacoes-de-pedro-e-gabigol-no-flamengo\/#article\",\"isPartOf\":{\"@id\":\"https:\/\/www.gaveanews.com\/index.php\/2023\/04\/27\/jorge-sampaoli-da-declaracao-contundente-sobre-as-situacoes-de-pedro-e-gabigol-no-flamengo\/\"},\"author\":{\"name\":\"Equipe G\u00e1vea News\",\"@id\":\"https:\/\/www.gaveanews.com\/#\/schema\/person\/2ec14f73fb96be2caf28f91afb14749d\"},\"headline\":\"Jorge Sampaoli d\u00e1 declara\u00e7\u00e3o contundente sobre as situa\u00e7\u00f5es de Pedro e Gabigol no Flamengo\",\"datePublished\":\"2023-04-27T10:56:24+00:00\",\"dateModified\":\"2023-04-27T11:22:09+00:00\",\"mainEntityOfPage\":{\"@id\":\"https:\/\/www.gaveanews.com\/index.php\/2023\/04\/27\/jorge-sampaoli-da-declaracao-contundente-sobre-as-situacoes-de-pedro-e-gabigol-no-flamengo\/\"},\"wordCount\":268,\"commentCount\":0,\"image\":{\"@id\":\"https:\/\/www.gaveanews.com\/index.php\/2023\/04\/27\/jorge-sampaoli-da-declaracao-contundente-sobre-as-situacoes-de-pedro-e-gabigol-no-flamengo\/#primaryimage\"},\"thumbnailUrl\":\"https:\/\/www.gaveanews.com\/wp-content\/uploads\/Pedro-e-Gabigol-1.webp\",\"articleSection\":[\"Flamengo\"],\"inLanguage\":\"pt-BR\",\"potentialAction\":[{\"@type\":\"CommentAction\",\"name\":\"Comment\",\"target\":[\"https:\/\/www.gaveanews.com\/index.php\/2023\/04\/27\/jorge-sampaoli-da-declaracao-contundente-sobre-as-situacoes-de-pedro-e-gabigol-no-flamengo\/#respond\"]}],\"copyrightYear\":\"2023\",\"copyrightHolder\":{\"@id\":\"https:\/\/www.gaveanews.com\/#organization\"}},{\"@type\":\"WebPage\",\"@id\":\"https:\/\/www.gaveanews.com\/index.php\/2023\/04\/27\/jorge-sampaoli-da-declaracao-contundente-sobre-as-situacoes-de-pedro-e-gabigol-no-flamengo\/\",\"url\":\"https:\/\/www.gaveanews.com\/index.php\/2023\/04\/27\/jorge-sampaoli-da-declaracao-contundente-sobre-as-situacoes-de-pedro-e-gabigol-no-flamengo\/\",\"name\":\"Jorge Sampaoli d\u00e1 declara\u00e7\u00e3o contundente sobre as situa\u00e7\u00f5es de Pedro e Gabigol no Flamengo\",\"isPartOf\":{\"@id\":\"https:\/\/www.gaveanews.com\/#website\"},\"primaryImageOfPage\":{\"@id\":\"https:\/\/www.gaveanews.com\/index.php\/2023\/04\/27\/jorge-sampaoli-da-declaracao-contundente-sobre-as-situacoes-de-pedro-e-gabigol-no-flamengo\/#primaryimage\"},\"image\":{\"@id\":\"https:\/\/www.gaveanews.com\/index.php\/2023\/04\/27\/jorge-sampaoli-da-declaracao-contundente-sobre-as-situacoes-de-pedro-e-gabigol-no-flamengo\/#primaryimage\"},\"thumbnailUrl\":\"https:\/\/www.gaveanews.com\/wp-content\/uploads\/Pedro-e-Gabigol-1.webp\",\"datePublished\":\"2023-04-27T10:56:24+00:00\",\"dateModified\":\"2023-04-27T11:22:09+00:00\",\"author\":{\"@id\":\"https:\/\/www.gaveanews.com\/#\/schema\/person\/2ec14f73fb96be2caf28f91afb14749d\"},\"breadcrumb\":{\"@id\":\"https:\/\/www.gaveanews.com\/index.php\/2023\/04\/27\/jorge-sampaoli-da-declaracao-contundente-sobre-as-situacoes-de-pedro-e-gabigol-no-flamengo\/#breadcrumb\"},\"inLanguage\":\"pt-BR\",\"potentialAction\":[{\"@type\":\"ReadAction\",\"target\":[\"https:\/\/www.gaveanews.com\/index.php\/2023\/04\/27\/jorge-sampaoli-da-declaracao-contundente-sobre-as-situacoes-de-pedro-e-gabigol-no-flamengo\/\"]}]},{\"@type\":\"ImageObject\",\"inLanguage\":\"pt-BR\",\"@id\":\"https:\/\/www.gaveanews.com\/index.php\/2023\/04\/27\/jorge-sampaoli-da-declaracao-contundente-sobre-as-situacoes-de-pedro-e-gabigol-no-flamengo\/#primaryimage\",\"url\":\"https:\/\/www.gaveanews.com\/wp-content\/uploads\/Pedro-e-Gabigol-1.webp\",\"contentUrl\":\"https:\/\/www.gaveanews.com\/wp-content\/uploads\/Pedro-e-Gabigol-1.webp\",\"width\":799,\"height\":533,\"caption\":\"Pedro e Gabigol marcam pelo Flamengo contra o Bragantino (Foto: Gilvan de Souza\/Flamengo)\"},{\"@type\":\"BreadcrumbList\",\"@id\":\"https:\/\/www.gaveanews.com\/index.php\/2023\/04\/27\/jorge-sampaoli-da-declaracao-contundente-sobre-as-situacoes-de-pedro-e-gabigol-no-flamengo\/#breadcrumb\",\"itemListElement\":[{\"@type\":\"ListItem\",\"position\":1,\"name\":\"Home\",\"item\":\"https:\/\/www.gaveanews.com\/\"},{\"@type\":\"ListItem\",\"position\":2,\"name\":\"Jorge Sampaoli d\u00e1 declara\u00e7\u00e3o contundente sobre as situa\u00e7\u00f5es de Pedro e Gabigol no Flamengo\"}]},{\"@type\":\"WebSite\",\"@id\":\"https:\/\/www.gaveanews.com\/#website\",\"url\":\"https:\/\/www.gaveanews.com\/\",\"name\":\"G\u00e1vea News\",\"description\":\"Veja todas as not\u00edcias sobre o Flamengo: Contrata\u00e7\u00f5es, categorias de base, resultados das partidas, tabela de classifica\u00e7\u00e3o, pr\u00f3ximos jogos!\",\"potentialAction\":[{\"@type\":\"SearchAction\",\"target\":{\"@type\":\"EntryPoint\",\"urlTemplate\":\"https:\/\/www.gaveanews.com\/?s={search_term_string}\"},\"query-input\":{\"@type\":\"PropertyValueSpecification\",\"valueRequired\":true,\"valueName\":\"search_term_string\"}}],\"inLanguage\":\"pt-BR\"},{\"@type\":\"Person\",\"@id\":\"https:\/\/www.gaveanews.com\/#\/schema\/person\/2ec14f73fb96be2caf28f91afb14749d\",\"name\":\"Equipe G\u00e1vea News\",\"image\":{\"@type\":\"ImageObject\",\"inLanguage\":\"pt-BR\",\"@id\":\"https:\/\/www.gaveanews.com\/#\/schema\/person\/image\/\",\"url\":\"https:\/\/secure.gravatar.com\/avatar\/1e1956f1facbffd3f8fa53a326721950116b3b9dc9bd44939c01180fd4a745a9?s=96&d=mm&r=g\",\"contentUrl\":\"https:\/\/secure.gravatar.com\/avatar\/1e1956f1facbffd3f8fa53a326721950116b3b9dc9bd44939c01180fd4a745a9?s=96&d=mm&r=g\",\"caption\":\"Equipe G\u00e1vea News\"}}]}<\/script>\n<!-- \/ Yoast SEO Premium plugin. -->","yoast_head_json":{"title":"Jorge Sampaoli d\u00e1 declara\u00e7\u00e3o contundente sobre as situa\u00e7\u00f5es de Pedro e Gabigol no Flamengo","robots":{"index":"index","follow":"follow","max-snippet":"max-snippet:-1","max-image-preview":"max-image-preview:large","max-video-preview":"max-video-preview:-1"},"canonical":"https:\/\/www.gaveanews.com\/index.php\/2023\/04\/27\/jorge-sampaoli-da-declaracao-contundente-sobre-as-situacoes-de-pedro-e-gabigol-no-flamengo\/","og_locale":"pt_BR","og_type":"article","og_title":"Jorge Sampaoli d\u00e1 declara\u00e7\u00e3o contundente sobre as situa\u00e7\u00f5es de Pedro e Gabigol no Flamengo","og_description":"O Flamengo venceu e classificou na Copa do Brasil, na noite desta quarta-feira, no Maracan\u00e3, ap\u00f3s reverter o placar sofrido no primeiro jogo contra o Maring\u00e1 e convenceu aplicando 8\u00d72 na terceira fase da Copa do Brasil. Com isso, a equipe vem melhorando aos poucos ap\u00f3s a chegada de Sampaoli que comentou sobre um assunto [&hellip;]","og_url":"https:\/\/www.gaveanews.com\/index.php\/2023\/04\/27\/jorge-sampaoli-da-declaracao-contundente-sobre-as-situacoes-de-pedro-e-gabigol-no-flamengo\/","og_site_name":"G\u00e1vea News","article_publisher":"https:\/\/facebook.com\/gaveaNews\/","article_published_time":"2023-04-27T10:56:24+00:00","article_modified_time":"2023-04-27T11:22:09+00:00","og_image":[{"width":799,"height":533,"url":"https:\/\/www.gaveanews.com\/wp-content\/uploads\/Pedro-e-Gabigol-1.webp","type":"image\/jpeg"}],"author":"Equipe G\u00e1vea News","twitter_card":"summary_large_image","twitter_misc":{"Escrito por":"Equipe G\u00e1vea News","Est. tempo de leitura":"2 minutos"},"schema":{"@context":"https:\/\/schema.org","@graph":[{"@type":"NewsArticle","@id":"https:\/\/www.gaveanews.com\/index.php\/2023\/04\/27\/jorge-sampaoli-da-declaracao-contundente-sobre-as-situacoes-de-pedro-e-gabigol-no-flamengo\/#article","isPartOf":{"@id":"https:\/\/www.gaveanews.com\/index.php\/2023\/04\/27\/jorge-sampaoli-da-declaracao-contundente-sobre-as-situacoes-de-pedro-e-gabigol-no-flamengo\/"},"author":{"name":"Equipe G\u00e1vea News","@id":"https:\/\/www.gaveanews.com\/#\/schema\/person\/2ec14f73fb96be2caf28f91afb14749d"},"headline":"Jorge Sampaoli d\u00e1 declara\u00e7\u00e3o contundente sobre as situa\u00e7\u00f5es de Pedro e Gabigol no Flamengo","datePublished":"2023-04-27T10:56:24+00:00","dateModified":"2023-04-27T11:22:09+00:00","mainEntityOfPage":{"@id":"https:\/\/www.gaveanews.com\/index.php\/2023\/04\/27\/jorge-sampaoli-da-declaracao-contundente-sobre-as-situacoes-de-pedro-e-gabigol-no-flamengo\/"},"wordCount":268,"commentCount":0,"image":{"@id":"https:\/\/www.gaveanews.com\/index.php\/2023\/04\/27\/jorge-sampaoli-da-declaracao-contundente-sobre-as-situacoes-de-pedro-e-gabigol-no-flamengo\/#primaryimage"},"thumbnailUrl":"https:\/\/www.gaveanews.com\/wp-content\/uploads\/Pedro-e-Gabigol-1.webp","articleSection":["Flamengo"],"inLanguage":"pt-BR","potentialAction":[{"@type":"CommentAction","name":"Comment","target":["https:\/\/www.gaveanews.com\/index.php\/2023\/04\/27\/jorge-sampaoli-da-declaracao-contundente-sobre-as-situacoes-de-pedro-e-gabigol-no-flamengo\/#respond"]}],"copyrightYear":"2023","copyrightHolder":{"@id":"https:\/\/www.gaveanews.com\/#organization"}},{"@type":"WebPage","@id":"https:\/\/www.gaveanews.com\/index.php\/2023\/04\/27\/jorge-sampaoli-da-declaracao-contundente-sobre-as-situacoes-de-pedro-e-gabigol-no-flamengo\/","url":"https:\/\/www.gaveanews.com\/index.php\/2023\/04\/27\/jorge-sampaoli-da-declaracao-contundente-sobre-as-situacoes-de-pedro-e-gabigol-no-flamengo\/","name":"Jorge Sampaoli d\u00e1 declara\u00e7\u00e3o contundente sobre as situa\u00e7\u00f5es de Pedro e Gabigol no Flamengo","isPartOf":{"@id":"https:\/\/www.gaveanews.com\/#website"},"primaryImageOfPage":{"@id":"https:\/\/www.gaveanews.com\/index.php\/2023\/04\/27\/jorge-sampaoli-da-declaracao-contundente-sobre-as-situacoes-de-pedro-e-gabigol-no-flamengo\/#primaryimage"},"image":{"@id":"https:\/\/www.gaveanews.com\/index.php\/2023\/04\/27\/jorge-sampaoli-da-declaracao-contundente-sobre-as-situacoes-de-pedro-e-gabigol-no-flamengo\/#primaryimage"},"thumbnailUrl":"https:\/\/www.gaveanews.com\/wp-content\/uploads\/Pedro-e-Gabigol-1.webp","datePublished":"2023-04-27T10:56:24+00:00","dateModified":"2023-04-27T11:22:09+00:00","author":{"@id":"https:\/\/www.gaveanews.com\/#\/schema\/person\/2ec14f73fb96be2caf28f91afb14749d"},"breadcrumb":{"@id":"https:\/\/www.gaveanews.com\/index.php\/2023\/04\/27\/jorge-sampaoli-da-declaracao-contundente-sobre-as-situacoes-de-pedro-e-gabigol-no-flamengo\/#breadcrumb"},"inLanguage":"pt-BR","potentialAction":[{"@type":"ReadAction","target":["https:\/\/www.gaveanews.com\/index.php\/2023\/04\/27\/jorge-sampaoli-da-declaracao-contundente-sobre-as-situacoes-de-pedro-e-gabigol-no-flamengo\/"]}]},{"@type":"ImageObject","inLanguage":"pt-BR","@id":"https:\/\/www.gaveanews.com\/index.php\/2023\/04\/27\/jorge-sampaoli-da-declaracao-contundente-sobre-as-situacoes-de-pedro-e-gabigol-no-flamengo\/#primaryimage","url":"https:\/\/www.gaveanews.com\/wp-content\/uploads\/Pedro-e-Gabigol-1.webp","contentUrl":"https:\/\/www.gaveanews.com\/wp-content\/uploads\/Pedro-e-Gabigol-1.webp","width":799,"height":533,"caption":"Pedro e Gabigol marcam pelo Flamengo contra o Bragantino (Foto: Gilvan de Souza\/Flamengo)"},{"@type":"BreadcrumbList","@id":"https:\/\/www.gaveanews.com\/index.php\/2023\/04\/27\/jorge-sampaoli-da-declaracao-contundente-sobre-as-situacoes-de-pedro-e-gabigol-no-flamengo\/#breadcrumb","itemListElement":[{"@type":"ListItem","position":1,"name":"Home","item":"https:\/\/www.gaveanews.com\/"},{"@type":"ListItem","position":2,"name":"Jorge Sampaoli d\u00e1 declara\u00e7\u00e3o contundente sobre as situa\u00e7\u00f5es de Pedro e Gabigol no Flamengo"}]},{"@type":"WebSite","@id":"https:\/\/www.gaveanews.com\/#website","url":"https:\/\/www.gaveanews.com\/","name":"G\u00e1vea News","description":"Veja todas as not\u00edcias sobre o Flamengo: Contrata\u00e7\u00f5es, categorias de base, resultados das partidas, tabela de classifica\u00e7\u00e3o, pr\u00f3ximos jogos!","potentialAction":[{"@type":"SearchAction","target":{"@type":"EntryPoint","urlTemplate":"https:\/\/www.gaveanews.com\/?s={search_term_string}"},"query-input":{"@type":"PropertyValueSpecification","valueRequired":true,"valueName":"search_term_string"}}],"inLanguage":"pt-BR"},{"@type":"Person","@id":"https:\/\/www.gaveanews.com\/#\/schema\/person\/2ec14f73fb96be2caf28f91afb14749d","name":"Equipe G\u00e1vea News","image":{"@type":"ImageObject","inLanguage":"pt-BR","@id":"https:\/\/www.gaveanews.com\/#\/schema\/person\/image\/","url":"https:\/\/secure.gravatar.com\/avatar\/1e1956f1facbffd3f8fa53a326721950116b3b9dc9bd44939c01180fd4a745a9?s=96&d=mm&r=g","contentUrl":"https:\/\/secure.gravatar.com\/avatar\/1e1956f1facbffd3f8fa53a326721950116b3b9dc9bd44939c01180fd4a745a9?s=96&d=mm&r=g","caption":"Equipe G\u00e1vea News"}}]}},"_links":{"self":[{"href":"https:\/\/www.gaveanews.com\/index.php\/wp-json\/wp\/v2\/posts\/97923","targetHints":{"allow":["GET"]}}],"collection":[{"href":"https:\/\/www.gaveanews.com\/index.php\/wp-json\/wp\/v2\/posts"}],"about":[{"href":"https:\/\/www.gaveanews.com\/index.php\/wp-json\/wp\/v2\/types\/post"}],"author":[{"embeddable":true,"href":"https:\/\/www.gaveanews.com\/index.php\/wp-json\/wp\/v2\/users\/1"}],"replies":[{"embeddable":true,"href":"https:\/\/www.gaveanews.com\/index.php\/wp-json\/wp\/v2\/comments?post=97923"}],"version-history":[{"count":0,"href":"https:\/\/www.gaveanews.com\/index.php\/wp-json\/wp\/v2\/posts\/97923\/revisions"}],"wp:featuredmedia":[{"embeddable":true,"href":"https:\/\/www.gaveanews.com\/index.php\/wp-json\/wp\/v2\/media\/88458"}],"wp:attachment":[{"href":"https:\/\/www.gaveanews.com\/index.php\/wp-json\/wp\/v2\/media?parent=97923"}],"wp:term":[{"taxonomy":"category","embeddable":true,"href":"https:\/\/www.gaveanews.com\/index.php\/wp-json\/wp\/v2\/categories?post=97923"},{"taxonomy":"post_tag","embeddable":true,"href":"https:\/\/www.gaveanews.com\/index.php\/wp-json\/wp\/v2\/tags?post=97923"}],"curies":[{"name":"wp","href":"https:\/\/api.w.org\/{rel}","templated":true}]}}