{"id":97939,"date":"2023-04-27T10:26:00","date_gmt":"2023-04-27T13:26:00","guid":{"rendered":"https:\/\/www.gaveanews.com\/?p=97939"},"modified":"2023-04-27T10:26:03","modified_gmt":"2023-04-27T13:26:03","slug":"jornalista-revela-nomes-com-reforcos-para-o-flamengo","status":"publish","type":"post","link":"https:\/\/www.gaveanews.com\/index.php\/2023\/04\/27\/jornalista-revela-nomes-com-reforcos-para-o-flamengo\/","title":{"rendered":"Jornalista revela nomes com refor\u00e7os para o Flamengo"},"content":{"rendered":"\n<p>Apesar da janela de transfer\u00eancias para clubes brasileiros inscreverem novos refor\u00e7os estar fechada, o Flamengo segue no mercado em busca de alguns refor\u00e7os a pedido do treinador Jorge Sampaoli.<\/p>\n\n\n\n<p>De acordo com o jornalista Jorge Nicola, quatro nomes est\u00e3o na lista de refor\u00e7os do time rubro-negro: o meia-atacante argentino Nahuel Barrios, o meia Reinier e os laterais Gilberto e Yan Couto.<\/p>\n\n\n\n<p>\u201cJorge Sampaoli continua batalhando em busca de refor\u00e7os apesar da janela de inscri\u00e7\u00f5es s\u00f3 reabrir no Brasil em 3 de julho. Um dos nomes que surgiram nas \u00faltimas horas \u00e9 o de Nahuel Barrios, meia-atacante, jogador do San Lorenzo (ARG), 24 anos de idade, que teria sido uma indica\u00e7\u00e3o do pr\u00f3prio Sampaoli, que \u00e9 argentino e conhece bem o futebol do seu pa\u00eds\u201d, disse Nicola.<\/p>\n\n\n\n<p>\u201cTamb\u00e9m falaram sobre Reinier, atleta revelado pelo Flamengo, vendido por um caminh\u00e3o de dinheiro ao Real Madrid, 35 milh\u00f5es de euros, N\u00e3o conseguiu jogar em Madrid, foi emprestado ao Dortmund, tamb\u00e9m n\u00e3o foi bem e, nesta temporada, defende o Girona (ESP), fica mais na reserva do que titular. Conversei com um representante do Reinier e a informa\u00e7\u00e3o que obtive \u00e9 que o Real Madrid n\u00e3o tem planos de liberar o jogador para o futebol brasileiro\u201d, revelou o jornalista.<\/p>\n\n\n\n<p>\u201cPara completar, o Flamengo de Sampaoli tamb\u00e9m busca um lateral-direito. O nome de Gilberto, que n\u00e3o quer ficar no Benfica, e tamb\u00e9m de Yan Couto s\u00e3o os mais comentados nos muros da G\u00e1vea\u201d, completou Nicola.<\/p>\n\n\n\n<p>Retirado de: Torcedores <\/p>\n","protected":false},"excerpt":{"rendered":"<p>Apesar da janela de transfer\u00eancias para clubes brasileiros inscreverem novos refor\u00e7os estar fechada, o Flamengo segue no mercado em busca de alguns refor\u00e7os a pedido do treinador Jorge Sampaoli. De acordo com o jornalista Jorge Nicola, quatro nomes est\u00e3o na lista de refor\u00e7os do time rubro-negro: o meia-atacante argentino Nahuel Barrios, o meia Reinier e [&hellip;]<\/p>\n","protected":false},"author":1,"featured_media":85562,"comment_status":"open","ping_status":"closed","sticky":false,"template":"","format":"standard","meta":{"footnotes":""},"categories":[1],"tags":[],"class_list":["post-97939","post","type-post","status-publish","format-standard","has-post-thumbnail","hentry","category-flamengo"],"yoast_head":"<!-- This site is optimized with the Yoast SEO Premium plugin v24.2 (Yoast SEO v26.9) - https:\/\/yoast.com\/product\/yoast-seo-premium-wordpress\/ -->\n<title>Jornalista revela nomes com refor\u00e7os para o Flamengo<\/title>\n<meta name=\"robots\" content=\"index, follow, max-snippet:-1, max-image-preview:large, max-video-preview:-1\" \/>\n<link rel=\"canonical\" href=\"https:\/\/www.gaveanews.com\/index.php\/2023\/04\/27\/jornalista-revela-nomes-com-reforcos-para-o-flamengo\/\" \/>\n<meta property=\"og:locale\" content=\"pt_BR\" \/>\n<meta property=\"og:type\" content=\"article\" \/>\n<meta property=\"og:title\" content=\"Jornalista revela nomes com refor\u00e7os para o Flamengo\" \/>\n<meta property=\"og:description\" content=\"Apesar da janela de transfer\u00eancias para clubes brasileiros inscreverem novos refor\u00e7os estar fechada, o Flamengo segue no mercado em busca de alguns refor\u00e7os a pedido do treinador Jorge Sampaoli. De acordo com o jornalista Jorge Nicola, quatro nomes est\u00e3o na lista de refor\u00e7os do time rubro-negro: o meia-atacante argentino Nahuel Barrios, o meia Reinier e [&hellip;]\" \/>\n<meta property=\"og:url\" content=\"https:\/\/www.gaveanews.com\/index.php\/2023\/04\/27\/jornalista-revela-nomes-com-reforcos-para-o-flamengo\/\" \/>\n<meta property=\"og:site_name\" content=\"G\u00e1vea News\" \/>\n<meta property=\"article:publisher\" content=\"https:\/\/facebook.com\/gaveaNews\/\" \/>\n<meta property=\"article:published_time\" content=\"2023-04-27T13:26:00+00:00\" \/>\n<meta property=\"article:modified_time\" content=\"2023-04-27T13:26:03+00:00\" \/>\n<meta property=\"og:image\" content=\"https:\/\/www.gaveanews.com\/wp-content\/uploads\/Marcos-Braz-em-entrevista-no-CT-do-Flamengo-1.webp\" \/>\n\t<meta property=\"og:image:width\" content=\"799\" \/>\n\t<meta property=\"og:image:height\" content=\"533\" \/>\n\t<meta property=\"og:image:type\" content=\"image\/jpeg\" \/>\n<meta name=\"author\" content=\"Equipe G\u00e1vea News\" \/>\n<meta name=\"twitter:card\" content=\"summary_large_image\" \/>\n<meta name=\"twitter:label1\" content=\"Escrito por\" \/>\n\t<meta name=\"twitter:data1\" content=\"Equipe G\u00e1vea News\" \/>\n\t<meta name=\"twitter:label2\" content=\"Est. tempo de leitura\" \/>\n\t<meta name=\"twitter:data2\" content=\"2 minutos\" \/>\n<script type=\"application\/ld+json\" class=\"yoast-schema-graph\">{\"@context\":\"https:\/\/schema.org\",\"@graph\":[{\"@type\":\"NewsArticle\",\"@id\":\"https:\/\/www.gaveanews.com\/index.php\/2023\/04\/27\/jornalista-revela-nomes-com-reforcos-para-o-flamengo\/#article\",\"isPartOf\":{\"@id\":\"https:\/\/www.gaveanews.com\/index.php\/2023\/04\/27\/jornalista-revela-nomes-com-reforcos-para-o-flamengo\/\"},\"author\":{\"name\":\"Equipe G\u00e1vea News\",\"@id\":\"https:\/\/www.gaveanews.com\/#\/schema\/person\/2ec14f73fb96be2caf28f91afb14749d\"},\"headline\":\"Jornalista revela nomes com refor\u00e7os para o Flamengo\",\"datePublished\":\"2023-04-27T13:26:00+00:00\",\"dateModified\":\"2023-04-27T13:26:03+00:00\",\"mainEntityOfPage\":{\"@id\":\"https:\/\/www.gaveanews.com\/index.php\/2023\/04\/27\/jornalista-revela-nomes-com-reforcos-para-o-flamengo\/\"},\"wordCount\":268,\"commentCount\":0,\"image\":{\"@id\":\"https:\/\/www.gaveanews.com\/index.php\/2023\/04\/27\/jornalista-revela-nomes-com-reforcos-para-o-flamengo\/#primaryimage\"},\"thumbnailUrl\":\"https:\/\/www.gaveanews.com\/wp-content\/uploads\/Marcos-Braz-em-entrevista-no-CT-do-Flamengo-1.webp\",\"articleSection\":[\"Flamengo\"],\"inLanguage\":\"pt-BR\",\"potentialAction\":[{\"@type\":\"CommentAction\",\"name\":\"Comment\",\"target\":[\"https:\/\/www.gaveanews.com\/index.php\/2023\/04\/27\/jornalista-revela-nomes-com-reforcos-para-o-flamengo\/#respond\"]}],\"copyrightYear\":\"2023\",\"copyrightHolder\":{\"@id\":\"https:\/\/www.gaveanews.com\/#organization\"}},{\"@type\":\"WebPage\",\"@id\":\"https:\/\/www.gaveanews.com\/index.php\/2023\/04\/27\/jornalista-revela-nomes-com-reforcos-para-o-flamengo\/\",\"url\":\"https:\/\/www.gaveanews.com\/index.php\/2023\/04\/27\/jornalista-revela-nomes-com-reforcos-para-o-flamengo\/\",\"name\":\"Jornalista revela nomes com refor\u00e7os para o Flamengo\",\"isPartOf\":{\"@id\":\"https:\/\/www.gaveanews.com\/#website\"},\"primaryImageOfPage\":{\"@id\":\"https:\/\/www.gaveanews.com\/index.php\/2023\/04\/27\/jornalista-revela-nomes-com-reforcos-para-o-flamengo\/#primaryimage\"},\"image\":{\"@id\":\"https:\/\/www.gaveanews.com\/index.php\/2023\/04\/27\/jornalista-revela-nomes-com-reforcos-para-o-flamengo\/#primaryimage\"},\"thumbnailUrl\":\"https:\/\/www.gaveanews.com\/wp-content\/uploads\/Marcos-Braz-em-entrevista-no-CT-do-Flamengo-1.webp\",\"datePublished\":\"2023-04-27T13:26:00+00:00\",\"dateModified\":\"2023-04-27T13:26:03+00:00\",\"author\":{\"@id\":\"https:\/\/www.gaveanews.com\/#\/schema\/person\/2ec14f73fb96be2caf28f91afb14749d\"},\"breadcrumb\":{\"@id\":\"https:\/\/www.gaveanews.com\/index.php\/2023\/04\/27\/jornalista-revela-nomes-com-reforcos-para-o-flamengo\/#breadcrumb\"},\"inLanguage\":\"pt-BR\",\"potentialAction\":[{\"@type\":\"ReadAction\",\"target\":[\"https:\/\/www.gaveanews.com\/index.php\/2023\/04\/27\/jornalista-revela-nomes-com-reforcos-para-o-flamengo\/\"]}]},{\"@type\":\"ImageObject\",\"inLanguage\":\"pt-BR\",\"@id\":\"https:\/\/www.gaveanews.com\/index.php\/2023\/04\/27\/jornalista-revela-nomes-com-reforcos-para-o-flamengo\/#primaryimage\",\"url\":\"https:\/\/www.gaveanews.com\/wp-content\/uploads\/Marcos-Braz-em-entrevista-no-CT-do-Flamengo-1.webp\",\"contentUrl\":\"https:\/\/www.gaveanews.com\/wp-content\/uploads\/Marcos-Braz-em-entrevista-no-CT-do-Flamengo-1.webp\",\"width\":799,\"height\":533,\"caption\":\"Marcos Braz em entrevista no CT do Flamengo (Foto: Gilvan de Souza\/Flamengo)\"},{\"@type\":\"BreadcrumbList\",\"@id\":\"https:\/\/www.gaveanews.com\/index.php\/2023\/04\/27\/jornalista-revela-nomes-com-reforcos-para-o-flamengo\/#breadcrumb\",\"itemListElement\":[{\"@type\":\"ListItem\",\"position\":1,\"name\":\"Home\",\"item\":\"https:\/\/www.gaveanews.com\/\"},{\"@type\":\"ListItem\",\"position\":2,\"name\":\"Jornalista revela nomes com refor\u00e7os para o Flamengo\"}]},{\"@type\":\"WebSite\",\"@id\":\"https:\/\/www.gaveanews.com\/#website\",\"url\":\"https:\/\/www.gaveanews.com\/\",\"name\":\"G\u00e1vea News\",\"description\":\"Veja todas as not\u00edcias sobre o Flamengo: Contrata\u00e7\u00f5es, categorias de base, resultados das partidas, tabela de classifica\u00e7\u00e3o, pr\u00f3ximos jogos!\",\"potentialAction\":[{\"@type\":\"SearchAction\",\"target\":{\"@type\":\"EntryPoint\",\"urlTemplate\":\"https:\/\/www.gaveanews.com\/?s={search_term_string}\"},\"query-input\":{\"@type\":\"PropertyValueSpecification\",\"valueRequired\":true,\"valueName\":\"search_term_string\"}}],\"inLanguage\":\"pt-BR\"},{\"@type\":\"Person\",\"@id\":\"https:\/\/www.gaveanews.com\/#\/schema\/person\/2ec14f73fb96be2caf28f91afb14749d\",\"name\":\"Equipe G\u00e1vea News\",\"image\":{\"@type\":\"ImageObject\",\"inLanguage\":\"pt-BR\",\"@id\":\"https:\/\/www.gaveanews.com\/#\/schema\/person\/image\/\",\"url\":\"https:\/\/secure.gravatar.com\/avatar\/1e1956f1facbffd3f8fa53a326721950116b3b9dc9bd44939c01180fd4a745a9?s=96&d=mm&r=g\",\"contentUrl\":\"https:\/\/secure.gravatar.com\/avatar\/1e1956f1facbffd3f8fa53a326721950116b3b9dc9bd44939c01180fd4a745a9?s=96&d=mm&r=g\",\"caption\":\"Equipe G\u00e1vea News\"}}]}<\/script>\n<!-- \/ Yoast SEO Premium plugin. -->","yoast_head_json":{"title":"Jornalista revela nomes com refor\u00e7os para o Flamengo","robots":{"index":"index","follow":"follow","max-snippet":"max-snippet:-1","max-image-preview":"max-image-preview:large","max-video-preview":"max-video-preview:-1"},"canonical":"https:\/\/www.gaveanews.com\/index.php\/2023\/04\/27\/jornalista-revela-nomes-com-reforcos-para-o-flamengo\/","og_locale":"pt_BR","og_type":"article","og_title":"Jornalista revela nomes com refor\u00e7os para o Flamengo","og_description":"Apesar da janela de transfer\u00eancias para clubes brasileiros inscreverem novos refor\u00e7os estar fechada, o Flamengo segue no mercado em busca de alguns refor\u00e7os a pedido do treinador Jorge Sampaoli. De acordo com o jornalista Jorge Nicola, quatro nomes est\u00e3o na lista de refor\u00e7os do time rubro-negro: o meia-atacante argentino Nahuel Barrios, o meia Reinier e [&hellip;]","og_url":"https:\/\/www.gaveanews.com\/index.php\/2023\/04\/27\/jornalista-revela-nomes-com-reforcos-para-o-flamengo\/","og_site_name":"G\u00e1vea News","article_publisher":"https:\/\/facebook.com\/gaveaNews\/","article_published_time":"2023-04-27T13:26:00+00:00","article_modified_time":"2023-04-27T13:26:03+00:00","og_image":[{"width":799,"height":533,"url":"https:\/\/www.gaveanews.com\/wp-content\/uploads\/Marcos-Braz-em-entrevista-no-CT-do-Flamengo-1.webp","type":"image\/jpeg"}],"author":"Equipe G\u00e1vea News","twitter_card":"summary_large_image","twitter_misc":{"Escrito por":"Equipe G\u00e1vea News","Est. tempo de leitura":"2 minutos"},"schema":{"@context":"https:\/\/schema.org","@graph":[{"@type":"NewsArticle","@id":"https:\/\/www.gaveanews.com\/index.php\/2023\/04\/27\/jornalista-revela-nomes-com-reforcos-para-o-flamengo\/#article","isPartOf":{"@id":"https:\/\/www.gaveanews.com\/index.php\/2023\/04\/27\/jornalista-revela-nomes-com-reforcos-para-o-flamengo\/"},"author":{"name":"Equipe G\u00e1vea News","@id":"https:\/\/www.gaveanews.com\/#\/schema\/person\/2ec14f73fb96be2caf28f91afb14749d"},"headline":"Jornalista revela nomes com refor\u00e7os para o Flamengo","datePublished":"2023-04-27T13:26:00+00:00","dateModified":"2023-04-27T13:26:03+00:00","mainEntityOfPage":{"@id":"https:\/\/www.gaveanews.com\/index.php\/2023\/04\/27\/jornalista-revela-nomes-com-reforcos-para-o-flamengo\/"},"wordCount":268,"commentCount":0,"image":{"@id":"https:\/\/www.gaveanews.com\/index.php\/2023\/04\/27\/jornalista-revela-nomes-com-reforcos-para-o-flamengo\/#primaryimage"},"thumbnailUrl":"https:\/\/www.gaveanews.com\/wp-content\/uploads\/Marcos-Braz-em-entrevista-no-CT-do-Flamengo-1.webp","articleSection":["Flamengo"],"inLanguage":"pt-BR","potentialAction":[{"@type":"CommentAction","name":"Comment","target":["https:\/\/www.gaveanews.com\/index.php\/2023\/04\/27\/jornalista-revela-nomes-com-reforcos-para-o-flamengo\/#respond"]}],"copyrightYear":"2023","copyrightHolder":{"@id":"https:\/\/www.gaveanews.com\/#organization"}},{"@type":"WebPage","@id":"https:\/\/www.gaveanews.com\/index.php\/2023\/04\/27\/jornalista-revela-nomes-com-reforcos-para-o-flamengo\/","url":"https:\/\/www.gaveanews.com\/index.php\/2023\/04\/27\/jornalista-revela-nomes-com-reforcos-para-o-flamengo\/","name":"Jornalista revela nomes com refor\u00e7os para o Flamengo","isPartOf":{"@id":"https:\/\/www.gaveanews.com\/#website"},"primaryImageOfPage":{"@id":"https:\/\/www.gaveanews.com\/index.php\/2023\/04\/27\/jornalista-revela-nomes-com-reforcos-para-o-flamengo\/#primaryimage"},"image":{"@id":"https:\/\/www.gaveanews.com\/index.php\/2023\/04\/27\/jornalista-revela-nomes-com-reforcos-para-o-flamengo\/#primaryimage"},"thumbnailUrl":"https:\/\/www.gaveanews.com\/wp-content\/uploads\/Marcos-Braz-em-entrevista-no-CT-do-Flamengo-1.webp","datePublished":"2023-04-27T13:26:00+00:00","dateModified":"2023-04-27T13:26:03+00:00","author":{"@id":"https:\/\/www.gaveanews.com\/#\/schema\/person\/2ec14f73fb96be2caf28f91afb14749d"},"breadcrumb":{"@id":"https:\/\/www.gaveanews.com\/index.php\/2023\/04\/27\/jornalista-revela-nomes-com-reforcos-para-o-flamengo\/#breadcrumb"},"inLanguage":"pt-BR","potentialAction":[{"@type":"ReadAction","target":["https:\/\/www.gaveanews.com\/index.php\/2023\/04\/27\/jornalista-revela-nomes-com-reforcos-para-o-flamengo\/"]}]},{"@type":"ImageObject","inLanguage":"pt-BR","@id":"https:\/\/www.gaveanews.com\/index.php\/2023\/04\/27\/jornalista-revela-nomes-com-reforcos-para-o-flamengo\/#primaryimage","url":"https:\/\/www.gaveanews.com\/wp-content\/uploads\/Marcos-Braz-em-entrevista-no-CT-do-Flamengo-1.webp","contentUrl":"https:\/\/www.gaveanews.com\/wp-content\/uploads\/Marcos-Braz-em-entrevista-no-CT-do-Flamengo-1.webp","width":799,"height":533,"caption":"Marcos Braz em entrevista no CT do Flamengo (Foto: Gilvan de Souza\/Flamengo)"},{"@type":"BreadcrumbList","@id":"https:\/\/www.gaveanews.com\/index.php\/2023\/04\/27\/jornalista-revela-nomes-com-reforcos-para-o-flamengo\/#breadcrumb","itemListElement":[{"@type":"ListItem","position":1,"name":"Home","item":"https:\/\/www.gaveanews.com\/"},{"@type":"ListItem","position":2,"name":"Jornalista revela nomes com refor\u00e7os para o Flamengo"}]},{"@type":"WebSite","@id":"https:\/\/www.gaveanews.com\/#website","url":"https:\/\/www.gaveanews.com\/","name":"G\u00e1vea News","description":"Veja todas as not\u00edcias sobre o Flamengo: Contrata\u00e7\u00f5es, categorias de base, resultados das partidas, tabela de classifica\u00e7\u00e3o, pr\u00f3ximos jogos!","potentialAction":[{"@type":"SearchAction","target":{"@type":"EntryPoint","urlTemplate":"https:\/\/www.gaveanews.com\/?s={search_term_string}"},"query-input":{"@type":"PropertyValueSpecification","valueRequired":true,"valueName":"search_term_string"}}],"inLanguage":"pt-BR"},{"@type":"Person","@id":"https:\/\/www.gaveanews.com\/#\/schema\/person\/2ec14f73fb96be2caf28f91afb14749d","name":"Equipe G\u00e1vea News","image":{"@type":"ImageObject","inLanguage":"pt-BR","@id":"https:\/\/www.gaveanews.com\/#\/schema\/person\/image\/","url":"https:\/\/secure.gravatar.com\/avatar\/1e1956f1facbffd3f8fa53a326721950116b3b9dc9bd44939c01180fd4a745a9?s=96&d=mm&r=g","contentUrl":"https:\/\/secure.gravatar.com\/avatar\/1e1956f1facbffd3f8fa53a326721950116b3b9dc9bd44939c01180fd4a745a9?s=96&d=mm&r=g","caption":"Equipe G\u00e1vea News"}}]}},"_links":{"self":[{"href":"https:\/\/www.gaveanews.com\/index.php\/wp-json\/wp\/v2\/posts\/97939","targetHints":{"allow":["GET"]}}],"collection":[{"href":"https:\/\/www.gaveanews.com\/index.php\/wp-json\/wp\/v2\/posts"}],"about":[{"href":"https:\/\/www.gaveanews.com\/index.php\/wp-json\/wp\/v2\/types\/post"}],"author":[{"embeddable":true,"href":"https:\/\/www.gaveanews.com\/index.php\/wp-json\/wp\/v2\/users\/1"}],"replies":[{"embeddable":true,"href":"https:\/\/www.gaveanews.com\/index.php\/wp-json\/wp\/v2\/comments?post=97939"}],"version-history":[{"count":0,"href":"https:\/\/www.gaveanews.com\/index.php\/wp-json\/wp\/v2\/posts\/97939\/revisions"}],"wp:featuredmedia":[{"embeddable":true,"href":"https:\/\/www.gaveanews.com\/index.php\/wp-json\/wp\/v2\/media\/85562"}],"wp:attachment":[{"href":"https:\/\/www.gaveanews.com\/index.php\/wp-json\/wp\/v2\/media?parent=97939"}],"wp:term":[{"taxonomy":"category","embeddable":true,"href":"https:\/\/www.gaveanews.com\/index.php\/wp-json\/wp\/v2\/categories?post=97939"},{"taxonomy":"post_tag","embeddable":true,"href":"https:\/\/www.gaveanews.com\/index.php\/wp-json\/wp\/v2\/tags?post=97939"}],"curies":[{"name":"wp","href":"https:\/\/api.w.org\/{rel}","templated":true}]}}