{"id":97971,"date":"2023-04-27T18:25:18","date_gmt":"2023-04-27T21:25:18","guid":{"rendered":"https:\/\/www.gaveanews.com\/?p=97971"},"modified":"2023-04-27T18:25:22","modified_gmt":"2023-04-27T21:25:22","slug":"diretoria-do-flamengo-liga-alerta-e-pode-ser-obrigada-a-fazer-contratacao-entenda","status":"publish","type":"post","link":"https:\/\/www.gaveanews.com\/index.php\/2023\/04\/27\/diretoria-do-flamengo-liga-alerta-e-pode-ser-obrigada-a-fazer-contratacao-entenda\/","title":{"rendered":"Diretoria do Flamengo liga alerta e pode ser &#8216;obrigada&#8217; a fazer contrata\u00e7\u00e3o; entenda"},"content":{"rendered":"\n<p>O Flamengo comunicou, nesta quinta-feira, que Varela passar\u00e1 por um procedimento cir\u00fargico no quadril. Com a les\u00e3o, Jorge Sampaoli ter\u00e1 problemas para a sequ\u00eancia da temporada, j\u00e1 que, no momento, apenas Wesley \u00e9 do setor e est\u00e1 \u00e0 disposi\u00e7\u00e3o. No entanto, o treinador ainda pode encontrar outras solu\u00e7\u00f5es para solucionar a quest\u00e3o.<\/p>\n\n\n\n<h2 class=\"wp-block-heading\" id=\"h-situacao-de-wesley\">Situa\u00e7\u00e3o de Wesley<\/h2>\n\n\n\n<p>Apesar da les\u00e3o, Varela n\u00e3o vinha ganhando oportunidades com o treinador argentino. Era justamente Wesley, prata da casa, que foi titular em duas das tr\u00eas partidas de Sampaoli pelo Flamengo. O momento de ganhar confian\u00e7a, no entanto, se tornou uma necessidade com o problema do companheiro.<\/p>\n\n\n\n<p>Como \u00fanica op\u00e7\u00e3o na lateral, Wesley precisar\u00e1 amadurecer r\u00e1pido no clube e entender, cada vez mais, as ideias de Jorge Sampaoli. Ao todo, ele disputou 17 jogos como profissional do Flamengo. Grandes poderes trazem grandes responsabilidades e, no caso do jovem, a hora de brilhar e mostrar servi\u00e7o \u00e9 agora.<\/p>\n\n\n\n<p id=\"p740816-m273-3-274\">Se preferir, no entanto, Sampaoli n\u00e3o precisa utilizar Wesley em todas as partidas. Tanto que, em sua estreia, o argentino escalou Marinho para fazer a ala direita, apoiado pelas coberturas de Vidal e Fabr\u00edcio Bruno. Apesar da vit\u00f3ria sobre o \u00d1ublense e das duas assist\u00eancias, a atua\u00e7\u00e3o do camisa 31 n\u00e3o foi considerada boa e ele n\u00e3o foi titular desde ent\u00e3o.\u00a0<\/p>\n\n\n\n<h2 class=\"wp-block-heading\">Mercado da bola<\/h2>\n\n\n\n<p>O Rubro-Negro tamb\u00e9m tem a op\u00e7\u00e3o de ir ao mercado para refor\u00e7ar a lateral, mas n\u00e3o considera o setor como uma prioridade. Se contratar, o Flamengo ficaria com quatro jogadores para a posi\u00e7\u00e3o, algo que n\u00e3o \u00e9 considerado interessante para a gest\u00e3o do elenco. Vale lembrar que Matheuzinho tamb\u00e9m est\u00e1 entregue ao departamento m\u00e9dico.<\/p>\n\n\n\n<p>Quando chegou ao Flamengo, Sampaoli tamb\u00e9m prometeu ter cautela na busca por refor\u00e7os, como antecipado pelo jornal Lance. No entanto, \u00e9 importante frisar que a situa\u00e7\u00e3o acendeu um sinal de alerta na diretoria e, caso Wesley tamb\u00e9m tenha problemas f\u00edsicos, como j\u00e1 aconteceu em 2023, ela pode repensar a situa\u00e7\u00e3o.<\/p>\n\n\n\n<p>Depois de vencer o Maring\u00e1, o Flamengo retornou \u00e0s atividades na manh\u00e3 desta quinta-feira, de olho no desafio do fim de semana. No domingo, a equipe de Jorge Sampaoli enfrentar\u00e1 o Botafogo, no Maracan\u00e3, pelo Campeonato Brasileiro. O primeiro cl\u00e1ssico carioca desta edi\u00e7\u00e3o da liga nacional ser\u00e1 disputado \u00e0s 16h (de Bras\u00edlia).<\/p>\n\n\n\n<p>Retirado de: Lance<\/p>\n","protected":false},"excerpt":{"rendered":"<p>O Flamengo comunicou, nesta quinta-feira, que Varela passar\u00e1 por um procedimento cir\u00fargico no quadril. Com a les\u00e3o, Jorge Sampaoli ter\u00e1 problemas para a sequ\u00eancia da temporada, j\u00e1 que, no momento, apenas Wesley \u00e9 do setor e est\u00e1 \u00e0 disposi\u00e7\u00e3o. No entanto, o treinador ainda pode encontrar outras solu\u00e7\u00f5es para solucionar a quest\u00e3o. Situa\u00e7\u00e3o de Wesley [&hellip;]<\/p>\n","protected":false},"author":1,"featured_media":75887,"comment_status":"open","ping_status":"closed","sticky":false,"template":"","format":"standard","meta":{"footnotes":""},"categories":[48],"tags":[],"class_list":["post-97971","post","type-post","status-publish","format-standard","has-post-thumbnail","hentry","category-negociacoes"],"yoast_head":"<!-- This site is optimized with the Yoast SEO Premium plugin v24.2 (Yoast SEO v26.9) - https:\/\/yoast.com\/product\/yoast-seo-premium-wordpress\/ -->\n<title>Diretoria do Flamengo liga alerta e pode ser &#039;obrigada&#039; a fazer contrata\u00e7\u00e3o; entenda<\/title>\n<meta name=\"robots\" content=\"index, follow, max-snippet:-1, max-image-preview:large, max-video-preview:-1\" \/>\n<link rel=\"canonical\" href=\"https:\/\/www.gaveanews.com\/index.php\/2023\/04\/27\/diretoria-do-flamengo-liga-alerta-e-pode-ser-obrigada-a-fazer-contratacao-entenda\/\" \/>\n<meta property=\"og:locale\" content=\"pt_BR\" \/>\n<meta property=\"og:type\" content=\"article\" \/>\n<meta property=\"og:title\" content=\"Diretoria do Flamengo liga alerta e pode ser &#039;obrigada&#039; a fazer contrata\u00e7\u00e3o; entenda\" \/>\n<meta property=\"og:description\" content=\"O Flamengo comunicou, nesta quinta-feira, que Varela passar\u00e1 por um procedimento cir\u00fargico no quadril. Com a les\u00e3o, Jorge Sampaoli ter\u00e1 problemas para a sequ\u00eancia da temporada, j\u00e1 que, no momento, apenas Wesley \u00e9 do setor e est\u00e1 \u00e0 disposi\u00e7\u00e3o. No entanto, o treinador ainda pode encontrar outras solu\u00e7\u00f5es para solucionar a quest\u00e3o. Situa\u00e7\u00e3o de Wesley [&hellip;]\" \/>\n<meta property=\"og:url\" content=\"https:\/\/www.gaveanews.com\/index.php\/2023\/04\/27\/diretoria-do-flamengo-liga-alerta-e-pode-ser-obrigada-a-fazer-contratacao-entenda\/\" \/>\n<meta property=\"og:site_name\" content=\"G\u00e1vea News\" \/>\n<meta property=\"article:publisher\" content=\"https:\/\/facebook.com\/gaveaNews\/\" \/>\n<meta property=\"article:published_time\" content=\"2023-04-27T21:25:18+00:00\" \/>\n<meta property=\"article:modified_time\" content=\"2023-04-27T21:25:22+00:00\" \/>\n<meta property=\"og:image\" content=\"https:\/\/www.gaveanews.com\/wp-content\/uploads\/Marcos-Braz-em-entrevista-no-CT-do-Flamengo.webp\" \/>\n\t<meta property=\"og:image:width\" content=\"799\" \/>\n\t<meta property=\"og:image:height\" content=\"533\" \/>\n\t<meta property=\"og:image:type\" content=\"image\/jpeg\" \/>\n<meta name=\"author\" content=\"Equipe G\u00e1vea News\" \/>\n<meta name=\"twitter:card\" content=\"summary_large_image\" \/>\n<meta name=\"twitter:label1\" content=\"Escrito por\" \/>\n\t<meta name=\"twitter:data1\" content=\"Equipe G\u00e1vea News\" \/>\n\t<meta name=\"twitter:label2\" content=\"Est. tempo de leitura\" \/>\n\t<meta name=\"twitter:data2\" content=\"3 minutos\" \/>\n<script type=\"application\/ld+json\" class=\"yoast-schema-graph\">{\"@context\":\"https:\/\/schema.org\",\"@graph\":[{\"@type\":\"NewsArticle\",\"@id\":\"https:\/\/www.gaveanews.com\/index.php\/2023\/04\/27\/diretoria-do-flamengo-liga-alerta-e-pode-ser-obrigada-a-fazer-contratacao-entenda\/#article\",\"isPartOf\":{\"@id\":\"https:\/\/www.gaveanews.com\/index.php\/2023\/04\/27\/diretoria-do-flamengo-liga-alerta-e-pode-ser-obrigada-a-fazer-contratacao-entenda\/\"},\"author\":{\"name\":\"Equipe G\u00e1vea News\",\"@id\":\"https:\/\/www.gaveanews.com\/#\/schema\/person\/2ec14f73fb96be2caf28f91afb14749d\"},\"headline\":\"Diretoria do Flamengo liga alerta e pode ser &#8216;obrigada&#8217; a fazer contrata\u00e7\u00e3o; entenda\",\"datePublished\":\"2023-04-27T21:25:18+00:00\",\"dateModified\":\"2023-04-27T21:25:22+00:00\",\"mainEntityOfPage\":{\"@id\":\"https:\/\/www.gaveanews.com\/index.php\/2023\/04\/27\/diretoria-do-flamengo-liga-alerta-e-pode-ser-obrigada-a-fazer-contratacao-entenda\/\"},\"wordCount\":420,\"commentCount\":0,\"image\":{\"@id\":\"https:\/\/www.gaveanews.com\/index.php\/2023\/04\/27\/diretoria-do-flamengo-liga-alerta-e-pode-ser-obrigada-a-fazer-contratacao-entenda\/#primaryimage\"},\"thumbnailUrl\":\"https:\/\/www.gaveanews.com\/wp-content\/uploads\/Marcos-Braz-em-entrevista-no-CT-do-Flamengo.webp\",\"articleSection\":[\"Negocia\u00e7\u00f5es\"],\"inLanguage\":\"pt-BR\",\"potentialAction\":[{\"@type\":\"CommentAction\",\"name\":\"Comment\",\"target\":[\"https:\/\/www.gaveanews.com\/index.php\/2023\/04\/27\/diretoria-do-flamengo-liga-alerta-e-pode-ser-obrigada-a-fazer-contratacao-entenda\/#respond\"]}],\"copyrightYear\":\"2023\",\"copyrightHolder\":{\"@id\":\"https:\/\/www.gaveanews.com\/#organization\"}},{\"@type\":\"WebPage\",\"@id\":\"https:\/\/www.gaveanews.com\/index.php\/2023\/04\/27\/diretoria-do-flamengo-liga-alerta-e-pode-ser-obrigada-a-fazer-contratacao-entenda\/\",\"url\":\"https:\/\/www.gaveanews.com\/index.php\/2023\/04\/27\/diretoria-do-flamengo-liga-alerta-e-pode-ser-obrigada-a-fazer-contratacao-entenda\/\",\"name\":\"Diretoria do Flamengo liga alerta e pode ser 'obrigada' a fazer contrata\u00e7\u00e3o; entenda\",\"isPartOf\":{\"@id\":\"https:\/\/www.gaveanews.com\/#website\"},\"primaryImageOfPage\":{\"@id\":\"https:\/\/www.gaveanews.com\/index.php\/2023\/04\/27\/diretoria-do-flamengo-liga-alerta-e-pode-ser-obrigada-a-fazer-contratacao-entenda\/#primaryimage\"},\"image\":{\"@id\":\"https:\/\/www.gaveanews.com\/index.php\/2023\/04\/27\/diretoria-do-flamengo-liga-alerta-e-pode-ser-obrigada-a-fazer-contratacao-entenda\/#primaryimage\"},\"thumbnailUrl\":\"https:\/\/www.gaveanews.com\/wp-content\/uploads\/Marcos-Braz-em-entrevista-no-CT-do-Flamengo.webp\",\"datePublished\":\"2023-04-27T21:25:18+00:00\",\"dateModified\":\"2023-04-27T21:25:22+00:00\",\"author\":{\"@id\":\"https:\/\/www.gaveanews.com\/#\/schema\/person\/2ec14f73fb96be2caf28f91afb14749d\"},\"breadcrumb\":{\"@id\":\"https:\/\/www.gaveanews.com\/index.php\/2023\/04\/27\/diretoria-do-flamengo-liga-alerta-e-pode-ser-obrigada-a-fazer-contratacao-entenda\/#breadcrumb\"},\"inLanguage\":\"pt-BR\",\"potentialAction\":[{\"@type\":\"ReadAction\",\"target\":[\"https:\/\/www.gaveanews.com\/index.php\/2023\/04\/27\/diretoria-do-flamengo-liga-alerta-e-pode-ser-obrigada-a-fazer-contratacao-entenda\/\"]}]},{\"@type\":\"ImageObject\",\"inLanguage\":\"pt-BR\",\"@id\":\"https:\/\/www.gaveanews.com\/index.php\/2023\/04\/27\/diretoria-do-flamengo-liga-alerta-e-pode-ser-obrigada-a-fazer-contratacao-entenda\/#primaryimage\",\"url\":\"https:\/\/www.gaveanews.com\/wp-content\/uploads\/Marcos-Braz-em-entrevista-no-CT-do-Flamengo.webp\",\"contentUrl\":\"https:\/\/www.gaveanews.com\/wp-content\/uploads\/Marcos-Braz-em-entrevista-no-CT-do-Flamengo.webp\",\"width\":799,\"height\":533,\"caption\":\"Marcos Braz em entrevista no CT do Flamengo (Foto: Gilvan de Souza\/Flamengo)\"},{\"@type\":\"BreadcrumbList\",\"@id\":\"https:\/\/www.gaveanews.com\/index.php\/2023\/04\/27\/diretoria-do-flamengo-liga-alerta-e-pode-ser-obrigada-a-fazer-contratacao-entenda\/#breadcrumb\",\"itemListElement\":[{\"@type\":\"ListItem\",\"position\":1,\"name\":\"Home\",\"item\":\"https:\/\/www.gaveanews.com\/\"},{\"@type\":\"ListItem\",\"position\":2,\"name\":\"Diretoria do Flamengo liga alerta e pode ser &#8216;obrigada&#8217; a fazer contrata\u00e7\u00e3o; entenda\"}]},{\"@type\":\"WebSite\",\"@id\":\"https:\/\/www.gaveanews.com\/#website\",\"url\":\"https:\/\/www.gaveanews.com\/\",\"name\":\"G\u00e1vea News\",\"description\":\"Veja todas as not\u00edcias sobre o Flamengo: Contrata\u00e7\u00f5es, categorias de base, resultados das partidas, tabela de classifica\u00e7\u00e3o, pr\u00f3ximos jogos!\",\"potentialAction\":[{\"@type\":\"SearchAction\",\"target\":{\"@type\":\"EntryPoint\",\"urlTemplate\":\"https:\/\/www.gaveanews.com\/?s={search_term_string}\"},\"query-input\":{\"@type\":\"PropertyValueSpecification\",\"valueRequired\":true,\"valueName\":\"search_term_string\"}}],\"inLanguage\":\"pt-BR\"},{\"@type\":\"Person\",\"@id\":\"https:\/\/www.gaveanews.com\/#\/schema\/person\/2ec14f73fb96be2caf28f91afb14749d\",\"name\":\"Equipe G\u00e1vea News\",\"image\":{\"@type\":\"ImageObject\",\"inLanguage\":\"pt-BR\",\"@id\":\"https:\/\/www.gaveanews.com\/#\/schema\/person\/image\/\",\"url\":\"https:\/\/secure.gravatar.com\/avatar\/1e1956f1facbffd3f8fa53a326721950116b3b9dc9bd44939c01180fd4a745a9?s=96&d=mm&r=g\",\"contentUrl\":\"https:\/\/secure.gravatar.com\/avatar\/1e1956f1facbffd3f8fa53a326721950116b3b9dc9bd44939c01180fd4a745a9?s=96&d=mm&r=g\",\"caption\":\"Equipe G\u00e1vea News\"}}]}<\/script>\n<!-- \/ Yoast SEO Premium plugin. -->","yoast_head_json":{"title":"Diretoria do Flamengo liga alerta e pode ser 'obrigada' a fazer contrata\u00e7\u00e3o; entenda","robots":{"index":"index","follow":"follow","max-snippet":"max-snippet:-1","max-image-preview":"max-image-preview:large","max-video-preview":"max-video-preview:-1"},"canonical":"https:\/\/www.gaveanews.com\/index.php\/2023\/04\/27\/diretoria-do-flamengo-liga-alerta-e-pode-ser-obrigada-a-fazer-contratacao-entenda\/","og_locale":"pt_BR","og_type":"article","og_title":"Diretoria do Flamengo liga alerta e pode ser 'obrigada' a fazer contrata\u00e7\u00e3o; entenda","og_description":"O Flamengo comunicou, nesta quinta-feira, que Varela passar\u00e1 por um procedimento cir\u00fargico no quadril. Com a les\u00e3o, Jorge Sampaoli ter\u00e1 problemas para a sequ\u00eancia da temporada, j\u00e1 que, no momento, apenas Wesley \u00e9 do setor e est\u00e1 \u00e0 disposi\u00e7\u00e3o. No entanto, o treinador ainda pode encontrar outras solu\u00e7\u00f5es para solucionar a quest\u00e3o. Situa\u00e7\u00e3o de Wesley [&hellip;]","og_url":"https:\/\/www.gaveanews.com\/index.php\/2023\/04\/27\/diretoria-do-flamengo-liga-alerta-e-pode-ser-obrigada-a-fazer-contratacao-entenda\/","og_site_name":"G\u00e1vea News","article_publisher":"https:\/\/facebook.com\/gaveaNews\/","article_published_time":"2023-04-27T21:25:18+00:00","article_modified_time":"2023-04-27T21:25:22+00:00","og_image":[{"width":799,"height":533,"url":"https:\/\/www.gaveanews.com\/wp-content\/uploads\/Marcos-Braz-em-entrevista-no-CT-do-Flamengo.webp","type":"image\/jpeg"}],"author":"Equipe G\u00e1vea News","twitter_card":"summary_large_image","twitter_misc":{"Escrito por":"Equipe G\u00e1vea News","Est. tempo de leitura":"3 minutos"},"schema":{"@context":"https:\/\/schema.org","@graph":[{"@type":"NewsArticle","@id":"https:\/\/www.gaveanews.com\/index.php\/2023\/04\/27\/diretoria-do-flamengo-liga-alerta-e-pode-ser-obrigada-a-fazer-contratacao-entenda\/#article","isPartOf":{"@id":"https:\/\/www.gaveanews.com\/index.php\/2023\/04\/27\/diretoria-do-flamengo-liga-alerta-e-pode-ser-obrigada-a-fazer-contratacao-entenda\/"},"author":{"name":"Equipe G\u00e1vea News","@id":"https:\/\/www.gaveanews.com\/#\/schema\/person\/2ec14f73fb96be2caf28f91afb14749d"},"headline":"Diretoria do Flamengo liga alerta e pode ser &#8216;obrigada&#8217; a fazer contrata\u00e7\u00e3o; entenda","datePublished":"2023-04-27T21:25:18+00:00","dateModified":"2023-04-27T21:25:22+00:00","mainEntityOfPage":{"@id":"https:\/\/www.gaveanews.com\/index.php\/2023\/04\/27\/diretoria-do-flamengo-liga-alerta-e-pode-ser-obrigada-a-fazer-contratacao-entenda\/"},"wordCount":420,"commentCount":0,"image":{"@id":"https:\/\/www.gaveanews.com\/index.php\/2023\/04\/27\/diretoria-do-flamengo-liga-alerta-e-pode-ser-obrigada-a-fazer-contratacao-entenda\/#primaryimage"},"thumbnailUrl":"https:\/\/www.gaveanews.com\/wp-content\/uploads\/Marcos-Braz-em-entrevista-no-CT-do-Flamengo.webp","articleSection":["Negocia\u00e7\u00f5es"],"inLanguage":"pt-BR","potentialAction":[{"@type":"CommentAction","name":"Comment","target":["https:\/\/www.gaveanews.com\/index.php\/2023\/04\/27\/diretoria-do-flamengo-liga-alerta-e-pode-ser-obrigada-a-fazer-contratacao-entenda\/#respond"]}],"copyrightYear":"2023","copyrightHolder":{"@id":"https:\/\/www.gaveanews.com\/#organization"}},{"@type":"WebPage","@id":"https:\/\/www.gaveanews.com\/index.php\/2023\/04\/27\/diretoria-do-flamengo-liga-alerta-e-pode-ser-obrigada-a-fazer-contratacao-entenda\/","url":"https:\/\/www.gaveanews.com\/index.php\/2023\/04\/27\/diretoria-do-flamengo-liga-alerta-e-pode-ser-obrigada-a-fazer-contratacao-entenda\/","name":"Diretoria do Flamengo liga alerta e pode ser 'obrigada' a fazer contrata\u00e7\u00e3o; entenda","isPartOf":{"@id":"https:\/\/www.gaveanews.com\/#website"},"primaryImageOfPage":{"@id":"https:\/\/www.gaveanews.com\/index.php\/2023\/04\/27\/diretoria-do-flamengo-liga-alerta-e-pode-ser-obrigada-a-fazer-contratacao-entenda\/#primaryimage"},"image":{"@id":"https:\/\/www.gaveanews.com\/index.php\/2023\/04\/27\/diretoria-do-flamengo-liga-alerta-e-pode-ser-obrigada-a-fazer-contratacao-entenda\/#primaryimage"},"thumbnailUrl":"https:\/\/www.gaveanews.com\/wp-content\/uploads\/Marcos-Braz-em-entrevista-no-CT-do-Flamengo.webp","datePublished":"2023-04-27T21:25:18+00:00","dateModified":"2023-04-27T21:25:22+00:00","author":{"@id":"https:\/\/www.gaveanews.com\/#\/schema\/person\/2ec14f73fb96be2caf28f91afb14749d"},"breadcrumb":{"@id":"https:\/\/www.gaveanews.com\/index.php\/2023\/04\/27\/diretoria-do-flamengo-liga-alerta-e-pode-ser-obrigada-a-fazer-contratacao-entenda\/#breadcrumb"},"inLanguage":"pt-BR","potentialAction":[{"@type":"ReadAction","target":["https:\/\/www.gaveanews.com\/index.php\/2023\/04\/27\/diretoria-do-flamengo-liga-alerta-e-pode-ser-obrigada-a-fazer-contratacao-entenda\/"]}]},{"@type":"ImageObject","inLanguage":"pt-BR","@id":"https:\/\/www.gaveanews.com\/index.php\/2023\/04\/27\/diretoria-do-flamengo-liga-alerta-e-pode-ser-obrigada-a-fazer-contratacao-entenda\/#primaryimage","url":"https:\/\/www.gaveanews.com\/wp-content\/uploads\/Marcos-Braz-em-entrevista-no-CT-do-Flamengo.webp","contentUrl":"https:\/\/www.gaveanews.com\/wp-content\/uploads\/Marcos-Braz-em-entrevista-no-CT-do-Flamengo.webp","width":799,"height":533,"caption":"Marcos Braz em entrevista no CT do Flamengo (Foto: Gilvan de Souza\/Flamengo)"},{"@type":"BreadcrumbList","@id":"https:\/\/www.gaveanews.com\/index.php\/2023\/04\/27\/diretoria-do-flamengo-liga-alerta-e-pode-ser-obrigada-a-fazer-contratacao-entenda\/#breadcrumb","itemListElement":[{"@type":"ListItem","position":1,"name":"Home","item":"https:\/\/www.gaveanews.com\/"},{"@type":"ListItem","position":2,"name":"Diretoria do Flamengo liga alerta e pode ser &#8216;obrigada&#8217; a fazer contrata\u00e7\u00e3o; entenda"}]},{"@type":"WebSite","@id":"https:\/\/www.gaveanews.com\/#website","url":"https:\/\/www.gaveanews.com\/","name":"G\u00e1vea News","description":"Veja todas as not\u00edcias sobre o Flamengo: Contrata\u00e7\u00f5es, categorias de base, resultados das partidas, tabela de classifica\u00e7\u00e3o, pr\u00f3ximos jogos!","potentialAction":[{"@type":"SearchAction","target":{"@type":"EntryPoint","urlTemplate":"https:\/\/www.gaveanews.com\/?s={search_term_string}"},"query-input":{"@type":"PropertyValueSpecification","valueRequired":true,"valueName":"search_term_string"}}],"inLanguage":"pt-BR"},{"@type":"Person","@id":"https:\/\/www.gaveanews.com\/#\/schema\/person\/2ec14f73fb96be2caf28f91afb14749d","name":"Equipe G\u00e1vea News","image":{"@type":"ImageObject","inLanguage":"pt-BR","@id":"https:\/\/www.gaveanews.com\/#\/schema\/person\/image\/","url":"https:\/\/secure.gravatar.com\/avatar\/1e1956f1facbffd3f8fa53a326721950116b3b9dc9bd44939c01180fd4a745a9?s=96&d=mm&r=g","contentUrl":"https:\/\/secure.gravatar.com\/avatar\/1e1956f1facbffd3f8fa53a326721950116b3b9dc9bd44939c01180fd4a745a9?s=96&d=mm&r=g","caption":"Equipe G\u00e1vea News"}}]}},"_links":{"self":[{"href":"https:\/\/www.gaveanews.com\/index.php\/wp-json\/wp\/v2\/posts\/97971","targetHints":{"allow":["GET"]}}],"collection":[{"href":"https:\/\/www.gaveanews.com\/index.php\/wp-json\/wp\/v2\/posts"}],"about":[{"href":"https:\/\/www.gaveanews.com\/index.php\/wp-json\/wp\/v2\/types\/post"}],"author":[{"embeddable":true,"href":"https:\/\/www.gaveanews.com\/index.php\/wp-json\/wp\/v2\/users\/1"}],"replies":[{"embeddable":true,"href":"https:\/\/www.gaveanews.com\/index.php\/wp-json\/wp\/v2\/comments?post=97971"}],"version-history":[{"count":0,"href":"https:\/\/www.gaveanews.com\/index.php\/wp-json\/wp\/v2\/posts\/97971\/revisions"}],"wp:featuredmedia":[{"embeddable":true,"href":"https:\/\/www.gaveanews.com\/index.php\/wp-json\/wp\/v2\/media\/75887"}],"wp:attachment":[{"href":"https:\/\/www.gaveanews.com\/index.php\/wp-json\/wp\/v2\/media?parent=97971"}],"wp:term":[{"taxonomy":"category","embeddable":true,"href":"https:\/\/www.gaveanews.com\/index.php\/wp-json\/wp\/v2\/categories?post=97971"},{"taxonomy":"post_tag","embeddable":true,"href":"https:\/\/www.gaveanews.com\/index.php\/wp-json\/wp\/v2\/tags?post=97971"}],"curies":[{"name":"wp","href":"https:\/\/api.w.org\/{rel}","templated":true}]}}