{"id":98025,"date":"2023-04-28T10:50:49","date_gmt":"2023-04-28T13:50:49","guid":{"rendered":"https:\/\/www.gaveanews.com\/?p=98025"},"modified":"2023-04-28T10:50:52","modified_gmt":"2023-04-28T13:50:52","slug":"jorge-sampaoli-eleva-nivel-de-cobranca-e-comando-no-flamengo-e-obtem-resposta-imediata","status":"publish","type":"post","link":"https:\/\/www.gaveanews.com\/index.php\/2023\/04\/28\/jorge-sampaoli-eleva-nivel-de-cobranca-e-comando-no-flamengo-e-obtem-resposta-imediata\/","title":{"rendered":"Jorge Sampaoli eleva n\u00edvel de cobran\u00e7a e comando no Flamengo e obt\u00e9m resposta imediata"},"content":{"rendered":"\n<p>O Flamengo completou 10 dias sob nova dire\u00e7\u00e3o. Com Sampaoli no comando, mais do que as vit\u00f3rias, voltou a confian\u00e7a dos jogadores, que deram resposta imediata \u00e0 um n\u00edvel elevado de cobran\u00e7a e comando. O cen\u00e1rio lembra um pouco o in\u00edcio de trabalho de Jorge Jesus em 2019.<\/p>\n\n\n\n<p>Em pouco tempo, o treinador argentino conseguiu implementar as suas ideias dentro e fora de campo. Al\u00e9m de recuperar a voca\u00e7\u00e3o ofensiva do Flamengo, introduziu pr\u00e1ticas disciplinares que devolveu o grupo aos eixos, saindo do ambiente \u00e0 deriva de V\u00edtor Pereira, que no fim n\u00e3o teve mais conte\u00fado.<\/p>\n\n\n\n<p>Entre elas, treinos em dias de jogo, treinos no dia seguinte aos jogos, a maioria deles pela manh\u00e3. Al\u00e9m disso, limitou a circula\u00e7\u00e3o de quem n\u00e3o pertence diretamente ao grupos de jogadores e comiss\u00e3o t\u00e9cnica no vesti\u00e1rio. Antes e depois das partidas, h\u00e1 restri\u00e7\u00e3o de funcion\u00e1rios e membros da diretoria.<\/p>\n\n\n\n<p>Outra pr\u00e1tica que tem dado resultado \u00e9 o est\u00edmulo \u00e0 competitividade dos atletas. N\u00e3o apenas com Gabigol e Pedro, que protagonizam duelo pelo protagonismo do time, mas o t\u00e9cnico procura testar e dar espa\u00e7o a todos os jogadores do Flamengo.<\/p>\n\n\n\n<p>A ideia \u00e9 em breve ampliar essa avalia\u00e7\u00e3o tamb\u00e9m a jovens oriundos da categoria de base. Com pouco tempo, Sampaoli n\u00e3o teve oportunidade de acompanhar a maioria deles de perto. Contudo, j\u00e1 relacionou alguns e tem lan\u00e7ado os j\u00e1 integrados aos poucos.<\/p>\n\n\n\n<p>Colocar os atletas em posi\u00e7\u00e3o na qual rende melhor tamb\u00e9m \u00e9 outro ponto que favorece o in\u00edcio positivo do treinador. Gerson \u00e9 o caso mais emblem\u00e1tico, mas titulares e reservas s\u00e3o usados no esquema de cada partida para potencializar suas qualidades.<\/p>\n\n\n\n<p>\u2014 <em>Penso que o time tem que melhorar futebolisticamente. O sistema, para mim, est\u00e1 em segundo plano <\/em>&#8211; avisou Sampaoli, mantendo o n\u00edvel de exig\u00eancia alto, e cobrando ainda mais contund\u00eancia depois de um 8 a 2.<\/p>\n\n\n\n<p>No domingo, o Flamengo ter\u00e1 o cl\u00e1ssico contra o Botafogo, pelo Brasileiro, para mostrar que a evolu\u00e7\u00e3o est\u00e1 s\u00f3 come\u00e7ando.<\/p>\n\n\n\n<p>Retirado de: Extra<\/p>\n","protected":false},"excerpt":{"rendered":"<p>O Flamengo completou 10 dias sob nova dire\u00e7\u00e3o. Com Sampaoli no comando, mais do que as vit\u00f3rias, voltou a confian\u00e7a dos jogadores, que deram resposta imediata \u00e0 um n\u00edvel elevado de cobran\u00e7a e comando. O cen\u00e1rio lembra um pouco o in\u00edcio de trabalho de Jorge Jesus em 2019. Em pouco tempo, o treinador argentino conseguiu [&hellip;]<\/p>\n","protected":false},"author":1,"featured_media":97930,"comment_status":"open","ping_status":"closed","sticky":false,"template":"","format":"standard","meta":{"footnotes":""},"categories":[1],"tags":[],"class_list":["post-98025","post","type-post","status-publish","format-standard","has-post-thumbnail","hentry","category-flamengo"],"yoast_head":"<!-- This site is optimized with the Yoast SEO Premium plugin v24.2 (Yoast SEO v26.9) - https:\/\/yoast.com\/product\/yoast-seo-premium-wordpress\/ -->\n<title>Jorge Sampaoli eleva n\u00edvel de cobran\u00e7a e comando no Flamengo e obt\u00e9m resposta imediata<\/title>\n<meta name=\"robots\" content=\"index, follow, max-snippet:-1, max-image-preview:large, max-video-preview:-1\" \/>\n<link rel=\"canonical\" href=\"https:\/\/www.gaveanews.com\/index.php\/2023\/04\/28\/jorge-sampaoli-eleva-nivel-de-cobranca-e-comando-no-flamengo-e-obtem-resposta-imediata\/\" \/>\n<meta property=\"og:locale\" content=\"pt_BR\" \/>\n<meta property=\"og:type\" content=\"article\" \/>\n<meta property=\"og:title\" content=\"Jorge Sampaoli eleva n\u00edvel de cobran\u00e7a e comando no Flamengo e obt\u00e9m resposta imediata\" \/>\n<meta property=\"og:description\" content=\"O Flamengo completou 10 dias sob nova dire\u00e7\u00e3o. Com Sampaoli no comando, mais do que as vit\u00f3rias, voltou a confian\u00e7a dos jogadores, que deram resposta imediata \u00e0 um n\u00edvel elevado de cobran\u00e7a e comando. O cen\u00e1rio lembra um pouco o in\u00edcio de trabalho de Jorge Jesus em 2019. Em pouco tempo, o treinador argentino conseguiu [&hellip;]\" \/>\n<meta property=\"og:url\" content=\"https:\/\/www.gaveanews.com\/index.php\/2023\/04\/28\/jorge-sampaoli-eleva-nivel-de-cobranca-e-comando-no-flamengo-e-obtem-resposta-imediata\/\" \/>\n<meta property=\"og:site_name\" content=\"G\u00e1vea News\" \/>\n<meta property=\"article:publisher\" content=\"https:\/\/facebook.com\/gaveaNews\/\" \/>\n<meta property=\"article:published_time\" content=\"2023-04-28T13:50:49+00:00\" \/>\n<meta property=\"article:modified_time\" content=\"2023-04-28T13:50:52+00:00\" \/>\n<meta property=\"og:image\" content=\"https:\/\/www.gaveanews.com\/wp-content\/uploads\/sampaoli-flamengo-copa-do-brasil-marica-maracana.webp\" \/>\n\t<meta property=\"og:image:width\" content=\"900\" \/>\n\t<meta property=\"og:image:height\" content=\"600\" \/>\n\t<meta property=\"og:image:type\" content=\"image\/jpeg\" \/>\n<meta name=\"author\" content=\"Equipe G\u00e1vea News\" \/>\n<meta name=\"twitter:card\" content=\"summary_large_image\" \/>\n<meta name=\"twitter:label1\" content=\"Escrito por\" \/>\n\t<meta name=\"twitter:data1\" content=\"Equipe G\u00e1vea News\" \/>\n\t<meta name=\"twitter:label2\" content=\"Est. tempo de leitura\" \/>\n\t<meta name=\"twitter:data2\" content=\"2 minutos\" \/>\n<script type=\"application\/ld+json\" class=\"yoast-schema-graph\">{\"@context\":\"https:\/\/schema.org\",\"@graph\":[{\"@type\":\"NewsArticle\",\"@id\":\"https:\/\/www.gaveanews.com\/index.php\/2023\/04\/28\/jorge-sampaoli-eleva-nivel-de-cobranca-e-comando-no-flamengo-e-obtem-resposta-imediata\/#article\",\"isPartOf\":{\"@id\":\"https:\/\/www.gaveanews.com\/index.php\/2023\/04\/28\/jorge-sampaoli-eleva-nivel-de-cobranca-e-comando-no-flamengo-e-obtem-resposta-imediata\/\"},\"author\":{\"name\":\"Equipe G\u00e1vea News\",\"@id\":\"https:\/\/www.gaveanews.com\/#\/schema\/person\/2ec14f73fb96be2caf28f91afb14749d\"},\"headline\":\"Jorge Sampaoli eleva n\u00edvel de cobran\u00e7a e comando no Flamengo e obt\u00e9m resposta imediata\",\"datePublished\":\"2023-04-28T13:50:49+00:00\",\"dateModified\":\"2023-04-28T13:50:52+00:00\",\"mainEntityOfPage\":{\"@id\":\"https:\/\/www.gaveanews.com\/index.php\/2023\/04\/28\/jorge-sampaoli-eleva-nivel-de-cobranca-e-comando-no-flamengo-e-obtem-resposta-imediata\/\"},\"wordCount\":375,\"commentCount\":0,\"image\":{\"@id\":\"https:\/\/www.gaveanews.com\/index.php\/2023\/04\/28\/jorge-sampaoli-eleva-nivel-de-cobranca-e-comando-no-flamengo-e-obtem-resposta-imediata\/#primaryimage\"},\"thumbnailUrl\":\"https:\/\/www.gaveanews.com\/wp-content\/uploads\/sampaoli-flamengo-copa-do-brasil-marica-maracana.webp\",\"articleSection\":[\"Flamengo\"],\"inLanguage\":\"pt-BR\",\"potentialAction\":[{\"@type\":\"CommentAction\",\"name\":\"Comment\",\"target\":[\"https:\/\/www.gaveanews.com\/index.php\/2023\/04\/28\/jorge-sampaoli-eleva-nivel-de-cobranca-e-comando-no-flamengo-e-obtem-resposta-imediata\/#respond\"]}],\"copyrightYear\":\"2023\",\"copyrightHolder\":{\"@id\":\"https:\/\/www.gaveanews.com\/#organization\"}},{\"@type\":\"WebPage\",\"@id\":\"https:\/\/www.gaveanews.com\/index.php\/2023\/04\/28\/jorge-sampaoli-eleva-nivel-de-cobranca-e-comando-no-flamengo-e-obtem-resposta-imediata\/\",\"url\":\"https:\/\/www.gaveanews.com\/index.php\/2023\/04\/28\/jorge-sampaoli-eleva-nivel-de-cobranca-e-comando-no-flamengo-e-obtem-resposta-imediata\/\",\"name\":\"Jorge Sampaoli eleva n\u00edvel de cobran\u00e7a e comando no Flamengo e obt\u00e9m resposta imediata\",\"isPartOf\":{\"@id\":\"https:\/\/www.gaveanews.com\/#website\"},\"primaryImageOfPage\":{\"@id\":\"https:\/\/www.gaveanews.com\/index.php\/2023\/04\/28\/jorge-sampaoli-eleva-nivel-de-cobranca-e-comando-no-flamengo-e-obtem-resposta-imediata\/#primaryimage\"},\"image\":{\"@id\":\"https:\/\/www.gaveanews.com\/index.php\/2023\/04\/28\/jorge-sampaoli-eleva-nivel-de-cobranca-e-comando-no-flamengo-e-obtem-resposta-imediata\/#primaryimage\"},\"thumbnailUrl\":\"https:\/\/www.gaveanews.com\/wp-content\/uploads\/sampaoli-flamengo-copa-do-brasil-marica-maracana.webp\",\"datePublished\":\"2023-04-28T13:50:49+00:00\",\"dateModified\":\"2023-04-28T13:50:52+00:00\",\"author\":{\"@id\":\"https:\/\/www.gaveanews.com\/#\/schema\/person\/2ec14f73fb96be2caf28f91afb14749d\"},\"breadcrumb\":{\"@id\":\"https:\/\/www.gaveanews.com\/index.php\/2023\/04\/28\/jorge-sampaoli-eleva-nivel-de-cobranca-e-comando-no-flamengo-e-obtem-resposta-imediata\/#breadcrumb\"},\"inLanguage\":\"pt-BR\",\"potentialAction\":[{\"@type\":\"ReadAction\",\"target\":[\"https:\/\/www.gaveanews.com\/index.php\/2023\/04\/28\/jorge-sampaoli-eleva-nivel-de-cobranca-e-comando-no-flamengo-e-obtem-resposta-imediata\/\"]}]},{\"@type\":\"ImageObject\",\"inLanguage\":\"pt-BR\",\"@id\":\"https:\/\/www.gaveanews.com\/index.php\/2023\/04\/28\/jorge-sampaoli-eleva-nivel-de-cobranca-e-comando-no-flamengo-e-obtem-resposta-imediata\/#primaryimage\",\"url\":\"https:\/\/www.gaveanews.com\/wp-content\/uploads\/sampaoli-flamengo-copa-do-brasil-marica-maracana.webp\",\"contentUrl\":\"https:\/\/www.gaveanews.com\/wp-content\/uploads\/sampaoli-flamengo-copa-do-brasil-marica-maracana.webp\",\"width\":900,\"height\":600,\"caption\":\"Sampaoli comanda o Flamengo no Maracan\u00e3 (Foto: Gilvan de Souza\/Flamengo)\"},{\"@type\":\"BreadcrumbList\",\"@id\":\"https:\/\/www.gaveanews.com\/index.php\/2023\/04\/28\/jorge-sampaoli-eleva-nivel-de-cobranca-e-comando-no-flamengo-e-obtem-resposta-imediata\/#breadcrumb\",\"itemListElement\":[{\"@type\":\"ListItem\",\"position\":1,\"name\":\"Home\",\"item\":\"https:\/\/www.gaveanews.com\/\"},{\"@type\":\"ListItem\",\"position\":2,\"name\":\"Jorge Sampaoli eleva n\u00edvel de cobran\u00e7a e comando no Flamengo e obt\u00e9m resposta imediata\"}]},{\"@type\":\"WebSite\",\"@id\":\"https:\/\/www.gaveanews.com\/#website\",\"url\":\"https:\/\/www.gaveanews.com\/\",\"name\":\"G\u00e1vea News\",\"description\":\"Veja todas as not\u00edcias sobre o Flamengo: Contrata\u00e7\u00f5es, categorias de base, resultados das partidas, tabela de classifica\u00e7\u00e3o, pr\u00f3ximos jogos!\",\"potentialAction\":[{\"@type\":\"SearchAction\",\"target\":{\"@type\":\"EntryPoint\",\"urlTemplate\":\"https:\/\/www.gaveanews.com\/?s={search_term_string}\"},\"query-input\":{\"@type\":\"PropertyValueSpecification\",\"valueRequired\":true,\"valueName\":\"search_term_string\"}}],\"inLanguage\":\"pt-BR\"},{\"@type\":\"Person\",\"@id\":\"https:\/\/www.gaveanews.com\/#\/schema\/person\/2ec14f73fb96be2caf28f91afb14749d\",\"name\":\"Equipe G\u00e1vea News\",\"image\":{\"@type\":\"ImageObject\",\"inLanguage\":\"pt-BR\",\"@id\":\"https:\/\/www.gaveanews.com\/#\/schema\/person\/image\/\",\"url\":\"https:\/\/secure.gravatar.com\/avatar\/1e1956f1facbffd3f8fa53a326721950116b3b9dc9bd44939c01180fd4a745a9?s=96&d=mm&r=g\",\"contentUrl\":\"https:\/\/secure.gravatar.com\/avatar\/1e1956f1facbffd3f8fa53a326721950116b3b9dc9bd44939c01180fd4a745a9?s=96&d=mm&r=g\",\"caption\":\"Equipe G\u00e1vea News\"}}]}<\/script>\n<!-- \/ Yoast SEO Premium plugin. -->","yoast_head_json":{"title":"Jorge Sampaoli eleva n\u00edvel de cobran\u00e7a e comando no Flamengo e obt\u00e9m resposta imediata","robots":{"index":"index","follow":"follow","max-snippet":"max-snippet:-1","max-image-preview":"max-image-preview:large","max-video-preview":"max-video-preview:-1"},"canonical":"https:\/\/www.gaveanews.com\/index.php\/2023\/04\/28\/jorge-sampaoli-eleva-nivel-de-cobranca-e-comando-no-flamengo-e-obtem-resposta-imediata\/","og_locale":"pt_BR","og_type":"article","og_title":"Jorge Sampaoli eleva n\u00edvel de cobran\u00e7a e comando no Flamengo e obt\u00e9m resposta imediata","og_description":"O Flamengo completou 10 dias sob nova dire\u00e7\u00e3o. Com Sampaoli no comando, mais do que as vit\u00f3rias, voltou a confian\u00e7a dos jogadores, que deram resposta imediata \u00e0 um n\u00edvel elevado de cobran\u00e7a e comando. O cen\u00e1rio lembra um pouco o in\u00edcio de trabalho de Jorge Jesus em 2019. Em pouco tempo, o treinador argentino conseguiu [&hellip;]","og_url":"https:\/\/www.gaveanews.com\/index.php\/2023\/04\/28\/jorge-sampaoli-eleva-nivel-de-cobranca-e-comando-no-flamengo-e-obtem-resposta-imediata\/","og_site_name":"G\u00e1vea News","article_publisher":"https:\/\/facebook.com\/gaveaNews\/","article_published_time":"2023-04-28T13:50:49+00:00","article_modified_time":"2023-04-28T13:50:52+00:00","og_image":[{"width":900,"height":600,"url":"https:\/\/www.gaveanews.com\/wp-content\/uploads\/sampaoli-flamengo-copa-do-brasil-marica-maracana.webp","type":"image\/jpeg"}],"author":"Equipe G\u00e1vea News","twitter_card":"summary_large_image","twitter_misc":{"Escrito por":"Equipe G\u00e1vea News","Est. tempo de leitura":"2 minutos"},"schema":{"@context":"https:\/\/schema.org","@graph":[{"@type":"NewsArticle","@id":"https:\/\/www.gaveanews.com\/index.php\/2023\/04\/28\/jorge-sampaoli-eleva-nivel-de-cobranca-e-comando-no-flamengo-e-obtem-resposta-imediata\/#article","isPartOf":{"@id":"https:\/\/www.gaveanews.com\/index.php\/2023\/04\/28\/jorge-sampaoli-eleva-nivel-de-cobranca-e-comando-no-flamengo-e-obtem-resposta-imediata\/"},"author":{"name":"Equipe G\u00e1vea News","@id":"https:\/\/www.gaveanews.com\/#\/schema\/person\/2ec14f73fb96be2caf28f91afb14749d"},"headline":"Jorge Sampaoli eleva n\u00edvel de cobran\u00e7a e comando no Flamengo e obt\u00e9m resposta imediata","datePublished":"2023-04-28T13:50:49+00:00","dateModified":"2023-04-28T13:50:52+00:00","mainEntityOfPage":{"@id":"https:\/\/www.gaveanews.com\/index.php\/2023\/04\/28\/jorge-sampaoli-eleva-nivel-de-cobranca-e-comando-no-flamengo-e-obtem-resposta-imediata\/"},"wordCount":375,"commentCount":0,"image":{"@id":"https:\/\/www.gaveanews.com\/index.php\/2023\/04\/28\/jorge-sampaoli-eleva-nivel-de-cobranca-e-comando-no-flamengo-e-obtem-resposta-imediata\/#primaryimage"},"thumbnailUrl":"https:\/\/www.gaveanews.com\/wp-content\/uploads\/sampaoli-flamengo-copa-do-brasil-marica-maracana.webp","articleSection":["Flamengo"],"inLanguage":"pt-BR","potentialAction":[{"@type":"CommentAction","name":"Comment","target":["https:\/\/www.gaveanews.com\/index.php\/2023\/04\/28\/jorge-sampaoli-eleva-nivel-de-cobranca-e-comando-no-flamengo-e-obtem-resposta-imediata\/#respond"]}],"copyrightYear":"2023","copyrightHolder":{"@id":"https:\/\/www.gaveanews.com\/#organization"}},{"@type":"WebPage","@id":"https:\/\/www.gaveanews.com\/index.php\/2023\/04\/28\/jorge-sampaoli-eleva-nivel-de-cobranca-e-comando-no-flamengo-e-obtem-resposta-imediata\/","url":"https:\/\/www.gaveanews.com\/index.php\/2023\/04\/28\/jorge-sampaoli-eleva-nivel-de-cobranca-e-comando-no-flamengo-e-obtem-resposta-imediata\/","name":"Jorge Sampaoli eleva n\u00edvel de cobran\u00e7a e comando no Flamengo e obt\u00e9m resposta imediata","isPartOf":{"@id":"https:\/\/www.gaveanews.com\/#website"},"primaryImageOfPage":{"@id":"https:\/\/www.gaveanews.com\/index.php\/2023\/04\/28\/jorge-sampaoli-eleva-nivel-de-cobranca-e-comando-no-flamengo-e-obtem-resposta-imediata\/#primaryimage"},"image":{"@id":"https:\/\/www.gaveanews.com\/index.php\/2023\/04\/28\/jorge-sampaoli-eleva-nivel-de-cobranca-e-comando-no-flamengo-e-obtem-resposta-imediata\/#primaryimage"},"thumbnailUrl":"https:\/\/www.gaveanews.com\/wp-content\/uploads\/sampaoli-flamengo-copa-do-brasil-marica-maracana.webp","datePublished":"2023-04-28T13:50:49+00:00","dateModified":"2023-04-28T13:50:52+00:00","author":{"@id":"https:\/\/www.gaveanews.com\/#\/schema\/person\/2ec14f73fb96be2caf28f91afb14749d"},"breadcrumb":{"@id":"https:\/\/www.gaveanews.com\/index.php\/2023\/04\/28\/jorge-sampaoli-eleva-nivel-de-cobranca-e-comando-no-flamengo-e-obtem-resposta-imediata\/#breadcrumb"},"inLanguage":"pt-BR","potentialAction":[{"@type":"ReadAction","target":["https:\/\/www.gaveanews.com\/index.php\/2023\/04\/28\/jorge-sampaoli-eleva-nivel-de-cobranca-e-comando-no-flamengo-e-obtem-resposta-imediata\/"]}]},{"@type":"ImageObject","inLanguage":"pt-BR","@id":"https:\/\/www.gaveanews.com\/index.php\/2023\/04\/28\/jorge-sampaoli-eleva-nivel-de-cobranca-e-comando-no-flamengo-e-obtem-resposta-imediata\/#primaryimage","url":"https:\/\/www.gaveanews.com\/wp-content\/uploads\/sampaoli-flamengo-copa-do-brasil-marica-maracana.webp","contentUrl":"https:\/\/www.gaveanews.com\/wp-content\/uploads\/sampaoli-flamengo-copa-do-brasil-marica-maracana.webp","width":900,"height":600,"caption":"Sampaoli comanda o Flamengo no Maracan\u00e3 (Foto: Gilvan de Souza\/Flamengo)"},{"@type":"BreadcrumbList","@id":"https:\/\/www.gaveanews.com\/index.php\/2023\/04\/28\/jorge-sampaoli-eleva-nivel-de-cobranca-e-comando-no-flamengo-e-obtem-resposta-imediata\/#breadcrumb","itemListElement":[{"@type":"ListItem","position":1,"name":"Home","item":"https:\/\/www.gaveanews.com\/"},{"@type":"ListItem","position":2,"name":"Jorge Sampaoli eleva n\u00edvel de cobran\u00e7a e comando no Flamengo e obt\u00e9m resposta imediata"}]},{"@type":"WebSite","@id":"https:\/\/www.gaveanews.com\/#website","url":"https:\/\/www.gaveanews.com\/","name":"G\u00e1vea News","description":"Veja todas as not\u00edcias sobre o Flamengo: Contrata\u00e7\u00f5es, categorias de base, resultados das partidas, tabela de classifica\u00e7\u00e3o, pr\u00f3ximos jogos!","potentialAction":[{"@type":"SearchAction","target":{"@type":"EntryPoint","urlTemplate":"https:\/\/www.gaveanews.com\/?s={search_term_string}"},"query-input":{"@type":"PropertyValueSpecification","valueRequired":true,"valueName":"search_term_string"}}],"inLanguage":"pt-BR"},{"@type":"Person","@id":"https:\/\/www.gaveanews.com\/#\/schema\/person\/2ec14f73fb96be2caf28f91afb14749d","name":"Equipe G\u00e1vea News","image":{"@type":"ImageObject","inLanguage":"pt-BR","@id":"https:\/\/www.gaveanews.com\/#\/schema\/person\/image\/","url":"https:\/\/secure.gravatar.com\/avatar\/1e1956f1facbffd3f8fa53a326721950116b3b9dc9bd44939c01180fd4a745a9?s=96&d=mm&r=g","contentUrl":"https:\/\/secure.gravatar.com\/avatar\/1e1956f1facbffd3f8fa53a326721950116b3b9dc9bd44939c01180fd4a745a9?s=96&d=mm&r=g","caption":"Equipe G\u00e1vea News"}}]}},"_links":{"self":[{"href":"https:\/\/www.gaveanews.com\/index.php\/wp-json\/wp\/v2\/posts\/98025","targetHints":{"allow":["GET"]}}],"collection":[{"href":"https:\/\/www.gaveanews.com\/index.php\/wp-json\/wp\/v2\/posts"}],"about":[{"href":"https:\/\/www.gaveanews.com\/index.php\/wp-json\/wp\/v2\/types\/post"}],"author":[{"embeddable":true,"href":"https:\/\/www.gaveanews.com\/index.php\/wp-json\/wp\/v2\/users\/1"}],"replies":[{"embeddable":true,"href":"https:\/\/www.gaveanews.com\/index.php\/wp-json\/wp\/v2\/comments?post=98025"}],"version-history":[{"count":0,"href":"https:\/\/www.gaveanews.com\/index.php\/wp-json\/wp\/v2\/posts\/98025\/revisions"}],"wp:featuredmedia":[{"embeddable":true,"href":"https:\/\/www.gaveanews.com\/index.php\/wp-json\/wp\/v2\/media\/97930"}],"wp:attachment":[{"href":"https:\/\/www.gaveanews.com\/index.php\/wp-json\/wp\/v2\/media?parent=98025"}],"wp:term":[{"taxonomy":"category","embeddable":true,"href":"https:\/\/www.gaveanews.com\/index.php\/wp-json\/wp\/v2\/categories?post=98025"},{"taxonomy":"post_tag","embeddable":true,"href":"https:\/\/www.gaveanews.com\/index.php\/wp-json\/wp\/v2\/tags?post=98025"}],"curies":[{"name":"wp","href":"https:\/\/api.w.org\/{rel}","templated":true}]}}