{"id":98072,"date":"2023-04-29T13:37:02","date_gmt":"2023-04-29T16:37:02","guid":{"rendered":"https:\/\/www.gaveanews.com\/?p=98072"},"modified":"2023-04-29T13:37:05","modified_gmt":"2023-04-29T16:37:05","slug":"flamengo-tem-interesse-em-jogador-do-river-plate","status":"publish","type":"post","link":"https:\/\/www.gaveanews.com\/index.php\/2023\/04\/29\/flamengo-tem-interesse-em-jogador-do-river-plate\/","title":{"rendered":"Flamengo tem interesse em jogador do River Plate"},"content":{"rendered":"\n<p>Antes de mais nada, o Flamengo est\u00e1 em busca de um lateral-esquerdo no mercado da bola. A diretoria rubro-negra est\u00e1 trabalhando para refor\u00e7ar o setor que \u00e9 considerado carente pela comiss\u00e3o t\u00e9cnica e, principalmente, por Jorge Sampaoli.<\/p>\n\n\n\n<p>O site Torcedores apurou que o Flamengo tem interesse na contrata\u00e7\u00e3o de Enzo D\u00edaz, do River Plate, da Argentina. Ele \u00e9 visto pelo treinador como uma boa alternativa para disputar posi\u00e7\u00e3o com Ayrton Lucas. Isso porque, Filipe Lu\u00eds n\u00e3o tem previs\u00e3o de retorno aos gramados.<\/p>\n\n\n\n<p>O veterano se recupera de les\u00e3o muscular. O camisa 16 n\u00e3o disputa uma partida oficial desde o dia 9 de abril, quando o Flamengo foi goleado por 4 a 1 pelo Fluminense no segundo jogo da decis\u00e3o do Campeonato Carioca.<\/p>\n\n\n<div class=\"wp-block-image\">\n<figure class=\"aligncenter size-large\"><img decoding=\"async\" src=\"https:\/\/static-wp-tor15-prd.torcedores.com\/wp-content\/uploads\/2023\/04\/flamengo-river-plate-argentina-lateral-esquerdo-enzo-diaz-brasileirao-serie-a-2023-729x486.webp\" alt=\"\"\/><figcaption class=\"wp-element-caption\">(Foto: Divulga\u00e7\u00e3o\/River Plate)<\/figcaption><\/figure>\n<\/div>\n\n\n<p>O Flamengo vem buscando informa\u00e7\u00f5es sobre Enzo D\u00edaz, mas ainda n\u00e3o apresentou uma oferta formal ao clube argentino. O vice-presidente de futebol Marcos Braz fez uma consulta ao estafe do jogador que demonstrou interesse em ouvir a proposta rubro-negra.<\/p>\n\n\n\n<p>Ainda segundo apurou a reportagem, Enzo D\u00edaz tem contrato com o River Plate at\u00e9 dezembro de 2025. A multa rescis\u00f3ria \u00e9 de US$ 20 milh\u00f5es (R$ 99,7 milh\u00f5es, na cota\u00e7\u00e3o atual). Apesar do interesse, a diretoria rubro-negra n\u00e3o pretende empenhar esse montante para contrat\u00e1-lo.<\/p>\n\n\n\n<p>A janela de transfer\u00eancias no Brasil est\u00e1 fechada. Por isso, o Flamengo monitora o atleta de 27 anos a fim de formalizar uma oferta nos pr\u00f3ximos dias. Enzo D\u00edaz \u00e9 um velho conhecido de Jorge Sampaoli que tentou leva-lo para o Sevilla antes de regressar ao futebol brasileiro.<\/p>\n\n\n\n<h2 class=\"wp-block-heading\" id=\"h-a-carreira-de-enzo-diaz\">A carreira de Enzo D\u00edaz<\/h2>\n\n\n\n<p>Nascido em Buenos Aires, na Argentina, Enzo Hern\u00e1n D\u00edaz foi revelado nas divis\u00f5es de base do Agropecu\u00e1rio em 2016. Tr\u00eas anos depois, ele se transferiu para o Talleres onde se destacou. Posteriormente, em 2021, foi contratado pelo River Plate. Desde ent\u00e3o, disputou 50 jogos, marcou 2 gols e fez 4 assist\u00eancias.<\/p>\n\n\n\n<p>Retirado de: Torcedores<\/p>\n","protected":false},"excerpt":{"rendered":"<p>Antes de mais nada, o Flamengo est\u00e1 em busca de um lateral-esquerdo no mercado da bola. A diretoria rubro-negra est\u00e1 trabalhando para refor\u00e7ar o setor que \u00e9 considerado carente pela comiss\u00e3o t\u00e9cnica e, principalmente, por Jorge Sampaoli. O site Torcedores apurou que o Flamengo tem interesse na contrata\u00e7\u00e3o de Enzo D\u00edaz, do River Plate, da [&hellip;]<\/p>\n","protected":false},"author":1,"featured_media":66783,"comment_status":"open","ping_status":"closed","sticky":false,"template":"","format":"standard","meta":{"footnotes":""},"categories":[48],"tags":[],"class_list":["post-98072","post","type-post","status-publish","format-standard","has-post-thumbnail","hentry","category-negociacoes"],"yoast_head":"<!-- This site is optimized with the Yoast SEO Premium plugin v24.2 (Yoast SEO v26.9) - https:\/\/yoast.com\/product\/yoast-seo-premium-wordpress\/ -->\n<title>Flamengo tem interesse em jogador do River Plate<\/title>\n<meta name=\"robots\" content=\"index, follow, max-snippet:-1, max-image-preview:large, max-video-preview:-1\" \/>\n<link rel=\"canonical\" href=\"https:\/\/www.gaveanews.com\/index.php\/2023\/04\/29\/flamengo-tem-interesse-em-jogador-do-river-plate\/\" \/>\n<meta property=\"og:locale\" content=\"pt_BR\" \/>\n<meta property=\"og:type\" content=\"article\" \/>\n<meta property=\"og:title\" content=\"Flamengo tem interesse em jogador do River Plate\" \/>\n<meta property=\"og:description\" content=\"Antes de mais nada, o Flamengo est\u00e1 em busca de um lateral-esquerdo no mercado da bola. A diretoria rubro-negra est\u00e1 trabalhando para refor\u00e7ar o setor que \u00e9 considerado carente pela comiss\u00e3o t\u00e9cnica e, principalmente, por Jorge Sampaoli. O site Torcedores apurou que o Flamengo tem interesse na contrata\u00e7\u00e3o de Enzo D\u00edaz, do River Plate, da [&hellip;]\" \/>\n<meta property=\"og:url\" content=\"https:\/\/www.gaveanews.com\/index.php\/2023\/04\/29\/flamengo-tem-interesse-em-jogador-do-river-plate\/\" \/>\n<meta property=\"og:site_name\" content=\"G\u00e1vea News\" \/>\n<meta property=\"article:publisher\" content=\"https:\/\/facebook.com\/gaveaNews\/\" \/>\n<meta property=\"article:published_time\" content=\"2023-04-29T16:37:02+00:00\" \/>\n<meta property=\"article:modified_time\" content=\"2023-04-29T16:37:05+00:00\" \/>\n<meta property=\"og:image\" content=\"https:\/\/www.gaveanews.com\/wp-content\/uploads\/Marcos-Braz-em-entrevista-coletiva-no-Ninho-do-Urubu-1.webp\" \/>\n\t<meta property=\"og:image:width\" content=\"799\" \/>\n\t<meta property=\"og:image:height\" content=\"532\" \/>\n\t<meta property=\"og:image:type\" content=\"image\/jpeg\" \/>\n<meta name=\"author\" content=\"Equipe G\u00e1vea News\" \/>\n<meta name=\"twitter:card\" content=\"summary_large_image\" \/>\n<meta name=\"twitter:label1\" content=\"Escrito por\" \/>\n\t<meta name=\"twitter:data1\" content=\"Equipe G\u00e1vea News\" \/>\n\t<meta name=\"twitter:label2\" content=\"Est. tempo de leitura\" \/>\n\t<meta name=\"twitter:data2\" content=\"2 minutos\" \/>\n<script type=\"application\/ld+json\" class=\"yoast-schema-graph\">{\"@context\":\"https:\/\/schema.org\",\"@graph\":[{\"@type\":\"NewsArticle\",\"@id\":\"https:\/\/www.gaveanews.com\/index.php\/2023\/04\/29\/flamengo-tem-interesse-em-jogador-do-river-plate\/#article\",\"isPartOf\":{\"@id\":\"https:\/\/www.gaveanews.com\/index.php\/2023\/04\/29\/flamengo-tem-interesse-em-jogador-do-river-plate\/\"},\"author\":{\"name\":\"Equipe G\u00e1vea News\",\"@id\":\"https:\/\/www.gaveanews.com\/#\/schema\/person\/2ec14f73fb96be2caf28f91afb14749d\"},\"headline\":\"Flamengo tem interesse em jogador do River Plate\",\"datePublished\":\"2023-04-29T16:37:02+00:00\",\"dateModified\":\"2023-04-29T16:37:05+00:00\",\"mainEntityOfPage\":{\"@id\":\"https:\/\/www.gaveanews.com\/index.php\/2023\/04\/29\/flamengo-tem-interesse-em-jogador-do-river-plate\/\"},\"wordCount\":341,\"commentCount\":0,\"image\":{\"@id\":\"https:\/\/www.gaveanews.com\/index.php\/2023\/04\/29\/flamengo-tem-interesse-em-jogador-do-river-plate\/#primaryimage\"},\"thumbnailUrl\":\"https:\/\/www.gaveanews.com\/wp-content\/uploads\/Marcos-Braz-em-entrevista-coletiva-no-Ninho-do-Urubu-1.webp\",\"articleSection\":[\"Negocia\u00e7\u00f5es\"],\"inLanguage\":\"pt-BR\",\"potentialAction\":[{\"@type\":\"CommentAction\",\"name\":\"Comment\",\"target\":[\"https:\/\/www.gaveanews.com\/index.php\/2023\/04\/29\/flamengo-tem-interesse-em-jogador-do-river-plate\/#respond\"]}],\"copyrightYear\":\"2023\",\"copyrightHolder\":{\"@id\":\"https:\/\/www.gaveanews.com\/#organization\"}},{\"@type\":\"WebPage\",\"@id\":\"https:\/\/www.gaveanews.com\/index.php\/2023\/04\/29\/flamengo-tem-interesse-em-jogador-do-river-plate\/\",\"url\":\"https:\/\/www.gaveanews.com\/index.php\/2023\/04\/29\/flamengo-tem-interesse-em-jogador-do-river-plate\/\",\"name\":\"Flamengo tem interesse em jogador do River Plate\",\"isPartOf\":{\"@id\":\"https:\/\/www.gaveanews.com\/#website\"},\"primaryImageOfPage\":{\"@id\":\"https:\/\/www.gaveanews.com\/index.php\/2023\/04\/29\/flamengo-tem-interesse-em-jogador-do-river-plate\/#primaryimage\"},\"image\":{\"@id\":\"https:\/\/www.gaveanews.com\/index.php\/2023\/04\/29\/flamengo-tem-interesse-em-jogador-do-river-plate\/#primaryimage\"},\"thumbnailUrl\":\"https:\/\/www.gaveanews.com\/wp-content\/uploads\/Marcos-Braz-em-entrevista-coletiva-no-Ninho-do-Urubu-1.webp\",\"datePublished\":\"2023-04-29T16:37:02+00:00\",\"dateModified\":\"2023-04-29T16:37:05+00:00\",\"author\":{\"@id\":\"https:\/\/www.gaveanews.com\/#\/schema\/person\/2ec14f73fb96be2caf28f91afb14749d\"},\"breadcrumb\":{\"@id\":\"https:\/\/www.gaveanews.com\/index.php\/2023\/04\/29\/flamengo-tem-interesse-em-jogador-do-river-plate\/#breadcrumb\"},\"inLanguage\":\"pt-BR\",\"potentialAction\":[{\"@type\":\"ReadAction\",\"target\":[\"https:\/\/www.gaveanews.com\/index.php\/2023\/04\/29\/flamengo-tem-interesse-em-jogador-do-river-plate\/\"]}]},{\"@type\":\"ImageObject\",\"inLanguage\":\"pt-BR\",\"@id\":\"https:\/\/www.gaveanews.com\/index.php\/2023\/04\/29\/flamengo-tem-interesse-em-jogador-do-river-plate\/#primaryimage\",\"url\":\"https:\/\/www.gaveanews.com\/wp-content\/uploads\/Marcos-Braz-em-entrevista-coletiva-no-Ninho-do-Urubu-1.webp\",\"contentUrl\":\"https:\/\/www.gaveanews.com\/wp-content\/uploads\/Marcos-Braz-em-entrevista-coletiva-no-Ninho-do-Urubu-1.webp\",\"width\":799,\"height\":532,\"caption\":\"Marcos Braz em entrevista coletiva no Ninho do Urubu (Foto: Alexandre Vidal\/Flamengo)\"},{\"@type\":\"BreadcrumbList\",\"@id\":\"https:\/\/www.gaveanews.com\/index.php\/2023\/04\/29\/flamengo-tem-interesse-em-jogador-do-river-plate\/#breadcrumb\",\"itemListElement\":[{\"@type\":\"ListItem\",\"position\":1,\"name\":\"Home\",\"item\":\"https:\/\/www.gaveanews.com\/\"},{\"@type\":\"ListItem\",\"position\":2,\"name\":\"Flamengo tem interesse em jogador do River Plate\"}]},{\"@type\":\"WebSite\",\"@id\":\"https:\/\/www.gaveanews.com\/#website\",\"url\":\"https:\/\/www.gaveanews.com\/\",\"name\":\"G\u00e1vea News\",\"description\":\"Veja todas as not\u00edcias sobre o Flamengo: Contrata\u00e7\u00f5es, categorias de base, resultados das partidas, tabela de classifica\u00e7\u00e3o, pr\u00f3ximos jogos!\",\"potentialAction\":[{\"@type\":\"SearchAction\",\"target\":{\"@type\":\"EntryPoint\",\"urlTemplate\":\"https:\/\/www.gaveanews.com\/?s={search_term_string}\"},\"query-input\":{\"@type\":\"PropertyValueSpecification\",\"valueRequired\":true,\"valueName\":\"search_term_string\"}}],\"inLanguage\":\"pt-BR\"},{\"@type\":\"Person\",\"@id\":\"https:\/\/www.gaveanews.com\/#\/schema\/person\/2ec14f73fb96be2caf28f91afb14749d\",\"name\":\"Equipe G\u00e1vea News\",\"image\":{\"@type\":\"ImageObject\",\"inLanguage\":\"pt-BR\",\"@id\":\"https:\/\/www.gaveanews.com\/#\/schema\/person\/image\/\",\"url\":\"https:\/\/secure.gravatar.com\/avatar\/1e1956f1facbffd3f8fa53a326721950116b3b9dc9bd44939c01180fd4a745a9?s=96&d=mm&r=g\",\"contentUrl\":\"https:\/\/secure.gravatar.com\/avatar\/1e1956f1facbffd3f8fa53a326721950116b3b9dc9bd44939c01180fd4a745a9?s=96&d=mm&r=g\",\"caption\":\"Equipe G\u00e1vea News\"}}]}<\/script>\n<!-- \/ Yoast SEO Premium plugin. -->","yoast_head_json":{"title":"Flamengo tem interesse em jogador do River Plate","robots":{"index":"index","follow":"follow","max-snippet":"max-snippet:-1","max-image-preview":"max-image-preview:large","max-video-preview":"max-video-preview:-1"},"canonical":"https:\/\/www.gaveanews.com\/index.php\/2023\/04\/29\/flamengo-tem-interesse-em-jogador-do-river-plate\/","og_locale":"pt_BR","og_type":"article","og_title":"Flamengo tem interesse em jogador do River Plate","og_description":"Antes de mais nada, o Flamengo est\u00e1 em busca de um lateral-esquerdo no mercado da bola. A diretoria rubro-negra est\u00e1 trabalhando para refor\u00e7ar o setor que \u00e9 considerado carente pela comiss\u00e3o t\u00e9cnica e, principalmente, por Jorge Sampaoli. O site Torcedores apurou que o Flamengo tem interesse na contrata\u00e7\u00e3o de Enzo D\u00edaz, do River Plate, da [&hellip;]","og_url":"https:\/\/www.gaveanews.com\/index.php\/2023\/04\/29\/flamengo-tem-interesse-em-jogador-do-river-plate\/","og_site_name":"G\u00e1vea News","article_publisher":"https:\/\/facebook.com\/gaveaNews\/","article_published_time":"2023-04-29T16:37:02+00:00","article_modified_time":"2023-04-29T16:37:05+00:00","og_image":[{"width":799,"height":532,"url":"https:\/\/www.gaveanews.com\/wp-content\/uploads\/Marcos-Braz-em-entrevista-coletiva-no-Ninho-do-Urubu-1.webp","type":"image\/jpeg"}],"author":"Equipe G\u00e1vea News","twitter_card":"summary_large_image","twitter_misc":{"Escrito por":"Equipe G\u00e1vea News","Est. tempo de leitura":"2 minutos"},"schema":{"@context":"https:\/\/schema.org","@graph":[{"@type":"NewsArticle","@id":"https:\/\/www.gaveanews.com\/index.php\/2023\/04\/29\/flamengo-tem-interesse-em-jogador-do-river-plate\/#article","isPartOf":{"@id":"https:\/\/www.gaveanews.com\/index.php\/2023\/04\/29\/flamengo-tem-interesse-em-jogador-do-river-plate\/"},"author":{"name":"Equipe G\u00e1vea News","@id":"https:\/\/www.gaveanews.com\/#\/schema\/person\/2ec14f73fb96be2caf28f91afb14749d"},"headline":"Flamengo tem interesse em jogador do River Plate","datePublished":"2023-04-29T16:37:02+00:00","dateModified":"2023-04-29T16:37:05+00:00","mainEntityOfPage":{"@id":"https:\/\/www.gaveanews.com\/index.php\/2023\/04\/29\/flamengo-tem-interesse-em-jogador-do-river-plate\/"},"wordCount":341,"commentCount":0,"image":{"@id":"https:\/\/www.gaveanews.com\/index.php\/2023\/04\/29\/flamengo-tem-interesse-em-jogador-do-river-plate\/#primaryimage"},"thumbnailUrl":"https:\/\/www.gaveanews.com\/wp-content\/uploads\/Marcos-Braz-em-entrevista-coletiva-no-Ninho-do-Urubu-1.webp","articleSection":["Negocia\u00e7\u00f5es"],"inLanguage":"pt-BR","potentialAction":[{"@type":"CommentAction","name":"Comment","target":["https:\/\/www.gaveanews.com\/index.php\/2023\/04\/29\/flamengo-tem-interesse-em-jogador-do-river-plate\/#respond"]}],"copyrightYear":"2023","copyrightHolder":{"@id":"https:\/\/www.gaveanews.com\/#organization"}},{"@type":"WebPage","@id":"https:\/\/www.gaveanews.com\/index.php\/2023\/04\/29\/flamengo-tem-interesse-em-jogador-do-river-plate\/","url":"https:\/\/www.gaveanews.com\/index.php\/2023\/04\/29\/flamengo-tem-interesse-em-jogador-do-river-plate\/","name":"Flamengo tem interesse em jogador do River Plate","isPartOf":{"@id":"https:\/\/www.gaveanews.com\/#website"},"primaryImageOfPage":{"@id":"https:\/\/www.gaveanews.com\/index.php\/2023\/04\/29\/flamengo-tem-interesse-em-jogador-do-river-plate\/#primaryimage"},"image":{"@id":"https:\/\/www.gaveanews.com\/index.php\/2023\/04\/29\/flamengo-tem-interesse-em-jogador-do-river-plate\/#primaryimage"},"thumbnailUrl":"https:\/\/www.gaveanews.com\/wp-content\/uploads\/Marcos-Braz-em-entrevista-coletiva-no-Ninho-do-Urubu-1.webp","datePublished":"2023-04-29T16:37:02+00:00","dateModified":"2023-04-29T16:37:05+00:00","author":{"@id":"https:\/\/www.gaveanews.com\/#\/schema\/person\/2ec14f73fb96be2caf28f91afb14749d"},"breadcrumb":{"@id":"https:\/\/www.gaveanews.com\/index.php\/2023\/04\/29\/flamengo-tem-interesse-em-jogador-do-river-plate\/#breadcrumb"},"inLanguage":"pt-BR","potentialAction":[{"@type":"ReadAction","target":["https:\/\/www.gaveanews.com\/index.php\/2023\/04\/29\/flamengo-tem-interesse-em-jogador-do-river-plate\/"]}]},{"@type":"ImageObject","inLanguage":"pt-BR","@id":"https:\/\/www.gaveanews.com\/index.php\/2023\/04\/29\/flamengo-tem-interesse-em-jogador-do-river-plate\/#primaryimage","url":"https:\/\/www.gaveanews.com\/wp-content\/uploads\/Marcos-Braz-em-entrevista-coletiva-no-Ninho-do-Urubu-1.webp","contentUrl":"https:\/\/www.gaveanews.com\/wp-content\/uploads\/Marcos-Braz-em-entrevista-coletiva-no-Ninho-do-Urubu-1.webp","width":799,"height":532,"caption":"Marcos Braz em entrevista coletiva no Ninho do Urubu (Foto: Alexandre Vidal\/Flamengo)"},{"@type":"BreadcrumbList","@id":"https:\/\/www.gaveanews.com\/index.php\/2023\/04\/29\/flamengo-tem-interesse-em-jogador-do-river-plate\/#breadcrumb","itemListElement":[{"@type":"ListItem","position":1,"name":"Home","item":"https:\/\/www.gaveanews.com\/"},{"@type":"ListItem","position":2,"name":"Flamengo tem interesse em jogador do River Plate"}]},{"@type":"WebSite","@id":"https:\/\/www.gaveanews.com\/#website","url":"https:\/\/www.gaveanews.com\/","name":"G\u00e1vea News","description":"Veja todas as not\u00edcias sobre o Flamengo: Contrata\u00e7\u00f5es, categorias de base, resultados das partidas, tabela de classifica\u00e7\u00e3o, pr\u00f3ximos jogos!","potentialAction":[{"@type":"SearchAction","target":{"@type":"EntryPoint","urlTemplate":"https:\/\/www.gaveanews.com\/?s={search_term_string}"},"query-input":{"@type":"PropertyValueSpecification","valueRequired":true,"valueName":"search_term_string"}}],"inLanguage":"pt-BR"},{"@type":"Person","@id":"https:\/\/www.gaveanews.com\/#\/schema\/person\/2ec14f73fb96be2caf28f91afb14749d","name":"Equipe G\u00e1vea News","image":{"@type":"ImageObject","inLanguage":"pt-BR","@id":"https:\/\/www.gaveanews.com\/#\/schema\/person\/image\/","url":"https:\/\/secure.gravatar.com\/avatar\/1e1956f1facbffd3f8fa53a326721950116b3b9dc9bd44939c01180fd4a745a9?s=96&d=mm&r=g","contentUrl":"https:\/\/secure.gravatar.com\/avatar\/1e1956f1facbffd3f8fa53a326721950116b3b9dc9bd44939c01180fd4a745a9?s=96&d=mm&r=g","caption":"Equipe G\u00e1vea News"}}]}},"_links":{"self":[{"href":"https:\/\/www.gaveanews.com\/index.php\/wp-json\/wp\/v2\/posts\/98072","targetHints":{"allow":["GET"]}}],"collection":[{"href":"https:\/\/www.gaveanews.com\/index.php\/wp-json\/wp\/v2\/posts"}],"about":[{"href":"https:\/\/www.gaveanews.com\/index.php\/wp-json\/wp\/v2\/types\/post"}],"author":[{"embeddable":true,"href":"https:\/\/www.gaveanews.com\/index.php\/wp-json\/wp\/v2\/users\/1"}],"replies":[{"embeddable":true,"href":"https:\/\/www.gaveanews.com\/index.php\/wp-json\/wp\/v2\/comments?post=98072"}],"version-history":[{"count":0,"href":"https:\/\/www.gaveanews.com\/index.php\/wp-json\/wp\/v2\/posts\/98072\/revisions"}],"wp:featuredmedia":[{"embeddable":true,"href":"https:\/\/www.gaveanews.com\/index.php\/wp-json\/wp\/v2\/media\/66783"}],"wp:attachment":[{"href":"https:\/\/www.gaveanews.com\/index.php\/wp-json\/wp\/v2\/media?parent=98072"}],"wp:term":[{"taxonomy":"category","embeddable":true,"href":"https:\/\/www.gaveanews.com\/index.php\/wp-json\/wp\/v2\/categories?post=98072"},{"taxonomy":"post_tag","embeddable":true,"href":"https:\/\/www.gaveanews.com\/index.php\/wp-json\/wp\/v2\/tags?post=98072"}],"curies":[{"name":"wp","href":"https:\/\/api.w.org\/{rel}","templated":true}]}}