{"id":98085,"date":"2023-04-30T00:34:41","date_gmt":"2023-04-30T03:34:41","guid":{"rendered":"https:\/\/www.gaveanews.com\/?p=98085"},"modified":"2023-04-30T00:34:41","modified_gmt":"2023-04-30T03:34:41","slug":"joao-gomes-revela-o-que-pesou-para-sair-do-flamengo","status":"publish","type":"post","link":"https:\/\/www.gaveanews.com\/index.php\/2023\/04\/30\/joao-gomes-revela-o-que-pesou-para-sair-do-flamengo\/","title":{"rendered":"Jo\u00e3o Gomes revela o que pesou para sair do Flamengo"},"content":{"rendered":"\n<p>Na Inglaterra desde o fim de janeiro, quando se transferiu do Flamengo para o Wolverhampton por 18,7 milh\u00f5es de euros (quase R$ 103 milh\u00f5es nas cifras atuais), o volante Jo\u00e3o Gomes revelou os motivos que o fizeram trocar o Rubro-Negro, onde conquistou t\u00edtulos de express\u00e3o em sequ\u00eancia, pela Premier League.<\/p>\n\n\n\n<p>Em entrevista \u00e0 Wolves TV, canal oficial do clube ingl\u00eas, o atleta de 22 anos relembrou a &#8220;novela&#8221; envolvendo a sua transfer\u00eancia para a Europa. No in\u00edcio do ano, o meio-campista j\u00e1 estava acertado com o Wolverhampton, mas o Lyon, que agora \u00e9 gerido por John Textor, dono da SAF (Sociedade An\u00f4nima do Futebol) do Botafogo, tamb\u00e9m entrou na negocia\u00e7\u00e3o.<\/p>\n\n\n\n<p>E segundo Jo\u00e3o Gomes, um dos motivos que o fizeram manter o acordo com os Wolves foi o apoio da torcida, que nas redes sociais passou a utilizar a #FreeJoaoGomes, clamando pela chegada do meio-campista ao clube ingl\u00eas.<\/p>\n\n\n\n<p>&#8220;Foi nessa \u00e9poca em que eu estava para vir para o Wolverhampton ou para outro clube. E, assim, essa (campanha dos torcedores) foi uma das coisas que me fizeram parar para refletir. Eles foram super importantes para que essa decis\u00e3o pesasse mesmo. Tanto eles como as pessoas daqui (do clube), sempre me deram todo o suporte e carinho necess\u00e1rio para eu estar aqui e estar jogando bem, que \u00e9 o mais importante&#8221;, come\u00e7ou por dizer.<\/p>\n\n\n\n<p>O brasileiro ainda admitiu que, no seu in\u00edcio no futebol ingl\u00eas, se sentiu s\u00f3, uma vez que estava em um pa\u00eds novo, com uma l\u00edngua distinta, mas que com a ajuda de outros compatriotas que est\u00e3o no Wolverhampton, sobretudo o atacante Matheus Cunha, come\u00e7ou a se adaptar mais rapidamente \u00e0 nova realidade.<\/p>\n\n\n\n<p>&#8220;Ent\u00e3o, eu acho que para mim sempre foi um sonho e um desejo muito grande estar na Premier League, mas eu acho que as pessoas que me receberam aqui fizeram toda a diferen\u00e7a, como o Matheus Cunha, Diego Costa, Matheus Nunes, Toti. Eles me deram todo o suporte que eu precisava, muitas vezes o Cunha me chamava para ir na casa dele porque eu me sentia muito s\u00f3. Eles t\u00eam um percentual alto sobre eu estar performando cada vez melhor. Sempre foi meu sonho estar aqui. Aqui estou, ent\u00e3o tenho que trabalhar duro cada vezes mais para ajudar o Wolverhampton a se tornar uma grande pot\u00eancia&#8221;, concluiu.<\/p>\n\n\n\n<p>Desde que chegou aos Wolves, Jo\u00e3o Gomes disputou 8 partidas &#8211; metade delas como titular &#8211; e anotou um gol, logo na sua estreia, contra o Southampton, fora de casa, pela Premier League, e comandou a virada por 2 a 1 depois de sair do banco de reservas.<\/p>\n\n\n\n<p>Retirado de: ESPN<\/p>\n","protected":false},"excerpt":{"rendered":"<p>Na Inglaterra desde o fim de janeiro, quando se transferiu do Flamengo para o Wolverhampton por 18,7 milh\u00f5es de euros (quase R$ 103 milh\u00f5es nas cifras atuais), o volante Jo\u00e3o Gomes revelou os motivos que o fizeram trocar o Rubro-Negro, onde conquistou t\u00edtulos de express\u00e3o em sequ\u00eancia, pela Premier League. Em entrevista \u00e0 Wolves TV, [&hellip;]<\/p>\n","protected":false},"author":1,"featured_media":85478,"comment_status":"open","ping_status":"","sticky":false,"template":"","format":"standard","meta":{"footnotes":""},"categories":[48],"tags":[],"class_list":["post-98085","post","type-post","status-publish","format-standard","has-post-thumbnail","hentry","category-negociacoes"],"yoast_head":"<!-- This site is optimized with the Yoast SEO Premium plugin v24.2 (Yoast SEO v26.9) - https:\/\/yoast.com\/product\/yoast-seo-premium-wordpress\/ -->\n<title>Jo\u00e3o Gomes revela o que pesou para sair do Flamengo<\/title>\n<meta name=\"robots\" content=\"index, follow, max-snippet:-1, max-image-preview:large, max-video-preview:-1\" \/>\n<link rel=\"canonical\" href=\"https:\/\/www.gaveanews.com\/index.php\/2023\/04\/30\/joao-gomes-revela-o-que-pesou-para-sair-do-flamengo\/\" \/>\n<meta property=\"og:locale\" content=\"pt_BR\" \/>\n<meta property=\"og:type\" content=\"article\" \/>\n<meta property=\"og:title\" content=\"Jo\u00e3o Gomes revela o que pesou para sair do Flamengo\" \/>\n<meta property=\"og:description\" content=\"Na Inglaterra desde o fim de janeiro, quando se transferiu do Flamengo para o Wolverhampton por 18,7 milh\u00f5es de euros (quase R$ 103 milh\u00f5es nas cifras atuais), o volante Jo\u00e3o Gomes revelou os motivos que o fizeram trocar o Rubro-Negro, onde conquistou t\u00edtulos de express\u00e3o em sequ\u00eancia, pela Premier League. Em entrevista \u00e0 Wolves TV, [&hellip;]\" \/>\n<meta property=\"og:url\" content=\"https:\/\/www.gaveanews.com\/index.php\/2023\/04\/30\/joao-gomes-revela-o-que-pesou-para-sair-do-flamengo\/\" \/>\n<meta property=\"og:site_name\" content=\"G\u00e1vea News\" \/>\n<meta property=\"article:publisher\" content=\"https:\/\/facebook.com\/gaveaNews\/\" \/>\n<meta property=\"article:published_time\" content=\"2023-04-30T03:34:41+00:00\" \/>\n<meta property=\"og:image\" content=\"https:\/\/www.gaveanews.com\/wp-content\/uploads\/Joao-Gomes-em-jogo-do-Flamengo-pela-Libertadores.webp\" \/>\n\t<meta property=\"og:image:width\" content=\"799\" \/>\n\t<meta property=\"og:image:height\" content=\"533\" \/>\n\t<meta property=\"og:image:type\" content=\"image\/jpeg\" \/>\n<meta name=\"author\" content=\"Equipe G\u00e1vea News\" \/>\n<meta name=\"twitter:card\" content=\"summary_large_image\" \/>\n<meta name=\"twitter:label1\" content=\"Escrito por\" \/>\n\t<meta name=\"twitter:data1\" content=\"Equipe G\u00e1vea News\" \/>\n\t<meta name=\"twitter:label2\" content=\"Est. tempo de leitura\" \/>\n\t<meta name=\"twitter:data2\" content=\"2 minutos\" \/>\n<script type=\"application\/ld+json\" class=\"yoast-schema-graph\">{\"@context\":\"https:\/\/schema.org\",\"@graph\":[{\"@type\":\"NewsArticle\",\"@id\":\"https:\/\/www.gaveanews.com\/index.php\/2023\/04\/30\/joao-gomes-revela-o-que-pesou-para-sair-do-flamengo\/#article\",\"isPartOf\":{\"@id\":\"https:\/\/www.gaveanews.com\/index.php\/2023\/04\/30\/joao-gomes-revela-o-que-pesou-para-sair-do-flamengo\/\"},\"author\":{\"name\":\"Equipe G\u00e1vea News\",\"@id\":\"https:\/\/www.gaveanews.com\/#\/schema\/person\/2ec14f73fb96be2caf28f91afb14749d\"},\"headline\":\"Jo\u00e3o Gomes revela o que pesou para sair do Flamengo\",\"datePublished\":\"2023-04-30T03:34:41+00:00\",\"mainEntityOfPage\":{\"@id\":\"https:\/\/www.gaveanews.com\/index.php\/2023\/04\/30\/joao-gomes-revela-o-que-pesou-para-sair-do-flamengo\/\"},\"wordCount\":463,\"commentCount\":0,\"image\":{\"@id\":\"https:\/\/www.gaveanews.com\/index.php\/2023\/04\/30\/joao-gomes-revela-o-que-pesou-para-sair-do-flamengo\/#primaryimage\"},\"thumbnailUrl\":\"https:\/\/www.gaveanews.com\/wp-content\/uploads\/Joao-Gomes-em-jogo-do-Flamengo-pela-Libertadores.webp\",\"articleSection\":[\"Negocia\u00e7\u00f5es\"],\"inLanguage\":\"pt-BR\",\"potentialAction\":[{\"@type\":\"CommentAction\",\"name\":\"Comment\",\"target\":[\"https:\/\/www.gaveanews.com\/index.php\/2023\/04\/30\/joao-gomes-revela-o-que-pesou-para-sair-do-flamengo\/#respond\"]}],\"copyrightYear\":\"2023\",\"copyrightHolder\":{\"@id\":\"https:\/\/www.gaveanews.com\/#organization\"}},{\"@type\":\"WebPage\",\"@id\":\"https:\/\/www.gaveanews.com\/index.php\/2023\/04\/30\/joao-gomes-revela-o-que-pesou-para-sair-do-flamengo\/\",\"url\":\"https:\/\/www.gaveanews.com\/index.php\/2023\/04\/30\/joao-gomes-revela-o-que-pesou-para-sair-do-flamengo\/\",\"name\":\"Jo\u00e3o Gomes revela o que pesou para sair do Flamengo\",\"isPartOf\":{\"@id\":\"https:\/\/www.gaveanews.com\/#website\"},\"primaryImageOfPage\":{\"@id\":\"https:\/\/www.gaveanews.com\/index.php\/2023\/04\/30\/joao-gomes-revela-o-que-pesou-para-sair-do-flamengo\/#primaryimage\"},\"image\":{\"@id\":\"https:\/\/www.gaveanews.com\/index.php\/2023\/04\/30\/joao-gomes-revela-o-que-pesou-para-sair-do-flamengo\/#primaryimage\"},\"thumbnailUrl\":\"https:\/\/www.gaveanews.com\/wp-content\/uploads\/Joao-Gomes-em-jogo-do-Flamengo-pela-Libertadores.webp\",\"datePublished\":\"2023-04-30T03:34:41+00:00\",\"author\":{\"@id\":\"https:\/\/www.gaveanews.com\/#\/schema\/person\/2ec14f73fb96be2caf28f91afb14749d\"},\"breadcrumb\":{\"@id\":\"https:\/\/www.gaveanews.com\/index.php\/2023\/04\/30\/joao-gomes-revela-o-que-pesou-para-sair-do-flamengo\/#breadcrumb\"},\"inLanguage\":\"pt-BR\",\"potentialAction\":[{\"@type\":\"ReadAction\",\"target\":[\"https:\/\/www.gaveanews.com\/index.php\/2023\/04\/30\/joao-gomes-revela-o-que-pesou-para-sair-do-flamengo\/\"]}]},{\"@type\":\"ImageObject\",\"inLanguage\":\"pt-BR\",\"@id\":\"https:\/\/www.gaveanews.com\/index.php\/2023\/04\/30\/joao-gomes-revela-o-que-pesou-para-sair-do-flamengo\/#primaryimage\",\"url\":\"https:\/\/www.gaveanews.com\/wp-content\/uploads\/Joao-Gomes-em-jogo-do-Flamengo-pela-Libertadores.webp\",\"contentUrl\":\"https:\/\/www.gaveanews.com\/wp-content\/uploads\/Joao-Gomes-em-jogo-do-Flamengo-pela-Libertadores.webp\",\"width\":799,\"height\":533,\"caption\":\"Jo\u00e3o Gomes em jogo do Flamengo pela Libertadores (Foto: Gilvan de Souza\/Flamengo)\"},{\"@type\":\"BreadcrumbList\",\"@id\":\"https:\/\/www.gaveanews.com\/index.php\/2023\/04\/30\/joao-gomes-revela-o-que-pesou-para-sair-do-flamengo\/#breadcrumb\",\"itemListElement\":[{\"@type\":\"ListItem\",\"position\":1,\"name\":\"Home\",\"item\":\"https:\/\/www.gaveanews.com\/\"},{\"@type\":\"ListItem\",\"position\":2,\"name\":\"Jo\u00e3o Gomes revela o que pesou para sair do Flamengo\"}]},{\"@type\":\"WebSite\",\"@id\":\"https:\/\/www.gaveanews.com\/#website\",\"url\":\"https:\/\/www.gaveanews.com\/\",\"name\":\"G\u00e1vea News\",\"description\":\"Veja todas as not\u00edcias sobre o Flamengo: Contrata\u00e7\u00f5es, categorias de base, resultados das partidas, tabela de classifica\u00e7\u00e3o, pr\u00f3ximos jogos!\",\"potentialAction\":[{\"@type\":\"SearchAction\",\"target\":{\"@type\":\"EntryPoint\",\"urlTemplate\":\"https:\/\/www.gaveanews.com\/?s={search_term_string}\"},\"query-input\":{\"@type\":\"PropertyValueSpecification\",\"valueRequired\":true,\"valueName\":\"search_term_string\"}}],\"inLanguage\":\"pt-BR\"},{\"@type\":\"Person\",\"@id\":\"https:\/\/www.gaveanews.com\/#\/schema\/person\/2ec14f73fb96be2caf28f91afb14749d\",\"name\":\"Equipe G\u00e1vea News\",\"image\":{\"@type\":\"ImageObject\",\"inLanguage\":\"pt-BR\",\"@id\":\"https:\/\/www.gaveanews.com\/#\/schema\/person\/image\/\",\"url\":\"https:\/\/secure.gravatar.com\/avatar\/1e1956f1facbffd3f8fa53a326721950116b3b9dc9bd44939c01180fd4a745a9?s=96&d=mm&r=g\",\"contentUrl\":\"https:\/\/secure.gravatar.com\/avatar\/1e1956f1facbffd3f8fa53a326721950116b3b9dc9bd44939c01180fd4a745a9?s=96&d=mm&r=g\",\"caption\":\"Equipe G\u00e1vea News\"}}]}<\/script>\n<!-- \/ Yoast SEO Premium plugin. -->","yoast_head_json":{"title":"Jo\u00e3o Gomes revela o que pesou para sair do Flamengo","robots":{"index":"index","follow":"follow","max-snippet":"max-snippet:-1","max-image-preview":"max-image-preview:large","max-video-preview":"max-video-preview:-1"},"canonical":"https:\/\/www.gaveanews.com\/index.php\/2023\/04\/30\/joao-gomes-revela-o-que-pesou-para-sair-do-flamengo\/","og_locale":"pt_BR","og_type":"article","og_title":"Jo\u00e3o Gomes revela o que pesou para sair do Flamengo","og_description":"Na Inglaterra desde o fim de janeiro, quando se transferiu do Flamengo para o Wolverhampton por 18,7 milh\u00f5es de euros (quase R$ 103 milh\u00f5es nas cifras atuais), o volante Jo\u00e3o Gomes revelou os motivos que o fizeram trocar o Rubro-Negro, onde conquistou t\u00edtulos de express\u00e3o em sequ\u00eancia, pela Premier League. Em entrevista \u00e0 Wolves TV, [&hellip;]","og_url":"https:\/\/www.gaveanews.com\/index.php\/2023\/04\/30\/joao-gomes-revela-o-que-pesou-para-sair-do-flamengo\/","og_site_name":"G\u00e1vea News","article_publisher":"https:\/\/facebook.com\/gaveaNews\/","article_published_time":"2023-04-30T03:34:41+00:00","og_image":[{"width":799,"height":533,"url":"https:\/\/www.gaveanews.com\/wp-content\/uploads\/Joao-Gomes-em-jogo-do-Flamengo-pela-Libertadores.webp","type":"image\/jpeg"}],"author":"Equipe G\u00e1vea News","twitter_card":"summary_large_image","twitter_misc":{"Escrito por":"Equipe G\u00e1vea News","Est. tempo de leitura":"2 minutos"},"schema":{"@context":"https:\/\/schema.org","@graph":[{"@type":"NewsArticle","@id":"https:\/\/www.gaveanews.com\/index.php\/2023\/04\/30\/joao-gomes-revela-o-que-pesou-para-sair-do-flamengo\/#article","isPartOf":{"@id":"https:\/\/www.gaveanews.com\/index.php\/2023\/04\/30\/joao-gomes-revela-o-que-pesou-para-sair-do-flamengo\/"},"author":{"name":"Equipe G\u00e1vea News","@id":"https:\/\/www.gaveanews.com\/#\/schema\/person\/2ec14f73fb96be2caf28f91afb14749d"},"headline":"Jo\u00e3o Gomes revela o que pesou para sair do Flamengo","datePublished":"2023-04-30T03:34:41+00:00","mainEntityOfPage":{"@id":"https:\/\/www.gaveanews.com\/index.php\/2023\/04\/30\/joao-gomes-revela-o-que-pesou-para-sair-do-flamengo\/"},"wordCount":463,"commentCount":0,"image":{"@id":"https:\/\/www.gaveanews.com\/index.php\/2023\/04\/30\/joao-gomes-revela-o-que-pesou-para-sair-do-flamengo\/#primaryimage"},"thumbnailUrl":"https:\/\/www.gaveanews.com\/wp-content\/uploads\/Joao-Gomes-em-jogo-do-Flamengo-pela-Libertadores.webp","articleSection":["Negocia\u00e7\u00f5es"],"inLanguage":"pt-BR","potentialAction":[{"@type":"CommentAction","name":"Comment","target":["https:\/\/www.gaveanews.com\/index.php\/2023\/04\/30\/joao-gomes-revela-o-que-pesou-para-sair-do-flamengo\/#respond"]}],"copyrightYear":"2023","copyrightHolder":{"@id":"https:\/\/www.gaveanews.com\/#organization"}},{"@type":"WebPage","@id":"https:\/\/www.gaveanews.com\/index.php\/2023\/04\/30\/joao-gomes-revela-o-que-pesou-para-sair-do-flamengo\/","url":"https:\/\/www.gaveanews.com\/index.php\/2023\/04\/30\/joao-gomes-revela-o-que-pesou-para-sair-do-flamengo\/","name":"Jo\u00e3o Gomes revela o que pesou para sair do Flamengo","isPartOf":{"@id":"https:\/\/www.gaveanews.com\/#website"},"primaryImageOfPage":{"@id":"https:\/\/www.gaveanews.com\/index.php\/2023\/04\/30\/joao-gomes-revela-o-que-pesou-para-sair-do-flamengo\/#primaryimage"},"image":{"@id":"https:\/\/www.gaveanews.com\/index.php\/2023\/04\/30\/joao-gomes-revela-o-que-pesou-para-sair-do-flamengo\/#primaryimage"},"thumbnailUrl":"https:\/\/www.gaveanews.com\/wp-content\/uploads\/Joao-Gomes-em-jogo-do-Flamengo-pela-Libertadores.webp","datePublished":"2023-04-30T03:34:41+00:00","author":{"@id":"https:\/\/www.gaveanews.com\/#\/schema\/person\/2ec14f73fb96be2caf28f91afb14749d"},"breadcrumb":{"@id":"https:\/\/www.gaveanews.com\/index.php\/2023\/04\/30\/joao-gomes-revela-o-que-pesou-para-sair-do-flamengo\/#breadcrumb"},"inLanguage":"pt-BR","potentialAction":[{"@type":"ReadAction","target":["https:\/\/www.gaveanews.com\/index.php\/2023\/04\/30\/joao-gomes-revela-o-que-pesou-para-sair-do-flamengo\/"]}]},{"@type":"ImageObject","inLanguage":"pt-BR","@id":"https:\/\/www.gaveanews.com\/index.php\/2023\/04\/30\/joao-gomes-revela-o-que-pesou-para-sair-do-flamengo\/#primaryimage","url":"https:\/\/www.gaveanews.com\/wp-content\/uploads\/Joao-Gomes-em-jogo-do-Flamengo-pela-Libertadores.webp","contentUrl":"https:\/\/www.gaveanews.com\/wp-content\/uploads\/Joao-Gomes-em-jogo-do-Flamengo-pela-Libertadores.webp","width":799,"height":533,"caption":"Jo\u00e3o Gomes em jogo do Flamengo pela Libertadores (Foto: Gilvan de Souza\/Flamengo)"},{"@type":"BreadcrumbList","@id":"https:\/\/www.gaveanews.com\/index.php\/2023\/04\/30\/joao-gomes-revela-o-que-pesou-para-sair-do-flamengo\/#breadcrumb","itemListElement":[{"@type":"ListItem","position":1,"name":"Home","item":"https:\/\/www.gaveanews.com\/"},{"@type":"ListItem","position":2,"name":"Jo\u00e3o Gomes revela o que pesou para sair do Flamengo"}]},{"@type":"WebSite","@id":"https:\/\/www.gaveanews.com\/#website","url":"https:\/\/www.gaveanews.com\/","name":"G\u00e1vea News","description":"Veja todas as not\u00edcias sobre o Flamengo: Contrata\u00e7\u00f5es, categorias de base, resultados das partidas, tabela de classifica\u00e7\u00e3o, pr\u00f3ximos jogos!","potentialAction":[{"@type":"SearchAction","target":{"@type":"EntryPoint","urlTemplate":"https:\/\/www.gaveanews.com\/?s={search_term_string}"},"query-input":{"@type":"PropertyValueSpecification","valueRequired":true,"valueName":"search_term_string"}}],"inLanguage":"pt-BR"},{"@type":"Person","@id":"https:\/\/www.gaveanews.com\/#\/schema\/person\/2ec14f73fb96be2caf28f91afb14749d","name":"Equipe G\u00e1vea News","image":{"@type":"ImageObject","inLanguage":"pt-BR","@id":"https:\/\/www.gaveanews.com\/#\/schema\/person\/image\/","url":"https:\/\/secure.gravatar.com\/avatar\/1e1956f1facbffd3f8fa53a326721950116b3b9dc9bd44939c01180fd4a745a9?s=96&d=mm&r=g","contentUrl":"https:\/\/secure.gravatar.com\/avatar\/1e1956f1facbffd3f8fa53a326721950116b3b9dc9bd44939c01180fd4a745a9?s=96&d=mm&r=g","caption":"Equipe G\u00e1vea News"}}]}},"_links":{"self":[{"href":"https:\/\/www.gaveanews.com\/index.php\/wp-json\/wp\/v2\/posts\/98085","targetHints":{"allow":["GET"]}}],"collection":[{"href":"https:\/\/www.gaveanews.com\/index.php\/wp-json\/wp\/v2\/posts"}],"about":[{"href":"https:\/\/www.gaveanews.com\/index.php\/wp-json\/wp\/v2\/types\/post"}],"author":[{"embeddable":true,"href":"https:\/\/www.gaveanews.com\/index.php\/wp-json\/wp\/v2\/users\/1"}],"replies":[{"embeddable":true,"href":"https:\/\/www.gaveanews.com\/index.php\/wp-json\/wp\/v2\/comments?post=98085"}],"version-history":[{"count":0,"href":"https:\/\/www.gaveanews.com\/index.php\/wp-json\/wp\/v2\/posts\/98085\/revisions"}],"wp:featuredmedia":[{"embeddable":true,"href":"https:\/\/www.gaveanews.com\/index.php\/wp-json\/wp\/v2\/media\/85478"}],"wp:attachment":[{"href":"https:\/\/www.gaveanews.com\/index.php\/wp-json\/wp\/v2\/media?parent=98085"}],"wp:term":[{"taxonomy":"category","embeddable":true,"href":"https:\/\/www.gaveanews.com\/index.php\/wp-json\/wp\/v2\/categories?post=98085"},{"taxonomy":"post_tag","embeddable":true,"href":"https:\/\/www.gaveanews.com\/index.php\/wp-json\/wp\/v2\/tags?post=98085"}],"curies":[{"name":"wp","href":"https:\/\/api.w.org\/{rel}","templated":true}]}}